{"id":4111,"date":"2019-09-11T22:17:46","date_gmt":"2019-09-12T01:17:46","guid":{"rendered":"http:\/\/www.delexodo.com.ar\/?p=4111"},"modified":"2019-09-11T22:17:47","modified_gmt":"2019-09-12T01:17:47","slug":"el-periodista-lucas-carrasco-fue-condenado-a-9-anos-de-carcel-por-violacion","status":"publish","type":"post","link":"https:\/\/www.delexodo.com.ar\/?p=4111","title":{"rendered":"EL PERIODISTA LUCAS CARRASCO FUE CONDENADO A 9 A\u00d1OS DE C\u00c1RCEL POR VIOLACI\u00d3N"},"content":{"rendered":"\n<p>El periodista entrerriano, <strong>Lucas Carrasco<\/strong>, fue <strong>condenado\na 9 a\u00f1os de c\u00e1rcel por abuso sexual agravado por acceso carnal<\/strong> y qued\u00f3\ndetenido. Fue absuelto en el otro caso denunciado. Su abogado hab\u00eda pedido la\nabsoluci\u00f3n.<\/p>\n\n\n\n<p>El periodista entrerriano Lucas Carrasco fue condenado a 9\na\u00f1os de prisi\u00f3n por el abuso sexual con acceso carnal de una joven ocurrido en\n2013, mientras que fue absuelto en el otro caso denunciado. Un rato antes de\nconocerse la sentencia, la defensa del periodista y bloguero hab\u00eda pedido su\nabsoluci\u00f3n.<\/p>\n\n\n\n<p>Un rato antes de conocerse la sentencia, el abogado\nGuillermo Vartorelli, quien representa legalmente al periodista y bloguero,\nhab\u00eda pedido su absoluci\u00f3n al cuestionar el testimonio de una de las v\u00edctimas\npor la cual la fiscal\u00eda pidi\u00f3 en su alegato de la semana pasada una condena de\n7 a\u00f1os de prisi\u00f3n y la querella hab\u00eda solicitado 9.<\/p>\n\n\n\n<p>Tras leer la sentencia, el tribunal orden\u00f3 la detenci\u00f3n de\nCarrasco, pero la misma se har\u00e1 efectiva reci\u00e9n cuando la condena quede firme.<\/p>\n\n\n\n<p>La \u00faltima audiencia del juicio oral comenz\u00f3 este mi\u00e9rcoles\nalrededor de las 14, demorada por otro juicio que se desarrollaba en el sexto\npiso del Palacio de Tribunales y luego por la ausencia de Carrasco, quien\nestaba en la zona pero al no contar con tel\u00e9fono celular su abogado no pudo\navisarle de la reanudaci\u00f3n del debate.<\/p>\n\n\n\n<p>En su alegato, Vartorelli cuestion\u00f3 la figura de testigo\n\u00fanica pues la acusaci\u00f3n se basa en la declaraci\u00f3n de Sof\u00eda Otero, la joven que\ndijo haber sido violada por Carrasco en 2013 y denunci\u00f3 el caso tres a\u00f1os m\u00e1s\ntarde.<\/p>\n\n\n\n<p>En ese sentido, la defensa si bien admiti\u00f3 que los jueces\nmuchas veces dan por probado el hecho con s\u00f3lo el testimonio de la v\u00edctima, en\nestos casos de delitos cometidos a puertas cerradas, se deber\u00eda igualmente\ntener mayor rigurosidad a la hora de evaluar el caso.<\/p>\n\n\n\n<p>El ex panelista fue juzgado por el delito de \u00ababuso\nsexual con acceso carnal\u00bb, el que prev\u00e9 una pena de entre 6 y 15 a\u00f1os de\nprisi\u00f3n.<\/p>\n\n\n\n<p>Uno de los abusos denunciados, y por el que fue condenado,\nocurri\u00f3 el 21 de febrero de 2013 y tuvo como presunta v\u00edctima a Otero, que en\nese entonces militaba en la agrupaci\u00f3n La C\u00e1mpora.<\/p>\n\n\n\n<p>El otro caso ocurri\u00f3 en 2015 cuando, seg\u00fan consta en la\ndenuncia, Carrasco oblig\u00f3 a otra joven a una violenta pr\u00e1ctica de sexo oral\npese a su oposici\u00f3n.<\/p>\n\n\n\n<p>Por este \u00faltimo hecho, el fiscal Ariel Yapur no acus\u00f3 a\nCarrasco ya que entendi\u00f3 que no configur\u00f3 un hecho de abuso sexual.<\/p>\n\n\n\n<p>Carrasco habl\u00f3 d\u00edas atr\u00e1s en el juicio al prestar\ndeclaraci\u00f3n indagatoria: \u00abNo soy un violador. La mera aparici\u00f3n de esa\npalabra es una situaci\u00f3n vergonzosa. Puedo tratar mal a alguien o ser\nirrespetuoso, pero no cometer un delito\u00bb, dijo el acusado.<\/p>\n\n\n\n<p>Los fundamentos de la sentencia se dar\u00e1n a conocer el\npr\u00f3ximo mi\u00e9rcoles 18 de septiembre.<\/p>\n\n\n\n<figure class=\"wp-block-image\"><img loading=\"lazy\" decoding=\"async\" width=\"800\" height=\"450\" src=\"http:\/\/www.delexodo.com.ar\/wp-content\/uploads\/2019\/09\/Sof\u00eda-Otero.jpg\" alt=\"\" class=\"wp-image-4112\" srcset=\"https:\/\/www.delexodo.com.ar\/wp-content\/uploads\/2019\/09\/Sof\u00eda-Otero.jpg 800w, https:\/\/www.delexodo.com.ar\/wp-content\/uploads\/2019\/09\/Sof\u00eda-Otero-300x169.jpg 300w, https:\/\/www.delexodo.com.ar\/wp-content\/uploads\/2019\/09\/Sof\u00eda-Otero-768x432.jpg 768w\" sizes=\"auto, (max-width: 800px) 100vw, 800px\" \/><\/figure>\n\n\n\n<p><strong>Sof\u00eda Otero<\/strong> cont\u00f3 que hab\u00eda ido a su departamento a tener relaciones sexuales con \u00e9l y que, en ese marco, sucedi\u00f3 la violencia sexual: \u00abEmpez\u00f3 todo consentido, relaciones sexuales consentidas, a eso hab\u00eda ido\u00bb, cont\u00f3 ella a Infobae. \u00abEstuvo todo bien hasta que, en un momento, qued\u00e9 boca abajo pegada al colch\u00f3n, y es el momento en que aprovech\u00f3 para penetrarme analmente sin mi consentimiento\u00bb.<\/p>\n\n\n\n<p>Sostuvo que ella le grit\u00f3 -\u00able ped\u00ed llorando que\nparara\u00bb- y que, cuando \u00e9l \u00abse sale de encima m\u00edo, saca todo su peso y\ntoda la fuerza que hab\u00eda puesto, me paro temblorosa y le digo: &#8216;\u00bfHasta cuando\nibas a seguir? Te dije que no quer\u00eda&#8217;, mientras me ca\u00edan las l\u00e1grimas. Y \u00e9l me\ncontest\u00f3: &#8216;Hasta que te acostumbres'\u00bb.<\/p>\n\n\n\n<p>Fuente: ElOnce<\/p>\n","protected":false},"excerpt":{"rendered":"<p>El periodista entrerriano, Lucas Carrasco, fue condenado a 9 a\u00f1os de c\u00e1rcel por abuso sexual agravado por acceso carnal y&hellip;<\/p>\n","protected":false},"author":1,"featured_media":4113,"comment_status":"open","ping_status":"open","sticky":false,"template":"","format":"standard","meta":{"_joinchat":[],"footnotes":""},"categories":[65,69,350],"tags":[345],"class_list":["post-4111","post","type-post","status-publish","format-standard","has-post-thumbnail","hentry","category-destacados","category-noticias","category-policiales","tag-destacar"],"yoast_head":"<!-- This site is optimized with the Yoast SEO plugin v25.1 - https:\/\/yoast.com\/wordpress\/plugins\/seo\/ -->\n<title>EL PERIODISTA LUCAS CARRASCO FUE CONDENADO A 9 A\u00d1OS DE C\u00c1RCEL POR VIOLACI\u00d3N - Del \u00c9xodo Nogoy\u00e1<\/title>\n<meta name=\"robots\" content=\"index, follow, max-snippet:-1, max-image-preview:large, max-video-preview:-1\" \/>\n<link rel=\"canonical\" href=\"https:\/\/www.delexodo.com.ar\/?p=4111\" \/>\n<meta property=\"og:locale\" content=\"es_ES\" \/>\n<meta property=\"og:type\" content=\"article\" \/>\n<meta property=\"og:title\" content=\"EL PERIODISTA LUCAS CARRASCO FUE CONDENADO A 9 A\u00d1OS DE C\u00c1RCEL POR VIOLACI\u00d3N - Del \u00c9xodo Nogoy\u00e1\" \/>\n<meta property=\"og:description\" content=\"El periodista entrerriano, Lucas Carrasco, fue condenado a 9 a\u00f1os de c\u00e1rcel por abuso sexual agravado por acceso carnal y&hellip;\" \/>\n<meta property=\"og:url\" content=\"https:\/\/www.delexodo.com.ar\/?p=4111\" \/>\n<meta property=\"og:site_name\" content=\"Del \u00c9xodo Nogoy\u00e1\" \/>\n<meta property=\"article:published_time\" content=\"2019-09-12T01:17:46+00:00\" \/>\n<meta property=\"article:modified_time\" content=\"2019-09-12T01:17:47+00:00\" \/>\n<meta property=\"og:image\" content=\"https:\/\/www.delexodo.com.ar\/wp-content\/uploads\/2019\/09\/carrasco.jpg\" \/>\n\t<meta property=\"og:image:width\" content=\"800\" \/>\n\t<meta property=\"og:image:height\" content=\"450\" \/>\n\t<meta property=\"og:image:type\" content=\"image\/jpeg\" \/>\n<meta name=\"author\" content=\"admin\" \/>\n<meta name=\"twitter:card\" content=\"summary_large_image\" \/>\n<meta name=\"twitter:label1\" content=\"Escrito por\" \/>\n\t<meta name=\"twitter:data1\" content=\"admin\" \/>\n\t<meta name=\"twitter:label2\" content=\"Tiempo de lectura\" \/>\n\t<meta name=\"twitter:data2\" content=\"3 minutos\" \/>\n<script type=\"application\/ld+json\" class=\"yoast-schema-graph\">{\"@context\":\"https:\/\/schema.org\",\"@graph\":[{\"@type\":\"Article\",\"@id\":\"https:\/\/www.delexodo.com.ar\/?p=4111#article\",\"isPartOf\":{\"@id\":\"https:\/\/www.delexodo.com.ar\/?p=4111\"},\"author\":{\"name\":\"admin\",\"@id\":\"https:\/\/www.delexodo.com.ar\/#\/schema\/person\/bbed37f7da8e938660b34f2013ba449d\"},\"headline\":\"EL PERIODISTA LUCAS CARRASCO FUE CONDENADO A 9 A\u00d1OS DE C\u00c1RCEL POR VIOLACI\u00d3N\",\"datePublished\":\"2019-09-12T01:17:46+00:00\",\"dateModified\":\"2019-09-12T01:17:47+00:00\",\"mainEntityOfPage\":{\"@id\":\"https:\/\/www.delexodo.com.ar\/?p=4111\"},\"wordCount\":662,\"commentCount\":0,\"publisher\":{\"@id\":\"https:\/\/www.delexodo.com.ar\/#organization\"},\"image\":{\"@id\":\"https:\/\/www.delexodo.com.ar\/?p=4111#primaryimage\"},\"thumbnailUrl\":\"https:\/\/www.delexodo.com.ar\/wp-content\/uploads\/2019\/09\/carrasco.jpg\",\"keywords\":[\"destacar\"],\"articleSection\":[\"Destacados\",\"NOTICIAS\",\"Policiales\"],\"inLanguage\":\"es\",\"potentialAction\":[{\"@type\":\"CommentAction\",\"name\":\"Comment\",\"target\":[\"https:\/\/www.delexodo.com.ar\/?p=4111#respond\"]}]},{\"@type\":\"WebPage\",\"@id\":\"https:\/\/www.delexodo.com.ar\/?p=4111\",\"url\":\"https:\/\/www.delexodo.com.ar\/?p=4111\",\"name\":\"EL PERIODISTA LUCAS CARRASCO FUE CONDENADO A 9 A\u00d1OS DE C\u00c1RCEL POR VIOLACI\u00d3N - Del \u00c9xodo Nogoy\u00e1\",\"isPartOf\":{\"@id\":\"https:\/\/www.delexodo.com.ar\/#website\"},\"primaryImageOfPage\":{\"@id\":\"https:\/\/www.delexodo.com.ar\/?p=4111#primaryimage\"},\"image\":{\"@id\":\"https:\/\/www.delexodo.com.ar\/?p=4111#primaryimage\"},\"thumbnailUrl\":\"https:\/\/www.delexodo.com.ar\/wp-content\/uploads\/2019\/09\/carrasco.jpg\",\"datePublished\":\"2019-09-12T01:17:46+00:00\",\"dateModified\":\"2019-09-12T01:17:47+00:00\",\"breadcrumb\":{\"@id\":\"https:\/\/www.delexodo.com.ar\/?p=4111#breadcrumb\"},\"inLanguage\":\"es\",\"potentialAction\":[{\"@type\":\"ReadAction\",\"target\":[\"https:\/\/www.delexodo.com.ar\/?p=4111\"]}]},{\"@type\":\"ImageObject\",\"inLanguage\":\"es\",\"@id\":\"https:\/\/www.delexodo.com.ar\/?p=4111#primaryimage\",\"url\":\"https:\/\/www.delexodo.com.ar\/wp-content\/uploads\/2019\/09\/carrasco.jpg\",\"contentUrl\":\"https:\/\/www.delexodo.com.ar\/wp-content\/uploads\/2019\/09\/carrasco.jpg\",\"width\":800,\"height\":450},{\"@type\":\"BreadcrumbList\",\"@id\":\"https:\/\/www.delexodo.com.ar\/?p=4111#breadcrumb\",\"itemListElement\":[{\"@type\":\"ListItem\",\"position\":1,\"name\":\"Portada\",\"item\":\"https:\/\/www.delexodo.com.ar\/\"},{\"@type\":\"ListItem\",\"position\":2,\"name\":\"EL PERIODISTA LUCAS CARRASCO FUE CONDENADO A 9 A\u00d1OS DE C\u00c1RCEL POR VIOLACI\u00d3N\"}]},{\"@type\":\"WebSite\",\"@id\":\"https:\/\/www.delexodo.com.ar\/#website\",\"url\":\"https:\/\/www.delexodo.com.ar\/\",\"name\":\"Del \u00c9xodo Nogoy\u00e1\",\"description\":\"El Portal de Noticias de la Regi\u00f3n\",\"publisher\":{\"@id\":\"https:\/\/www.delexodo.com.ar\/#organization\"},\"potentialAction\":[{\"@type\":\"SearchAction\",\"target\":{\"@type\":\"EntryPoint\",\"urlTemplate\":\"https:\/\/www.delexodo.com.ar\/?s={search_term_string}\"},\"query-input\":{\"@type\":\"PropertyValueSpecification\",\"valueRequired\":true,\"valueName\":\"search_term_string\"}}],\"inLanguage\":\"es\"},{\"@type\":\"Organization\",\"@id\":\"https:\/\/www.delexodo.com.ar\/#organization\",\"name\":\"Del \u00c9xodo Nogoy\u00e1\",\"url\":\"https:\/\/www.delexodo.com.ar\/\",\"logo\":{\"@type\":\"ImageObject\",\"inLanguage\":\"es\",\"@id\":\"https:\/\/www.delexodo.com.ar\/#\/schema\/logo\/image\/\",\"url\":\"https:\/\/www.delexodo.com.ar\/wp-content\/uploads\/2024\/10\/cropped-cropped-LOGO24.png\",\"contentUrl\":\"https:\/\/www.delexodo.com.ar\/wp-content\/uploads\/2024\/10\/cropped-cropped-LOGO24.png\",\"width\":512,\"height\":349,\"caption\":\"Del \u00c9xodo Nogoy\u00e1\"},\"image\":{\"@id\":\"https:\/\/www.delexodo.com.ar\/#\/schema\/logo\/image\/\"}},{\"@type\":\"Person\",\"@id\":\"https:\/\/www.delexodo.com.ar\/#\/schema\/person\/bbed37f7da8e938660b34f2013ba449d\",\"name\":\"admin\",\"image\":{\"@type\":\"ImageObject\",\"inLanguage\":\"es\",\"@id\":\"https:\/\/www.delexodo.com.ar\/#\/schema\/person\/image\/\",\"url\":\"https:\/\/secure.gravatar.com\/avatar\/6b1558d1b6df085f1901bd5bd98523d7?s=96&d=mm&r=g\",\"contentUrl\":\"https:\/\/secure.gravatar.com\/avatar\/6b1558d1b6df085f1901bd5bd98523d7?s=96&d=mm&r=g\",\"caption\":\"admin\"},\"url\":\"https:\/\/www.delexodo.com.ar\/?author=1\"}]}<\/script>\n<!-- \/ Yoast SEO plugin. -->","yoast_head_json":{"title":"EL PERIODISTA LUCAS CARRASCO FUE CONDENADO A 9 A\u00d1OS DE C\u00c1RCEL POR VIOLACI\u00d3N - Del \u00c9xodo Nogoy\u00e1","robots":{"index":"index","follow":"follow","max-snippet":"max-snippet:-1","max-image-preview":"max-image-preview:large","max-video-preview":"max-video-preview:-1"},"canonical":"https:\/\/www.delexodo.com.ar\/?p=4111","og_locale":"es_ES","og_type":"article","og_title":"EL PERIODISTA LUCAS CARRASCO FUE CONDENADO A 9 A\u00d1OS DE C\u00c1RCEL POR VIOLACI\u00d3N - Del \u00c9xodo Nogoy\u00e1","og_description":"El periodista entrerriano, Lucas Carrasco, fue condenado a 9 a\u00f1os de c\u00e1rcel por abuso sexual agravado por acceso carnal y&hellip;","og_url":"https:\/\/www.delexodo.com.ar\/?p=4111","og_site_name":"Del \u00c9xodo Nogoy\u00e1","article_published_time":"2019-09-12T01:17:46+00:00","article_modified_time":"2019-09-12T01:17:47+00:00","og_image":[{"width":800,"height":450,"url":"https:\/\/www.delexodo.com.ar\/wp-content\/uploads\/2019\/09\/carrasco.jpg","type":"image\/jpeg"}],"author":"admin","twitter_card":"summary_large_image","twitter_misc":{"Escrito por":"admin","Tiempo de lectura":"3 minutos"},"schema":{"@context":"https:\/\/schema.org","@graph":[{"@type":"Article","@id":"https:\/\/www.delexodo.com.ar\/?p=4111#article","isPartOf":{"@id":"https:\/\/www.delexodo.com.ar\/?p=4111"},"author":{"name":"admin","@id":"https:\/\/www.delexodo.com.ar\/#\/schema\/person\/bbed37f7da8e938660b34f2013ba449d"},"headline":"EL PERIODISTA LUCAS CARRASCO FUE CONDENADO A 9 A\u00d1OS DE C\u00c1RCEL POR VIOLACI\u00d3N","datePublished":"2019-09-12T01:17:46+00:00","dateModified":"2019-09-12T01:17:47+00:00","mainEntityOfPage":{"@id":"https:\/\/www.delexodo.com.ar\/?p=4111"},"wordCount":662,"commentCount":0,"publisher":{"@id":"https:\/\/www.delexodo.com.ar\/#organization"},"image":{"@id":"https:\/\/www.delexodo.com.ar\/?p=4111#primaryimage"},"thumbnailUrl":"https:\/\/www.delexodo.com.ar\/wp-content\/uploads\/2019\/09\/carrasco.jpg","keywords":["destacar"],"articleSection":["Destacados","NOTICIAS","Policiales"],"inLanguage":"es","potentialAction":[{"@type":"CommentAction","name":"Comment","target":["https:\/\/www.delexodo.com.ar\/?p=4111#respond"]}]},{"@type":"WebPage","@id":"https:\/\/www.delexodo.com.ar\/?p=4111","url":"https:\/\/www.delexodo.com.ar\/?p=4111","name":"EL PERIODISTA LUCAS CARRASCO FUE CONDENADO A 9 A\u00d1OS DE C\u00c1RCEL POR VIOLACI\u00d3N - Del \u00c9xodo Nogoy\u00e1","isPartOf":{"@id":"https:\/\/www.delexodo.com.ar\/#website"},"primaryImageOfPage":{"@id":"https:\/\/www.delexodo.com.ar\/?p=4111#primaryimage"},"image":{"@id":"https:\/\/www.delexodo.com.ar\/?p=4111#primaryimage"},"thumbnailUrl":"https:\/\/www.delexodo.com.ar\/wp-content\/uploads\/2019\/09\/carrasco.jpg","datePublished":"2019-09-12T01:17:46+00:00","dateModified":"2019-09-12T01:17:47+00:00","breadcrumb":{"@id":"https:\/\/www.delexodo.com.ar\/?p=4111#breadcrumb"},"inLanguage":"es","potentialAction":[{"@type":"ReadAction","target":["https:\/\/www.delexodo.com.ar\/?p=4111"]}]},{"@type":"ImageObject","inLanguage":"es","@id":"https:\/\/www.delexodo.com.ar\/?p=4111#primaryimage","url":"https:\/\/www.delexodo.com.ar\/wp-content\/uploads\/2019\/09\/carrasco.jpg","contentUrl":"https:\/\/www.delexodo.com.ar\/wp-content\/uploads\/2019\/09\/carrasco.jpg","width":800,"height":450},{"@type":"BreadcrumbList","@id":"https:\/\/www.delexodo.com.ar\/?p=4111#breadcrumb","itemListElement":[{"@type":"ListItem","position":1,"name":"Portada","item":"https:\/\/www.delexodo.com.ar\/"},{"@type":"ListItem","position":2,"name":"EL PERIODISTA LUCAS CARRASCO FUE CONDENADO A 9 A\u00d1OS DE C\u00c1RCEL POR VIOLACI\u00d3N"}]},{"@type":"WebSite","@id":"https:\/\/www.delexodo.com.ar\/#website","url":"https:\/\/www.delexodo.com.ar\/","name":"Del \u00c9xodo Nogoy\u00e1","description":"El Portal de Noticias de la Regi\u00f3n","publisher":{"@id":"https:\/\/www.delexodo.com.ar\/#organization"},"potentialAction":[{"@type":"SearchAction","target":{"@type":"EntryPoint","urlTemplate":"https:\/\/www.delexodo.com.ar\/?s={search_term_string}"},"query-input":{"@type":"PropertyValueSpecification","valueRequired":true,"valueName":"search_term_string"}}],"inLanguage":"es"},{"@type":"Organization","@id":"https:\/\/www.delexodo.com.ar\/#organization","name":"Del \u00c9xodo Nogoy\u00e1","url":"https:\/\/www.delexodo.com.ar\/","logo":{"@type":"ImageObject","inLanguage":"es","@id":"https:\/\/www.delexodo.com.ar\/#\/schema\/logo\/image\/","url":"https:\/\/www.delexodo.com.ar\/wp-content\/uploads\/2024\/10\/cropped-cropped-LOGO24.png","contentUrl":"https:\/\/www.delexodo.com.ar\/wp-content\/uploads\/2024\/10\/cropped-cropped-LOGO24.png","width":512,"height":349,"caption":"Del \u00c9xodo Nogoy\u00e1"},"image":{"@id":"https:\/\/www.delexodo.com.ar\/#\/schema\/logo\/image\/"}},{"@type":"Person","@id":"https:\/\/www.delexodo.com.ar\/#\/schema\/person\/bbed37f7da8e938660b34f2013ba449d","name":"admin","image":{"@type":"ImageObject","inLanguage":"es","@id":"https:\/\/www.delexodo.com.ar\/#\/schema\/person\/image\/","url":"https:\/\/secure.gravatar.com\/avatar\/6b1558d1b6df085f1901bd5bd98523d7?s=96&d=mm&r=g","contentUrl":"https:\/\/secure.gravatar.com\/avatar\/6b1558d1b6df085f1901bd5bd98523d7?s=96&d=mm&r=g","caption":"admin"},"url":"https:\/\/www.delexodo.com.ar\/?author=1"}]}},"_links":{"self":[{"href":"https:\/\/www.delexodo.com.ar\/index.php?rest_route=\/wp\/v2\/posts\/4111","targetHints":{"allow":["GET"]}}],"collection":[{"href":"https:\/\/www.delexodo.com.ar\/index.php?rest_route=\/wp\/v2\/posts"}],"about":[{"href":"https:\/\/www.delexodo.com.ar\/index.php?rest_route=\/wp\/v2\/types\/post"}],"author":[{"embeddable":true,"href":"https:\/\/www.delexodo.com.ar\/index.php?rest_route=\/wp\/v2\/users\/1"}],"replies":[{"embeddable":true,"href":"https:\/\/www.delexodo.com.ar\/index.php?rest_route=%2Fwp%2Fv2%2Fcomments&post=4111"}],"version-history":[{"count":0,"href":"https:\/\/www.delexodo.com.ar\/index.php?rest_route=\/wp\/v2\/posts\/4111\/revisions"}],"wp:featuredmedia":[{"embeddable":true,"href":"https:\/\/www.delexodo.com.ar\/index.php?rest_route=\/wp\/v2\/media\/4113"}],"wp:attachment":[{"href":"https:\/\/www.delexodo.com.ar\/index.php?rest_route=%2Fwp%2Fv2%2Fmedia&parent=4111"}],"wp:term":[{"taxonomy":"category","embeddable":true,"href":"https:\/\/www.delexodo.com.ar\/index.php?rest_route=%2Fwp%2Fv2%2Fcategories&post=4111"},{"taxonomy":"post_tag","embeddable":true,"href":"https:\/\/www.delexodo.com.ar\/index.php?rest_route=%2Fwp%2Fv2%2Ftags&post=4111"}],"curies":[{"name":"wp","href":"https:\/\/api.w.org\/{rel}","templated":true}]}}