{"id":4107,"date":"2019-09-11T22:02:53","date_gmt":"2019-09-12T01:02:53","guid":{"rendered":"http:\/\/www.delexodo.com.ar\/?p=4107"},"modified":"2019-09-11T22:02:54","modified_gmt":"2019-09-12T01:02:54","slug":"esta-abierta-la-inscripcion-al-colegio-militar-de-la-nacion-los-requisitos","status":"publish","type":"post","link":"https:\/\/www.delexodo.com.ar\/?p=4107","title":{"rendered":"EST\u00c1 ABIERTA LA INSCRIPCI\u00d3N AL COLEGIO MILITAR DE LA NACI\u00d3N: LOS REQUISITOS"},"content":{"rendered":"\n<p>Hasta el <strong>18 de octubre<\/strong> est\u00e1 abierta la inscripci\u00f3n para ser oficial del Ej\u00e9rcito. El Instituto de <strong>Nivel Universitario del Ej\u00e9rcito Argentino<\/strong> recibe a j\u00f3venes de hasta 25 a\u00f1os. Dieron a conocer los requisitos y todos los detalles.<\/p>\n\n\n\n<figure class=\"wp-block-image\"><img loading=\"lazy\" decoding=\"async\" width=\"1024\" height=\"768\" src=\"http:\/\/www.delexodo.com.ar\/wp-content\/uploads\/2019\/09\/70178124_1442529805899480_8526900775790575616_o-1024x768.jpg\" alt=\"\" class=\"wp-image-4109\" srcset=\"https:\/\/www.delexodo.com.ar\/wp-content\/uploads\/2019\/09\/70178124_1442529805899480_8526900775790575616_o-1024x768.jpg 1024w, https:\/\/www.delexodo.com.ar\/wp-content\/uploads\/2019\/09\/70178124_1442529805899480_8526900775790575616_o-300x225.jpg 300w, https:\/\/www.delexodo.com.ar\/wp-content\/uploads\/2019\/09\/70178124_1442529805899480_8526900775790575616_o-768x576.jpg 768w, https:\/\/www.delexodo.com.ar\/wp-content\/uploads\/2019\/09\/70178124_1442529805899480_8526900775790575616_o.jpg 1152w\" sizes=\"auto, (max-width: 1024px) 100vw, 1024px\" \/><\/figure>\n\n\n\n<p>Creado el 11 de octubre de 1869, se convirti\u00f3 en el \u00fanico\ninstituto de formaci\u00f3n de los oficiales de nuestro Ej\u00e9rcito Argentino. El\nColegio Militar de la Naci\u00f3n, es una instancia universitaria de la mencionada\nFuerza. All\u00ed no solamente te formar\u00e1s como oficial, sino tambi\u00e9n en una carrera\nde grado que te permitir\u00e1 seguir perfeccion\u00e1ndote acad\u00e9micamente el resto de tu\nvida.<\/p>\n\n\n\n<p>Cursando todos los d\u00edas, de lunes a viernes, con salidas de franco semanales y frecuentes salidas al terreno para aplicar en la pr\u00e1ctica la teor\u00eda transmitida en las aulas, los cuatro a\u00f1os de carrera en el <a href=\"https:\/\/www.facebook.com\/ColegioMilitarAr\/\"><strong>Colegio Militar de la Naci\u00f3n<\/strong><\/a> (con una beca desde el primer al \u00faltimo d\u00eda) ser\u00e1n la antesala a una vida repleta de desaf\u00edos, aventura y responsabilidad. Bajo esta metodolog\u00eda, puedes elegir entre dos planes de estudio:<\/p>\n\n\n\n<figure class=\"wp-block-embed-youtube wp-block-embed is-type-video is-provider-youtube wp-embed-aspect-16-9 wp-has-aspect-ratio\"><div class=\"wp-block-embed__wrapper\">\nhttps:\/\/www.youtube.com\/watch?time_continue=70&#038;v=_Z5q_jPOH0g\n<\/div><\/figure>\n\n\n\n<p><strong>CARRERA DE LAS ARMAS<\/strong><\/p>\n\n\n\n<p>Si tu sue\u00f1o es ser un oficial de las armas de Caballer\u00eda,\nInfanter\u00eda, Artiller\u00eda, Ingenieros, Comunicaciones, o de las especialidades de\nIntendencia o Arsenales, esta metodolog\u00eda es la que mejor se ajusta para hacer\nrealidad tu anhelo de una vida de acci\u00f3n y emoci\u00f3n. Postul\u00e1ndote para ser parte\ndel \u00abCuerpo Comando\u00bb, deber\u00e1s prepararte para rendir un examen de\ningreso.<\/p>\n\n\n\n<p>El aspecto intelectual est\u00e1 comprendido por cuatro ex\u00e1menes:\nMatem\u00e1tica, Historia Argentina, Geograf\u00eda Argentina y del MERCOSUR y\nCompetencia ling\u00fc\u00edstica.<\/p>\n\n\n\n<p>La aptitud f\u00edsica ser\u00e1 corroborada mediante trote aer\u00f3bico,\nextensi\u00f3n de brazos en el suelo y flexiones de tronco hacia adelante.<\/p>\n\n\n\n<p>La situaci\u00f3n personal de Cl\u00ednica M\u00e9dica, Antropometr\u00eda,\nBucodental, Agudeza Visual, Traumatolog\u00eda y Otorrinolaringolog\u00eda, ser\u00e1 la que\ndictaminar\u00e1 la posibilidad m\u00e9dica de ser parte del Colegio Militar.<\/p>\n\n\n\n<p>Finalmente, el examen psicot\u00e9cnico consiste en la\nadministraci\u00f3n de t\u00e9cnicas para indagar la motivaci\u00f3n para la carrera militar,\naspectos cognitivos y actitudinales, rasgos de la personalidad y el grado de\nestabilidad emocional.<\/p>\n\n\n\n<p><strong>POSTULANTES<\/strong><\/p>\n\n\n\n<p>Podr\u00e1n aplicar a esta oferta todos los argentinos nacidos o\npor opci\u00f3n, solteros, hombres o mujeres, que tengan hasta 25 a\u00f1os de edad.\nPodr\u00e1n adeudar hasta 2 materias del nivel secundario, que deber\u00e1n ser aprobadas\nen un plazo a definir por el instituto.<\/p>\n\n\n\n<p>La inscripci\u00f3n se encuentra vigente hasta el 18 de octubre y\nlos ex\u00e1menes de ingreso ser\u00e1n del 4 al 8 de noviembre, en los centros de\nselecci\u00f3n del interior (Formosa, Posadas, Salta, Santa Fe, Tucum\u00e1n, C\u00f3rdoba,\nMendoza y Comodoro Rivadavia) y del 2 al 6 de diciembre en el Colegio Militar\nde la Naci\u00f3n.<\/p>\n\n\n\n<p><strong>ENFERMERO PROFESIONAL<\/strong><\/p>\n\n\n\n<p>Si alguna vez te imaginaste cuidando y curando a quienes se\ndesarrollan en el \u00e1mbito militar, ser Licenciado en Enfermer\u00eda con orientaci\u00f3n\nen Emergentolog\u00eda y Trauma en el Colegio Militar de la Naci\u00f3n es una excelente\nopci\u00f3n. Si ten\u00e9s hasta 24 a\u00f1os de edad y cumpl\u00eds los dem\u00e1s requisitos\nexplicados para ser oficial de las armas, est\u00e1s en condiciones de rendir los\nex\u00e1menes de ingreso.<\/p>\n\n\n\n<p>Los cuatro ex\u00e1menes intelectuales, en este caso, eval\u00faan los\nElementos B\u00e1sicos de las Ciencias Exactas, Historia, Competencia ling\u00fc\u00edstica y\nAnatom\u00eda Funcional. Mientras que los ex\u00e1menes f\u00edsicos, m\u00e9dicos y psicot\u00e9cnicos\nson de la misma magnitud que los detallados m\u00e1s arriba.<\/p>\n\n\n\n<p>Durante los 4 a\u00f1os de cursada recibir\u00e1s todas las t\u00e9cnicas y\nconocimientos necesarios para desarrollarte como un oficial con capacidad de\nafrontar los primeros auxilios en una Unidad Militar o en alguno de los\nHospitales Militares de nuestro Ej\u00e9rcito Argentino.<\/p>\n\n\n\n<p><strong>CUERPO PROFESIONAL: OTRA ALTERNATIVA<\/strong><\/p>\n\n\n\n<p>Si ya te recibiste como profesional en alguna de las\nsiguientes especialidades, pod\u00e9s sumarte a las filas del Ej\u00e9rcito para darle\nuna vuelta de rosca a tu actividad. Si ten\u00e9s hasta 30 a\u00f1os y sos abogado,\nbioqu\u00edmico, farmac\u00e9utico, m\u00e9dico, odont\u00f3logo o veterinario, pod\u00e9s realizar un\ncurso de 4 meses en el Colegio Militar, hasta recibirte con el grado de oficial\ncorrespondiente a tu profesi\u00f3n. Si sos profesor de educaci\u00f3n f\u00edsica o Analista\nde Sistemas y ten\u00e9s hasta 27 a\u00f1os o piloto de avi\u00f3n y hasta 25, un curso de 4\nmeses tambi\u00e9n te convertir\u00e1 en Subteniente de Educaci\u00f3n F\u00edsica, Subteniente en\nSistema de C\u00f3mputo de Datos o Subteniente Piloto, seg\u00fan corresponda.<\/p>\n\n\n\n<p>Es importante destacar que todas las edades indicadas tienen\naceptaci\u00f3n hasta el 1\u00b0 de marzo del a\u00f1o de ingreso.<\/p>\n\n\n\n<p><strong>INFORMACI\u00d3N<\/strong><\/p>\n\n\n\n<p>Toda la informaci\u00f3n que desees consultar para incorporarte al Colegio Militar de la Naci\u00f3n pod\u00e9s encontrarla en <a href=\"http:\/\/www.colegiomilitar.mil.ar\/esp\/#\"><strong>www.colegiomilitar.mil.ar<\/strong><\/a>, consultarla a trav\u00e9s de sus redes sociales, llamando al (011) 4751-8001 o visitando el Colegio en Aviador Matienzo y Ruta 201, El Palomar (CP 1684), Buenos Aires.<\/p>\n\n\n\n<p>En el sitio web encontrar\u00e1s ex\u00e1menes modelos, gu\u00edas y\nmaterial de estudio, y toda la documentaci\u00f3n necesaria para los tr\u00e1mites de\ninscripci\u00f3n.<\/p>\n","protected":false},"excerpt":{"rendered":"<p>Hasta el 18 de octubre est\u00e1 abierta la inscripci\u00f3n para ser oficial del Ej\u00e9rcito. El Instituto de Nivel Universitario del&hellip;<\/p>\n","protected":false},"author":1,"featured_media":4108,"comment_status":"open","ping_status":"open","sticky":false,"template":"","format":"standard","meta":{"_joinchat":[],"footnotes":""},"categories":[65,69],"tags":[],"class_list":["post-4107","post","type-post","status-publish","format-standard","has-post-thumbnail","hentry","category-destacados","category-noticias"],"yoast_head":"<!-- This site is optimized with the Yoast SEO plugin v25.1 - https:\/\/yoast.com\/wordpress\/plugins\/seo\/ -->\n<title>EST\u00c1 ABIERTA LA INSCRIPCI\u00d3N AL COLEGIO MILITAR DE LA NACI\u00d3N: LOS REQUISITOS - Del \u00c9xodo Nogoy\u00e1<\/title>\n<meta name=\"robots\" content=\"index, follow, max-snippet:-1, max-image-preview:large, max-video-preview:-1\" \/>\n<link rel=\"canonical\" href=\"https:\/\/www.delexodo.com.ar\/?p=4107\" \/>\n<meta property=\"og:locale\" content=\"es_ES\" \/>\n<meta property=\"og:type\" content=\"article\" \/>\n<meta property=\"og:title\" content=\"EST\u00c1 ABIERTA LA INSCRIPCI\u00d3N AL COLEGIO MILITAR DE LA NACI\u00d3N: LOS REQUISITOS - Del \u00c9xodo Nogoy\u00e1\" \/>\n<meta property=\"og:description\" content=\"Hasta el 18 de octubre est\u00e1 abierta la inscripci\u00f3n para ser oficial del Ej\u00e9rcito. El Instituto de Nivel Universitario del&hellip;\" \/>\n<meta property=\"og:url\" content=\"https:\/\/www.delexodo.com.ar\/?p=4107\" \/>\n<meta property=\"og:site_name\" content=\"Del \u00c9xodo Nogoy\u00e1\" \/>\n<meta property=\"article:published_time\" content=\"2019-09-12T01:02:53+00:00\" \/>\n<meta property=\"article:modified_time\" content=\"2019-09-12T01:02:54+00:00\" \/>\n<meta property=\"og:image\" content=\"https:\/\/www.delexodo.com.ar\/wp-content\/uploads\/2019\/09\/70081247_1440132599472534_1721822929785716736_o.jpg\" \/>\n\t<meta property=\"og:image:width\" content=\"1772\" \/>\n\t<meta property=\"og:image:height\" content=\"1181\" \/>\n\t<meta property=\"og:image:type\" content=\"image\/jpeg\" \/>\n<meta name=\"author\" content=\"admin\" \/>\n<meta name=\"twitter:card\" content=\"summary_large_image\" \/>\n<meta name=\"twitter:label1\" content=\"Escrito por\" \/>\n\t<meta name=\"twitter:data1\" content=\"admin\" \/>\n\t<meta name=\"twitter:label2\" content=\"Tiempo de lectura\" \/>\n\t<meta name=\"twitter:data2\" content=\"4 minutos\" \/>\n<script type=\"application\/ld+json\" class=\"yoast-schema-graph\">{\"@context\":\"https:\/\/schema.org\",\"@graph\":[{\"@type\":\"Article\",\"@id\":\"https:\/\/www.delexodo.com.ar\/?p=4107#article\",\"isPartOf\":{\"@id\":\"https:\/\/www.delexodo.com.ar\/?p=4107\"},\"author\":{\"name\":\"admin\",\"@id\":\"https:\/\/www.delexodo.com.ar\/#\/schema\/person\/bbed37f7da8e938660b34f2013ba449d\"},\"headline\":\"EST\u00c1 ABIERTA LA INSCRIPCI\u00d3N AL COLEGIO MILITAR DE LA NACI\u00d3N: LOS REQUISITOS\",\"datePublished\":\"2019-09-12T01:02:53+00:00\",\"dateModified\":\"2019-09-12T01:02:54+00:00\",\"mainEntityOfPage\":{\"@id\":\"https:\/\/www.delexodo.com.ar\/?p=4107\"},\"wordCount\":903,\"commentCount\":0,\"publisher\":{\"@id\":\"https:\/\/www.delexodo.com.ar\/#organization\"},\"image\":{\"@id\":\"https:\/\/www.delexodo.com.ar\/?p=4107#primaryimage\"},\"thumbnailUrl\":\"https:\/\/www.delexodo.com.ar\/wp-content\/uploads\/2019\/09\/70081247_1440132599472534_1721822929785716736_o.jpg\",\"articleSection\":[\"Destacados\",\"NOTICIAS\"],\"inLanguage\":\"es\",\"potentialAction\":[{\"@type\":\"CommentAction\",\"name\":\"Comment\",\"target\":[\"https:\/\/www.delexodo.com.ar\/?p=4107#respond\"]}]},{\"@type\":\"WebPage\",\"@id\":\"https:\/\/www.delexodo.com.ar\/?p=4107\",\"url\":\"https:\/\/www.delexodo.com.ar\/?p=4107\",\"name\":\"EST\u00c1 ABIERTA LA INSCRIPCI\u00d3N AL COLEGIO MILITAR DE LA NACI\u00d3N: LOS REQUISITOS - Del \u00c9xodo Nogoy\u00e1\",\"isPartOf\":{\"@id\":\"https:\/\/www.delexodo.com.ar\/#website\"},\"primaryImageOfPage\":{\"@id\":\"https:\/\/www.delexodo.com.ar\/?p=4107#primaryimage\"},\"image\":{\"@id\":\"https:\/\/www.delexodo.com.ar\/?p=4107#primaryimage\"},\"thumbnailUrl\":\"https:\/\/www.delexodo.com.ar\/wp-content\/uploads\/2019\/09\/70081247_1440132599472534_1721822929785716736_o.jpg\",\"datePublished\":\"2019-09-12T01:02:53+00:00\",\"dateModified\":\"2019-09-12T01:02:54+00:00\",\"breadcrumb\":{\"@id\":\"https:\/\/www.delexodo.com.ar\/?p=4107#breadcrumb\"},\"inLanguage\":\"es\",\"potentialAction\":[{\"@type\":\"ReadAction\",\"target\":[\"https:\/\/www.delexodo.com.ar\/?p=4107\"]}]},{\"@type\":\"ImageObject\",\"inLanguage\":\"es\",\"@id\":\"https:\/\/www.delexodo.com.ar\/?p=4107#primaryimage\",\"url\":\"https:\/\/www.delexodo.com.ar\/wp-content\/uploads\/2019\/09\/70081247_1440132599472534_1721822929785716736_o.jpg\",\"contentUrl\":\"https:\/\/www.delexodo.com.ar\/wp-content\/uploads\/2019\/09\/70081247_1440132599472534_1721822929785716736_o.jpg\",\"width\":1772,\"height\":1181},{\"@type\":\"BreadcrumbList\",\"@id\":\"https:\/\/www.delexodo.com.ar\/?p=4107#breadcrumb\",\"itemListElement\":[{\"@type\":\"ListItem\",\"position\":1,\"name\":\"Portada\",\"item\":\"https:\/\/www.delexodo.com.ar\/\"},{\"@type\":\"ListItem\",\"position\":2,\"name\":\"EST\u00c1 ABIERTA LA INSCRIPCI\u00d3N AL COLEGIO MILITAR DE LA NACI\u00d3N: LOS REQUISITOS\"}]},{\"@type\":\"WebSite\",\"@id\":\"https:\/\/www.delexodo.com.ar\/#website\",\"url\":\"https:\/\/www.delexodo.com.ar\/\",\"name\":\"Del \u00c9xodo Nogoy\u00e1\",\"description\":\"El Portal de Noticias de la Regi\u00f3n\",\"publisher\":{\"@id\":\"https:\/\/www.delexodo.com.ar\/#organization\"},\"potentialAction\":[{\"@type\":\"SearchAction\",\"target\":{\"@type\":\"EntryPoint\",\"urlTemplate\":\"https:\/\/www.delexodo.com.ar\/?s={search_term_string}\"},\"query-input\":{\"@type\":\"PropertyValueSpecification\",\"valueRequired\":true,\"valueName\":\"search_term_string\"}}],\"inLanguage\":\"es\"},{\"@type\":\"Organization\",\"@id\":\"https:\/\/www.delexodo.com.ar\/#organization\",\"name\":\"Del \u00c9xodo Nogoy\u00e1\",\"url\":\"https:\/\/www.delexodo.com.ar\/\",\"logo\":{\"@type\":\"ImageObject\",\"inLanguage\":\"es\",\"@id\":\"https:\/\/www.delexodo.com.ar\/#\/schema\/logo\/image\/\",\"url\":\"https:\/\/www.delexodo.com.ar\/wp-content\/uploads\/2024\/10\/cropped-cropped-LOGO24.png\",\"contentUrl\":\"https:\/\/www.delexodo.com.ar\/wp-content\/uploads\/2024\/10\/cropped-cropped-LOGO24.png\",\"width\":512,\"height\":349,\"caption\":\"Del \u00c9xodo Nogoy\u00e1\"},\"image\":{\"@id\":\"https:\/\/www.delexodo.com.ar\/#\/schema\/logo\/image\/\"}},{\"@type\":\"Person\",\"@id\":\"https:\/\/www.delexodo.com.ar\/#\/schema\/person\/bbed37f7da8e938660b34f2013ba449d\",\"name\":\"admin\",\"image\":{\"@type\":\"ImageObject\",\"inLanguage\":\"es\",\"@id\":\"https:\/\/www.delexodo.com.ar\/#\/schema\/person\/image\/\",\"url\":\"https:\/\/secure.gravatar.com\/avatar\/6b1558d1b6df085f1901bd5bd98523d7?s=96&d=mm&r=g\",\"contentUrl\":\"https:\/\/secure.gravatar.com\/avatar\/6b1558d1b6df085f1901bd5bd98523d7?s=96&d=mm&r=g\",\"caption\":\"admin\"},\"url\":\"https:\/\/www.delexodo.com.ar\/?author=1\"}]}<\/script>\n<!-- \/ Yoast SEO plugin. -->","yoast_head_json":{"title":"EST\u00c1 ABIERTA LA INSCRIPCI\u00d3N AL COLEGIO MILITAR DE LA NACI\u00d3N: LOS REQUISITOS - Del \u00c9xodo Nogoy\u00e1","robots":{"index":"index","follow":"follow","max-snippet":"max-snippet:-1","max-image-preview":"max-image-preview:large","max-video-preview":"max-video-preview:-1"},"canonical":"https:\/\/www.delexodo.com.ar\/?p=4107","og_locale":"es_ES","og_type":"article","og_title":"EST\u00c1 ABIERTA LA INSCRIPCI\u00d3N AL COLEGIO MILITAR DE LA NACI\u00d3N: LOS REQUISITOS - Del \u00c9xodo Nogoy\u00e1","og_description":"Hasta el 18 de octubre est\u00e1 abierta la inscripci\u00f3n para ser oficial del Ej\u00e9rcito. El Instituto de Nivel Universitario del&hellip;","og_url":"https:\/\/www.delexodo.com.ar\/?p=4107","og_site_name":"Del \u00c9xodo Nogoy\u00e1","article_published_time":"2019-09-12T01:02:53+00:00","article_modified_time":"2019-09-12T01:02:54+00:00","og_image":[{"width":1772,"height":1181,"url":"https:\/\/www.delexodo.com.ar\/wp-content\/uploads\/2019\/09\/70081247_1440132599472534_1721822929785716736_o.jpg","type":"image\/jpeg"}],"author":"admin","twitter_card":"summary_large_image","twitter_misc":{"Escrito por":"admin","Tiempo de lectura":"4 minutos"},"schema":{"@context":"https:\/\/schema.org","@graph":[{"@type":"Article","@id":"https:\/\/www.delexodo.com.ar\/?p=4107#article","isPartOf":{"@id":"https:\/\/www.delexodo.com.ar\/?p=4107"},"author":{"name":"admin","@id":"https:\/\/www.delexodo.com.ar\/#\/schema\/person\/bbed37f7da8e938660b34f2013ba449d"},"headline":"EST\u00c1 ABIERTA LA INSCRIPCI\u00d3N AL COLEGIO MILITAR DE LA NACI\u00d3N: LOS REQUISITOS","datePublished":"2019-09-12T01:02:53+00:00","dateModified":"2019-09-12T01:02:54+00:00","mainEntityOfPage":{"@id":"https:\/\/www.delexodo.com.ar\/?p=4107"},"wordCount":903,"commentCount":0,"publisher":{"@id":"https:\/\/www.delexodo.com.ar\/#organization"},"image":{"@id":"https:\/\/www.delexodo.com.ar\/?p=4107#primaryimage"},"thumbnailUrl":"https:\/\/www.delexodo.com.ar\/wp-content\/uploads\/2019\/09\/70081247_1440132599472534_1721822929785716736_o.jpg","articleSection":["Destacados","NOTICIAS"],"inLanguage":"es","potentialAction":[{"@type":"CommentAction","name":"Comment","target":["https:\/\/www.delexodo.com.ar\/?p=4107#respond"]}]},{"@type":"WebPage","@id":"https:\/\/www.delexodo.com.ar\/?p=4107","url":"https:\/\/www.delexodo.com.ar\/?p=4107","name":"EST\u00c1 ABIERTA LA INSCRIPCI\u00d3N AL COLEGIO MILITAR DE LA NACI\u00d3N: LOS REQUISITOS - Del \u00c9xodo Nogoy\u00e1","isPartOf":{"@id":"https:\/\/www.delexodo.com.ar\/#website"},"primaryImageOfPage":{"@id":"https:\/\/www.delexodo.com.ar\/?p=4107#primaryimage"},"image":{"@id":"https:\/\/www.delexodo.com.ar\/?p=4107#primaryimage"},"thumbnailUrl":"https:\/\/www.delexodo.com.ar\/wp-content\/uploads\/2019\/09\/70081247_1440132599472534_1721822929785716736_o.jpg","datePublished":"2019-09-12T01:02:53+00:00","dateModified":"2019-09-12T01:02:54+00:00","breadcrumb":{"@id":"https:\/\/www.delexodo.com.ar\/?p=4107#breadcrumb"},"inLanguage":"es","potentialAction":[{"@type":"ReadAction","target":["https:\/\/www.delexodo.com.ar\/?p=4107"]}]},{"@type":"ImageObject","inLanguage":"es","@id":"https:\/\/www.delexodo.com.ar\/?p=4107#primaryimage","url":"https:\/\/www.delexodo.com.ar\/wp-content\/uploads\/2019\/09\/70081247_1440132599472534_1721822929785716736_o.jpg","contentUrl":"https:\/\/www.delexodo.com.ar\/wp-content\/uploads\/2019\/09\/70081247_1440132599472534_1721822929785716736_o.jpg","width":1772,"height":1181},{"@type":"BreadcrumbList","@id":"https:\/\/www.delexodo.com.ar\/?p=4107#breadcrumb","itemListElement":[{"@type":"ListItem","position":1,"name":"Portada","item":"https:\/\/www.delexodo.com.ar\/"},{"@type":"ListItem","position":2,"name":"EST\u00c1 ABIERTA LA INSCRIPCI\u00d3N AL COLEGIO MILITAR DE LA NACI\u00d3N: LOS REQUISITOS"}]},{"@type":"WebSite","@id":"https:\/\/www.delexodo.com.ar\/#website","url":"https:\/\/www.delexodo.com.ar\/","name":"Del \u00c9xodo Nogoy\u00e1","description":"El Portal de Noticias de la Regi\u00f3n","publisher":{"@id":"https:\/\/www.delexodo.com.ar\/#organization"},"potentialAction":[{"@type":"SearchAction","target":{"@type":"EntryPoint","urlTemplate":"https:\/\/www.delexodo.com.ar\/?s={search_term_string}"},"query-input":{"@type":"PropertyValueSpecification","valueRequired":true,"valueName":"search_term_string"}}],"inLanguage":"es"},{"@type":"Organization","@id":"https:\/\/www.delexodo.com.ar\/#organization","name":"Del \u00c9xodo Nogoy\u00e1","url":"https:\/\/www.delexodo.com.ar\/","logo":{"@type":"ImageObject","inLanguage":"es","@id":"https:\/\/www.delexodo.com.ar\/#\/schema\/logo\/image\/","url":"https:\/\/www.delexodo.com.ar\/wp-content\/uploads\/2024\/10\/cropped-cropped-LOGO24.png","contentUrl":"https:\/\/www.delexodo.com.ar\/wp-content\/uploads\/2024\/10\/cropped-cropped-LOGO24.png","width":512,"height":349,"caption":"Del \u00c9xodo Nogoy\u00e1"},"image":{"@id":"https:\/\/www.delexodo.com.ar\/#\/schema\/logo\/image\/"}},{"@type":"Person","@id":"https:\/\/www.delexodo.com.ar\/#\/schema\/person\/bbed37f7da8e938660b34f2013ba449d","name":"admin","image":{"@type":"ImageObject","inLanguage":"es","@id":"https:\/\/www.delexodo.com.ar\/#\/schema\/person\/image\/","url":"https:\/\/secure.gravatar.com\/avatar\/6b1558d1b6df085f1901bd5bd98523d7?s=96&d=mm&r=g","contentUrl":"https:\/\/secure.gravatar.com\/avatar\/6b1558d1b6df085f1901bd5bd98523d7?s=96&d=mm&r=g","caption":"admin"},"url":"https:\/\/www.delexodo.com.ar\/?author=1"}]}},"_links":{"self":[{"href":"https:\/\/www.delexodo.com.ar\/index.php?rest_route=\/wp\/v2\/posts\/4107","targetHints":{"allow":["GET"]}}],"collection":[{"href":"https:\/\/www.delexodo.com.ar\/index.php?rest_route=\/wp\/v2\/posts"}],"about":[{"href":"https:\/\/www.delexodo.com.ar\/index.php?rest_route=\/wp\/v2\/types\/post"}],"author":[{"embeddable":true,"href":"https:\/\/www.delexodo.com.ar\/index.php?rest_route=\/wp\/v2\/users\/1"}],"replies":[{"embeddable":true,"href":"https:\/\/www.delexodo.com.ar\/index.php?rest_route=%2Fwp%2Fv2%2Fcomments&post=4107"}],"version-history":[{"count":0,"href":"https:\/\/www.delexodo.com.ar\/index.php?rest_route=\/wp\/v2\/posts\/4107\/revisions"}],"wp:featuredmedia":[{"embeddable":true,"href":"https:\/\/www.delexodo.com.ar\/index.php?rest_route=\/wp\/v2\/media\/4108"}],"wp:attachment":[{"href":"https:\/\/www.delexodo.com.ar\/index.php?rest_route=%2Fwp%2Fv2%2Fmedia&parent=4107"}],"wp:term":[{"taxonomy":"category","embeddable":true,"href":"https:\/\/www.delexodo.com.ar\/index.php?rest_route=%2Fwp%2Fv2%2Fcategories&post=4107"},{"taxonomy":"post_tag","embeddable":true,"href":"https:\/\/www.delexodo.com.ar\/index.php?rest_route=%2Fwp%2Fv2%2Ftags&post=4107"}],"curies":[{"name":"wp","href":"https:\/\/api.w.org\/{rel}","templated":true}]}}