{"id":12374,"date":"2026-02-21T20:12:55","date_gmt":"2026-02-21T23:12:55","guid":{"rendered":"https:\/\/www.delexodo.com.ar\/?p=12374"},"modified":"2026-02-21T20:12:56","modified_gmt":"2026-02-21T23:12:56","slug":"nogoya-late-en-victoria-martina-santucho-busca-la-corona-provincial-del-carnaval","status":"publish","type":"post","link":"https:\/\/www.delexodo.com.ar\/?p=12374","title":{"rendered":"Nogoy\u00e1 late en Victoria: Martina Santucho busca la corona provincial del Carnaval"},"content":{"rendered":"\n<p><strong>Este s\u00e1bado 21 de febrero, la sexta noche del Carnaval de Victoria tendr\u00e1 un momento central: la elecci\u00f3n de la Representante Provincial. Entre ocho aspirantes de toda Entre R\u00edos, Nogoy\u00e1 estar\u00e1 presente en la figura de Martina Santucho, llevando el orgullo y la identidad de su ciudad al escenario.<\/strong><\/p>\n\n\n\n<p>La ciudad de Victoria vivir\u00e1 esta noche una de las instancias m\u00e1s esperadas de su calendario festivo. Desde las 22 horas, en el marco de la sexta noche del carnaval, se definir\u00e1 qui\u00e9n ser\u00e1 la nueva Representante Provincial, un rol que excede la est\u00e9tica y se convierte en embajadora cultural de la provincia.<\/p>\n\n\n\n<p>Entre las candidatas, el nombre que resuena con fuerza en Nogoy\u00e1 es el de <strong>Solana Martina Santucho<\/strong>, recientemente electa como representante local y encargada de llevar al circuito provincial la energ\u00eda, el trabajo y la pasi\u00f3n carnavalera de su ciudad.<\/p>\n\n\n\n<h3 class=\"wp-block-heading\">Una noche de definici\u00f3n y emoci\u00f3n<\/h3>\n\n\n\n<p>Las aspirantes que competir\u00e1n esta noche son:<\/p>\n\n\n\n<ol class=\"wp-block-list\">\n<li>Mar\u00eda Luz Ben\u00edtez (Chajar\u00ed)<\/li>\n\n\n\n<li>Ail\u00e9n Ariana Rodr\u00edguez (Paran\u00e1)<\/li>\n\n\n\n<li>Ana Paula Larrosa (Urdinarrain)<\/li>\n\n\n\n<li><strong>Solana Martina Santucho (Nogoy\u00e1)<\/strong><\/li>\n\n\n\n<li>Luj\u00e1n Ju\u00e1rez (Victoria)<\/li>\n\n\n\n<li>Nair Mar\u00eda Amelia Quiroz (Feliciano)<\/li>\n\n\n\n<li>Aixa Kiara Rey (Hern\u00e1ndez)<\/li>\n\n\n\n<li>Aurora Abigail Garcilazo (La Paz)<\/li>\n<\/ol>\n\n\n\n<p>Cada una representa no solo a su ciudad, sino a una historia, una comparsa, un equipo de trabajo y una comunidad que la acompa\u00f1a.<\/p>\n\n\n\n<p>Para Nogoy\u00e1, esta instancia tiene un significado especial: no es solo una competencia, es la posibilidad de seguir consolidando presencia en uno de los eventos culturales m\u00e1s convocantes de Entre R\u00edos.<\/p>\n\n\n\n<h3 class=\"wp-block-heading\">Un jurado con mirada art\u00edstica y cultural<\/h3>\n\n\n\n<p>La elecci\u00f3n estar\u00e1 a cargo de un jurado con fuerte impronta art\u00edstica, cultural y tur\u00edstica:<\/p>\n\n\n\n<ul class=\"wp-block-list\">\n<li>Ana Guerra, profesora y realizadora pl\u00e1stica.<\/li>\n\n\n\n<li>Lorena Pittaluga, cosmiatra y empresaria, ex Reina Provincial del Carnaval de Entre R\u00edos y finalista de Miss Argentina.<\/li>\n\n\n\n<li>Ram\u00f3n Evaristo Ayala, dise\u00f1ador de vestuario y actual director de decoraci\u00f3n de carrozas de la comparsa Comparsa Mari Mar\u00ed.<\/li>\n\n\n\n<li>Natalia Prado, directora General de Programas y Promoci\u00f3n Cultural del Gobierno de Entre R\u00edos.<\/li>\n\n\n\n<li>Gustavo Motta, gerente de ventas en ENTRETUR y jefe operativo en Villa Carlos Paz.<\/li>\n<\/ul>\n\n\n\n<p>Un panel que evaluar\u00e1 presencia esc\u00e9nica, desenvolvimiento, compromiso cultural y proyecci\u00f3n como representante provincial.<\/p>\n\n\n\n<h3 class=\"wp-block-heading\">El momento m\u00e1s simb\u00f3lico para Nogoy\u00e1<\/h3>\n\n\n<div class=\"wp-block-image\">\n<figure class=\"alignleft size-large is-resized\"><img loading=\"lazy\" decoding=\"async\" width=\"768\" height=\"1024\" src=\"https:\/\/www.delexodo.com.ar\/wp-content\/uploads\/2026\/02\/P1050475-1-768x1024.jpg\" alt=\"\" class=\"wp-image-12379\" style=\"width:201px;height:auto\" srcset=\"https:\/\/www.delexodo.com.ar\/wp-content\/uploads\/2026\/02\/P1050475-1-768x1024.jpg 768w, https:\/\/www.delexodo.com.ar\/wp-content\/uploads\/2026\/02\/P1050475-1-225x300.jpg 225w, https:\/\/www.delexodo.com.ar\/wp-content\/uploads\/2026\/02\/P1050475-1-1152x1536.jpg 1152w, https:\/\/www.delexodo.com.ar\/wp-content\/uploads\/2026\/02\/P1050475-1-1536x2048.jpg 1536w, https:\/\/www.delexodo.com.ar\/wp-content\/uploads\/2026\/02\/P1050475-1-rotated.jpg 1920w\" sizes=\"auto, (max-width: 768px) 100vw, 768px\" \/><\/figure><\/div>\n\n\n<p>La emoci\u00f3n tendr\u00e1 un condimento adicional: la Segunda Finalista 2025, <strong>Isabela Vallejos<\/strong>, tambi\u00e9n de Nogoy\u00e1, ser\u00e1 quien entregue los atributos a la nueva representante.<\/p>\n\n\n\n<p>Ese gesto \u2014una nogoyaense coronando a la nueva figura provincial\u2014 refuerza la presencia sostenida de la ciudad en el circuito carnavalero entrerriano.<\/p>\n\n\n\n<p>Esta noche, m\u00e1s all\u00e1 del resultado, Martina Santucho ya representa algo mayor: la identidad, el trabajo colectivo y el orgullo de Nogoy\u00e1 en uno de los escenarios festivos m\u00e1s importantes de la provincia.<\/p>\n\n\n\n<p>Victoria elige.<br>Nogoy\u00e1 acompa\u00f1a.<br>Y Martina desfila con el respaldo de toda una comunidad.<\/p>\n","protected":false},"excerpt":{"rendered":"<p>Este s\u00e1bado 21 de febrero, la sexta noche del Carnaval de Victoria tendr\u00e1 un momento central: la elecci\u00f3n de la&hellip;<\/p>\n","protected":false},"author":1,"featured_media":12375,"comment_status":"closed","ping_status":"closed","sticky":false,"template":"","format":"standard","meta":{"_joinchat":[],"footnotes":""},"categories":[65,1],"tags":[345],"class_list":["post-12374","post","type-post","status-publish","format-standard","has-post-thumbnail","hentry","category-destacados","category-sincategoria","tag-destacar"],"yoast_head":"<!-- This site is optimized with the Yoast SEO plugin v25.1 - https:\/\/yoast.com\/wordpress\/plugins\/seo\/ -->\n<title>Nogoy\u00e1 late en Victoria: Martina Santucho busca la corona provincial del Carnaval - Del \u00c9xodo Nogoy\u00e1<\/title>\n<meta name=\"robots\" content=\"index, follow, max-snippet:-1, max-image-preview:large, max-video-preview:-1\" \/>\n<link rel=\"canonical\" href=\"https:\/\/www.delexodo.com.ar\/?p=12374\" \/>\n<meta property=\"og:locale\" content=\"es_ES\" \/>\n<meta property=\"og:type\" content=\"article\" \/>\n<meta property=\"og:title\" content=\"Nogoy\u00e1 late en Victoria: Martina Santucho busca la corona provincial del Carnaval - Del \u00c9xodo Nogoy\u00e1\" \/>\n<meta property=\"og:description\" content=\"Este s\u00e1bado 21 de febrero, la sexta noche del Carnaval de Victoria tendr\u00e1 un momento central: la elecci\u00f3n de la&hellip;\" \/>\n<meta property=\"og:url\" content=\"https:\/\/www.delexodo.com.ar\/?p=12374\" \/>\n<meta property=\"og:site_name\" content=\"Del \u00c9xodo Nogoy\u00e1\" \/>\n<meta property=\"article:published_time\" content=\"2026-02-21T23:12:55+00:00\" \/>\n<meta property=\"article:modified_time\" content=\"2026-02-21T23:12:56+00:00\" \/>\n<meta property=\"og:image\" content=\"https:\/\/www.delexodo.com.ar\/wp-content\/uploads\/2026\/02\/Aspirantes-en-Victoria.jpg\" \/>\n\t<meta property=\"og:image:width\" content=\"900\" \/>\n\t<meta property=\"og:image:height\" content=\"599\" \/>\n\t<meta property=\"og:image:type\" content=\"image\/jpeg\" \/>\n<meta name=\"author\" content=\"admin\" \/>\n<meta name=\"twitter:card\" content=\"summary_large_image\" \/>\n<meta name=\"twitter:label1\" content=\"Escrito por\" \/>\n\t<meta name=\"twitter:data1\" content=\"admin\" \/>\n\t<meta name=\"twitter:label2\" content=\"Tiempo de lectura\" \/>\n\t<meta name=\"twitter:data2\" content=\"3 minutos\" \/>\n<script type=\"application\/ld+json\" class=\"yoast-schema-graph\">{\"@context\":\"https:\/\/schema.org\",\"@graph\":[{\"@type\":\"Article\",\"@id\":\"https:\/\/www.delexodo.com.ar\/?p=12374#article\",\"isPartOf\":{\"@id\":\"https:\/\/www.delexodo.com.ar\/?p=12374\"},\"author\":{\"name\":\"admin\",\"@id\":\"https:\/\/www.delexodo.com.ar\/#\/schema\/person\/bbed37f7da8e938660b34f2013ba449d\"},\"headline\":\"Nogoy\u00e1 late en Victoria: Martina Santucho busca la corona provincial del Carnaval\",\"datePublished\":\"2026-02-21T23:12:55+00:00\",\"dateModified\":\"2026-02-21T23:12:56+00:00\",\"mainEntityOfPage\":{\"@id\":\"https:\/\/www.delexodo.com.ar\/?p=12374\"},\"wordCount\":500,\"publisher\":{\"@id\":\"https:\/\/www.delexodo.com.ar\/#organization\"},\"image\":{\"@id\":\"https:\/\/www.delexodo.com.ar\/?p=12374#primaryimage\"},\"thumbnailUrl\":\"https:\/\/www.delexodo.com.ar\/wp-content\/uploads\/2026\/02\/Aspirantes-en-Victoria.jpg\",\"keywords\":[\"destacar\"],\"articleSection\":[\"Destacados\",\"Nogoya\"],\"inLanguage\":\"es\"},{\"@type\":\"WebPage\",\"@id\":\"https:\/\/www.delexodo.com.ar\/?p=12374\",\"url\":\"https:\/\/www.delexodo.com.ar\/?p=12374\",\"name\":\"Nogoy\u00e1 late en Victoria: Martina Santucho busca la corona provincial del Carnaval - Del \u00c9xodo Nogoy\u00e1\",\"isPartOf\":{\"@id\":\"https:\/\/www.delexodo.com.ar\/#website\"},\"primaryImageOfPage\":{\"@id\":\"https:\/\/www.delexodo.com.ar\/?p=12374#primaryimage\"},\"image\":{\"@id\":\"https:\/\/www.delexodo.com.ar\/?p=12374#primaryimage\"},\"thumbnailUrl\":\"https:\/\/www.delexodo.com.ar\/wp-content\/uploads\/2026\/02\/Aspirantes-en-Victoria.jpg\",\"datePublished\":\"2026-02-21T23:12:55+00:00\",\"dateModified\":\"2026-02-21T23:12:56+00:00\",\"breadcrumb\":{\"@id\":\"https:\/\/www.delexodo.com.ar\/?p=12374#breadcrumb\"},\"inLanguage\":\"es\",\"potentialAction\":[{\"@type\":\"ReadAction\",\"target\":[\"https:\/\/www.delexodo.com.ar\/?p=12374\"]}]},{\"@type\":\"ImageObject\",\"inLanguage\":\"es\",\"@id\":\"https:\/\/www.delexodo.com.ar\/?p=12374#primaryimage\",\"url\":\"https:\/\/www.delexodo.com.ar\/wp-content\/uploads\/2026\/02\/Aspirantes-en-Victoria.jpg\",\"contentUrl\":\"https:\/\/www.delexodo.com.ar\/wp-content\/uploads\/2026\/02\/Aspirantes-en-Victoria.jpg\",\"width\":900,\"height\":599},{\"@type\":\"BreadcrumbList\",\"@id\":\"https:\/\/www.delexodo.com.ar\/?p=12374#breadcrumb\",\"itemListElement\":[{\"@type\":\"ListItem\",\"position\":1,\"name\":\"Portada\",\"item\":\"https:\/\/www.delexodo.com.ar\/\"},{\"@type\":\"ListItem\",\"position\":2,\"name\":\"Nogoy\u00e1 late en Victoria: Martina Santucho busca la corona provincial del Carnaval\"}]},{\"@type\":\"WebSite\",\"@id\":\"https:\/\/www.delexodo.com.ar\/#website\",\"url\":\"https:\/\/www.delexodo.com.ar\/\",\"name\":\"Del \u00c9xodo Nogoy\u00e1\",\"description\":\"El Portal de Noticias de la Regi\u00f3n\",\"publisher\":{\"@id\":\"https:\/\/www.delexodo.com.ar\/#organization\"},\"potentialAction\":[{\"@type\":\"SearchAction\",\"target\":{\"@type\":\"EntryPoint\",\"urlTemplate\":\"https:\/\/www.delexodo.com.ar\/?s={search_term_string}\"},\"query-input\":{\"@type\":\"PropertyValueSpecification\",\"valueRequired\":true,\"valueName\":\"search_term_string\"}}],\"inLanguage\":\"es\"},{\"@type\":\"Organization\",\"@id\":\"https:\/\/www.delexodo.com.ar\/#organization\",\"name\":\"Del \u00c9xodo Nogoy\u00e1\",\"url\":\"https:\/\/www.delexodo.com.ar\/\",\"logo\":{\"@type\":\"ImageObject\",\"inLanguage\":\"es\",\"@id\":\"https:\/\/www.delexodo.com.ar\/#\/schema\/logo\/image\/\",\"url\":\"https:\/\/www.delexodo.com.ar\/wp-content\/uploads\/2024\/10\/cropped-cropped-LOGO24.png\",\"contentUrl\":\"https:\/\/www.delexodo.com.ar\/wp-content\/uploads\/2024\/10\/cropped-cropped-LOGO24.png\",\"width\":512,\"height\":349,\"caption\":\"Del \u00c9xodo Nogoy\u00e1\"},\"image\":{\"@id\":\"https:\/\/www.delexodo.com.ar\/#\/schema\/logo\/image\/\"}},{\"@type\":\"Person\",\"@id\":\"https:\/\/www.delexodo.com.ar\/#\/schema\/person\/bbed37f7da8e938660b34f2013ba449d\",\"name\":\"admin\",\"image\":{\"@type\":\"ImageObject\",\"inLanguage\":\"es\",\"@id\":\"https:\/\/www.delexodo.com.ar\/#\/schema\/person\/image\/\",\"url\":\"https:\/\/secure.gravatar.com\/avatar\/6b1558d1b6df085f1901bd5bd98523d7?s=96&d=mm&r=g\",\"contentUrl\":\"https:\/\/secure.gravatar.com\/avatar\/6b1558d1b6df085f1901bd5bd98523d7?s=96&d=mm&r=g\",\"caption\":\"admin\"},\"url\":\"https:\/\/www.delexodo.com.ar\/?author=1\"}]}<\/script>\n<!-- \/ Yoast SEO plugin. -->","yoast_head_json":{"title":"Nogoy\u00e1 late en Victoria: Martina Santucho busca la corona provincial del Carnaval - Del \u00c9xodo Nogoy\u00e1","robots":{"index":"index","follow":"follow","max-snippet":"max-snippet:-1","max-image-preview":"max-image-preview:large","max-video-preview":"max-video-preview:-1"},"canonical":"https:\/\/www.delexodo.com.ar\/?p=12374","og_locale":"es_ES","og_type":"article","og_title":"Nogoy\u00e1 late en Victoria: Martina Santucho busca la corona provincial del Carnaval - Del \u00c9xodo Nogoy\u00e1","og_description":"Este s\u00e1bado 21 de febrero, la sexta noche del Carnaval de Victoria tendr\u00e1 un momento central: la elecci\u00f3n de la&hellip;","og_url":"https:\/\/www.delexodo.com.ar\/?p=12374","og_site_name":"Del \u00c9xodo Nogoy\u00e1","article_published_time":"2026-02-21T23:12:55+00:00","article_modified_time":"2026-02-21T23:12:56+00:00","og_image":[{"width":900,"height":599,"url":"https:\/\/www.delexodo.com.ar\/wp-content\/uploads\/2026\/02\/Aspirantes-en-Victoria.jpg","type":"image\/jpeg"}],"author":"admin","twitter_card":"summary_large_image","twitter_misc":{"Escrito por":"admin","Tiempo de lectura":"3 minutos"},"schema":{"@context":"https:\/\/schema.org","@graph":[{"@type":"Article","@id":"https:\/\/www.delexodo.com.ar\/?p=12374#article","isPartOf":{"@id":"https:\/\/www.delexodo.com.ar\/?p=12374"},"author":{"name":"admin","@id":"https:\/\/www.delexodo.com.ar\/#\/schema\/person\/bbed37f7da8e938660b34f2013ba449d"},"headline":"Nogoy\u00e1 late en Victoria: Martina Santucho busca la corona provincial del Carnaval","datePublished":"2026-02-21T23:12:55+00:00","dateModified":"2026-02-21T23:12:56+00:00","mainEntityOfPage":{"@id":"https:\/\/www.delexodo.com.ar\/?p=12374"},"wordCount":500,"publisher":{"@id":"https:\/\/www.delexodo.com.ar\/#organization"},"image":{"@id":"https:\/\/www.delexodo.com.ar\/?p=12374#primaryimage"},"thumbnailUrl":"https:\/\/www.delexodo.com.ar\/wp-content\/uploads\/2026\/02\/Aspirantes-en-Victoria.jpg","keywords":["destacar"],"articleSection":["Destacados","Nogoya"],"inLanguage":"es"},{"@type":"WebPage","@id":"https:\/\/www.delexodo.com.ar\/?p=12374","url":"https:\/\/www.delexodo.com.ar\/?p=12374","name":"Nogoy\u00e1 late en Victoria: Martina Santucho busca la corona provincial del Carnaval - Del \u00c9xodo Nogoy\u00e1","isPartOf":{"@id":"https:\/\/www.delexodo.com.ar\/#website"},"primaryImageOfPage":{"@id":"https:\/\/www.delexodo.com.ar\/?p=12374#primaryimage"},"image":{"@id":"https:\/\/www.delexodo.com.ar\/?p=12374#primaryimage"},"thumbnailUrl":"https:\/\/www.delexodo.com.ar\/wp-content\/uploads\/2026\/02\/Aspirantes-en-Victoria.jpg","datePublished":"2026-02-21T23:12:55+00:00","dateModified":"2026-02-21T23:12:56+00:00","breadcrumb":{"@id":"https:\/\/www.delexodo.com.ar\/?p=12374#breadcrumb"},"inLanguage":"es","potentialAction":[{"@type":"ReadAction","target":["https:\/\/www.delexodo.com.ar\/?p=12374"]}]},{"@type":"ImageObject","inLanguage":"es","@id":"https:\/\/www.delexodo.com.ar\/?p=12374#primaryimage","url":"https:\/\/www.delexodo.com.ar\/wp-content\/uploads\/2026\/02\/Aspirantes-en-Victoria.jpg","contentUrl":"https:\/\/www.delexodo.com.ar\/wp-content\/uploads\/2026\/02\/Aspirantes-en-Victoria.jpg","width":900,"height":599},{"@type":"BreadcrumbList","@id":"https:\/\/www.delexodo.com.ar\/?p=12374#breadcrumb","itemListElement":[{"@type":"ListItem","position":1,"name":"Portada","item":"https:\/\/www.delexodo.com.ar\/"},{"@type":"ListItem","position":2,"name":"Nogoy\u00e1 late en Victoria: Martina Santucho busca la corona provincial del Carnaval"}]},{"@type":"WebSite","@id":"https:\/\/www.delexodo.com.ar\/#website","url":"https:\/\/www.delexodo.com.ar\/","name":"Del \u00c9xodo Nogoy\u00e1","description":"El Portal de Noticias de la Regi\u00f3n","publisher":{"@id":"https:\/\/www.delexodo.com.ar\/#organization"},"potentialAction":[{"@type":"SearchAction","target":{"@type":"EntryPoint","urlTemplate":"https:\/\/www.delexodo.com.ar\/?s={search_term_string}"},"query-input":{"@type":"PropertyValueSpecification","valueRequired":true,"valueName":"search_term_string"}}],"inLanguage":"es"},{"@type":"Organization","@id":"https:\/\/www.delexodo.com.ar\/#organization","name":"Del \u00c9xodo Nogoy\u00e1","url":"https:\/\/www.delexodo.com.ar\/","logo":{"@type":"ImageObject","inLanguage":"es","@id":"https:\/\/www.delexodo.com.ar\/#\/schema\/logo\/image\/","url":"https:\/\/www.delexodo.com.ar\/wp-content\/uploads\/2024\/10\/cropped-cropped-LOGO24.png","contentUrl":"https:\/\/www.delexodo.com.ar\/wp-content\/uploads\/2024\/10\/cropped-cropped-LOGO24.png","width":512,"height":349,"caption":"Del \u00c9xodo Nogoy\u00e1"},"image":{"@id":"https:\/\/www.delexodo.com.ar\/#\/schema\/logo\/image\/"}},{"@type":"Person","@id":"https:\/\/www.delexodo.com.ar\/#\/schema\/person\/bbed37f7da8e938660b34f2013ba449d","name":"admin","image":{"@type":"ImageObject","inLanguage":"es","@id":"https:\/\/www.delexodo.com.ar\/#\/schema\/person\/image\/","url":"https:\/\/secure.gravatar.com\/avatar\/6b1558d1b6df085f1901bd5bd98523d7?s=96&d=mm&r=g","contentUrl":"https:\/\/secure.gravatar.com\/avatar\/6b1558d1b6df085f1901bd5bd98523d7?s=96&d=mm&r=g","caption":"admin"},"url":"https:\/\/www.delexodo.com.ar\/?author=1"}]}},"_links":{"self":[{"href":"https:\/\/www.delexodo.com.ar\/index.php?rest_route=\/wp\/v2\/posts\/12374","targetHints":{"allow":["GET"]}}],"collection":[{"href":"https:\/\/www.delexodo.com.ar\/index.php?rest_route=\/wp\/v2\/posts"}],"about":[{"href":"https:\/\/www.delexodo.com.ar\/index.php?rest_route=\/wp\/v2\/types\/post"}],"author":[{"embeddable":true,"href":"https:\/\/www.delexodo.com.ar\/index.php?rest_route=\/wp\/v2\/users\/1"}],"replies":[{"embeddable":true,"href":"https:\/\/www.delexodo.com.ar\/index.php?rest_route=%2Fwp%2Fv2%2Fcomments&post=12374"}],"version-history":[{"count":1,"href":"https:\/\/www.delexodo.com.ar\/index.php?rest_route=\/wp\/v2\/posts\/12374\/revisions"}],"predecessor-version":[{"id":12380,"href":"https:\/\/www.delexodo.com.ar\/index.php?rest_route=\/wp\/v2\/posts\/12374\/revisions\/12380"}],"wp:featuredmedia":[{"embeddable":true,"href":"https:\/\/www.delexodo.com.ar\/index.php?rest_route=\/wp\/v2\/media\/12375"}],"wp:attachment":[{"href":"https:\/\/www.delexodo.com.ar\/index.php?rest_route=%2Fwp%2Fv2%2Fmedia&parent=12374"}],"wp:term":[{"taxonomy":"category","embeddable":true,"href":"https:\/\/www.delexodo.com.ar\/index.php?rest_route=%2Fwp%2Fv2%2Fcategories&post=12374"},{"taxonomy":"post_tag","embeddable":true,"href":"https:\/\/www.delexodo.com.ar\/index.php?rest_route=%2Fwp%2Fv2%2Ftags&post=12374"}],"curies":[{"name":"wp","href":"https:\/\/api.w.org\/{rel}","templated":true}]}}