{"id":12320,"date":"2026-01-23T09:45:47","date_gmt":"2026-01-23T12:45:47","guid":{"rendered":"https:\/\/www.delexodo.com.ar\/?p=12320"},"modified":"2026-01-23T09:59:12","modified_gmt":"2026-01-23T12:59:12","slug":"la-federacion-de-bomberos-respaldo-el-accionar-del-cuartel-de-nogoya-y-dio-por-cerrado-el-conflicto-iniciado-en-redes","status":"publish","type":"post","link":"https:\/\/www.delexodo.com.ar\/?p=12320","title":{"rendered":"La Federaci\u00f3n de Bomberos respald\u00f3 el accionar del cuartel de Nogoy\u00e1 y dio por cerrado el conflicto iniciado en redes"},"content":{"rendered":"\n<p><em><strong>Tras analizar la situaci\u00f3n planteada p\u00fablicamente, la Federaci\u00f3n de Bomberos Voluntarios de Entre R\u00edos ratific\u00f3 el correcto proceder institucional del cuartel local, desestim\u00f3 la denuncia por carecer de sustento formal y confirm\u00f3 el cierre de toda instancia federativa de apelaci\u00f3n.<\/strong><\/em><\/p>\n\n\n\n<p>La Federaci\u00f3n de Asociaciones de Bomberos Voluntarios de la Provincia de Entre R\u00edos emiti\u00f3 un comunicado oficial en el que avala de manera expresa el accionar de la Asociaci\u00f3n Bomberos Voluntarios de Nogoy\u00e1, luego de intervenir ante una denuncia realizada en redes sociales que no fue presentada por los canales institucionales correspondientes.<\/p>\n\n\n\n<p>Seg\u00fan se detalla en el documento, no se recibi\u00f3 ninguna denuncia formal ni presentaci\u00f3n escrita que permitiera verificar los hechos denunciados, lo que imposibilit\u00f3 avanzar en una investigaci\u00f3n objetiva. En ese marco, la entidad federativa remarc\u00f3 la importancia de respetar los procedimientos internos, el di\u00e1logo responsable y el respaldo documental, especialmente cuando se trata de imputaciones p\u00fablicas que involucran a personas e instituciones.<\/p>\n\n\n\n<p>Tras evaluar la situaci\u00f3n conforme a la legislaci\u00f3n vigente y los reglamentos bomberiles, la Federaci\u00f3n concluy\u00f3 que el cuartel de Nogoy\u00e1 actu\u00f3 conforme a derecho, respetando las v\u00edas jer\u00e1rquicas y el marco normativo. En consecuencia, ratific\u00f3 el buen desempe\u00f1o tanto de la Comisi\u00f3n Directiva como de la Jefatura del Cuerpo Activo y declar\u00f3 cerrada toda v\u00eda federativa de apelaci\u00f3n, dando por concluido el tema.<\/p>\n\n\n\n<h3 class=\"wp-block-heading has-text-align-center\"><strong>EL COMUNICADO TEXTUAL<\/strong><\/h3>\n\n\n\n<p><strong>FEDERACI\u00d3N DE ASOCIACIONES DE BOMBEROS VOLUNTARIOS DE LA PROVINCIA DE ENTRE R\u00cdOS<\/strong><br>\u201cJusto Jos\u00e9 de Urquiza\u201d<br><em>Instituci\u00f3n Bomberil de Segundo Grado fundada el 14 de septiembre de 2018<\/em><br><strong>MIEMBRO DEL CONSEJO NACIONAL DE BOMBEROS VOLUNTARIOS DE LA REP\u00daBLICA ARGENTINA<\/strong><\/p>\n\n\n\n<p>Entre R\u00edos, 22 de Enero de 2026.-<\/p>\n\n\n\n<h4 class=\"wp-block-heading\">COMUNICADO OFICIAL FEDERATIVO<\/h4>\n\n\n\n<h4 class=\"wp-block-heading\"><strong>ASOCIACI\u00d3N BOMBEROS VOLUNTARIOS DE NOGOY\u00c1<\/strong><\/h4>\n\n\n\n<p>En relaci\u00f3n con la publicaci\u00f3n realizada en redes sociales por el Sr. Federico FISSORE, la Asociaci\u00f3n Bomberos Voluntarios de Nogoy\u00e1 considera necesario efectuar las siguientes precisiones: La Instituci\u00f3n no ha recibido, a la fecha, ninguna denuncia formal, presentaci\u00f3n escrita ni planteo institucional que permita identificar con precisi\u00f3n los hechos, circunstancias, fechas, responsables y pruebas concretas de las situaciones que se mencionan p\u00fablicamente. Las manifestaciones vertidas se realizan de manera gen\u00e9rica, unilateral y sin respaldo documental, lo cual impide a esta Asociaci\u00f3n ejercer adecuadamente su deber de verificaci\u00f3n, investigaci\u00f3n y eventual correcci\u00f3n de conductas. Asimismo, se advierte que las acusaciones se formulan sin haber agotado previamente las v\u00edas internas de di\u00e1logo y resoluci\u00f3n previstas en los reglamentos institucionales. La Asociaci\u00f3n rechaza toda forma de maltrato, humillaci\u00f3n o violencia, pero tambi\u00e9n sostiene que la atribuci\u00f3n p\u00fablica de conductas graves requiere responsabilidad, precisi\u00f3n y sustento, especialmente cuando se mencionan personas concretas, cuyos derechos al honor, a la dignidad y a la presunci\u00f3n de buena fe deben ser respetados. En este contexto, se reitera que la Comisi\u00f3n Directiva desconoce los hechos concretos denunciados, y que la forma elegida para exponerlos p\u00fablicamente dificulta la posibilidad de un abordaje serio, objetivo y justo. Por ello, se invita nuevamente al Sr. Federico FISSORE a presentar sus inquietudes por los canales institucionales correspondientes, a fin de que puedan ser analizadas con seriedad, imparcialidad y respeto por todas las partes involucradas. La Asociaci\u00f3n Bomberos Voluntarios de Nogoy\u00e1 reafirma su compromiso con la transparencia, la formaci\u00f3n \u00e9tica, el respeto mutuo y la convivencia institucional, y considera que el di\u00e1logo responsable y documentado es el \u00fanico camino v\u00e1lido para fortalecer la Instituci\u00f3n.<\/p>\n\n\n\n<p><strong>Comisi\u00f3n Directiva<\/strong><\/p>\n\n\n\n<hr class=\"wp-block-separator has-alpha-channel-opacity\"\/>\n\n\n\n<p><strong>LA FEDERACI\u00d3N DE BOMBEROS VOLUNTARIOS DE LA PROVINCIA DE ENTRE R\u00cdOS \u2013 JUSTO JOS\u00c9 DE URQUIZA<\/strong>, en cumplimiento de sus responsabilidades, coordinaci\u00f3n y evaluaci\u00f3n estatutaria de las intervenciones y organizaci\u00f3n de sus cuarteles asociados, y en cumplimiento de sus obligaciones legales, dictamina: que el problema planteado oportunamente (con el se\u00f1or Federico FISSORE) por parte de la Asociaci\u00f3n Bomberos Voluntarios de Nogoy\u00e1, y por el que hemos intervenido como instituci\u00f3n bomberil de segundo grado, tomando conocimiento y obrando en consecuencia, esta instituci\u00f3n de primer grado BBVV Nogoy\u00e1, actu\u00f3 acorde a lo legalmente mandado, seg\u00fan lo que prescribe la Ley Federal N\u00b0 25.054 y su Ley Federal modificatoria N\u00b0 26.987, as\u00ed como la Ley Provincial N\u00b0 11.116, su Ley Provincial rectificatoria N\u00b0 11.121 y su Decreto Reglamentario N\u00b0 4943. Bomberos Voluntarios de Nogoy\u00e1, observ\u00f3 y actu\u00f3 de acuerdo a lo que manda la ley y dentro de lo normado en el orden institucional y orden interno reglamentado, siguiendo las respectivas v\u00edas jer\u00e1rquicas bomberiles correspondientes y observando toda raz\u00f3n de lo actuado oportunamente.<\/p>\n\n\n\n<p>Por ello: la Presidencia Federativa y sus \u00f3rganos de contralor, hacen saber y ratifican el buen actuar de la Asociaci\u00f3n Bomberos Voluntarios de Nogoy\u00e1, avalando su correcto desempe\u00f1o, tanto en la faz directiva como lo actuado por la Jefatura de Cuerpo Activo, ante esta infundada denuncia.<\/p>\n\n\n\n<p>Que es todo lo que actuamos, cerrando toda v\u00eda federativa de apelaci\u00f3n.<\/p>\n\n\n\n<p><strong>CONSTE:<\/strong><\/p>\n\n\n\n<hr class=\"wp-block-separator has-alpha-channel-opacity\"\/>\n\n\n\n<p><strong>Dar\u00edo Javier Tovani<\/strong><br>Comandante<br>Jefe BBVV Basavilbaso<br>Secretario Federativo<\/p>\n\n\n\n<hr class=\"wp-block-separator has-alpha-channel-opacity\"\/>\n\n\n\n<p><strong>Mons. Carlos Adri\u00e1n Guedes<\/strong><br>Comandante General (R)<br>Presidente Federativo<br>Director Titular del Consejo Nacional<\/p>\n","protected":false},"excerpt":{"rendered":"<p>Tras analizar la situaci\u00f3n planteada p\u00fablicamente, la Federaci\u00f3n de Bomberos Voluntarios de Entre R\u00edos ratific\u00f3 el correcto proceder institucional del&hellip;<\/p>\n","protected":false},"author":1,"featured_media":12321,"comment_status":"closed","ping_status":"closed","sticky":false,"template":"","format":"standard","meta":{"_joinchat":[],"footnotes":""},"categories":[1,69],"tags":[345],"class_list":["post-12320","post","type-post","status-publish","format-standard","has-post-thumbnail","hentry","category-sincategoria","category-noticias","tag-destacar"],"yoast_head":"<!-- This site is optimized with the Yoast SEO plugin v25.1 - https:\/\/yoast.com\/wordpress\/plugins\/seo\/ -->\n<title>La Federaci\u00f3n de Bomberos respald\u00f3 el accionar del cuartel de Nogoy\u00e1 y dio por cerrado el conflicto iniciado en redes - Del \u00c9xodo Nogoy\u00e1<\/title>\n<meta name=\"robots\" content=\"index, follow, max-snippet:-1, max-image-preview:large, max-video-preview:-1\" \/>\n<link rel=\"canonical\" href=\"https:\/\/www.delexodo.com.ar\/?p=12320\" \/>\n<meta property=\"og:locale\" content=\"es_ES\" \/>\n<meta property=\"og:type\" content=\"article\" \/>\n<meta property=\"og:title\" content=\"La Federaci\u00f3n de Bomberos respald\u00f3 el accionar del cuartel de Nogoy\u00e1 y dio por cerrado el conflicto iniciado en redes - Del \u00c9xodo Nogoy\u00e1\" \/>\n<meta property=\"og:description\" content=\"Tras analizar la situaci\u00f3n planteada p\u00fablicamente, la Federaci\u00f3n de Bomberos Voluntarios de Entre R\u00edos ratific\u00f3 el correcto proceder institucional del&hellip;\" \/>\n<meta property=\"og:url\" content=\"https:\/\/www.delexodo.com.ar\/?p=12320\" \/>\n<meta property=\"og:site_name\" content=\"Del \u00c9xodo Nogoy\u00e1\" \/>\n<meta property=\"article:published_time\" content=\"2026-01-23T12:45:47+00:00\" \/>\n<meta property=\"article:modified_time\" content=\"2026-01-23T12:59:12+00:00\" \/>\n<meta property=\"og:image\" content=\"https:\/\/www.delexodo.com.ar\/wp-content\/uploads\/2026\/01\/COMUNICADO-BOMBEROS.jpeg\" \/>\n\t<meta property=\"og:image:width\" content=\"720\" \/>\n\t<meta property=\"og:image:height\" content=\"1040\" \/>\n\t<meta property=\"og:image:type\" content=\"image\/jpeg\" \/>\n<meta name=\"author\" content=\"admin\" \/>\n<meta name=\"twitter:card\" content=\"summary_large_image\" \/>\n<meta name=\"twitter:label1\" content=\"Escrito por\" \/>\n\t<meta name=\"twitter:data1\" content=\"admin\" \/>\n\t<meta name=\"twitter:label2\" content=\"Tiempo de lectura\" \/>\n\t<meta name=\"twitter:data2\" content=\"4 minutos\" \/>\n<script type=\"application\/ld+json\" class=\"yoast-schema-graph\">{\"@context\":\"https:\/\/schema.org\",\"@graph\":[{\"@type\":\"Article\",\"@id\":\"https:\/\/www.delexodo.com.ar\/?p=12320#article\",\"isPartOf\":{\"@id\":\"https:\/\/www.delexodo.com.ar\/?p=12320\"},\"author\":{\"name\":\"admin\",\"@id\":\"https:\/\/www.delexodo.com.ar\/#\/schema\/person\/bbed37f7da8e938660b34f2013ba449d\"},\"headline\":\"La Federaci\u00f3n de Bomberos respald\u00f3 el accionar del cuartel de Nogoy\u00e1 y dio por cerrado el conflicto iniciado en redes\",\"datePublished\":\"2026-01-23T12:45:47+00:00\",\"dateModified\":\"2026-01-23T12:59:12+00:00\",\"mainEntityOfPage\":{\"@id\":\"https:\/\/www.delexodo.com.ar\/?p=12320\"},\"wordCount\":887,\"publisher\":{\"@id\":\"https:\/\/www.delexodo.com.ar\/#organization\"},\"image\":{\"@id\":\"https:\/\/www.delexodo.com.ar\/?p=12320#primaryimage\"},\"thumbnailUrl\":\"https:\/\/www.delexodo.com.ar\/wp-content\/uploads\/2026\/01\/COMUNICADO-BOMBEROS.jpeg\",\"keywords\":[\"destacar\"],\"articleSection\":[\"Nogoya\",\"NOTICIAS\"],\"inLanguage\":\"es\"},{\"@type\":\"WebPage\",\"@id\":\"https:\/\/www.delexodo.com.ar\/?p=12320\",\"url\":\"https:\/\/www.delexodo.com.ar\/?p=12320\",\"name\":\"La Federaci\u00f3n de Bomberos respald\u00f3 el accionar del cuartel de Nogoy\u00e1 y dio por cerrado el conflicto iniciado en redes - Del \u00c9xodo Nogoy\u00e1\",\"isPartOf\":{\"@id\":\"https:\/\/www.delexodo.com.ar\/#website\"},\"primaryImageOfPage\":{\"@id\":\"https:\/\/www.delexodo.com.ar\/?p=12320#primaryimage\"},\"image\":{\"@id\":\"https:\/\/www.delexodo.com.ar\/?p=12320#primaryimage\"},\"thumbnailUrl\":\"https:\/\/www.delexodo.com.ar\/wp-content\/uploads\/2026\/01\/COMUNICADO-BOMBEROS.jpeg\",\"datePublished\":\"2026-01-23T12:45:47+00:00\",\"dateModified\":\"2026-01-23T12:59:12+00:00\",\"breadcrumb\":{\"@id\":\"https:\/\/www.delexodo.com.ar\/?p=12320#breadcrumb\"},\"inLanguage\":\"es\",\"potentialAction\":[{\"@type\":\"ReadAction\",\"target\":[\"https:\/\/www.delexodo.com.ar\/?p=12320\"]}]},{\"@type\":\"ImageObject\",\"inLanguage\":\"es\",\"@id\":\"https:\/\/www.delexodo.com.ar\/?p=12320#primaryimage\",\"url\":\"https:\/\/www.delexodo.com.ar\/wp-content\/uploads\/2026\/01\/COMUNICADO-BOMBEROS.jpeg\",\"contentUrl\":\"https:\/\/www.delexodo.com.ar\/wp-content\/uploads\/2026\/01\/COMUNICADO-BOMBEROS.jpeg\",\"width\":720,\"height\":1040},{\"@type\":\"BreadcrumbList\",\"@id\":\"https:\/\/www.delexodo.com.ar\/?p=12320#breadcrumb\",\"itemListElement\":[{\"@type\":\"ListItem\",\"position\":1,\"name\":\"Portada\",\"item\":\"https:\/\/www.delexodo.com.ar\/\"},{\"@type\":\"ListItem\",\"position\":2,\"name\":\"La Federaci\u00f3n de Bomberos respald\u00f3 el accionar del cuartel de Nogoy\u00e1 y dio por cerrado el conflicto iniciado en redes\"}]},{\"@type\":\"WebSite\",\"@id\":\"https:\/\/www.delexodo.com.ar\/#website\",\"url\":\"https:\/\/www.delexodo.com.ar\/\",\"name\":\"Del \u00c9xodo Nogoy\u00e1\",\"description\":\"El Portal de Noticias de la Regi\u00f3n\",\"publisher\":{\"@id\":\"https:\/\/www.delexodo.com.ar\/#organization\"},\"potentialAction\":[{\"@type\":\"SearchAction\",\"target\":{\"@type\":\"EntryPoint\",\"urlTemplate\":\"https:\/\/www.delexodo.com.ar\/?s={search_term_string}\"},\"query-input\":{\"@type\":\"PropertyValueSpecification\",\"valueRequired\":true,\"valueName\":\"search_term_string\"}}],\"inLanguage\":\"es\"},{\"@type\":\"Organization\",\"@id\":\"https:\/\/www.delexodo.com.ar\/#organization\",\"name\":\"Del \u00c9xodo Nogoy\u00e1\",\"url\":\"https:\/\/www.delexodo.com.ar\/\",\"logo\":{\"@type\":\"ImageObject\",\"inLanguage\":\"es\",\"@id\":\"https:\/\/www.delexodo.com.ar\/#\/schema\/logo\/image\/\",\"url\":\"https:\/\/www.delexodo.com.ar\/wp-content\/uploads\/2024\/10\/cropped-cropped-LOGO24.png\",\"contentUrl\":\"https:\/\/www.delexodo.com.ar\/wp-content\/uploads\/2024\/10\/cropped-cropped-LOGO24.png\",\"width\":512,\"height\":349,\"caption\":\"Del \u00c9xodo Nogoy\u00e1\"},\"image\":{\"@id\":\"https:\/\/www.delexodo.com.ar\/#\/schema\/logo\/image\/\"}},{\"@type\":\"Person\",\"@id\":\"https:\/\/www.delexodo.com.ar\/#\/schema\/person\/bbed37f7da8e938660b34f2013ba449d\",\"name\":\"admin\",\"image\":{\"@type\":\"ImageObject\",\"inLanguage\":\"es\",\"@id\":\"https:\/\/www.delexodo.com.ar\/#\/schema\/person\/image\/\",\"url\":\"https:\/\/secure.gravatar.com\/avatar\/6b1558d1b6df085f1901bd5bd98523d7?s=96&d=mm&r=g\",\"contentUrl\":\"https:\/\/secure.gravatar.com\/avatar\/6b1558d1b6df085f1901bd5bd98523d7?s=96&d=mm&r=g\",\"caption\":\"admin\"},\"url\":\"https:\/\/www.delexodo.com.ar\/?author=1\"}]}<\/script>\n<!-- \/ Yoast SEO plugin. -->","yoast_head_json":{"title":"La Federaci\u00f3n de Bomberos respald\u00f3 el accionar del cuartel de Nogoy\u00e1 y dio por cerrado el conflicto iniciado en redes - Del \u00c9xodo Nogoy\u00e1","robots":{"index":"index","follow":"follow","max-snippet":"max-snippet:-1","max-image-preview":"max-image-preview:large","max-video-preview":"max-video-preview:-1"},"canonical":"https:\/\/www.delexodo.com.ar\/?p=12320","og_locale":"es_ES","og_type":"article","og_title":"La Federaci\u00f3n de Bomberos respald\u00f3 el accionar del cuartel de Nogoy\u00e1 y dio por cerrado el conflicto iniciado en redes - Del \u00c9xodo Nogoy\u00e1","og_description":"Tras analizar la situaci\u00f3n planteada p\u00fablicamente, la Federaci\u00f3n de Bomberos Voluntarios de Entre R\u00edos ratific\u00f3 el correcto proceder institucional del&hellip;","og_url":"https:\/\/www.delexodo.com.ar\/?p=12320","og_site_name":"Del \u00c9xodo Nogoy\u00e1","article_published_time":"2026-01-23T12:45:47+00:00","article_modified_time":"2026-01-23T12:59:12+00:00","og_image":[{"width":720,"height":1040,"url":"https:\/\/www.delexodo.com.ar\/wp-content\/uploads\/2026\/01\/COMUNICADO-BOMBEROS.jpeg","type":"image\/jpeg"}],"author":"admin","twitter_card":"summary_large_image","twitter_misc":{"Escrito por":"admin","Tiempo de lectura":"4 minutos"},"schema":{"@context":"https:\/\/schema.org","@graph":[{"@type":"Article","@id":"https:\/\/www.delexodo.com.ar\/?p=12320#article","isPartOf":{"@id":"https:\/\/www.delexodo.com.ar\/?p=12320"},"author":{"name":"admin","@id":"https:\/\/www.delexodo.com.ar\/#\/schema\/person\/bbed37f7da8e938660b34f2013ba449d"},"headline":"La Federaci\u00f3n de Bomberos respald\u00f3 el accionar del cuartel de Nogoy\u00e1 y dio por cerrado el conflicto iniciado en redes","datePublished":"2026-01-23T12:45:47+00:00","dateModified":"2026-01-23T12:59:12+00:00","mainEntityOfPage":{"@id":"https:\/\/www.delexodo.com.ar\/?p=12320"},"wordCount":887,"publisher":{"@id":"https:\/\/www.delexodo.com.ar\/#organization"},"image":{"@id":"https:\/\/www.delexodo.com.ar\/?p=12320#primaryimage"},"thumbnailUrl":"https:\/\/www.delexodo.com.ar\/wp-content\/uploads\/2026\/01\/COMUNICADO-BOMBEROS.jpeg","keywords":["destacar"],"articleSection":["Nogoya","NOTICIAS"],"inLanguage":"es"},{"@type":"WebPage","@id":"https:\/\/www.delexodo.com.ar\/?p=12320","url":"https:\/\/www.delexodo.com.ar\/?p=12320","name":"La Federaci\u00f3n de Bomberos respald\u00f3 el accionar del cuartel de Nogoy\u00e1 y dio por cerrado el conflicto iniciado en redes - Del \u00c9xodo Nogoy\u00e1","isPartOf":{"@id":"https:\/\/www.delexodo.com.ar\/#website"},"primaryImageOfPage":{"@id":"https:\/\/www.delexodo.com.ar\/?p=12320#primaryimage"},"image":{"@id":"https:\/\/www.delexodo.com.ar\/?p=12320#primaryimage"},"thumbnailUrl":"https:\/\/www.delexodo.com.ar\/wp-content\/uploads\/2026\/01\/COMUNICADO-BOMBEROS.jpeg","datePublished":"2026-01-23T12:45:47+00:00","dateModified":"2026-01-23T12:59:12+00:00","breadcrumb":{"@id":"https:\/\/www.delexodo.com.ar\/?p=12320#breadcrumb"},"inLanguage":"es","potentialAction":[{"@type":"ReadAction","target":["https:\/\/www.delexodo.com.ar\/?p=12320"]}]},{"@type":"ImageObject","inLanguage":"es","@id":"https:\/\/www.delexodo.com.ar\/?p=12320#primaryimage","url":"https:\/\/www.delexodo.com.ar\/wp-content\/uploads\/2026\/01\/COMUNICADO-BOMBEROS.jpeg","contentUrl":"https:\/\/www.delexodo.com.ar\/wp-content\/uploads\/2026\/01\/COMUNICADO-BOMBEROS.jpeg","width":720,"height":1040},{"@type":"BreadcrumbList","@id":"https:\/\/www.delexodo.com.ar\/?p=12320#breadcrumb","itemListElement":[{"@type":"ListItem","position":1,"name":"Portada","item":"https:\/\/www.delexodo.com.ar\/"},{"@type":"ListItem","position":2,"name":"La Federaci\u00f3n de Bomberos respald\u00f3 el accionar del cuartel de Nogoy\u00e1 y dio por cerrado el conflicto iniciado en redes"}]},{"@type":"WebSite","@id":"https:\/\/www.delexodo.com.ar\/#website","url":"https:\/\/www.delexodo.com.ar\/","name":"Del \u00c9xodo Nogoy\u00e1","description":"El Portal de Noticias de la Regi\u00f3n","publisher":{"@id":"https:\/\/www.delexodo.com.ar\/#organization"},"potentialAction":[{"@type":"SearchAction","target":{"@type":"EntryPoint","urlTemplate":"https:\/\/www.delexodo.com.ar\/?s={search_term_string}"},"query-input":{"@type":"PropertyValueSpecification","valueRequired":true,"valueName":"search_term_string"}}],"inLanguage":"es"},{"@type":"Organization","@id":"https:\/\/www.delexodo.com.ar\/#organization","name":"Del \u00c9xodo Nogoy\u00e1","url":"https:\/\/www.delexodo.com.ar\/","logo":{"@type":"ImageObject","inLanguage":"es","@id":"https:\/\/www.delexodo.com.ar\/#\/schema\/logo\/image\/","url":"https:\/\/www.delexodo.com.ar\/wp-content\/uploads\/2024\/10\/cropped-cropped-LOGO24.png","contentUrl":"https:\/\/www.delexodo.com.ar\/wp-content\/uploads\/2024\/10\/cropped-cropped-LOGO24.png","width":512,"height":349,"caption":"Del \u00c9xodo Nogoy\u00e1"},"image":{"@id":"https:\/\/www.delexodo.com.ar\/#\/schema\/logo\/image\/"}},{"@type":"Person","@id":"https:\/\/www.delexodo.com.ar\/#\/schema\/person\/bbed37f7da8e938660b34f2013ba449d","name":"admin","image":{"@type":"ImageObject","inLanguage":"es","@id":"https:\/\/www.delexodo.com.ar\/#\/schema\/person\/image\/","url":"https:\/\/secure.gravatar.com\/avatar\/6b1558d1b6df085f1901bd5bd98523d7?s=96&d=mm&r=g","contentUrl":"https:\/\/secure.gravatar.com\/avatar\/6b1558d1b6df085f1901bd5bd98523d7?s=96&d=mm&r=g","caption":"admin"},"url":"https:\/\/www.delexodo.com.ar\/?author=1"}]}},"_links":{"self":[{"href":"https:\/\/www.delexodo.com.ar\/index.php?rest_route=\/wp\/v2\/posts\/12320","targetHints":{"allow":["GET"]}}],"collection":[{"href":"https:\/\/www.delexodo.com.ar\/index.php?rest_route=\/wp\/v2\/posts"}],"about":[{"href":"https:\/\/www.delexodo.com.ar\/index.php?rest_route=\/wp\/v2\/types\/post"}],"author":[{"embeddable":true,"href":"https:\/\/www.delexodo.com.ar\/index.php?rest_route=\/wp\/v2\/users\/1"}],"replies":[{"embeddable":true,"href":"https:\/\/www.delexodo.com.ar\/index.php?rest_route=%2Fwp%2Fv2%2Fcomments&post=12320"}],"version-history":[{"count":5,"href":"https:\/\/www.delexodo.com.ar\/index.php?rest_route=\/wp\/v2\/posts\/12320\/revisions"}],"predecessor-version":[{"id":12327,"href":"https:\/\/www.delexodo.com.ar\/index.php?rest_route=\/wp\/v2\/posts\/12320\/revisions\/12327"}],"wp:featuredmedia":[{"embeddable":true,"href":"https:\/\/www.delexodo.com.ar\/index.php?rest_route=\/wp\/v2\/media\/12321"}],"wp:attachment":[{"href":"https:\/\/www.delexodo.com.ar\/index.php?rest_route=%2Fwp%2Fv2%2Fmedia&parent=12320"}],"wp:term":[{"taxonomy":"category","embeddable":true,"href":"https:\/\/www.delexodo.com.ar\/index.php?rest_route=%2Fwp%2Fv2%2Fcategories&post=12320"},{"taxonomy":"post_tag","embeddable":true,"href":"https:\/\/www.delexodo.com.ar\/index.php?rest_route=%2Fwp%2Fv2%2Ftags&post=12320"}],"curies":[{"name":"wp","href":"https:\/\/api.w.org\/{rel}","templated":true}]}}