{"id":12315,"date":"2026-01-22T13:14:18","date_gmt":"2026-01-22T16:14:18","guid":{"rendered":"https:\/\/www.delexodo.com.ar\/?p=12315"},"modified":"2026-01-22T13:14:19","modified_gmt":"2026-01-22T16:14:19","slug":"frigerio-expreso-un-apoyo-contundente-de-entre-rios-a-las-reformas-impulsadas-por-el-gobierno-nacional","status":"publish","type":"post","link":"https:\/\/www.delexodo.com.ar\/?p=12315","title":{"rendered":"Frigerio expres\u00f3 un \u201capoyo contundente\u201d de Entre R\u00edos a las reformas impulsadas por el Gobierno nacional"},"content":{"rendered":"\n<p><em>El gobernador recibi\u00f3 al ministro del Interior, Diego Santilli, y destac\u00f3 el trabajo conjunto con la Naci\u00f3n, el respaldo a las reformas estructurales, los avances en la auditor\u00eda previsional y proyectos clave de infraestructura para la provincia.<\/em><\/p>\n\n\n\n<figure class=\"wp-block-embed is-type-video is-provider-youtube wp-block-embed-youtube wp-embed-aspect-16-9 wp-has-aspect-ratio\"><div class=\"wp-block-embed__wrapper\">\n<iframe loading=\"lazy\" title=\"Conferencia de prensa Gobernador Rogelio Frigerio y Ministro del Interior Diego Santilli\" width=\"500\" height=\"281\" src=\"https:\/\/www.youtube.com\/embed\/RtRD2sHQlBk?feature=oembed\" frameborder=\"0\" allow=\"accelerometer; autoplay; clipboard-write; encrypted-media; gyroscope; picture-in-picture; web-share\" referrerpolicy=\"strict-origin-when-cross-origin\" allowfullscreen><\/iframe>\n<\/div><\/figure>\n\n\n\n<p>El gobernador de Entre R\u00edos, Rogelio Frigerio, recibi\u00f3 este jueves al ministro del Interior de la Naci\u00f3n, Diego Santilli, en un encuentro que calific\u00f3 como <strong>\u201cmuy importante\u201d<\/strong> para la provincia y en el que se abordaron temas centrales de la agenda entrerriana, asuntos pendientes con el Gobierno nacional y el impulso de reformas estructurales.<\/p>\n\n\n\n<p>Tras la reuni\u00f3n, Frigerio valor\u00f3 positivamente los resultados que comienzan a observarse como consecuencia de un trabajo sostenido con la Naci\u00f3n. <em>\u201cEsta cosecha que sentimos que estamos teniendo hoy es fruto precisamente de dos a\u00f1os de sembrar este v\u00ednculo, de trabajarlo\u201d<\/em>, afirm\u00f3, y subray\u00f3 que la llegada de Santilli al Gobierno nacional <em>\u201cha facilitado much\u00edsimo las cosas, tanto por sus caracter\u00edsticas personales como por el v\u00ednculo que nos une\u201d<\/em>.<\/p>\n\n\n<div class=\"wp-block-image\">\n<figure class=\"alignleft size-full is-resized\"><img loading=\"lazy\" decoding=\"async\" width=\"600\" height=\"407\" src=\"https:\/\/www.delexodo.com.ar\/wp-content\/uploads\/2026\/01\/Frigerio.jpg\" alt=\"\" class=\"wp-image-12317\" style=\"width:267px;height:auto\" srcset=\"https:\/\/www.delexodo.com.ar\/wp-content\/uploads\/2026\/01\/Frigerio.jpg 600w, https:\/\/www.delexodo.com.ar\/wp-content\/uploads\/2026\/01\/Frigerio-300x204.jpg 300w\" sizes=\"auto, (max-width: 600px) 100vw, 600px\" \/><\/figure><\/div>\n\n\n<p>El mandatario entrerriano expres\u00f3 expectativas favorables para el a\u00f1o en curso y remarc\u00f3 la necesidad de profundizar el trabajo conjunto. <em>\u201cEsperamos que este sea un a\u00f1o en el que podamos encarar muchos proyectos y transformaciones en conjunto que requiere el Gobierno nacional y que tambi\u00e9n necesita Entre R\u00edos\u201d<\/em>, se\u00f1al\u00f3, destacando la importancia del di\u00e1logo y la comunicaci\u00f3n permanente.<\/p>\n\n\n\n<p>Seg\u00fan explic\u00f3, el encuentro permiti\u00f3 analizar<em> \u201cdistintos temas de la provincia, cuestiones pendientes con el Gobierno nacional y tambi\u00e9n la responsabilidad del ministro en el impulso de las transformaciones y reformas que necesita la Argentina, y que nuestra provincia viene acompa\u00f1ando desde el primer momento\u201d<\/em>.<\/p>\n\n\n\n<p>En ese marco, Frigerio volvi\u00f3 a poner en valor el v\u00ednculo institucional con la Naci\u00f3n, recurriendo a una met\u00e1fora habitual en su discurso pol\u00edtico: <em>\u201cLa cosecha requiere previamente una siembra y nosotros venimos sembrando esta relaci\u00f3n con el Gobierno nacional desde el primer momento, con convicci\u00f3n\u201d<\/em>.<\/p>\n\n\n\n<p>Asimismo, sostuvo que el acompa\u00f1amiento al Ejecutivo nacional tiene como objetivo fortalecer el desarrollo del pa\u00eds y de Entre R\u00edos. <em>\u201cLa idea es que a la Argentina le tiene que ir bien, que a este gobierno nacional le tiene que ir bien para que tambi\u00e9n le vaya bien a nuestra provincia y a los entrerrianos, m\u00e1s all\u00e1 de cualquier especulaci\u00f3n personal o electoral\u201d<\/em>, afirm\u00f3.<\/p>\n\n\n\n<h3 class=\"wp-block-heading\"><strong>Respaldo a las reformas y coincidencias de gesti\u00f3n<\/strong><\/h3>\n\n\n<div class=\"wp-block-image\">\n<figure class=\"alignright size-full is-resized\"><img loading=\"lazy\" decoding=\"async\" width=\"600\" height=\"413\" src=\"https:\/\/www.delexodo.com.ar\/wp-content\/uploads\/2026\/01\/Santili.jpg\" alt=\"\" class=\"wp-image-12318\" style=\"width:255px;height:auto\" srcset=\"https:\/\/www.delexodo.com.ar\/wp-content\/uploads\/2026\/01\/Santili.jpg 600w, https:\/\/www.delexodo.com.ar\/wp-content\/uploads\/2026\/01\/Santili-300x207.jpg 300w\" sizes=\"auto, (max-width: 600px) 100vw, 600px\" \/><\/figure><\/div>\n\n\n<p>Por su parte, el ministro del Interior, Diego Santilli, destac\u00f3 el respaldo de Entre R\u00edos a las reformas impulsadas por la gesti\u00f3n presidencial y valor\u00f3 el trabajo articulado con el gobernador Frigerio. Durante su exposici\u00f3n, subray\u00f3 la coincidencia de criterios en torno a la necesidad de alcanzar el equilibrio fiscal y reducir la carga impositiva.<\/p>\n\n\n\n<p><em>\u201cCompartimos la visi\u00f3n de lograr equilibrio fiscal con baja de impuestos, una l\u00ednea que Rogelio viene sosteniendo desde hace a\u00f1os y que est\u00e1 en consonancia con la mirada del presidente\u201d, expres\u00f3 Santilli, quien adem\u00e1s remarc\u00f3 la valoraci\u00f3n del Ejecutivo nacional hacia la figura del gobernador. \u201cM\u00e1s all\u00e1 de mi relaci\u00f3n personal, hay una alt\u00edsima valoraci\u00f3n por parte del Gobierno nacional sobre el gobernador Rogelio Frigerio\u201d<\/em>, asegur\u00f3.<\/p>\n\n\n\n<h3 class=\"wp-block-heading\"><strong>Auditor\u00eda previsional y acuerdos financieros<\/strong><\/h3>\n\n\n\n<p>Uno de los ejes centrales del encuentro fue la situaci\u00f3n de la Caja de Jubilaciones de Entre R\u00edos. Santilli explic\u00f3 que se encuentra en marcha una auditor\u00eda que finalizar\u00e1 en mayo y que permitir\u00e1 redefinir los fondos que la provincia recibe mensualmente. <em>\u201cVenimos trabajando en una auditor\u00eda para la caja jubilatoria que termina ahora en mayo. A partir de ah\u00ed habr\u00e1 una readecuaci\u00f3n de lo que la provincia recibe todos los meses, y eso es un compromiso asumido\u201d<\/em>, indic\u00f3.<\/p>\n\n\n\n<p>Adem\u00e1s, precis\u00f3 que ya existe un primer acuerdo y que se avanzar\u00e1 hacia un segundo entendimiento una vez concluida la auditor\u00eda, previsto para principios de mayo.<\/p>\n\n\n\n<h3 class=\"wp-block-heading\"><strong>Infraestructura, empleo y modernizaci\u00f3n laboral<\/strong><\/h3>\n\n\n\n<p>Durante la reuni\u00f3n tambi\u00e9n se abordaron temas vinculados a la obra p\u00fablica, especialmente la concesi\u00f3n de la Ruta Nacional 14, considerada estrat\u00e9gica para la provincia por su impacto en la inversi\u00f3n, la infraestructura y el desarrollo productivo. El ministro mencion\u00f3 adem\u00e1s otros proyectos viales clave para mejorar la conectividad norte-sur y este-oeste de Entre R\u00edos.<\/p>\n\n\n\n<p>En relaci\u00f3n a la agenda nacional, Santilli advirti\u00f3 que, tras alcanzar el equilibrio fiscal y comenzar un proceso de crecimiento econ\u00f3mico, el principal desaf\u00edo es la generaci\u00f3n de empleo formal. <em>\u201cNo generamos trabajo formal neto hace 15 a\u00f1os en la Argentina y hace 20 a\u00f1os que no generamos una pyme neta\u201d<\/em>, sostuvo.<\/p>\n\n\n\n<p>En el cierre del encuentro, Frigerio confirm\u00f3 el respaldo del Gobierno de Entre R\u00edos a los proyectos de modernizaci\u00f3n laboral impulsados por la Naci\u00f3n. <em>\u201cTe llev\u00e1s un apoyo contundente del gobierno de Entre R\u00edos a los proyectos de reformas, en este caso de modernizaci\u00f3n laboral, de inclusi\u00f3n de derechos a la mitad de los trabajadores que hoy no los tienen\u201d<\/em>, expres\u00f3 el gobernador, dirigi\u00e9ndose al ministro.<\/p>\n","protected":false},"excerpt":{"rendered":"<p>El gobernador recibi\u00f3 al ministro del Interior, Diego Santilli, y destac\u00f3 el trabajo conjunto con la Naci\u00f3n, el respaldo a&hellip;<\/p>\n","protected":false},"author":1,"featured_media":12316,"comment_status":"closed","ping_status":"closed","sticky":false,"template":"","format":"standard","meta":{"_joinchat":[],"footnotes":""},"categories":[69,349],"tags":[345],"class_list":["post-12315","post","type-post","status-publish","format-standard","has-post-thumbnail","hentry","category-noticias","category-politica","tag-destacar"],"yoast_head":"<!-- This site is optimized with the Yoast SEO plugin v25.1 - https:\/\/yoast.com\/wordpress\/plugins\/seo\/ -->\n<title>Frigerio expres\u00f3 un \u201capoyo contundente\u201d de Entre R\u00edos a las reformas impulsadas por el Gobierno nacional - Del \u00c9xodo Nogoy\u00e1<\/title>\n<meta name=\"robots\" content=\"index, follow, max-snippet:-1, max-image-preview:large, max-video-preview:-1\" \/>\n<link rel=\"canonical\" href=\"https:\/\/www.delexodo.com.ar\/?p=12315\" \/>\n<meta property=\"og:locale\" content=\"es_ES\" \/>\n<meta property=\"og:type\" content=\"article\" \/>\n<meta property=\"og:title\" content=\"Frigerio expres\u00f3 un \u201capoyo contundente\u201d de Entre R\u00edos a las reformas impulsadas por el Gobierno nacional - Del \u00c9xodo Nogoy\u00e1\" \/>\n<meta property=\"og:description\" content=\"El gobernador recibi\u00f3 al ministro del Interior, Diego Santilli, y destac\u00f3 el trabajo conjunto con la Naci\u00f3n, el respaldo a&hellip;\" \/>\n<meta property=\"og:url\" content=\"https:\/\/www.delexodo.com.ar\/?p=12315\" \/>\n<meta property=\"og:site_name\" content=\"Del \u00c9xodo Nogoy\u00e1\" \/>\n<meta property=\"article:published_time\" content=\"2026-01-22T16:14:18+00:00\" \/>\n<meta property=\"article:modified_time\" content=\"2026-01-22T16:14:19+00:00\" \/>\n<meta property=\"og:image\" content=\"https:\/\/www.delexodo.com.ar\/wp-content\/uploads\/2026\/01\/Frigerio-Santili.jpg\" \/>\n\t<meta property=\"og:image:width\" content=\"900\" \/>\n\t<meta property=\"og:image:height\" content=\"498\" \/>\n\t<meta property=\"og:image:type\" content=\"image\/jpeg\" \/>\n<meta name=\"author\" content=\"admin\" \/>\n<meta name=\"twitter:card\" content=\"summary_large_image\" \/>\n<meta name=\"twitter:label1\" content=\"Escrito por\" \/>\n\t<meta name=\"twitter:data1\" content=\"admin\" \/>\n\t<meta name=\"twitter:label2\" content=\"Tiempo de lectura\" \/>\n\t<meta name=\"twitter:data2\" content=\"5 minutos\" \/>\n<script type=\"application\/ld+json\" class=\"yoast-schema-graph\">{\"@context\":\"https:\/\/schema.org\",\"@graph\":[{\"@type\":\"Article\",\"@id\":\"https:\/\/www.delexodo.com.ar\/?p=12315#article\",\"isPartOf\":{\"@id\":\"https:\/\/www.delexodo.com.ar\/?p=12315\"},\"author\":{\"name\":\"admin\",\"@id\":\"https:\/\/www.delexodo.com.ar\/#\/schema\/person\/bbed37f7da8e938660b34f2013ba449d\"},\"headline\":\"Frigerio expres\u00f3 un \u201capoyo contundente\u201d de Entre R\u00edos a las reformas impulsadas por el Gobierno nacional\",\"datePublished\":\"2026-01-22T16:14:18+00:00\",\"dateModified\":\"2026-01-22T16:14:19+00:00\",\"mainEntityOfPage\":{\"@id\":\"https:\/\/www.delexodo.com.ar\/?p=12315\"},\"wordCount\":889,\"publisher\":{\"@id\":\"https:\/\/www.delexodo.com.ar\/#organization\"},\"image\":{\"@id\":\"https:\/\/www.delexodo.com.ar\/?p=12315#primaryimage\"},\"thumbnailUrl\":\"https:\/\/www.delexodo.com.ar\/wp-content\/uploads\/2026\/01\/Frigerio-Santili.jpg\",\"keywords\":[\"destacar\"],\"articleSection\":[\"NOTICIAS\",\"Politica\"],\"inLanguage\":\"es\"},{\"@type\":\"WebPage\",\"@id\":\"https:\/\/www.delexodo.com.ar\/?p=12315\",\"url\":\"https:\/\/www.delexodo.com.ar\/?p=12315\",\"name\":\"Frigerio expres\u00f3 un \u201capoyo contundente\u201d de Entre R\u00edos a las reformas impulsadas por el Gobierno nacional - Del \u00c9xodo Nogoy\u00e1\",\"isPartOf\":{\"@id\":\"https:\/\/www.delexodo.com.ar\/#website\"},\"primaryImageOfPage\":{\"@id\":\"https:\/\/www.delexodo.com.ar\/?p=12315#primaryimage\"},\"image\":{\"@id\":\"https:\/\/www.delexodo.com.ar\/?p=12315#primaryimage\"},\"thumbnailUrl\":\"https:\/\/www.delexodo.com.ar\/wp-content\/uploads\/2026\/01\/Frigerio-Santili.jpg\",\"datePublished\":\"2026-01-22T16:14:18+00:00\",\"dateModified\":\"2026-01-22T16:14:19+00:00\",\"breadcrumb\":{\"@id\":\"https:\/\/www.delexodo.com.ar\/?p=12315#breadcrumb\"},\"inLanguage\":\"es\",\"potentialAction\":[{\"@type\":\"ReadAction\",\"target\":[\"https:\/\/www.delexodo.com.ar\/?p=12315\"]}]},{\"@type\":\"ImageObject\",\"inLanguage\":\"es\",\"@id\":\"https:\/\/www.delexodo.com.ar\/?p=12315#primaryimage\",\"url\":\"https:\/\/www.delexodo.com.ar\/wp-content\/uploads\/2026\/01\/Frigerio-Santili.jpg\",\"contentUrl\":\"https:\/\/www.delexodo.com.ar\/wp-content\/uploads\/2026\/01\/Frigerio-Santili.jpg\",\"width\":900,\"height\":498},{\"@type\":\"BreadcrumbList\",\"@id\":\"https:\/\/www.delexodo.com.ar\/?p=12315#breadcrumb\",\"itemListElement\":[{\"@type\":\"ListItem\",\"position\":1,\"name\":\"Portada\",\"item\":\"https:\/\/www.delexodo.com.ar\/\"},{\"@type\":\"ListItem\",\"position\":2,\"name\":\"Frigerio expres\u00f3 un \u201capoyo contundente\u201d de Entre R\u00edos a las reformas impulsadas por el Gobierno nacional\"}]},{\"@type\":\"WebSite\",\"@id\":\"https:\/\/www.delexodo.com.ar\/#website\",\"url\":\"https:\/\/www.delexodo.com.ar\/\",\"name\":\"Del \u00c9xodo Nogoy\u00e1\",\"description\":\"El Portal de Noticias de la Regi\u00f3n\",\"publisher\":{\"@id\":\"https:\/\/www.delexodo.com.ar\/#organization\"},\"potentialAction\":[{\"@type\":\"SearchAction\",\"target\":{\"@type\":\"EntryPoint\",\"urlTemplate\":\"https:\/\/www.delexodo.com.ar\/?s={search_term_string}\"},\"query-input\":{\"@type\":\"PropertyValueSpecification\",\"valueRequired\":true,\"valueName\":\"search_term_string\"}}],\"inLanguage\":\"es\"},{\"@type\":\"Organization\",\"@id\":\"https:\/\/www.delexodo.com.ar\/#organization\",\"name\":\"Del \u00c9xodo Nogoy\u00e1\",\"url\":\"https:\/\/www.delexodo.com.ar\/\",\"logo\":{\"@type\":\"ImageObject\",\"inLanguage\":\"es\",\"@id\":\"https:\/\/www.delexodo.com.ar\/#\/schema\/logo\/image\/\",\"url\":\"https:\/\/www.delexodo.com.ar\/wp-content\/uploads\/2024\/10\/cropped-cropped-LOGO24.png\",\"contentUrl\":\"https:\/\/www.delexodo.com.ar\/wp-content\/uploads\/2024\/10\/cropped-cropped-LOGO24.png\",\"width\":512,\"height\":349,\"caption\":\"Del \u00c9xodo Nogoy\u00e1\"},\"image\":{\"@id\":\"https:\/\/www.delexodo.com.ar\/#\/schema\/logo\/image\/\"}},{\"@type\":\"Person\",\"@id\":\"https:\/\/www.delexodo.com.ar\/#\/schema\/person\/bbed37f7da8e938660b34f2013ba449d\",\"name\":\"admin\",\"image\":{\"@type\":\"ImageObject\",\"inLanguage\":\"es\",\"@id\":\"https:\/\/www.delexodo.com.ar\/#\/schema\/person\/image\/\",\"url\":\"https:\/\/secure.gravatar.com\/avatar\/6b1558d1b6df085f1901bd5bd98523d7?s=96&d=mm&r=g\",\"contentUrl\":\"https:\/\/secure.gravatar.com\/avatar\/6b1558d1b6df085f1901bd5bd98523d7?s=96&d=mm&r=g\",\"caption\":\"admin\"},\"url\":\"https:\/\/www.delexodo.com.ar\/?author=1\"}]}<\/script>\n<!-- \/ Yoast SEO plugin. -->","yoast_head_json":{"title":"Frigerio expres\u00f3 un \u201capoyo contundente\u201d de Entre R\u00edos a las reformas impulsadas por el Gobierno nacional - Del \u00c9xodo Nogoy\u00e1","robots":{"index":"index","follow":"follow","max-snippet":"max-snippet:-1","max-image-preview":"max-image-preview:large","max-video-preview":"max-video-preview:-1"},"canonical":"https:\/\/www.delexodo.com.ar\/?p=12315","og_locale":"es_ES","og_type":"article","og_title":"Frigerio expres\u00f3 un \u201capoyo contundente\u201d de Entre R\u00edos a las reformas impulsadas por el Gobierno nacional - Del \u00c9xodo Nogoy\u00e1","og_description":"El gobernador recibi\u00f3 al ministro del Interior, Diego Santilli, y destac\u00f3 el trabajo conjunto con la Naci\u00f3n, el respaldo a&hellip;","og_url":"https:\/\/www.delexodo.com.ar\/?p=12315","og_site_name":"Del \u00c9xodo Nogoy\u00e1","article_published_time":"2026-01-22T16:14:18+00:00","article_modified_time":"2026-01-22T16:14:19+00:00","og_image":[{"width":900,"height":498,"url":"https:\/\/www.delexodo.com.ar\/wp-content\/uploads\/2026\/01\/Frigerio-Santili.jpg","type":"image\/jpeg"}],"author":"admin","twitter_card":"summary_large_image","twitter_misc":{"Escrito por":"admin","Tiempo de lectura":"5 minutos"},"schema":{"@context":"https:\/\/schema.org","@graph":[{"@type":"Article","@id":"https:\/\/www.delexodo.com.ar\/?p=12315#article","isPartOf":{"@id":"https:\/\/www.delexodo.com.ar\/?p=12315"},"author":{"name":"admin","@id":"https:\/\/www.delexodo.com.ar\/#\/schema\/person\/bbed37f7da8e938660b34f2013ba449d"},"headline":"Frigerio expres\u00f3 un \u201capoyo contundente\u201d de Entre R\u00edos a las reformas impulsadas por el Gobierno nacional","datePublished":"2026-01-22T16:14:18+00:00","dateModified":"2026-01-22T16:14:19+00:00","mainEntityOfPage":{"@id":"https:\/\/www.delexodo.com.ar\/?p=12315"},"wordCount":889,"publisher":{"@id":"https:\/\/www.delexodo.com.ar\/#organization"},"image":{"@id":"https:\/\/www.delexodo.com.ar\/?p=12315#primaryimage"},"thumbnailUrl":"https:\/\/www.delexodo.com.ar\/wp-content\/uploads\/2026\/01\/Frigerio-Santili.jpg","keywords":["destacar"],"articleSection":["NOTICIAS","Politica"],"inLanguage":"es"},{"@type":"WebPage","@id":"https:\/\/www.delexodo.com.ar\/?p=12315","url":"https:\/\/www.delexodo.com.ar\/?p=12315","name":"Frigerio expres\u00f3 un \u201capoyo contundente\u201d de Entre R\u00edos a las reformas impulsadas por el Gobierno nacional - Del \u00c9xodo Nogoy\u00e1","isPartOf":{"@id":"https:\/\/www.delexodo.com.ar\/#website"},"primaryImageOfPage":{"@id":"https:\/\/www.delexodo.com.ar\/?p=12315#primaryimage"},"image":{"@id":"https:\/\/www.delexodo.com.ar\/?p=12315#primaryimage"},"thumbnailUrl":"https:\/\/www.delexodo.com.ar\/wp-content\/uploads\/2026\/01\/Frigerio-Santili.jpg","datePublished":"2026-01-22T16:14:18+00:00","dateModified":"2026-01-22T16:14:19+00:00","breadcrumb":{"@id":"https:\/\/www.delexodo.com.ar\/?p=12315#breadcrumb"},"inLanguage":"es","potentialAction":[{"@type":"ReadAction","target":["https:\/\/www.delexodo.com.ar\/?p=12315"]}]},{"@type":"ImageObject","inLanguage":"es","@id":"https:\/\/www.delexodo.com.ar\/?p=12315#primaryimage","url":"https:\/\/www.delexodo.com.ar\/wp-content\/uploads\/2026\/01\/Frigerio-Santili.jpg","contentUrl":"https:\/\/www.delexodo.com.ar\/wp-content\/uploads\/2026\/01\/Frigerio-Santili.jpg","width":900,"height":498},{"@type":"BreadcrumbList","@id":"https:\/\/www.delexodo.com.ar\/?p=12315#breadcrumb","itemListElement":[{"@type":"ListItem","position":1,"name":"Portada","item":"https:\/\/www.delexodo.com.ar\/"},{"@type":"ListItem","position":2,"name":"Frigerio expres\u00f3 un \u201capoyo contundente\u201d de Entre R\u00edos a las reformas impulsadas por el Gobierno nacional"}]},{"@type":"WebSite","@id":"https:\/\/www.delexodo.com.ar\/#website","url":"https:\/\/www.delexodo.com.ar\/","name":"Del \u00c9xodo Nogoy\u00e1","description":"El Portal de Noticias de la Regi\u00f3n","publisher":{"@id":"https:\/\/www.delexodo.com.ar\/#organization"},"potentialAction":[{"@type":"SearchAction","target":{"@type":"EntryPoint","urlTemplate":"https:\/\/www.delexodo.com.ar\/?s={search_term_string}"},"query-input":{"@type":"PropertyValueSpecification","valueRequired":true,"valueName":"search_term_string"}}],"inLanguage":"es"},{"@type":"Organization","@id":"https:\/\/www.delexodo.com.ar\/#organization","name":"Del \u00c9xodo Nogoy\u00e1","url":"https:\/\/www.delexodo.com.ar\/","logo":{"@type":"ImageObject","inLanguage":"es","@id":"https:\/\/www.delexodo.com.ar\/#\/schema\/logo\/image\/","url":"https:\/\/www.delexodo.com.ar\/wp-content\/uploads\/2024\/10\/cropped-cropped-LOGO24.png","contentUrl":"https:\/\/www.delexodo.com.ar\/wp-content\/uploads\/2024\/10\/cropped-cropped-LOGO24.png","width":512,"height":349,"caption":"Del \u00c9xodo Nogoy\u00e1"},"image":{"@id":"https:\/\/www.delexodo.com.ar\/#\/schema\/logo\/image\/"}},{"@type":"Person","@id":"https:\/\/www.delexodo.com.ar\/#\/schema\/person\/bbed37f7da8e938660b34f2013ba449d","name":"admin","image":{"@type":"ImageObject","inLanguage":"es","@id":"https:\/\/www.delexodo.com.ar\/#\/schema\/person\/image\/","url":"https:\/\/secure.gravatar.com\/avatar\/6b1558d1b6df085f1901bd5bd98523d7?s=96&d=mm&r=g","contentUrl":"https:\/\/secure.gravatar.com\/avatar\/6b1558d1b6df085f1901bd5bd98523d7?s=96&d=mm&r=g","caption":"admin"},"url":"https:\/\/www.delexodo.com.ar\/?author=1"}]}},"_links":{"self":[{"href":"https:\/\/www.delexodo.com.ar\/index.php?rest_route=\/wp\/v2\/posts\/12315","targetHints":{"allow":["GET"]}}],"collection":[{"href":"https:\/\/www.delexodo.com.ar\/index.php?rest_route=\/wp\/v2\/posts"}],"about":[{"href":"https:\/\/www.delexodo.com.ar\/index.php?rest_route=\/wp\/v2\/types\/post"}],"author":[{"embeddable":true,"href":"https:\/\/www.delexodo.com.ar\/index.php?rest_route=\/wp\/v2\/users\/1"}],"replies":[{"embeddable":true,"href":"https:\/\/www.delexodo.com.ar\/index.php?rest_route=%2Fwp%2Fv2%2Fcomments&post=12315"}],"version-history":[{"count":1,"href":"https:\/\/www.delexodo.com.ar\/index.php?rest_route=\/wp\/v2\/posts\/12315\/revisions"}],"predecessor-version":[{"id":12319,"href":"https:\/\/www.delexodo.com.ar\/index.php?rest_route=\/wp\/v2\/posts\/12315\/revisions\/12319"}],"wp:featuredmedia":[{"embeddable":true,"href":"https:\/\/www.delexodo.com.ar\/index.php?rest_route=\/wp\/v2\/media\/12316"}],"wp:attachment":[{"href":"https:\/\/www.delexodo.com.ar\/index.php?rest_route=%2Fwp%2Fv2%2Fmedia&parent=12315"}],"wp:term":[{"taxonomy":"category","embeddable":true,"href":"https:\/\/www.delexodo.com.ar\/index.php?rest_route=%2Fwp%2Fv2%2Fcategories&post=12315"},{"taxonomy":"post_tag","embeddable":true,"href":"https:\/\/www.delexodo.com.ar\/index.php?rest_route=%2Fwp%2Fv2%2Ftags&post=12315"}],"curies":[{"name":"wp","href":"https:\/\/api.w.org\/{rel}","templated":true}]}}