{"id":12279,"date":"2026-01-07T09:36:14","date_gmt":"2026-01-07T12:36:14","guid":{"rendered":"https:\/\/www.delexodo.com.ar\/?p=12279"},"modified":"2026-01-07T09:36:15","modified_gmt":"2026-01-07T12:36:15","slug":"la-guitarra-volvio-a-unir-al-pueblo-emocion-identidad-y-cultura-viva-en-las-dos-noches-de-la-fiesta-provincial-de-nogoya","status":"publish","type":"post","link":"https:\/\/www.delexodo.com.ar\/?p=12279","title":{"rendered":"La guitarra volvi\u00f3 a unir al pueblo: emoci\u00f3n, identidad y cultura viva en las dos noches de la Fiesta Provincial de Nogoy\u00e1"},"content":{"rendered":"\n<p><em>Con un escenario que rinde homenaje a Graciela \u201cCheri\u201d Aquino, fuerte respaldo institucional y un predio colmado de familias, la 37\u00aa Fiesta Provincial de la Guitarra se consolid\u00f3 como uno de los encuentros culturales m\u00e1s convocantes de Entre R\u00edos.<\/em><\/p>\n\n\n\n<p>Nogoy\u00e1 vivi\u00f3 un fin de semana atravesado por la m\u00fasica, la danza y la emoci\u00f3n colectiva con la realizaci\u00f3n de la 37\u00aa Fiesta Provincial de la Guitarra, que durante dos noches reuni\u00f3 a un gran marco de p\u00fablico en el predio del Ferrocarril, con entrada libre y gratuita. El tradicional festival volvi\u00f3 a confirmar su profundo arraigo en la comunidad y su valor como espacio de encuentro, identidad y proyecci\u00f3n cultural.<\/p>\n\n\n\n<p>La noche inaugural estuvo marcada por un momento profundamente emotivo: el escenario principal fue oficialmente denominado <strong>\u201cGraciela Aquino\u201d<\/strong>, en homenaje a una referente indiscutida de la danza y la cultura popular local y provincial. El reconocimiento destac\u00f3 la extensa trayectoria de Graciela \u201cCheri\u201d Aquino como profesora de Folclore Argentino, formadora de generaciones y defensora incansable de las tradiciones, la identidad y el trabajo colectivo a trav\u00e9s de la danza.<\/p>\n\n\n\n<p>Durante el acto, se puso en valor su labor silenciosa, constante y desinteresada, siempre al servicio de la cultura popular. Visiblemente emocionada, Aquino agradeci\u00f3 el homenaje y remarc\u00f3 el car\u00e1cter colectivo de la danza y del camino recorrido, se\u00f1alando que el reconocimiento trasciende lo personal y pone en el centro a la expresi\u00f3n cultural compartida. Desde ese momento, el escenario que lleva su nombre qued\u00f3 inscripto como s\u00edmbolo de compromiso, memoria y amor por las ra\u00edces.<\/p>\n\n\n\n<p>La ceremonia de apertura cont\u00f3 con la presencia de la vicegobernadora de Entre R\u00edos, Alicia Aluani, junto al intendente Bernardo Schneider, la viceintendenta Desire\u00e9 Pe\u00f1aloza, el senador Rafael Cavagna y autoridades provinciales y locales. Previo al acto oficial, Aluani recorri\u00f3 el predio, dialog\u00f3 con feriantes, emprendedores y vecinos, y destac\u00f3 el clima de comunidad que envuelve al festival.<\/p>\n\n\n\n<p>En su discurso, la vicegobernadora subray\u00f3 que la Fiesta Provincial de la Guitarra forma parte de la identidad cultural de Nogoy\u00e1 y de toda la provincia, y remarc\u00f3 el valor de la guitarra como instrumento que narra la historia, las ra\u00edces y la identidad entrerriana. Adem\u00e1s, reafirm\u00f3 el acompa\u00f1amiento del gobierno provincial a las fiestas populares por su aporte cultural y su impacto en el desarrollo local.<\/p>\n\n\n\n<p>Por su parte, el intendente Schneider agradeci\u00f3 la presencia de autoridades, artistas y vecinos, y valor\u00f3 el trabajo de quienes hacen posible el festival: empleados municipales, comisi\u00f3n organizadora, auspiciantes, feriantes y emprendedores. En ese marco, convoc\u00f3 a \u201cponer en valor lo nuestro\u201d y a disfrutar de las expresiones simples y cercanas que construyen identidad y felicidad colectiva.<\/p>\n\n\n\n<p>La primera noche tuvo una destacada cartelera art\u00edstica, con las actuaciones de Delfina Ronchi, el ballet \u201cPor Tu Gente Nogoy\u00e1\u201d, Luc\u00eda Gim\u00e9nez, Valent\u00edn Obal, Ignacio Sartori, Cur\u00ed Tac\u00fa, Marianela Urbani y la Agrupaci\u00f3n Santa Elena, combinando m\u00fasica y danza con fuerte impronta local y regional.<\/p>\n\n\n\n<p>La segunda jornada reafirm\u00f3 el esp\u00edritu del festival con sobresalientes presentaciones musicales y coreogr\u00e1ficas. Pasaron por el escenario mayor Fernanda Roselli, Marcos Pereyra, la Delegaci\u00f3n Cultural de la Fiesta Nacional del Chamam\u00e9 de Federal, H\u00e9ctor Cardoso y su conjunto, Itay y Sangre Chamamecera, ofreciendo un recorrido por los sonidos m\u00e1s representativos de la m\u00fasica popular y del litoral. La danza volvi\u00f3 a decir presente con la Agrupaci\u00f3n General Ricardo L\u00f3pez Jord\u00e1n y el d\u00fao Lauro y Marga, que desplegaron cuadros cargados de identidad y emoci\u00f3n.<\/p>\n\n\n\n<p>Uno de los momentos m\u00e1s esperados fue la elecci\u00f3n de la <strong>Embajadora Cultural de la Fiesta Provincial de la Guitarra<\/strong>, distinci\u00f3n que recay\u00f3 en <strong>Micaela Herlein Cantaberta<\/strong>, de Nogoy\u00e1. Como primera acompa\u00f1ante fue elegida <strong>Romina Marlene Ormaechea Alberto<\/strong>, de Betbeder, y como segunda acompa\u00f1ante <strong>Melanie Here\u00f1\u00fa<\/strong>, de Victoria.<\/p>\n\n\n\n<p>Adem\u00e1s de los espect\u00e1culos, ambas noches estuvieron atravesadas por sorteos, entre ellos guitarras y una motocicleta, sumando alegr\u00eda y entusiasmo a una celebraci\u00f3n que convoc\u00f3 a familias de toda la regi\u00f3n.<\/p>\n\n\n\n<p>As\u00ed, la 37\u00aa Fiesta Provincial de la Guitarra cerr\u00f3 dos jornadas intensas donde la m\u00fasica, la danza, el reconocimiento a los referentes culturales y el encuentro comunitario se conjugaron para mantener viva la identidad entrerriana y reafirmar a Nogoy\u00e1 como un faro cultural de la provincia.<\/p>\n","protected":false},"excerpt":{"rendered":"<p>Con un escenario que rinde homenaje a Graciela \u201cCheri\u201d Aquino, fuerte respaldo institucional y un predio colmado de familias, la&hellip;<\/p>\n","protected":false},"author":1,"featured_media":12280,"comment_status":"closed","ping_status":"closed","sticky":false,"template":"","format":"standard","meta":{"_joinchat":[],"footnotes":""},"categories":[355,1],"tags":[345],"class_list":["post-12279","post","type-post","status-publish","format-standard","has-post-thumbnail","hentry","category-cultura","category-sincategoria","tag-destacar"],"yoast_head":"<!-- This site is optimized with the Yoast SEO plugin v25.1 - https:\/\/yoast.com\/wordpress\/plugins\/seo\/ -->\n<title>La guitarra volvi\u00f3 a unir al pueblo: emoci\u00f3n, identidad y cultura viva en las dos noches de la Fiesta Provincial de Nogoy\u00e1 - Del \u00c9xodo Nogoy\u00e1<\/title>\n<meta name=\"robots\" content=\"index, follow, max-snippet:-1, max-image-preview:large, max-video-preview:-1\" \/>\n<link rel=\"canonical\" href=\"https:\/\/www.delexodo.com.ar\/?p=12279\" \/>\n<meta property=\"og:locale\" content=\"es_ES\" \/>\n<meta property=\"og:type\" content=\"article\" \/>\n<meta property=\"og:title\" content=\"La guitarra volvi\u00f3 a unir al pueblo: emoci\u00f3n, identidad y cultura viva en las dos noches de la Fiesta Provincial de Nogoy\u00e1 - Del \u00c9xodo Nogoy\u00e1\" \/>\n<meta property=\"og:description\" content=\"Con un escenario que rinde homenaje a Graciela \u201cCheri\u201d Aquino, fuerte respaldo institucional y un predio colmado de familias, la&hellip;\" \/>\n<meta property=\"og:url\" content=\"https:\/\/www.delexodo.com.ar\/?p=12279\" \/>\n<meta property=\"og:site_name\" content=\"Del \u00c9xodo Nogoy\u00e1\" \/>\n<meta property=\"article:published_time\" content=\"2026-01-07T12:36:14+00:00\" \/>\n<meta property=\"article:modified_time\" content=\"2026-01-07T12:36:15+00:00\" \/>\n<meta property=\"og:image\" content=\"https:\/\/www.delexodo.com.ar\/wp-content\/uploads\/2026\/01\/Fietsa-Guitarra-2026-portada.png\" \/>\n\t<meta property=\"og:image:width\" content=\"900\" \/>\n\t<meta property=\"og:image:height\" content=\"600\" \/>\n\t<meta property=\"og:image:type\" content=\"image\/png\" \/>\n<meta name=\"author\" content=\"admin\" \/>\n<meta name=\"twitter:card\" content=\"summary_large_image\" \/>\n<meta name=\"twitter:label1\" content=\"Escrito por\" \/>\n\t<meta name=\"twitter:data1\" content=\"admin\" \/>\n\t<meta name=\"twitter:label2\" content=\"Tiempo de lectura\" \/>\n\t<meta name=\"twitter:data2\" content=\"4 minutos\" \/>\n<script type=\"application\/ld+json\" class=\"yoast-schema-graph\">{\"@context\":\"https:\/\/schema.org\",\"@graph\":[{\"@type\":\"Article\",\"@id\":\"https:\/\/www.delexodo.com.ar\/?p=12279#article\",\"isPartOf\":{\"@id\":\"https:\/\/www.delexodo.com.ar\/?p=12279\"},\"author\":{\"name\":\"admin\",\"@id\":\"https:\/\/www.delexodo.com.ar\/#\/schema\/person\/bbed37f7da8e938660b34f2013ba449d\"},\"headline\":\"La guitarra volvi\u00f3 a unir al pueblo: emoci\u00f3n, identidad y cultura viva en las dos noches de la Fiesta Provincial de Nogoy\u00e1\",\"datePublished\":\"2026-01-07T12:36:14+00:00\",\"dateModified\":\"2026-01-07T12:36:15+00:00\",\"mainEntityOfPage\":{\"@id\":\"https:\/\/www.delexodo.com.ar\/?p=12279\"},\"wordCount\":759,\"publisher\":{\"@id\":\"https:\/\/www.delexodo.com.ar\/#organization\"},\"image\":{\"@id\":\"https:\/\/www.delexodo.com.ar\/?p=12279#primaryimage\"},\"thumbnailUrl\":\"https:\/\/www.delexodo.com.ar\/wp-content\/uploads\/2026\/01\/Fietsa-Guitarra-2026-portada.png\",\"keywords\":[\"destacar\"],\"articleSection\":[\"Cultura\",\"Nogoya\"],\"inLanguage\":\"es\"},{\"@type\":\"WebPage\",\"@id\":\"https:\/\/www.delexodo.com.ar\/?p=12279\",\"url\":\"https:\/\/www.delexodo.com.ar\/?p=12279\",\"name\":\"La guitarra volvi\u00f3 a unir al pueblo: emoci\u00f3n, identidad y cultura viva en las dos noches de la Fiesta Provincial de Nogoy\u00e1 - Del \u00c9xodo Nogoy\u00e1\",\"isPartOf\":{\"@id\":\"https:\/\/www.delexodo.com.ar\/#website\"},\"primaryImageOfPage\":{\"@id\":\"https:\/\/www.delexodo.com.ar\/?p=12279#primaryimage\"},\"image\":{\"@id\":\"https:\/\/www.delexodo.com.ar\/?p=12279#primaryimage\"},\"thumbnailUrl\":\"https:\/\/www.delexodo.com.ar\/wp-content\/uploads\/2026\/01\/Fietsa-Guitarra-2026-portada.png\",\"datePublished\":\"2026-01-07T12:36:14+00:00\",\"dateModified\":\"2026-01-07T12:36:15+00:00\",\"breadcrumb\":{\"@id\":\"https:\/\/www.delexodo.com.ar\/?p=12279#breadcrumb\"},\"inLanguage\":\"es\",\"potentialAction\":[{\"@type\":\"ReadAction\",\"target\":[\"https:\/\/www.delexodo.com.ar\/?p=12279\"]}]},{\"@type\":\"ImageObject\",\"inLanguage\":\"es\",\"@id\":\"https:\/\/www.delexodo.com.ar\/?p=12279#primaryimage\",\"url\":\"https:\/\/www.delexodo.com.ar\/wp-content\/uploads\/2026\/01\/Fietsa-Guitarra-2026-portada.png\",\"contentUrl\":\"https:\/\/www.delexodo.com.ar\/wp-content\/uploads\/2026\/01\/Fietsa-Guitarra-2026-portada.png\",\"width\":900,\"height\":600},{\"@type\":\"BreadcrumbList\",\"@id\":\"https:\/\/www.delexodo.com.ar\/?p=12279#breadcrumb\",\"itemListElement\":[{\"@type\":\"ListItem\",\"position\":1,\"name\":\"Portada\",\"item\":\"https:\/\/www.delexodo.com.ar\/\"},{\"@type\":\"ListItem\",\"position\":2,\"name\":\"La guitarra volvi\u00f3 a unir al pueblo: emoci\u00f3n, identidad y cultura viva en las dos noches de la Fiesta Provincial de Nogoy\u00e1\"}]},{\"@type\":\"WebSite\",\"@id\":\"https:\/\/www.delexodo.com.ar\/#website\",\"url\":\"https:\/\/www.delexodo.com.ar\/\",\"name\":\"Del \u00c9xodo Nogoy\u00e1\",\"description\":\"El Portal de Noticias de la Regi\u00f3n\",\"publisher\":{\"@id\":\"https:\/\/www.delexodo.com.ar\/#organization\"},\"potentialAction\":[{\"@type\":\"SearchAction\",\"target\":{\"@type\":\"EntryPoint\",\"urlTemplate\":\"https:\/\/www.delexodo.com.ar\/?s={search_term_string}\"},\"query-input\":{\"@type\":\"PropertyValueSpecification\",\"valueRequired\":true,\"valueName\":\"search_term_string\"}}],\"inLanguage\":\"es\"},{\"@type\":\"Organization\",\"@id\":\"https:\/\/www.delexodo.com.ar\/#organization\",\"name\":\"Del \u00c9xodo Nogoy\u00e1\",\"url\":\"https:\/\/www.delexodo.com.ar\/\",\"logo\":{\"@type\":\"ImageObject\",\"inLanguage\":\"es\",\"@id\":\"https:\/\/www.delexodo.com.ar\/#\/schema\/logo\/image\/\",\"url\":\"https:\/\/www.delexodo.com.ar\/wp-content\/uploads\/2024\/10\/cropped-cropped-LOGO24.png\",\"contentUrl\":\"https:\/\/www.delexodo.com.ar\/wp-content\/uploads\/2024\/10\/cropped-cropped-LOGO24.png\",\"width\":512,\"height\":349,\"caption\":\"Del \u00c9xodo Nogoy\u00e1\"},\"image\":{\"@id\":\"https:\/\/www.delexodo.com.ar\/#\/schema\/logo\/image\/\"}},{\"@type\":\"Person\",\"@id\":\"https:\/\/www.delexodo.com.ar\/#\/schema\/person\/bbed37f7da8e938660b34f2013ba449d\",\"name\":\"admin\",\"image\":{\"@type\":\"ImageObject\",\"inLanguage\":\"es\",\"@id\":\"https:\/\/www.delexodo.com.ar\/#\/schema\/person\/image\/\",\"url\":\"https:\/\/secure.gravatar.com\/avatar\/6b1558d1b6df085f1901bd5bd98523d7?s=96&d=mm&r=g\",\"contentUrl\":\"https:\/\/secure.gravatar.com\/avatar\/6b1558d1b6df085f1901bd5bd98523d7?s=96&d=mm&r=g\",\"caption\":\"admin\"},\"url\":\"https:\/\/www.delexodo.com.ar\/?author=1\"}]}<\/script>\n<!-- \/ Yoast SEO plugin. -->","yoast_head_json":{"title":"La guitarra volvi\u00f3 a unir al pueblo: emoci\u00f3n, identidad y cultura viva en las dos noches de la Fiesta Provincial de Nogoy\u00e1 - Del \u00c9xodo Nogoy\u00e1","robots":{"index":"index","follow":"follow","max-snippet":"max-snippet:-1","max-image-preview":"max-image-preview:large","max-video-preview":"max-video-preview:-1"},"canonical":"https:\/\/www.delexodo.com.ar\/?p=12279","og_locale":"es_ES","og_type":"article","og_title":"La guitarra volvi\u00f3 a unir al pueblo: emoci\u00f3n, identidad y cultura viva en las dos noches de la Fiesta Provincial de Nogoy\u00e1 - Del \u00c9xodo Nogoy\u00e1","og_description":"Con un escenario que rinde homenaje a Graciela \u201cCheri\u201d Aquino, fuerte respaldo institucional y un predio colmado de familias, la&hellip;","og_url":"https:\/\/www.delexodo.com.ar\/?p=12279","og_site_name":"Del \u00c9xodo Nogoy\u00e1","article_published_time":"2026-01-07T12:36:14+00:00","article_modified_time":"2026-01-07T12:36:15+00:00","og_image":[{"width":900,"height":600,"url":"https:\/\/www.delexodo.com.ar\/wp-content\/uploads\/2026\/01\/Fietsa-Guitarra-2026-portada.png","type":"image\/png"}],"author":"admin","twitter_card":"summary_large_image","twitter_misc":{"Escrito por":"admin","Tiempo de lectura":"4 minutos"},"schema":{"@context":"https:\/\/schema.org","@graph":[{"@type":"Article","@id":"https:\/\/www.delexodo.com.ar\/?p=12279#article","isPartOf":{"@id":"https:\/\/www.delexodo.com.ar\/?p=12279"},"author":{"name":"admin","@id":"https:\/\/www.delexodo.com.ar\/#\/schema\/person\/bbed37f7da8e938660b34f2013ba449d"},"headline":"La guitarra volvi\u00f3 a unir al pueblo: emoci\u00f3n, identidad y cultura viva en las dos noches de la Fiesta Provincial de Nogoy\u00e1","datePublished":"2026-01-07T12:36:14+00:00","dateModified":"2026-01-07T12:36:15+00:00","mainEntityOfPage":{"@id":"https:\/\/www.delexodo.com.ar\/?p=12279"},"wordCount":759,"publisher":{"@id":"https:\/\/www.delexodo.com.ar\/#organization"},"image":{"@id":"https:\/\/www.delexodo.com.ar\/?p=12279#primaryimage"},"thumbnailUrl":"https:\/\/www.delexodo.com.ar\/wp-content\/uploads\/2026\/01\/Fietsa-Guitarra-2026-portada.png","keywords":["destacar"],"articleSection":["Cultura","Nogoya"],"inLanguage":"es"},{"@type":"WebPage","@id":"https:\/\/www.delexodo.com.ar\/?p=12279","url":"https:\/\/www.delexodo.com.ar\/?p=12279","name":"La guitarra volvi\u00f3 a unir al pueblo: emoci\u00f3n, identidad y cultura viva en las dos noches de la Fiesta Provincial de Nogoy\u00e1 - Del \u00c9xodo Nogoy\u00e1","isPartOf":{"@id":"https:\/\/www.delexodo.com.ar\/#website"},"primaryImageOfPage":{"@id":"https:\/\/www.delexodo.com.ar\/?p=12279#primaryimage"},"image":{"@id":"https:\/\/www.delexodo.com.ar\/?p=12279#primaryimage"},"thumbnailUrl":"https:\/\/www.delexodo.com.ar\/wp-content\/uploads\/2026\/01\/Fietsa-Guitarra-2026-portada.png","datePublished":"2026-01-07T12:36:14+00:00","dateModified":"2026-01-07T12:36:15+00:00","breadcrumb":{"@id":"https:\/\/www.delexodo.com.ar\/?p=12279#breadcrumb"},"inLanguage":"es","potentialAction":[{"@type":"ReadAction","target":["https:\/\/www.delexodo.com.ar\/?p=12279"]}]},{"@type":"ImageObject","inLanguage":"es","@id":"https:\/\/www.delexodo.com.ar\/?p=12279#primaryimage","url":"https:\/\/www.delexodo.com.ar\/wp-content\/uploads\/2026\/01\/Fietsa-Guitarra-2026-portada.png","contentUrl":"https:\/\/www.delexodo.com.ar\/wp-content\/uploads\/2026\/01\/Fietsa-Guitarra-2026-portada.png","width":900,"height":600},{"@type":"BreadcrumbList","@id":"https:\/\/www.delexodo.com.ar\/?p=12279#breadcrumb","itemListElement":[{"@type":"ListItem","position":1,"name":"Portada","item":"https:\/\/www.delexodo.com.ar\/"},{"@type":"ListItem","position":2,"name":"La guitarra volvi\u00f3 a unir al pueblo: emoci\u00f3n, identidad y cultura viva en las dos noches de la Fiesta Provincial de Nogoy\u00e1"}]},{"@type":"WebSite","@id":"https:\/\/www.delexodo.com.ar\/#website","url":"https:\/\/www.delexodo.com.ar\/","name":"Del \u00c9xodo Nogoy\u00e1","description":"El Portal de Noticias de la Regi\u00f3n","publisher":{"@id":"https:\/\/www.delexodo.com.ar\/#organization"},"potentialAction":[{"@type":"SearchAction","target":{"@type":"EntryPoint","urlTemplate":"https:\/\/www.delexodo.com.ar\/?s={search_term_string}"},"query-input":{"@type":"PropertyValueSpecification","valueRequired":true,"valueName":"search_term_string"}}],"inLanguage":"es"},{"@type":"Organization","@id":"https:\/\/www.delexodo.com.ar\/#organization","name":"Del \u00c9xodo Nogoy\u00e1","url":"https:\/\/www.delexodo.com.ar\/","logo":{"@type":"ImageObject","inLanguage":"es","@id":"https:\/\/www.delexodo.com.ar\/#\/schema\/logo\/image\/","url":"https:\/\/www.delexodo.com.ar\/wp-content\/uploads\/2024\/10\/cropped-cropped-LOGO24.png","contentUrl":"https:\/\/www.delexodo.com.ar\/wp-content\/uploads\/2024\/10\/cropped-cropped-LOGO24.png","width":512,"height":349,"caption":"Del \u00c9xodo Nogoy\u00e1"},"image":{"@id":"https:\/\/www.delexodo.com.ar\/#\/schema\/logo\/image\/"}},{"@type":"Person","@id":"https:\/\/www.delexodo.com.ar\/#\/schema\/person\/bbed37f7da8e938660b34f2013ba449d","name":"admin","image":{"@type":"ImageObject","inLanguage":"es","@id":"https:\/\/www.delexodo.com.ar\/#\/schema\/person\/image\/","url":"https:\/\/secure.gravatar.com\/avatar\/6b1558d1b6df085f1901bd5bd98523d7?s=96&d=mm&r=g","contentUrl":"https:\/\/secure.gravatar.com\/avatar\/6b1558d1b6df085f1901bd5bd98523d7?s=96&d=mm&r=g","caption":"admin"},"url":"https:\/\/www.delexodo.com.ar\/?author=1"}]}},"_links":{"self":[{"href":"https:\/\/www.delexodo.com.ar\/index.php?rest_route=\/wp\/v2\/posts\/12279","targetHints":{"allow":["GET"]}}],"collection":[{"href":"https:\/\/www.delexodo.com.ar\/index.php?rest_route=\/wp\/v2\/posts"}],"about":[{"href":"https:\/\/www.delexodo.com.ar\/index.php?rest_route=\/wp\/v2\/types\/post"}],"author":[{"embeddable":true,"href":"https:\/\/www.delexodo.com.ar\/index.php?rest_route=\/wp\/v2\/users\/1"}],"replies":[{"embeddable":true,"href":"https:\/\/www.delexodo.com.ar\/index.php?rest_route=%2Fwp%2Fv2%2Fcomments&post=12279"}],"version-history":[{"count":1,"href":"https:\/\/www.delexodo.com.ar\/index.php?rest_route=\/wp\/v2\/posts\/12279\/revisions"}],"predecessor-version":[{"id":12281,"href":"https:\/\/www.delexodo.com.ar\/index.php?rest_route=\/wp\/v2\/posts\/12279\/revisions\/12281"}],"wp:featuredmedia":[{"embeddable":true,"href":"https:\/\/www.delexodo.com.ar\/index.php?rest_route=\/wp\/v2\/media\/12280"}],"wp:attachment":[{"href":"https:\/\/www.delexodo.com.ar\/index.php?rest_route=%2Fwp%2Fv2%2Fmedia&parent=12279"}],"wp:term":[{"taxonomy":"category","embeddable":true,"href":"https:\/\/www.delexodo.com.ar\/index.php?rest_route=%2Fwp%2Fv2%2Fcategories&post=12279"},{"taxonomy":"post_tag","embeddable":true,"href":"https:\/\/www.delexodo.com.ar\/index.php?rest_route=%2Fwp%2Fv2%2Ftags&post=12279"}],"curies":[{"name":"wp","href":"https:\/\/api.w.org\/{rel}","templated":true}]}}