{"id":12273,"date":"2025-12-31T14:54:45","date_gmt":"2025-12-31T17:54:45","guid":{"rendered":"https:\/\/www.delexodo.com.ar\/?p=12273"},"modified":"2026-01-06T15:00:04","modified_gmt":"2026-01-06T18:00:04","slug":"desde-2026-regira-plenamente-la-receta-electronica-en-entre-rios","status":"publish","type":"post","link":"https:\/\/www.delexodo.com.ar\/?p=12273","title":{"rendered":"Desde 2026 regir\u00e1 plenamente la receta electr\u00f3nica en Entre R\u00edos"},"content":{"rendered":"\n<p><strong><em>Luego de un a\u00f1o de convivencia entre recetas en papel y digitales, a partir del 1 de enero de 2026 la receta electr\u00f3nica ser\u00e1 de uso pleno en Entre R\u00edos. Esta implementaci\u00f3n se enmarca en la Ley Nacional N\u00ba 27.553, a la que la provincia adhiri\u00f3 mediante la Ley N\u00ba 10.977.\u00a0<\/em><\/strong><\/p>\n\n\n\n<p>Durante el \u00faltimo a\u00f1o, el Ministerio de Salud provincial trabaj\u00f3 en la mejora del sistema Salud Digital Entre R\u00edos (Sader) para extender el uso de la receta electr\u00f3nica. Desde la perspectiva del usuario, el procedimiento no presenta cambios respecto al formato en papel; sin embargo, para el sistema de salud implica mayor transparencia, control, trazabilidad de medicamentos y eficiencia en la gesti\u00f3n de compras, aspectos clave ante requerimientos de organismos como la Administraci\u00f3n Nacional de Medicamentos, Alimentos y Tecnolog\u00eda M\u00e9dica (ANMAT).\u00a0<\/p>\n\n\n\n<p>El director de Innovaci\u00f3n y Desarrollo en Salud, Javier Segovia, destac\u00f3 que todos los efectores p\u00fablicos ya pueden emitir recetas electr\u00f3nicas a trav\u00e9s de Sader y que se avanz\u00f3 en la integraci\u00f3n para que los medicamentos recetados desde el sistema p\u00fablico puedan ser retirados en farmacias privadas, aplicando los descuentos correspondientes seg\u00fan la cobertura del paciente.\u00a0<\/p>\n\n\n\n<p>La implementaci\u00f3n no modifica el trabajo habitual de profesionales, farmacias ni pacientes, aunque requiri\u00f3 desarrollos inform\u00e1ticos para integrar distintos sistemas y contemplar las particularidades de cada obra social (ya que presentan diferentes listados de medicamentos, distintos porcentajes de descuentos, o puede ocurrir que trabajen con una cartilla cerrada de m\u00e9dicos). Adem\u00e1s, el sistema prev\u00e9 la emisi\u00f3n de recetas para personas sin cobertura, que representan cerca del 90 % de las prescripciones del sector p\u00fablico.\u00a0<\/p>\n\n\n\n<h3 class=\"wp-block-heading\"><strong>Puesta en pr\u00e1ctica desde OSER<\/strong><\/h3>\n\n\n\n<p>Asimismo, desde la Obra Social de Entre R\u00edos (OSER) se explic\u00f3 c\u00f3mo ser\u00e1 la implementaci\u00f3n de la receta electr\u00f3nica, aclarando que ser\u00e1 de car\u00e1cter obligatorio para todos los medicamentos a los que OSER brinda cobertura. Los mismos se dividen en dos grupos:\u00a0<\/p>\n\n\n\n<p>1) <strong>SIN AUTORIZACI\u00d3N<\/strong>: medicamentos dentro del plan ambulatorio de OSER. Para estos, el m\u00e9dico confecciona la receta electr\u00f3nica y le entrega al afiliado el n\u00famero de receta.\u00a0 En farmacia se retira la medicaci\u00f3n presentando el DNI + el n\u00famero de receta.\u00a0<\/p>\n\n\n\n<p>2) <strong>CON AUTORIZACI\u00d3N<\/strong>: Medicamentos dentro del plan cr\u00f3nicos y oncol\u00f3gicos y patolog\u00edas especiales.\u00a0<\/p>\n\n\n\n<p>A- Para medicamentos en el plan cr\u00f3nicos: El m\u00e9dico confecciona 6 recetas (una por cada mes de validez del plan) y completa el formulario de OSER GP-777.<strong>\u00a0<\/strong><\/p>\n\n\n\n<p>En sede el afiliado tiene que presentar: n\u00fameros de receta + formulario y estudios complementarios. En farmacia retira la medicaci\u00f3n con DNI + el n\u00famero de receta.\u00a0<\/p>\n\n\n\n<p>B- Para medicamentos en el plan oncol\u00f3gicos y patolog\u00edas especiales: el m\u00e9dico confeccionar\u00e1 la receta y completar\u00e1 el formulario correspondiente.\u00a0<\/p>\n\n\n\n<p>En cada sede de OSER el afiliado deber\u00e1 presentar: el n\u00famero de receta + formulario y estudios complementarios. Una vez que est\u00e9 autorizado, se le notificar\u00e1 a trav\u00e9s del mail. Finalmente, en farmacia se retira la medicaci\u00f3n presentando DNI + el n\u00famero de receta.\u00a0<\/p>\n\n\n\n<p>Desde la obra social tambi\u00e9n se hizo \u00e9nfasis en los siguientes puntos:\u00a0<\/p>\n\n\n\n<p>Todas las recetas en papel expedidas hasta el 31\/12\/25 mantendr\u00e1n vigencia.<\/p>\n\n\n\n<p>Todos los medicamentos cr\u00f3nicos, oncol\u00f3gicos y especiales ya aprobados mantienen su vigencia con las recetas y formularios que ya posea el afiliado.<\/p>\n\n\n\n<p>El m\u00e9dico prescriptor DEBE SER PRESTADOR DE OSER.\u00a0<\/p>\n\n\n\n<p>Este procedimiento NO involucra el uso de la aplicaci\u00f3n MI.OSER<\/p>\n","protected":false},"excerpt":{"rendered":"<p>Luego de un a\u00f1o de convivencia entre recetas en papel y digitales, a partir del 1 de enero de 2026&hellip;<\/p>\n","protected":false},"author":1,"featured_media":12274,"comment_status":"closed","ping_status":"closed","sticky":false,"template":"","format":"standard","meta":{"_joinchat":[],"footnotes":""},"categories":[352],"tags":[345],"class_list":["post-12273","post","type-post","status-publish","format-standard","has-post-thumbnail","hentry","category-salud","tag-destacar"],"yoast_head":"<!-- This site is optimized with the Yoast SEO plugin v25.1 - https:\/\/yoast.com\/wordpress\/plugins\/seo\/ -->\n<title>Desde 2026 regir\u00e1 plenamente la receta electr\u00f3nica en Entre R\u00edos - Del \u00c9xodo Nogoy\u00e1<\/title>\n<meta name=\"robots\" content=\"index, follow, max-snippet:-1, max-image-preview:large, max-video-preview:-1\" \/>\n<link rel=\"canonical\" href=\"https:\/\/www.delexodo.com.ar\/?p=12273\" \/>\n<meta property=\"og:locale\" content=\"es_ES\" \/>\n<meta property=\"og:type\" content=\"article\" \/>\n<meta property=\"og:title\" content=\"Desde 2026 regir\u00e1 plenamente la receta electr\u00f3nica en Entre R\u00edos - Del \u00c9xodo Nogoy\u00e1\" \/>\n<meta property=\"og:description\" content=\"Luego de un a\u00f1o de convivencia entre recetas en papel y digitales, a partir del 1 de enero de 2026&hellip;\" \/>\n<meta property=\"og:url\" content=\"https:\/\/www.delexodo.com.ar\/?p=12273\" \/>\n<meta property=\"og:site_name\" content=\"Del \u00c9xodo Nogoy\u00e1\" \/>\n<meta property=\"article:published_time\" content=\"2025-12-31T17:54:45+00:00\" \/>\n<meta property=\"article:modified_time\" content=\"2026-01-06T18:00:04+00:00\" \/>\n<meta property=\"og:image\" content=\"https:\/\/www.delexodo.com.ar\/wp-content\/uploads\/2026\/01\/Desde-2026-regira-plenamente-la-receta-electronica-en-Entre-Rios-001.jpg\" \/>\n\t<meta property=\"og:image:width\" content=\"900\" \/>\n\t<meta property=\"og:image:height\" content=\"600\" \/>\n\t<meta property=\"og:image:type\" content=\"image\/jpeg\" \/>\n<meta name=\"author\" content=\"admin\" \/>\n<meta name=\"twitter:card\" content=\"summary_large_image\" \/>\n<meta name=\"twitter:label1\" content=\"Escrito por\" \/>\n\t<meta name=\"twitter:data1\" content=\"admin\" \/>\n\t<meta name=\"twitter:label2\" content=\"Tiempo de lectura\" \/>\n\t<meta name=\"twitter:data2\" content=\"3 minutos\" \/>\n<script type=\"application\/ld+json\" class=\"yoast-schema-graph\">{\"@context\":\"https:\/\/schema.org\",\"@graph\":[{\"@type\":\"Article\",\"@id\":\"https:\/\/www.delexodo.com.ar\/?p=12273#article\",\"isPartOf\":{\"@id\":\"https:\/\/www.delexodo.com.ar\/?p=12273\"},\"author\":{\"name\":\"admin\",\"@id\":\"https:\/\/www.delexodo.com.ar\/#\/schema\/person\/bbed37f7da8e938660b34f2013ba449d\"},\"headline\":\"Desde 2026 regir\u00e1 plenamente la receta electr\u00f3nica en Entre R\u00edos\",\"datePublished\":\"2025-12-31T17:54:45+00:00\",\"dateModified\":\"2026-01-06T18:00:04+00:00\",\"mainEntityOfPage\":{\"@id\":\"https:\/\/www.delexodo.com.ar\/?p=12273\"},\"wordCount\":599,\"publisher\":{\"@id\":\"https:\/\/www.delexodo.com.ar\/#organization\"},\"image\":{\"@id\":\"https:\/\/www.delexodo.com.ar\/?p=12273#primaryimage\"},\"thumbnailUrl\":\"https:\/\/www.delexodo.com.ar\/wp-content\/uploads\/2026\/01\/Desde-2026-regira-plenamente-la-receta-electronica-en-Entre-Rios-001.jpg\",\"keywords\":[\"destacar\"],\"articleSection\":[\"Salud\"],\"inLanguage\":\"es\"},{\"@type\":\"WebPage\",\"@id\":\"https:\/\/www.delexodo.com.ar\/?p=12273\",\"url\":\"https:\/\/www.delexodo.com.ar\/?p=12273\",\"name\":\"Desde 2026 regir\u00e1 plenamente la receta electr\u00f3nica en Entre R\u00edos - Del \u00c9xodo Nogoy\u00e1\",\"isPartOf\":{\"@id\":\"https:\/\/www.delexodo.com.ar\/#website\"},\"primaryImageOfPage\":{\"@id\":\"https:\/\/www.delexodo.com.ar\/?p=12273#primaryimage\"},\"image\":{\"@id\":\"https:\/\/www.delexodo.com.ar\/?p=12273#primaryimage\"},\"thumbnailUrl\":\"https:\/\/www.delexodo.com.ar\/wp-content\/uploads\/2026\/01\/Desde-2026-regira-plenamente-la-receta-electronica-en-Entre-Rios-001.jpg\",\"datePublished\":\"2025-12-31T17:54:45+00:00\",\"dateModified\":\"2026-01-06T18:00:04+00:00\",\"breadcrumb\":{\"@id\":\"https:\/\/www.delexodo.com.ar\/?p=12273#breadcrumb\"},\"inLanguage\":\"es\",\"potentialAction\":[{\"@type\":\"ReadAction\",\"target\":[\"https:\/\/www.delexodo.com.ar\/?p=12273\"]}]},{\"@type\":\"ImageObject\",\"inLanguage\":\"es\",\"@id\":\"https:\/\/www.delexodo.com.ar\/?p=12273#primaryimage\",\"url\":\"https:\/\/www.delexodo.com.ar\/wp-content\/uploads\/2026\/01\/Desde-2026-regira-plenamente-la-receta-electronica-en-Entre-Rios-001.jpg\",\"contentUrl\":\"https:\/\/www.delexodo.com.ar\/wp-content\/uploads\/2026\/01\/Desde-2026-regira-plenamente-la-receta-electronica-en-Entre-Rios-001.jpg\",\"width\":900,\"height\":600},{\"@type\":\"BreadcrumbList\",\"@id\":\"https:\/\/www.delexodo.com.ar\/?p=12273#breadcrumb\",\"itemListElement\":[{\"@type\":\"ListItem\",\"position\":1,\"name\":\"Portada\",\"item\":\"https:\/\/www.delexodo.com.ar\/\"},{\"@type\":\"ListItem\",\"position\":2,\"name\":\"Desde 2026 regir\u00e1 plenamente la receta electr\u00f3nica en Entre R\u00edos\"}]},{\"@type\":\"WebSite\",\"@id\":\"https:\/\/www.delexodo.com.ar\/#website\",\"url\":\"https:\/\/www.delexodo.com.ar\/\",\"name\":\"Del \u00c9xodo Nogoy\u00e1\",\"description\":\"El Portal de Noticias de la Regi\u00f3n\",\"publisher\":{\"@id\":\"https:\/\/www.delexodo.com.ar\/#organization\"},\"potentialAction\":[{\"@type\":\"SearchAction\",\"target\":{\"@type\":\"EntryPoint\",\"urlTemplate\":\"https:\/\/www.delexodo.com.ar\/?s={search_term_string}\"},\"query-input\":{\"@type\":\"PropertyValueSpecification\",\"valueRequired\":true,\"valueName\":\"search_term_string\"}}],\"inLanguage\":\"es\"},{\"@type\":\"Organization\",\"@id\":\"https:\/\/www.delexodo.com.ar\/#organization\",\"name\":\"Del \u00c9xodo Nogoy\u00e1\",\"url\":\"https:\/\/www.delexodo.com.ar\/\",\"logo\":{\"@type\":\"ImageObject\",\"inLanguage\":\"es\",\"@id\":\"https:\/\/www.delexodo.com.ar\/#\/schema\/logo\/image\/\",\"url\":\"https:\/\/www.delexodo.com.ar\/wp-content\/uploads\/2024\/10\/cropped-cropped-LOGO24.png\",\"contentUrl\":\"https:\/\/www.delexodo.com.ar\/wp-content\/uploads\/2024\/10\/cropped-cropped-LOGO24.png\",\"width\":512,\"height\":349,\"caption\":\"Del \u00c9xodo Nogoy\u00e1\"},\"image\":{\"@id\":\"https:\/\/www.delexodo.com.ar\/#\/schema\/logo\/image\/\"}},{\"@type\":\"Person\",\"@id\":\"https:\/\/www.delexodo.com.ar\/#\/schema\/person\/bbed37f7da8e938660b34f2013ba449d\",\"name\":\"admin\",\"image\":{\"@type\":\"ImageObject\",\"inLanguage\":\"es\",\"@id\":\"https:\/\/www.delexodo.com.ar\/#\/schema\/person\/image\/\",\"url\":\"https:\/\/secure.gravatar.com\/avatar\/6b1558d1b6df085f1901bd5bd98523d7?s=96&d=mm&r=g\",\"contentUrl\":\"https:\/\/secure.gravatar.com\/avatar\/6b1558d1b6df085f1901bd5bd98523d7?s=96&d=mm&r=g\",\"caption\":\"admin\"},\"url\":\"https:\/\/www.delexodo.com.ar\/?author=1\"}]}<\/script>\n<!-- \/ Yoast SEO plugin. -->","yoast_head_json":{"title":"Desde 2026 regir\u00e1 plenamente la receta electr\u00f3nica en Entre R\u00edos - Del \u00c9xodo Nogoy\u00e1","robots":{"index":"index","follow":"follow","max-snippet":"max-snippet:-1","max-image-preview":"max-image-preview:large","max-video-preview":"max-video-preview:-1"},"canonical":"https:\/\/www.delexodo.com.ar\/?p=12273","og_locale":"es_ES","og_type":"article","og_title":"Desde 2026 regir\u00e1 plenamente la receta electr\u00f3nica en Entre R\u00edos - Del \u00c9xodo Nogoy\u00e1","og_description":"Luego de un a\u00f1o de convivencia entre recetas en papel y digitales, a partir del 1 de enero de 2026&hellip;","og_url":"https:\/\/www.delexodo.com.ar\/?p=12273","og_site_name":"Del \u00c9xodo Nogoy\u00e1","article_published_time":"2025-12-31T17:54:45+00:00","article_modified_time":"2026-01-06T18:00:04+00:00","og_image":[{"width":900,"height":600,"url":"https:\/\/www.delexodo.com.ar\/wp-content\/uploads\/2026\/01\/Desde-2026-regira-plenamente-la-receta-electronica-en-Entre-Rios-001.jpg","type":"image\/jpeg"}],"author":"admin","twitter_card":"summary_large_image","twitter_misc":{"Escrito por":"admin","Tiempo de lectura":"3 minutos"},"schema":{"@context":"https:\/\/schema.org","@graph":[{"@type":"Article","@id":"https:\/\/www.delexodo.com.ar\/?p=12273#article","isPartOf":{"@id":"https:\/\/www.delexodo.com.ar\/?p=12273"},"author":{"name":"admin","@id":"https:\/\/www.delexodo.com.ar\/#\/schema\/person\/bbed37f7da8e938660b34f2013ba449d"},"headline":"Desde 2026 regir\u00e1 plenamente la receta electr\u00f3nica en Entre R\u00edos","datePublished":"2025-12-31T17:54:45+00:00","dateModified":"2026-01-06T18:00:04+00:00","mainEntityOfPage":{"@id":"https:\/\/www.delexodo.com.ar\/?p=12273"},"wordCount":599,"publisher":{"@id":"https:\/\/www.delexodo.com.ar\/#organization"},"image":{"@id":"https:\/\/www.delexodo.com.ar\/?p=12273#primaryimage"},"thumbnailUrl":"https:\/\/www.delexodo.com.ar\/wp-content\/uploads\/2026\/01\/Desde-2026-regira-plenamente-la-receta-electronica-en-Entre-Rios-001.jpg","keywords":["destacar"],"articleSection":["Salud"],"inLanguage":"es"},{"@type":"WebPage","@id":"https:\/\/www.delexodo.com.ar\/?p=12273","url":"https:\/\/www.delexodo.com.ar\/?p=12273","name":"Desde 2026 regir\u00e1 plenamente la receta electr\u00f3nica en Entre R\u00edos - Del \u00c9xodo Nogoy\u00e1","isPartOf":{"@id":"https:\/\/www.delexodo.com.ar\/#website"},"primaryImageOfPage":{"@id":"https:\/\/www.delexodo.com.ar\/?p=12273#primaryimage"},"image":{"@id":"https:\/\/www.delexodo.com.ar\/?p=12273#primaryimage"},"thumbnailUrl":"https:\/\/www.delexodo.com.ar\/wp-content\/uploads\/2026\/01\/Desde-2026-regira-plenamente-la-receta-electronica-en-Entre-Rios-001.jpg","datePublished":"2025-12-31T17:54:45+00:00","dateModified":"2026-01-06T18:00:04+00:00","breadcrumb":{"@id":"https:\/\/www.delexodo.com.ar\/?p=12273#breadcrumb"},"inLanguage":"es","potentialAction":[{"@type":"ReadAction","target":["https:\/\/www.delexodo.com.ar\/?p=12273"]}]},{"@type":"ImageObject","inLanguage":"es","@id":"https:\/\/www.delexodo.com.ar\/?p=12273#primaryimage","url":"https:\/\/www.delexodo.com.ar\/wp-content\/uploads\/2026\/01\/Desde-2026-regira-plenamente-la-receta-electronica-en-Entre-Rios-001.jpg","contentUrl":"https:\/\/www.delexodo.com.ar\/wp-content\/uploads\/2026\/01\/Desde-2026-regira-plenamente-la-receta-electronica-en-Entre-Rios-001.jpg","width":900,"height":600},{"@type":"BreadcrumbList","@id":"https:\/\/www.delexodo.com.ar\/?p=12273#breadcrumb","itemListElement":[{"@type":"ListItem","position":1,"name":"Portada","item":"https:\/\/www.delexodo.com.ar\/"},{"@type":"ListItem","position":2,"name":"Desde 2026 regir\u00e1 plenamente la receta electr\u00f3nica en Entre R\u00edos"}]},{"@type":"WebSite","@id":"https:\/\/www.delexodo.com.ar\/#website","url":"https:\/\/www.delexodo.com.ar\/","name":"Del \u00c9xodo Nogoy\u00e1","description":"El Portal de Noticias de la Regi\u00f3n","publisher":{"@id":"https:\/\/www.delexodo.com.ar\/#organization"},"potentialAction":[{"@type":"SearchAction","target":{"@type":"EntryPoint","urlTemplate":"https:\/\/www.delexodo.com.ar\/?s={search_term_string}"},"query-input":{"@type":"PropertyValueSpecification","valueRequired":true,"valueName":"search_term_string"}}],"inLanguage":"es"},{"@type":"Organization","@id":"https:\/\/www.delexodo.com.ar\/#organization","name":"Del \u00c9xodo Nogoy\u00e1","url":"https:\/\/www.delexodo.com.ar\/","logo":{"@type":"ImageObject","inLanguage":"es","@id":"https:\/\/www.delexodo.com.ar\/#\/schema\/logo\/image\/","url":"https:\/\/www.delexodo.com.ar\/wp-content\/uploads\/2024\/10\/cropped-cropped-LOGO24.png","contentUrl":"https:\/\/www.delexodo.com.ar\/wp-content\/uploads\/2024\/10\/cropped-cropped-LOGO24.png","width":512,"height":349,"caption":"Del \u00c9xodo Nogoy\u00e1"},"image":{"@id":"https:\/\/www.delexodo.com.ar\/#\/schema\/logo\/image\/"}},{"@type":"Person","@id":"https:\/\/www.delexodo.com.ar\/#\/schema\/person\/bbed37f7da8e938660b34f2013ba449d","name":"admin","image":{"@type":"ImageObject","inLanguage":"es","@id":"https:\/\/www.delexodo.com.ar\/#\/schema\/person\/image\/","url":"https:\/\/secure.gravatar.com\/avatar\/6b1558d1b6df085f1901bd5bd98523d7?s=96&d=mm&r=g","contentUrl":"https:\/\/secure.gravatar.com\/avatar\/6b1558d1b6df085f1901bd5bd98523d7?s=96&d=mm&r=g","caption":"admin"},"url":"https:\/\/www.delexodo.com.ar\/?author=1"}]}},"_links":{"self":[{"href":"https:\/\/www.delexodo.com.ar\/index.php?rest_route=\/wp\/v2\/posts\/12273","targetHints":{"allow":["GET"]}}],"collection":[{"href":"https:\/\/www.delexodo.com.ar\/index.php?rest_route=\/wp\/v2\/posts"}],"about":[{"href":"https:\/\/www.delexodo.com.ar\/index.php?rest_route=\/wp\/v2\/types\/post"}],"author":[{"embeddable":true,"href":"https:\/\/www.delexodo.com.ar\/index.php?rest_route=\/wp\/v2\/users\/1"}],"replies":[{"embeddable":true,"href":"https:\/\/www.delexodo.com.ar\/index.php?rest_route=%2Fwp%2Fv2%2Fcomments&post=12273"}],"version-history":[{"count":1,"href":"https:\/\/www.delexodo.com.ar\/index.php?rest_route=\/wp\/v2\/posts\/12273\/revisions"}],"predecessor-version":[{"id":12275,"href":"https:\/\/www.delexodo.com.ar\/index.php?rest_route=\/wp\/v2\/posts\/12273\/revisions\/12275"}],"wp:featuredmedia":[{"embeddable":true,"href":"https:\/\/www.delexodo.com.ar\/index.php?rest_route=\/wp\/v2\/media\/12274"}],"wp:attachment":[{"href":"https:\/\/www.delexodo.com.ar\/index.php?rest_route=%2Fwp%2Fv2%2Fmedia&parent=12273"}],"wp:term":[{"taxonomy":"category","embeddable":true,"href":"https:\/\/www.delexodo.com.ar\/index.php?rest_route=%2Fwp%2Fv2%2Fcategories&post=12273"},{"taxonomy":"post_tag","embeddable":true,"href":"https:\/\/www.delexodo.com.ar\/index.php?rest_route=%2Fwp%2Fv2%2Ftags&post=12273"}],"curies":[{"name":"wp","href":"https:\/\/api.w.org\/{rel}","templated":true}]}}