{"id":12256,"date":"2025-12-29T16:30:13","date_gmt":"2025-12-29T19:30:13","guid":{"rendered":"https:\/\/www.delexodo.com.ar\/?p=12256"},"modified":"2025-12-29T16:30:14","modified_gmt":"2025-12-29T19:30:14","slug":"se-presento-desde-el-museo-de-casa-de-gobierno-la-37ma-fiesta-provincial-de-la-guitarra","status":"publish","type":"post","link":"https:\/\/www.delexodo.com.ar\/?p=12256","title":{"rendered":"Se present\u00f3 desde el Museo de Casa de Gobierno la 37ma. Fiesta Provincial de la Guitarra"},"content":{"rendered":"\n<p><strong><em>La vicegobernadora Alicia Aluani encabez\u00f3 este lunes la presentaci\u00f3n de la 37\u00aa Fiesta Provincial de la Guitarra, que se realizar\u00e1 en la ciudad de Nogoy\u00e1 los d\u00edas s\u00e1bado 3 y domingo 4 de enero de 2026.<\/em><\/strong><\/p>\n\n\n\n<figure class=\"wp-block-embed is-type-video is-provider-youtube wp-block-embed-youtube wp-embed-aspect-16-9 wp-has-aspect-ratio\"><div class=\"wp-block-embed__wrapper\">\n<iframe loading=\"lazy\" title=\"Invitan a la Fiesta Provincial de la Guitarra en Nogoy\u00e1\" width=\"500\" height=\"281\" src=\"https:\/\/www.youtube.com\/embed\/ve1JPgZ22MA?feature=oembed\" frameborder=\"0\" allow=\"accelerometer; autoplay; clipboard-write; encrypted-media; gyroscope; picture-in-picture; web-share\" referrerpolicy=\"strict-origin-when-cross-origin\" allowfullscreen><\/iframe>\n<\/div><\/figure>\n\n\n\n<p>La presentaci\u00f3n se llev\u00f3 a cabo en la sala del Museo de Casa de Gobierno, organismo dependiente de la Secretar\u00eda de Cultura de Entre R\u00edos.<\/p>\n\n\n\n<p>La vicegobernadora, a cargo del Poder Ejecutivo Provincial, estuvo acompa\u00f1ada por la directora general de Programas y Promoci\u00f3n Cultural de Entre R\u00edos, Natalia Prado; el intendente de Nogoy\u00e1, Bernardo Schneider; el senador por el departamento, Rafael Cavagna; el titular del Instituto Aut\u00e1rquico de Planeamiento y Vivienda (IAPV), Manuel Sch\u00f6nhals; y la coordinadora de Cultura, Turismo y Educaci\u00f3n del municipio de Nogoy\u00e1, Karina Clement\u00edn. El encuentro cont\u00f3 adem\u00e1s con la presentaci\u00f3n de la payadora nogoyaense, Brisa Ferreyra Weber.<\/p>\n\n\n\n<p>Al dialogar con los medios, la vicegobernadora Aluani agradeci\u00f3 la presencia y la difusi\u00f3n del evento, e indic\u00f3 que la fiesta <em>\u00abya es parte de la tradici\u00f3n de nuestra provincia. Se lleva a cabo con mucho esfuerzo y organizaci\u00f3n, con el objetivo que tenemos en com\u00fan los nogoyaenses, que es promocionar todo lo que es parte de nuestra historia y de nuestras ra\u00edces\u00bb<\/em>. Asimismo, expres\u00f3 que: <em>\u00abLa guitarra no es solamente un instrumento, es la voz de nuestra historia. As\u00ed que en ella se ve representada y se ve expuesta toda la historia de Nogoy\u00e1 y de los luthiers\u00bb<\/em>. En ese sentido, hizo hincapi\u00e9 en el trabajo de gesti\u00f3n provincial: <em>\u00abApoyamos este tipo de eventos porque forman parte de la tradici\u00f3n y la cultura. Adem\u00e1s, se fortalece la econom\u00eda local, provincial y regional\u00bb<\/em>.<\/p>\n\n\n\n<p>Por su parte, la directora provincial Natalia Prado destac\u00f3 que se est\u00e1 <em>\u00abdando inicio al calendario de fiestas provinciales\u00bb<\/em>, y resalt\u00f3 <em>\u00abel compromiso del gobierno provincial de promocionar y difundir cada uno de los eventos culturales de nuestra provincia\u00bb<\/em>.<\/p>\n\n\n\n<p>Finalmente, el intendente de Nogoy\u00e1, Bernardo Schneider, expres\u00f3 que <em>\u00abes una fiesta que nos llena de orgullo a los nogoyaenses\u00bb<\/em>. En ese marco, precis\u00f3 detalles del evento: <em>\u00abEs dirigido a toda la familia, con entrada libre y gratuita. Habr\u00e1 grandes talentos y m\u00fasicos que nos van a estar acompa\u00f1ando en el predio del ferrocarril, un lugar c\u00f3modo y, por supuesto, con el recibimiento de la ciudad\u00bb<\/em>.<\/p>\n\n\n<div class=\"wp-block-image\">\n<figure class=\"alignleft size-full is-resized\"><img loading=\"lazy\" decoding=\"async\" width=\"600\" height=\"400\" src=\"https:\/\/www.delexodo.com.ar\/wp-content\/uploads\/2025\/12\/Presenta-37-Brisa.jpg\" alt=\"\" class=\"wp-image-12258\" style=\"width:376px;height:auto\" srcset=\"https:\/\/www.delexodo.com.ar\/wp-content\/uploads\/2025\/12\/Presenta-37-Brisa.jpg 600w, https:\/\/www.delexodo.com.ar\/wp-content\/uploads\/2025\/12\/Presenta-37-Brisa-300x200.jpg 300w\" sizes=\"auto, (max-width: 600px) 100vw, 600px\" \/><\/figure><\/div>\n\n\n<h2 class=\"wp-block-heading\"><strong>Sobre la 37\u00aa Fiesta de la Guitarra<\/strong><\/h2>\n\n\n\n<p>La 37\u00aa edici\u00f3n de la Fiesta Provincial de la Guitarra se realizar\u00e1 los d\u00edas 3 y 4 de enero de 2026 en el predio del Ferrocarril de Nogoy\u00e1, con entrada libre y gratuita, y contar\u00e1 con la presentaci\u00f3n de destacados artistas locales y regionales, adem\u00e1s de la elecci\u00f3n de la Embajadora. Disertar\u00e1n:<\/p>\n\n\n\n<p>&#8211; 3 de enero: Delfina Ronchi, Por Tu Gente Nogoy\u00e1, Luc\u00eda Gim\u00e9nez, Valent\u00edn Obal, Ignacio Sartori, Cur\u00ed Tac\u00fa, Marianela Urbani y Agrupaci\u00f3n Santa Elena.<\/p>\n\n\n\n<p>&#8211; 4 de enero: H\u00e9ctor Cardoso, Fernanda Roselli, Itah\u00ed, Ricardo L\u00f3pez Jord\u00e1n, Lauro y Marga, Marcos Pereyra y Sangre Chamecera.<\/p>\n","protected":false},"excerpt":{"rendered":"<p>La vicegobernadora Alicia Aluani encabez\u00f3 este lunes la presentaci\u00f3n de la 37\u00aa Fiesta Provincial de la Guitarra, que se realizar\u00e1&hellip;<\/p>\n","protected":false},"author":1,"featured_media":12257,"comment_status":"closed","ping_status":"closed","sticky":false,"template":"","format":"standard","meta":{"_joinchat":[],"footnotes":""},"categories":[1],"tags":[],"class_list":["post-12256","post","type-post","status-publish","format-standard","has-post-thumbnail","hentry","category-sincategoria"],"yoast_head":"<!-- This site is optimized with the Yoast SEO plugin v25.1 - https:\/\/yoast.com\/wordpress\/plugins\/seo\/ -->\n<title>Se present\u00f3 desde el Museo de Casa de Gobierno la 37ma. Fiesta Provincial de la Guitarra - Del \u00c9xodo Nogoy\u00e1<\/title>\n<meta name=\"robots\" content=\"index, follow, max-snippet:-1, max-image-preview:large, max-video-preview:-1\" \/>\n<link rel=\"canonical\" href=\"https:\/\/www.delexodo.com.ar\/?p=12256\" \/>\n<meta property=\"og:locale\" content=\"es_ES\" \/>\n<meta property=\"og:type\" content=\"article\" \/>\n<meta property=\"og:title\" content=\"Se present\u00f3 desde el Museo de Casa de Gobierno la 37ma. Fiesta Provincial de la Guitarra - Del \u00c9xodo Nogoy\u00e1\" \/>\n<meta property=\"og:description\" content=\"La vicegobernadora Alicia Aluani encabez\u00f3 este lunes la presentaci\u00f3n de la 37\u00aa Fiesta Provincial de la Guitarra, que se realizar\u00e1&hellip;\" \/>\n<meta property=\"og:url\" content=\"https:\/\/www.delexodo.com.ar\/?p=12256\" \/>\n<meta property=\"og:site_name\" content=\"Del \u00c9xodo Nogoy\u00e1\" \/>\n<meta property=\"article:published_time\" content=\"2025-12-29T19:30:13+00:00\" \/>\n<meta property=\"article:modified_time\" content=\"2025-12-29T19:30:14+00:00\" \/>\n<meta property=\"og:image\" content=\"https:\/\/www.delexodo.com.ar\/wp-content\/uploads\/2025\/12\/Presnta-37-portada.jpg\" \/>\n\t<meta property=\"og:image:width\" content=\"900\" \/>\n\t<meta property=\"og:image:height\" content=\"600\" \/>\n\t<meta property=\"og:image:type\" content=\"image\/jpeg\" \/>\n<meta name=\"author\" content=\"admin\" \/>\n<meta name=\"twitter:card\" content=\"summary_large_image\" \/>\n<meta name=\"twitter:label1\" content=\"Escrito por\" \/>\n\t<meta name=\"twitter:data1\" content=\"admin\" \/>\n\t<meta name=\"twitter:label2\" content=\"Tiempo de lectura\" \/>\n\t<meta name=\"twitter:data2\" content=\"3 minutos\" \/>\n<script type=\"application\/ld+json\" class=\"yoast-schema-graph\">{\"@context\":\"https:\/\/schema.org\",\"@graph\":[{\"@type\":\"Article\",\"@id\":\"https:\/\/www.delexodo.com.ar\/?p=12256#article\",\"isPartOf\":{\"@id\":\"https:\/\/www.delexodo.com.ar\/?p=12256\"},\"author\":{\"name\":\"admin\",\"@id\":\"https:\/\/www.delexodo.com.ar\/#\/schema\/person\/bbed37f7da8e938660b34f2013ba449d\"},\"headline\":\"Se present\u00f3 desde el Museo de Casa de Gobierno la 37ma. Fiesta Provincial de la Guitarra\",\"datePublished\":\"2025-12-29T19:30:13+00:00\",\"dateModified\":\"2025-12-29T19:30:14+00:00\",\"mainEntityOfPage\":{\"@id\":\"https:\/\/www.delexodo.com.ar\/?p=12256\"},\"wordCount\":533,\"publisher\":{\"@id\":\"https:\/\/www.delexodo.com.ar\/#organization\"},\"image\":{\"@id\":\"https:\/\/www.delexodo.com.ar\/?p=12256#primaryimage\"},\"thumbnailUrl\":\"https:\/\/www.delexodo.com.ar\/wp-content\/uploads\/2025\/12\/Presnta-37-portada.jpg\",\"articleSection\":[\"Nogoya\"],\"inLanguage\":\"es\"},{\"@type\":\"WebPage\",\"@id\":\"https:\/\/www.delexodo.com.ar\/?p=12256\",\"url\":\"https:\/\/www.delexodo.com.ar\/?p=12256\",\"name\":\"Se present\u00f3 desde el Museo de Casa de Gobierno la 37ma. Fiesta Provincial de la Guitarra - Del \u00c9xodo Nogoy\u00e1\",\"isPartOf\":{\"@id\":\"https:\/\/www.delexodo.com.ar\/#website\"},\"primaryImageOfPage\":{\"@id\":\"https:\/\/www.delexodo.com.ar\/?p=12256#primaryimage\"},\"image\":{\"@id\":\"https:\/\/www.delexodo.com.ar\/?p=12256#primaryimage\"},\"thumbnailUrl\":\"https:\/\/www.delexodo.com.ar\/wp-content\/uploads\/2025\/12\/Presnta-37-portada.jpg\",\"datePublished\":\"2025-12-29T19:30:13+00:00\",\"dateModified\":\"2025-12-29T19:30:14+00:00\",\"breadcrumb\":{\"@id\":\"https:\/\/www.delexodo.com.ar\/?p=12256#breadcrumb\"},\"inLanguage\":\"es\",\"potentialAction\":[{\"@type\":\"ReadAction\",\"target\":[\"https:\/\/www.delexodo.com.ar\/?p=12256\"]}]},{\"@type\":\"ImageObject\",\"inLanguage\":\"es\",\"@id\":\"https:\/\/www.delexodo.com.ar\/?p=12256#primaryimage\",\"url\":\"https:\/\/www.delexodo.com.ar\/wp-content\/uploads\/2025\/12\/Presnta-37-portada.jpg\",\"contentUrl\":\"https:\/\/www.delexodo.com.ar\/wp-content\/uploads\/2025\/12\/Presnta-37-portada.jpg\",\"width\":900,\"height\":600},{\"@type\":\"BreadcrumbList\",\"@id\":\"https:\/\/www.delexodo.com.ar\/?p=12256#breadcrumb\",\"itemListElement\":[{\"@type\":\"ListItem\",\"position\":1,\"name\":\"Portada\",\"item\":\"https:\/\/www.delexodo.com.ar\/\"},{\"@type\":\"ListItem\",\"position\":2,\"name\":\"Se present\u00f3 desde el Museo de Casa de Gobierno la 37ma. Fiesta Provincial de la Guitarra\"}]},{\"@type\":\"WebSite\",\"@id\":\"https:\/\/www.delexodo.com.ar\/#website\",\"url\":\"https:\/\/www.delexodo.com.ar\/\",\"name\":\"Del \u00c9xodo Nogoy\u00e1\",\"description\":\"El Portal de Noticias de la Regi\u00f3n\",\"publisher\":{\"@id\":\"https:\/\/www.delexodo.com.ar\/#organization\"},\"potentialAction\":[{\"@type\":\"SearchAction\",\"target\":{\"@type\":\"EntryPoint\",\"urlTemplate\":\"https:\/\/www.delexodo.com.ar\/?s={search_term_string}\"},\"query-input\":{\"@type\":\"PropertyValueSpecification\",\"valueRequired\":true,\"valueName\":\"search_term_string\"}}],\"inLanguage\":\"es\"},{\"@type\":\"Organization\",\"@id\":\"https:\/\/www.delexodo.com.ar\/#organization\",\"name\":\"Del \u00c9xodo Nogoy\u00e1\",\"url\":\"https:\/\/www.delexodo.com.ar\/\",\"logo\":{\"@type\":\"ImageObject\",\"inLanguage\":\"es\",\"@id\":\"https:\/\/www.delexodo.com.ar\/#\/schema\/logo\/image\/\",\"url\":\"https:\/\/www.delexodo.com.ar\/wp-content\/uploads\/2024\/10\/cropped-cropped-LOGO24.png\",\"contentUrl\":\"https:\/\/www.delexodo.com.ar\/wp-content\/uploads\/2024\/10\/cropped-cropped-LOGO24.png\",\"width\":512,\"height\":349,\"caption\":\"Del \u00c9xodo Nogoy\u00e1\"},\"image\":{\"@id\":\"https:\/\/www.delexodo.com.ar\/#\/schema\/logo\/image\/\"}},{\"@type\":\"Person\",\"@id\":\"https:\/\/www.delexodo.com.ar\/#\/schema\/person\/bbed37f7da8e938660b34f2013ba449d\",\"name\":\"admin\",\"image\":{\"@type\":\"ImageObject\",\"inLanguage\":\"es\",\"@id\":\"https:\/\/www.delexodo.com.ar\/#\/schema\/person\/image\/\",\"url\":\"https:\/\/secure.gravatar.com\/avatar\/6b1558d1b6df085f1901bd5bd98523d7?s=96&d=mm&r=g\",\"contentUrl\":\"https:\/\/secure.gravatar.com\/avatar\/6b1558d1b6df085f1901bd5bd98523d7?s=96&d=mm&r=g\",\"caption\":\"admin\"},\"url\":\"https:\/\/www.delexodo.com.ar\/?author=1\"}]}<\/script>\n<!-- \/ Yoast SEO plugin. -->","yoast_head_json":{"title":"Se present\u00f3 desde el Museo de Casa de Gobierno la 37ma. Fiesta Provincial de la Guitarra - Del \u00c9xodo Nogoy\u00e1","robots":{"index":"index","follow":"follow","max-snippet":"max-snippet:-1","max-image-preview":"max-image-preview:large","max-video-preview":"max-video-preview:-1"},"canonical":"https:\/\/www.delexodo.com.ar\/?p=12256","og_locale":"es_ES","og_type":"article","og_title":"Se present\u00f3 desde el Museo de Casa de Gobierno la 37ma. Fiesta Provincial de la Guitarra - Del \u00c9xodo Nogoy\u00e1","og_description":"La vicegobernadora Alicia Aluani encabez\u00f3 este lunes la presentaci\u00f3n de la 37\u00aa Fiesta Provincial de la Guitarra, que se realizar\u00e1&hellip;","og_url":"https:\/\/www.delexodo.com.ar\/?p=12256","og_site_name":"Del \u00c9xodo Nogoy\u00e1","article_published_time":"2025-12-29T19:30:13+00:00","article_modified_time":"2025-12-29T19:30:14+00:00","og_image":[{"width":900,"height":600,"url":"https:\/\/www.delexodo.com.ar\/wp-content\/uploads\/2025\/12\/Presnta-37-portada.jpg","type":"image\/jpeg"}],"author":"admin","twitter_card":"summary_large_image","twitter_misc":{"Escrito por":"admin","Tiempo de lectura":"3 minutos"},"schema":{"@context":"https:\/\/schema.org","@graph":[{"@type":"Article","@id":"https:\/\/www.delexodo.com.ar\/?p=12256#article","isPartOf":{"@id":"https:\/\/www.delexodo.com.ar\/?p=12256"},"author":{"name":"admin","@id":"https:\/\/www.delexodo.com.ar\/#\/schema\/person\/bbed37f7da8e938660b34f2013ba449d"},"headline":"Se present\u00f3 desde el Museo de Casa de Gobierno la 37ma. Fiesta Provincial de la Guitarra","datePublished":"2025-12-29T19:30:13+00:00","dateModified":"2025-12-29T19:30:14+00:00","mainEntityOfPage":{"@id":"https:\/\/www.delexodo.com.ar\/?p=12256"},"wordCount":533,"publisher":{"@id":"https:\/\/www.delexodo.com.ar\/#organization"},"image":{"@id":"https:\/\/www.delexodo.com.ar\/?p=12256#primaryimage"},"thumbnailUrl":"https:\/\/www.delexodo.com.ar\/wp-content\/uploads\/2025\/12\/Presnta-37-portada.jpg","articleSection":["Nogoya"],"inLanguage":"es"},{"@type":"WebPage","@id":"https:\/\/www.delexodo.com.ar\/?p=12256","url":"https:\/\/www.delexodo.com.ar\/?p=12256","name":"Se present\u00f3 desde el Museo de Casa de Gobierno la 37ma. Fiesta Provincial de la Guitarra - Del \u00c9xodo Nogoy\u00e1","isPartOf":{"@id":"https:\/\/www.delexodo.com.ar\/#website"},"primaryImageOfPage":{"@id":"https:\/\/www.delexodo.com.ar\/?p=12256#primaryimage"},"image":{"@id":"https:\/\/www.delexodo.com.ar\/?p=12256#primaryimage"},"thumbnailUrl":"https:\/\/www.delexodo.com.ar\/wp-content\/uploads\/2025\/12\/Presnta-37-portada.jpg","datePublished":"2025-12-29T19:30:13+00:00","dateModified":"2025-12-29T19:30:14+00:00","breadcrumb":{"@id":"https:\/\/www.delexodo.com.ar\/?p=12256#breadcrumb"},"inLanguage":"es","potentialAction":[{"@type":"ReadAction","target":["https:\/\/www.delexodo.com.ar\/?p=12256"]}]},{"@type":"ImageObject","inLanguage":"es","@id":"https:\/\/www.delexodo.com.ar\/?p=12256#primaryimage","url":"https:\/\/www.delexodo.com.ar\/wp-content\/uploads\/2025\/12\/Presnta-37-portada.jpg","contentUrl":"https:\/\/www.delexodo.com.ar\/wp-content\/uploads\/2025\/12\/Presnta-37-portada.jpg","width":900,"height":600},{"@type":"BreadcrumbList","@id":"https:\/\/www.delexodo.com.ar\/?p=12256#breadcrumb","itemListElement":[{"@type":"ListItem","position":1,"name":"Portada","item":"https:\/\/www.delexodo.com.ar\/"},{"@type":"ListItem","position":2,"name":"Se present\u00f3 desde el Museo de Casa de Gobierno la 37ma. Fiesta Provincial de la Guitarra"}]},{"@type":"WebSite","@id":"https:\/\/www.delexodo.com.ar\/#website","url":"https:\/\/www.delexodo.com.ar\/","name":"Del \u00c9xodo Nogoy\u00e1","description":"El Portal de Noticias de la Regi\u00f3n","publisher":{"@id":"https:\/\/www.delexodo.com.ar\/#organization"},"potentialAction":[{"@type":"SearchAction","target":{"@type":"EntryPoint","urlTemplate":"https:\/\/www.delexodo.com.ar\/?s={search_term_string}"},"query-input":{"@type":"PropertyValueSpecification","valueRequired":true,"valueName":"search_term_string"}}],"inLanguage":"es"},{"@type":"Organization","@id":"https:\/\/www.delexodo.com.ar\/#organization","name":"Del \u00c9xodo Nogoy\u00e1","url":"https:\/\/www.delexodo.com.ar\/","logo":{"@type":"ImageObject","inLanguage":"es","@id":"https:\/\/www.delexodo.com.ar\/#\/schema\/logo\/image\/","url":"https:\/\/www.delexodo.com.ar\/wp-content\/uploads\/2024\/10\/cropped-cropped-LOGO24.png","contentUrl":"https:\/\/www.delexodo.com.ar\/wp-content\/uploads\/2024\/10\/cropped-cropped-LOGO24.png","width":512,"height":349,"caption":"Del \u00c9xodo Nogoy\u00e1"},"image":{"@id":"https:\/\/www.delexodo.com.ar\/#\/schema\/logo\/image\/"}},{"@type":"Person","@id":"https:\/\/www.delexodo.com.ar\/#\/schema\/person\/bbed37f7da8e938660b34f2013ba449d","name":"admin","image":{"@type":"ImageObject","inLanguage":"es","@id":"https:\/\/www.delexodo.com.ar\/#\/schema\/person\/image\/","url":"https:\/\/secure.gravatar.com\/avatar\/6b1558d1b6df085f1901bd5bd98523d7?s=96&d=mm&r=g","contentUrl":"https:\/\/secure.gravatar.com\/avatar\/6b1558d1b6df085f1901bd5bd98523d7?s=96&d=mm&r=g","caption":"admin"},"url":"https:\/\/www.delexodo.com.ar\/?author=1"}]}},"_links":{"self":[{"href":"https:\/\/www.delexodo.com.ar\/index.php?rest_route=\/wp\/v2\/posts\/12256","targetHints":{"allow":["GET"]}}],"collection":[{"href":"https:\/\/www.delexodo.com.ar\/index.php?rest_route=\/wp\/v2\/posts"}],"about":[{"href":"https:\/\/www.delexodo.com.ar\/index.php?rest_route=\/wp\/v2\/types\/post"}],"author":[{"embeddable":true,"href":"https:\/\/www.delexodo.com.ar\/index.php?rest_route=\/wp\/v2\/users\/1"}],"replies":[{"embeddable":true,"href":"https:\/\/www.delexodo.com.ar\/index.php?rest_route=%2Fwp%2Fv2%2Fcomments&post=12256"}],"version-history":[{"count":1,"href":"https:\/\/www.delexodo.com.ar\/index.php?rest_route=\/wp\/v2\/posts\/12256\/revisions"}],"predecessor-version":[{"id":12259,"href":"https:\/\/www.delexodo.com.ar\/index.php?rest_route=\/wp\/v2\/posts\/12256\/revisions\/12259"}],"wp:featuredmedia":[{"embeddable":true,"href":"https:\/\/www.delexodo.com.ar\/index.php?rest_route=\/wp\/v2\/media\/12257"}],"wp:attachment":[{"href":"https:\/\/www.delexodo.com.ar\/index.php?rest_route=%2Fwp%2Fv2%2Fmedia&parent=12256"}],"wp:term":[{"taxonomy":"category","embeddable":true,"href":"https:\/\/www.delexodo.com.ar\/index.php?rest_route=%2Fwp%2Fv2%2Fcategories&post=12256"},{"taxonomy":"post_tag","embeddable":true,"href":"https:\/\/www.delexodo.com.ar\/index.php?rest_route=%2Fwp%2Fv2%2Ftags&post=12256"}],"curies":[{"name":"wp","href":"https:\/\/api.w.org\/{rel}","templated":true}]}}