{"id":12117,"date":"2025-11-02T12:12:21","date_gmt":"2025-11-02T15:12:21","guid":{"rendered":"https:\/\/www.delexodo.com.ar\/?p=12117"},"modified":"2025-11-02T12:12:22","modified_gmt":"2025-11-02T15:12:22","slug":"maraton-de-la-avicultura-la-fiesta-deportiva-de-la-ciudad-de-crespo","status":"publish","type":"post","link":"https:\/\/www.delexodo.com.ar\/?p=12117","title":{"rendered":"Marat\u00f3n de la Avicultura: La fiesta deportiva de la ciudad de Crespo"},"content":{"rendered":"\n<p><em>La\u00a0<strong>Marat\u00f3n de la Avicultura<\/strong>\u00a0brill\u00f3 con una multitudinaria asistencia que dio un gran colorido a los dos circuitos de\u00a0<strong>10 kil\u00f3metros competitivos<\/strong>\u00a0y\u00a0<strong>5 km recreativos de caminata aer\u00f3bica y familiar<\/strong>. La prueba se desarroll\u00f3 este s\u00e1bado 1\u00ba de noviembre, en el Acceso Presidente Ra\u00fal Ricardo Alfons\u00edn.<\/em><\/p>\n\n\n<div class=\"wp-block-image\">\n<figure class=\"aligncenter size-large\"><img loading=\"lazy\" decoding=\"async\" width=\"1024\" height=\"339\" src=\"https:\/\/www.delexodo.com.ar\/wp-content\/uploads\/2025\/11\/1ra-Gral-1024x339.jpg\" alt=\"\" class=\"wp-image-12118\" srcset=\"https:\/\/www.delexodo.com.ar\/wp-content\/uploads\/2025\/11\/1ra-Gral-1024x339.jpg 1024w, https:\/\/www.delexodo.com.ar\/wp-content\/uploads\/2025\/11\/1ra-Gral-300x99.jpg 300w, https:\/\/www.delexodo.com.ar\/wp-content\/uploads\/2025\/11\/1ra-Gral-768x254.jpg 768w, https:\/\/www.delexodo.com.ar\/wp-content\/uploads\/2025\/11\/1ra-Gral.jpg 1061w\" sizes=\"auto, (max-width: 1024px) 100vw, 1024px\" \/><\/figure><\/div>\n\n\n<p>La organizaci\u00f3n estuvo a cargo de la\u00a0<strong>Asociaci\u00f3n Civil Crespo Capital Nacional de la Avicultura\u00a0<\/strong>y de la\u00a0<strong>Municipalidad de Crespo<\/strong>, contando con el invalorable\u00a0<strong>aporte de los sectores privados y p\u00fablicos<\/strong>\u00a0para hacer realidad una gran fiesta.<\/p>\n\n\n<div class=\"wp-block-image\">\n<figure class=\"aligncenter size-large\"><img loading=\"lazy\" decoding=\"async\" width=\"1024\" height=\"341\" src=\"https:\/\/www.delexodo.com.ar\/wp-content\/uploads\/2025\/11\/Prueba-Gral-1024x341.jpg\" alt=\"\" class=\"wp-image-12120\" srcset=\"https:\/\/www.delexodo.com.ar\/wp-content\/uploads\/2025\/11\/Prueba-Gral-1024x341.jpg 1024w, https:\/\/www.delexodo.com.ar\/wp-content\/uploads\/2025\/11\/Prueba-Gral-300x100.jpg 300w, https:\/\/www.delexodo.com.ar\/wp-content\/uploads\/2025\/11\/Prueba-Gral-768x256.jpg 768w, https:\/\/www.delexodo.com.ar\/wp-content\/uploads\/2025\/11\/Prueba-Gral.jpg 1066w\" sizes=\"auto, (max-width: 1024px) 100vw, 1024px\" \/><\/figure><\/div>\n\n\n<p>Los vencedores de la prueba general fueron&nbsp;<strong>Carlos Johnson<\/strong>&nbsp;(Monte Vera, Santa Fe) y&nbsp;<strong>Ximena Simeone<\/strong>&nbsp;(Puerto Yer\u00faa).<\/p>\n\n\n\n<p><strong>\u2022 LOS PODIOS POR CATEGOR\u00cdAS \u2013 RAMA FEMENINA<\/strong><\/p>\n\n\n\n<p><strong>17 a 19 a\u00f1os<\/strong><br>1\u00aa) Antonela Bianchi (Crespo)<br>2\u00aa) Julieta Ferreyra (Paran\u00e1)<\/p>\n\n\n\n<p><strong>20 a 24 a\u00f1os<\/strong><br>1\u00aa) Gianella Streich (Crespo)<br>2\u00aa) Luz Fuchs (Crespo)<\/p>\n\n\n\n<p><strong>25 a 29 a\u00f1os<\/strong><br>1\u00aa) Luc\u00eda Mart\u00ednez (Villaguay)<br>2\u00aa) Melisa Derfler (Crespo)<br>3\u00aa) Victoria Schmidt (Esperanza)<\/p>\n\n\n\n<p><strong>30 a 34 a\u00f1os<\/strong><br>1\u00aa) Rosa Monz\u00f3n (San Jos\u00e9)<br>2\u00aa) Manuela Segu\u00ed (Chajar\u00ed)<br>3\u00aa) Araceli Gottig (Crespo)<\/p>\n\n\n\n<p><strong>35 a 39 a\u00f1os<\/strong><br>1\u00aa) Anabella Rizzi (Lib. San Mart\u00edn)<br>2\u00aa) Sheila Waigel (Crespo)<br>3\u00aa) Eva Beisel (Crespo)<\/p>\n\n\n<div class=\"wp-block-image\">\n<figure class=\"aligncenter size-large\"><img loading=\"lazy\" decoding=\"async\" width=\"750\" height=\"1024\" src=\"https:\/\/www.delexodo.com.ar\/wp-content\/uploads\/2025\/11\/Rama-Femenina-750x1024.jpg\" alt=\"\" class=\"wp-image-12121\" srcset=\"https:\/\/www.delexodo.com.ar\/wp-content\/uploads\/2025\/11\/Rama-Femenina-750x1024.jpg 750w, https:\/\/www.delexodo.com.ar\/wp-content\/uploads\/2025\/11\/Rama-Femenina-220x300.jpg 220w, https:\/\/www.delexodo.com.ar\/wp-content\/uploads\/2025\/11\/Rama-Femenina-768x1048.jpg 768w, https:\/\/www.delexodo.com.ar\/wp-content\/uploads\/2025\/11\/Rama-Femenina.jpg 1064w\" sizes=\"auto, (max-width: 750px) 100vw, 750px\" \/><\/figure><\/div>\n\n\n<p><strong>40 a 44 a\u00f1os<\/strong><br>1\u00aa) Ver\u00f3nica Vince (Hasenkamp)<br>2\u00aa) Lucrecia Fuchs (Diamante)<br>3\u00aa) Mar\u00eda Schwemler (Villa Mar\u00eda)<\/p>\n\n\n\n<p><strong>45 a 49 a\u00f1os<\/strong><br>1\u00aa) Gladys Retamar (Villaguay)<br>2\u00aa) Marina Saladino (Viale)<br>3\u00aa) Andrea Ayala (Federal)<\/p>\n\n\n\n<p><strong>50 a 54 a\u00f1os<\/strong><br>1\u00aa) Mariela Acosta (Nogoy\u00e1)<br>2\u00aa) Paola Gervasoni (Gualeguay)<br>3\u00aa) Dora Ben\u00edtez (Paran\u00e1)<\/p>\n\n\n\n<p><strong>55 a 59 a\u00f1os<\/strong><br>1\u00aa) Mar\u00eda Contartesse (Paran\u00e1)<\/p>\n\n\n\n<p><strong>60 a 64 a\u00f1os<\/strong><br>1\u00aa) Alesina Actis (Paran\u00e1)<\/p>\n\n\n\n<p><strong>\u2022 LOS PODIOS POR CATEGOR\u00cdAS \u2013 RAMA MASCULINA<\/strong><\/p>\n\n\n\n<p><strong>17 a 19 a\u00f1os<\/strong><br>1\u00ba) Gaspar Weber (Crespo)<\/p>\n\n\n\n<p><strong>20 a 24 a\u00f1os<\/strong><br>1\u00ba) Emiliano Basay (Federal)<br>2\u00ba) Marcelo Cuevas (Mercedes)<br>3\u00ba) Ramiro Rossi (Victoria)<\/p>\n\n\n\n<p><strong>25 a 29 a\u00f1os<\/strong><br>1\u00ba) Fabricio Fern\u00e1ndez (Crespo)<br>2\u00ba) Agust\u00edn Bilis (Diamante)<br>3\u00ba) Nicol\u00e1s R\u00edos (Crespo)<\/p>\n\n\n\n<p><strong>30 a 34 a\u00f1os<\/strong><br>1\u00ba) Augusto Masset (Crespo)<br>2\u00ba) Fernando Portillo (Villaguay)<br>3\u00ba) Ram\u00f3n Monz\u00f3n (San Victor)<\/p>\n\n\n\n<p><strong>35 a 39 a\u00f1os<\/strong><br>1\u00ba) Walter Jacob (Crespo)<br>2\u00ba) Emiliano Schroeder (Villaguay)<br>3\u00ba) Jonathan Ziegler (Gualeguaych\u00fa)<\/p>\n\n\n\n<p><strong>40 a 44 a\u00f1os<\/strong><br>1\u00ba) Jorge Lindt (Federal)<br>2\u00ba) Paulo Sauer (Aldea Mar\u00eda Luisa)<br>3\u00ba) Mauro Trossero (Crespo)<\/p>\n\n\n<div class=\"wp-block-image\">\n<figure class=\"aligncenter size-large\"><img loading=\"lazy\" decoding=\"async\" width=\"1024\" height=\"949\" src=\"https:\/\/www.delexodo.com.ar\/wp-content\/uploads\/2025\/11\/Ramas-Madculinas1-1024x949.jpg\" alt=\"\" class=\"wp-image-12122\" srcset=\"https:\/\/www.delexodo.com.ar\/wp-content\/uploads\/2025\/11\/Ramas-Madculinas1-1024x949.jpg 1024w, https:\/\/www.delexodo.com.ar\/wp-content\/uploads\/2025\/11\/Ramas-Madculinas1-300x278.jpg 300w, https:\/\/www.delexodo.com.ar\/wp-content\/uploads\/2025\/11\/Ramas-Madculinas1-768x712.jpg 768w, https:\/\/www.delexodo.com.ar\/wp-content\/uploads\/2025\/11\/Ramas-Madculinas1.jpg 1063w\" sizes=\"auto, (max-width: 1024px) 100vw, 1024px\" \/><\/figure><\/div>\n\n\n<p><strong>45 a 49 a\u00f1os<\/strong><br>1\u00ba) Gerardo Tripodi (Paran\u00e1)<br>2\u00ba) Esteban Zabala (Humboldt)<br>3\u00ba) Leonardo Rold\u00e1n (Crespo)<\/p>\n\n\n\n<p><strong>50 a 54 a\u00f1os<\/strong><br>1\u00ba) Ricardo C\u00e1ceres (Aldea San Antonio)<br>2\u00ba) Walter Milessi (Gualeguay)<br>3\u00ba) Macelo Caraballo (Viale)<\/p>\n\n\n\n<p><strong>55 a 59 a\u00f1os<\/strong><br>1\u00ba) Jos\u00e9 Luis Herrera (Santo Tom\u00e9)<br>2\u00ba) V\u00edctor Fleitas (Paran\u00e1)<br>3\u00ba) Jos\u00e9 Terranova (Paran\u00e1)<\/p>\n\n\n\n<p><strong>60 a 64 a\u00f1os<\/strong><br>1\u00ba) Carlos P\u00e9rez (Segu\u00ed)<br>2\u00ba) Jos\u00e9 Zapata (Crespo)<br>3\u00ba) Jos\u00e9 Simon (Crespo)<\/p>\n\n\n\n<p><strong>65 a\u00f1os y m\u00e1s<\/strong><br>Carlos Speranza (San Benito)<\/p>\n\n\n\n<p><strong>10 km. Especiales<\/strong><br>1\u00ba) Dami\u00e1n Pacher (Victoria)<br>2\u00ba) Hugo Acu\u00f1a (Rosario)<br>3\u00ba) Mart\u00edn Tesoro (Paran\u00e1)<\/p>\n\n\n<div class=\"wp-block-image\">\n<figure class=\"aligncenter size-large\"><img loading=\"lazy\" decoding=\"async\" width=\"1024\" height=\"342\" src=\"https:\/\/www.delexodo.com.ar\/wp-content\/uploads\/2025\/11\/Ramas-Madculinas2-1024x342.jpg\" alt=\"\" class=\"wp-image-12123\" srcset=\"https:\/\/www.delexodo.com.ar\/wp-content\/uploads\/2025\/11\/Ramas-Madculinas2-1024x342.jpg 1024w, https:\/\/www.delexodo.com.ar\/wp-content\/uploads\/2025\/11\/Ramas-Madculinas2-300x100.jpg 300w, https:\/\/www.delexodo.com.ar\/wp-content\/uploads\/2025\/11\/Ramas-Madculinas2-768x256.jpg 768w, https:\/\/www.delexodo.com.ar\/wp-content\/uploads\/2025\/11\/Ramas-Madculinas2.jpg 1063w\" sizes=\"auto, (max-width: 1024px) 100vw, 1024px\" \/><\/figure><\/div>","protected":false},"excerpt":{"rendered":"<p>La\u00a0Marat\u00f3n de la Avicultura\u00a0brill\u00f3 con una multitudinaria asistencia que dio un gran colorido a los dos circuitos de\u00a010 kil\u00f3metros competitivos\u00a0y\u00a05&hellip;<\/p>\n","protected":false},"author":1,"featured_media":12119,"comment_status":"closed","ping_status":"closed","sticky":false,"template":"","format":"standard","meta":{"_joinchat":[],"footnotes":""},"categories":[353],"tags":[345],"class_list":["post-12117","post","type-post","status-publish","format-standard","has-post-thumbnail","hentry","category-deportes","tag-destacar"],"yoast_head":"<!-- This site is optimized with the Yoast SEO plugin v25.1 - https:\/\/yoast.com\/wordpress\/plugins\/seo\/ -->\n<title>Marat\u00f3n de la Avicultura: La fiesta deportiva de la ciudad de Crespo - Del \u00c9xodo Nogoy\u00e1<\/title>\n<meta name=\"robots\" content=\"index, follow, max-snippet:-1, max-image-preview:large, max-video-preview:-1\" \/>\n<link rel=\"canonical\" href=\"https:\/\/www.delexodo.com.ar\/?p=12117\" \/>\n<meta property=\"og:locale\" content=\"es_ES\" \/>\n<meta property=\"og:type\" content=\"article\" \/>\n<meta property=\"og:title\" content=\"Marat\u00f3n de la Avicultura: La fiesta deportiva de la ciudad de Crespo - Del \u00c9xodo Nogoy\u00e1\" \/>\n<meta property=\"og:description\" content=\"La\u00a0Marat\u00f3n de la Avicultura\u00a0brill\u00f3 con una multitudinaria asistencia que dio un gran colorido a los dos circuitos de\u00a010 kil\u00f3metros competitivos\u00a0y\u00a05&hellip;\" \/>\n<meta property=\"og:url\" content=\"https:\/\/www.delexodo.com.ar\/?p=12117\" \/>\n<meta property=\"og:site_name\" content=\"Del \u00c9xodo Nogoy\u00e1\" \/>\n<meta property=\"article:published_time\" content=\"2025-11-02T15:12:21+00:00\" \/>\n<meta property=\"article:modified_time\" content=\"2025-11-02T15:12:22+00:00\" \/>\n<meta property=\"og:image\" content=\"https:\/\/www.delexodo.com.ar\/wp-content\/uploads\/2025\/11\/Portada-Maraton.jpg\" \/>\n\t<meta property=\"og:image:width\" content=\"1280\" \/>\n\t<meta property=\"og:image:height\" content=\"640\" \/>\n\t<meta property=\"og:image:type\" content=\"image\/jpeg\" \/>\n<meta name=\"author\" content=\"admin\" \/>\n<meta name=\"twitter:card\" content=\"summary_large_image\" \/>\n<meta name=\"twitter:label1\" content=\"Escrito por\" \/>\n\t<meta name=\"twitter:data1\" content=\"admin\" \/>\n\t<meta name=\"twitter:label2\" content=\"Tiempo de lectura\" \/>\n\t<meta name=\"twitter:data2\" content=\"4 minutos\" \/>\n<script type=\"application\/ld+json\" class=\"yoast-schema-graph\">{\"@context\":\"https:\/\/schema.org\",\"@graph\":[{\"@type\":\"Article\",\"@id\":\"https:\/\/www.delexodo.com.ar\/?p=12117#article\",\"isPartOf\":{\"@id\":\"https:\/\/www.delexodo.com.ar\/?p=12117\"},\"author\":{\"name\":\"admin\",\"@id\":\"https:\/\/www.delexodo.com.ar\/#\/schema\/person\/bbed37f7da8e938660b34f2013ba449d\"},\"headline\":\"Marat\u00f3n de la Avicultura: La fiesta deportiva de la ciudad de Crespo\",\"datePublished\":\"2025-11-02T15:12:21+00:00\",\"dateModified\":\"2025-11-02T15:12:22+00:00\",\"mainEntityOfPage\":{\"@id\":\"https:\/\/www.delexodo.com.ar\/?p=12117\"},\"wordCount\":412,\"publisher\":{\"@id\":\"https:\/\/www.delexodo.com.ar\/#organization\"},\"image\":{\"@id\":\"https:\/\/www.delexodo.com.ar\/?p=12117#primaryimage\"},\"thumbnailUrl\":\"https:\/\/www.delexodo.com.ar\/wp-content\/uploads\/2025\/11\/Portada-Maraton.jpg\",\"keywords\":[\"destacar\"],\"articleSection\":[\"Deportes\"],\"inLanguage\":\"es\"},{\"@type\":\"WebPage\",\"@id\":\"https:\/\/www.delexodo.com.ar\/?p=12117\",\"url\":\"https:\/\/www.delexodo.com.ar\/?p=12117\",\"name\":\"Marat\u00f3n de la Avicultura: La fiesta deportiva de la ciudad de Crespo - Del \u00c9xodo Nogoy\u00e1\",\"isPartOf\":{\"@id\":\"https:\/\/www.delexodo.com.ar\/#website\"},\"primaryImageOfPage\":{\"@id\":\"https:\/\/www.delexodo.com.ar\/?p=12117#primaryimage\"},\"image\":{\"@id\":\"https:\/\/www.delexodo.com.ar\/?p=12117#primaryimage\"},\"thumbnailUrl\":\"https:\/\/www.delexodo.com.ar\/wp-content\/uploads\/2025\/11\/Portada-Maraton.jpg\",\"datePublished\":\"2025-11-02T15:12:21+00:00\",\"dateModified\":\"2025-11-02T15:12:22+00:00\",\"breadcrumb\":{\"@id\":\"https:\/\/www.delexodo.com.ar\/?p=12117#breadcrumb\"},\"inLanguage\":\"es\",\"potentialAction\":[{\"@type\":\"ReadAction\",\"target\":[\"https:\/\/www.delexodo.com.ar\/?p=12117\"]}]},{\"@type\":\"ImageObject\",\"inLanguage\":\"es\",\"@id\":\"https:\/\/www.delexodo.com.ar\/?p=12117#primaryimage\",\"url\":\"https:\/\/www.delexodo.com.ar\/wp-content\/uploads\/2025\/11\/Portada-Maraton.jpg\",\"contentUrl\":\"https:\/\/www.delexodo.com.ar\/wp-content\/uploads\/2025\/11\/Portada-Maraton.jpg\",\"width\":1280,\"height\":640},{\"@type\":\"BreadcrumbList\",\"@id\":\"https:\/\/www.delexodo.com.ar\/?p=12117#breadcrumb\",\"itemListElement\":[{\"@type\":\"ListItem\",\"position\":1,\"name\":\"Portada\",\"item\":\"https:\/\/www.delexodo.com.ar\/\"},{\"@type\":\"ListItem\",\"position\":2,\"name\":\"Marat\u00f3n de la Avicultura: La fiesta deportiva de la ciudad de Crespo\"}]},{\"@type\":\"WebSite\",\"@id\":\"https:\/\/www.delexodo.com.ar\/#website\",\"url\":\"https:\/\/www.delexodo.com.ar\/\",\"name\":\"Del \u00c9xodo Nogoy\u00e1\",\"description\":\"El Portal de Noticias de la Regi\u00f3n\",\"publisher\":{\"@id\":\"https:\/\/www.delexodo.com.ar\/#organization\"},\"potentialAction\":[{\"@type\":\"SearchAction\",\"target\":{\"@type\":\"EntryPoint\",\"urlTemplate\":\"https:\/\/www.delexodo.com.ar\/?s={search_term_string}\"},\"query-input\":{\"@type\":\"PropertyValueSpecification\",\"valueRequired\":true,\"valueName\":\"search_term_string\"}}],\"inLanguage\":\"es\"},{\"@type\":\"Organization\",\"@id\":\"https:\/\/www.delexodo.com.ar\/#organization\",\"name\":\"Del \u00c9xodo Nogoy\u00e1\",\"url\":\"https:\/\/www.delexodo.com.ar\/\",\"logo\":{\"@type\":\"ImageObject\",\"inLanguage\":\"es\",\"@id\":\"https:\/\/www.delexodo.com.ar\/#\/schema\/logo\/image\/\",\"url\":\"https:\/\/www.delexodo.com.ar\/wp-content\/uploads\/2024\/10\/cropped-cropped-LOGO24.png\",\"contentUrl\":\"https:\/\/www.delexodo.com.ar\/wp-content\/uploads\/2024\/10\/cropped-cropped-LOGO24.png\",\"width\":512,\"height\":349,\"caption\":\"Del \u00c9xodo Nogoy\u00e1\"},\"image\":{\"@id\":\"https:\/\/www.delexodo.com.ar\/#\/schema\/logo\/image\/\"}},{\"@type\":\"Person\",\"@id\":\"https:\/\/www.delexodo.com.ar\/#\/schema\/person\/bbed37f7da8e938660b34f2013ba449d\",\"name\":\"admin\",\"image\":{\"@type\":\"ImageObject\",\"inLanguage\":\"es\",\"@id\":\"https:\/\/www.delexodo.com.ar\/#\/schema\/person\/image\/\",\"url\":\"https:\/\/secure.gravatar.com\/avatar\/6b1558d1b6df085f1901bd5bd98523d7?s=96&d=mm&r=g\",\"contentUrl\":\"https:\/\/secure.gravatar.com\/avatar\/6b1558d1b6df085f1901bd5bd98523d7?s=96&d=mm&r=g\",\"caption\":\"admin\"},\"url\":\"https:\/\/www.delexodo.com.ar\/?author=1\"}]}<\/script>\n<!-- \/ Yoast SEO plugin. -->","yoast_head_json":{"title":"Marat\u00f3n de la Avicultura: La fiesta deportiva de la ciudad de Crespo - Del \u00c9xodo Nogoy\u00e1","robots":{"index":"index","follow":"follow","max-snippet":"max-snippet:-1","max-image-preview":"max-image-preview:large","max-video-preview":"max-video-preview:-1"},"canonical":"https:\/\/www.delexodo.com.ar\/?p=12117","og_locale":"es_ES","og_type":"article","og_title":"Marat\u00f3n de la Avicultura: La fiesta deportiva de la ciudad de Crespo - Del \u00c9xodo Nogoy\u00e1","og_description":"La\u00a0Marat\u00f3n de la Avicultura\u00a0brill\u00f3 con una multitudinaria asistencia que dio un gran colorido a los dos circuitos de\u00a010 kil\u00f3metros competitivos\u00a0y\u00a05&hellip;","og_url":"https:\/\/www.delexodo.com.ar\/?p=12117","og_site_name":"Del \u00c9xodo Nogoy\u00e1","article_published_time":"2025-11-02T15:12:21+00:00","article_modified_time":"2025-11-02T15:12:22+00:00","og_image":[{"width":1280,"height":640,"url":"https:\/\/www.delexodo.com.ar\/wp-content\/uploads\/2025\/11\/Portada-Maraton.jpg","type":"image\/jpeg"}],"author":"admin","twitter_card":"summary_large_image","twitter_misc":{"Escrito por":"admin","Tiempo de lectura":"4 minutos"},"schema":{"@context":"https:\/\/schema.org","@graph":[{"@type":"Article","@id":"https:\/\/www.delexodo.com.ar\/?p=12117#article","isPartOf":{"@id":"https:\/\/www.delexodo.com.ar\/?p=12117"},"author":{"name":"admin","@id":"https:\/\/www.delexodo.com.ar\/#\/schema\/person\/bbed37f7da8e938660b34f2013ba449d"},"headline":"Marat\u00f3n de la Avicultura: La fiesta deportiva de la ciudad de Crespo","datePublished":"2025-11-02T15:12:21+00:00","dateModified":"2025-11-02T15:12:22+00:00","mainEntityOfPage":{"@id":"https:\/\/www.delexodo.com.ar\/?p=12117"},"wordCount":412,"publisher":{"@id":"https:\/\/www.delexodo.com.ar\/#organization"},"image":{"@id":"https:\/\/www.delexodo.com.ar\/?p=12117#primaryimage"},"thumbnailUrl":"https:\/\/www.delexodo.com.ar\/wp-content\/uploads\/2025\/11\/Portada-Maraton.jpg","keywords":["destacar"],"articleSection":["Deportes"],"inLanguage":"es"},{"@type":"WebPage","@id":"https:\/\/www.delexodo.com.ar\/?p=12117","url":"https:\/\/www.delexodo.com.ar\/?p=12117","name":"Marat\u00f3n de la Avicultura: La fiesta deportiva de la ciudad de Crespo - Del \u00c9xodo Nogoy\u00e1","isPartOf":{"@id":"https:\/\/www.delexodo.com.ar\/#website"},"primaryImageOfPage":{"@id":"https:\/\/www.delexodo.com.ar\/?p=12117#primaryimage"},"image":{"@id":"https:\/\/www.delexodo.com.ar\/?p=12117#primaryimage"},"thumbnailUrl":"https:\/\/www.delexodo.com.ar\/wp-content\/uploads\/2025\/11\/Portada-Maraton.jpg","datePublished":"2025-11-02T15:12:21+00:00","dateModified":"2025-11-02T15:12:22+00:00","breadcrumb":{"@id":"https:\/\/www.delexodo.com.ar\/?p=12117#breadcrumb"},"inLanguage":"es","potentialAction":[{"@type":"ReadAction","target":["https:\/\/www.delexodo.com.ar\/?p=12117"]}]},{"@type":"ImageObject","inLanguage":"es","@id":"https:\/\/www.delexodo.com.ar\/?p=12117#primaryimage","url":"https:\/\/www.delexodo.com.ar\/wp-content\/uploads\/2025\/11\/Portada-Maraton.jpg","contentUrl":"https:\/\/www.delexodo.com.ar\/wp-content\/uploads\/2025\/11\/Portada-Maraton.jpg","width":1280,"height":640},{"@type":"BreadcrumbList","@id":"https:\/\/www.delexodo.com.ar\/?p=12117#breadcrumb","itemListElement":[{"@type":"ListItem","position":1,"name":"Portada","item":"https:\/\/www.delexodo.com.ar\/"},{"@type":"ListItem","position":2,"name":"Marat\u00f3n de la Avicultura: La fiesta deportiva de la ciudad de Crespo"}]},{"@type":"WebSite","@id":"https:\/\/www.delexodo.com.ar\/#website","url":"https:\/\/www.delexodo.com.ar\/","name":"Del \u00c9xodo Nogoy\u00e1","description":"El Portal de Noticias de la Regi\u00f3n","publisher":{"@id":"https:\/\/www.delexodo.com.ar\/#organization"},"potentialAction":[{"@type":"SearchAction","target":{"@type":"EntryPoint","urlTemplate":"https:\/\/www.delexodo.com.ar\/?s={search_term_string}"},"query-input":{"@type":"PropertyValueSpecification","valueRequired":true,"valueName":"search_term_string"}}],"inLanguage":"es"},{"@type":"Organization","@id":"https:\/\/www.delexodo.com.ar\/#organization","name":"Del \u00c9xodo Nogoy\u00e1","url":"https:\/\/www.delexodo.com.ar\/","logo":{"@type":"ImageObject","inLanguage":"es","@id":"https:\/\/www.delexodo.com.ar\/#\/schema\/logo\/image\/","url":"https:\/\/www.delexodo.com.ar\/wp-content\/uploads\/2024\/10\/cropped-cropped-LOGO24.png","contentUrl":"https:\/\/www.delexodo.com.ar\/wp-content\/uploads\/2024\/10\/cropped-cropped-LOGO24.png","width":512,"height":349,"caption":"Del \u00c9xodo Nogoy\u00e1"},"image":{"@id":"https:\/\/www.delexodo.com.ar\/#\/schema\/logo\/image\/"}},{"@type":"Person","@id":"https:\/\/www.delexodo.com.ar\/#\/schema\/person\/bbed37f7da8e938660b34f2013ba449d","name":"admin","image":{"@type":"ImageObject","inLanguage":"es","@id":"https:\/\/www.delexodo.com.ar\/#\/schema\/person\/image\/","url":"https:\/\/secure.gravatar.com\/avatar\/6b1558d1b6df085f1901bd5bd98523d7?s=96&d=mm&r=g","contentUrl":"https:\/\/secure.gravatar.com\/avatar\/6b1558d1b6df085f1901bd5bd98523d7?s=96&d=mm&r=g","caption":"admin"},"url":"https:\/\/www.delexodo.com.ar\/?author=1"}]}},"_links":{"self":[{"href":"https:\/\/www.delexodo.com.ar\/index.php?rest_route=\/wp\/v2\/posts\/12117","targetHints":{"allow":["GET"]}}],"collection":[{"href":"https:\/\/www.delexodo.com.ar\/index.php?rest_route=\/wp\/v2\/posts"}],"about":[{"href":"https:\/\/www.delexodo.com.ar\/index.php?rest_route=\/wp\/v2\/types\/post"}],"author":[{"embeddable":true,"href":"https:\/\/www.delexodo.com.ar\/index.php?rest_route=\/wp\/v2\/users\/1"}],"replies":[{"embeddable":true,"href":"https:\/\/www.delexodo.com.ar\/index.php?rest_route=%2Fwp%2Fv2%2Fcomments&post=12117"}],"version-history":[{"count":1,"href":"https:\/\/www.delexodo.com.ar\/index.php?rest_route=\/wp\/v2\/posts\/12117\/revisions"}],"predecessor-version":[{"id":12124,"href":"https:\/\/www.delexodo.com.ar\/index.php?rest_route=\/wp\/v2\/posts\/12117\/revisions\/12124"}],"wp:featuredmedia":[{"embeddable":true,"href":"https:\/\/www.delexodo.com.ar\/index.php?rest_route=\/wp\/v2\/media\/12119"}],"wp:attachment":[{"href":"https:\/\/www.delexodo.com.ar\/index.php?rest_route=%2Fwp%2Fv2%2Fmedia&parent=12117"}],"wp:term":[{"taxonomy":"category","embeddable":true,"href":"https:\/\/www.delexodo.com.ar\/index.php?rest_route=%2Fwp%2Fv2%2Fcategories&post=12117"},{"taxonomy":"post_tag","embeddable":true,"href":"https:\/\/www.delexodo.com.ar\/index.php?rest_route=%2Fwp%2Fv2%2Ftags&post=12117"}],"curies":[{"name":"wp","href":"https:\/\/api.w.org\/{rel}","templated":true}]}}