{"id":12049,"date":"2025-09-26T21:14:45","date_gmt":"2025-09-27T00:14:45","guid":{"rendered":"https:\/\/www.delexodo.com.ar\/?p=12049"},"modified":"2025-09-27T21:22:40","modified_gmt":"2025-09-28T00:22:40","slug":"aluani-acompano-la-inauguracion-de-obras-publicas-en-aranguren","status":"publish","type":"post","link":"https:\/\/www.delexodo.com.ar\/?p=12049","title":{"rendered":"Aluani acompa\u00f1\u00f3 la inauguraci\u00f3n de obras p\u00fablicas en Aranguren"},"content":{"rendered":"\n<p><strong><em>La vicegobernadora Alicia Aluani estuvo presente este viernes en la localidad de Aranguren, departamento Nogoy\u00e1, donde particip\u00f3 del acto de habilitaci\u00f3n de la mano sur de la Avenida Victoria y de la entrega de viviendas sociales.<\/em><\/strong><\/p>\n\n\n\n<p>Junto a la vicegobernadora estuvieron presentes el intendente y la viceintendente de la localidad, Luis Siebenlist y Mirta Levars; concejales, autoridades municipales y policiales; y vecinos de la comunidad. Adem\u00e1s, el acto cont\u00f3 con el acompa\u00f1amiento del intendente de la localidad de Hern\u00e1ndez, Luis Gaioli.<\/p>\n\n\n<div class=\"wp-block-image\">\n<figure class=\"alignleft size-full is-resized\"><img loading=\"lazy\" decoding=\"async\" width=\"900\" height=\"600\" src=\"https:\/\/www.delexodo.com.ar\/wp-content\/uploads\/2025\/09\/Aluani-Aranguren-portada-1.jpg\" alt=\"\" class=\"wp-image-12051\" style=\"width:271px;height:auto\" srcset=\"https:\/\/www.delexodo.com.ar\/wp-content\/uploads\/2025\/09\/Aluani-Aranguren-portada-1.jpg 900w, https:\/\/www.delexodo.com.ar\/wp-content\/uploads\/2025\/09\/Aluani-Aranguren-portada-1-300x200.jpg 300w, https:\/\/www.delexodo.com.ar\/wp-content\/uploads\/2025\/09\/Aluani-Aranguren-portada-1-768x512.jpg 768w\" sizes=\"auto, (max-width: 900px) 100vw, 900px\" \/><\/figure><\/div>\n\n\n<p>A trav\u00e9s de un acto oficial, las autoridades dejaron inaugurada la puesta en valor de la mano sur de la avenida Victoria y llevaron a cabo la entrega de tres m\u00f3dulos habitacionales destinados a familias de la comunidad. Adem\u00e1s, se oficializ\u00f3 la compra de un nuevo rodado para la utilizaci\u00f3n del municipio.<\/p>\n\n\n\n<p>Al hacer uso de la palabra, Aluani expres\u00f3: <em>\u00abHoy es un d\u00eda de buenas noticias, porque hacemos la entrega de viviendas sociales, la habilitaci\u00f3n de la avenida y la entrega de una herramienta fundamental para la comunidad. Todas estas son decisiones pol\u00edticas que hacen al bienestar de la poblaci\u00f3n, en este caso, decisiones de parte del gobierno municipal\u00bb<\/em>, subray\u00f3 la mandataria.<\/p>\n\n\n<div class=\"wp-block-image\">\n<figure class=\"alignright size-full is-resized\"><img loading=\"lazy\" decoding=\"async\" width=\"600\" height=\"399\" src=\"https:\/\/www.delexodo.com.ar\/wp-content\/uploads\/2025\/09\/Aluani-Aranguren.jpg\" alt=\"\" class=\"wp-image-12052\" style=\"width:285px;height:auto\" srcset=\"https:\/\/www.delexodo.com.ar\/wp-content\/uploads\/2025\/09\/Aluani-Aranguren.jpg 600w, https:\/\/www.delexodo.com.ar\/wp-content\/uploads\/2025\/09\/Aluani-Aranguren-300x200.jpg 300w\" sizes=\"auto, (max-width: 600px) 100vw, 600px\" \/><\/figure><\/div>\n\n\n<p>En tal sentido, la vicegobernadora consider\u00f3: <em>\u00abTodo esto tiene algo en com\u00fan: la inversi\u00f3n con responsabilidad por parte de la Municipalidad de Aranguren, porque cuando se gestiona con sensatez, responsabilidad y con ganas de avanzar, tenemos estos resultados, que son las transformaciones reales y cercanas para todos los vecinos\u00bb<\/em>, resalt\u00f3.<\/p>\n\n\n\n<p>En otro tramo de su discurso, Aluani felicit\u00f3 a las familias que a partir de hoy tendr\u00e1n su techo propio, un hogar.<em> \u00abDetr\u00e1s de esa llave van a venir seguramente muchos sue\u00f1os\u00bb<\/em>, asegur\u00f3 tras destacar la gesti\u00f3n del intendente y todo su equipo municipal. Y agreg\u00f3: <em>\u00abCelebro estos logros y quiero transmitir, como siempre dice el gobernador Rogelio Frigerio: invertir cada peso donde debe ser, y en este caso el intendente lo invirti\u00f3 viendo las prioridades de su poblaci\u00f3n\u00bb<\/em>.<\/p>\n\n\n\n<p><em>\u00abDesde el Gobierno provincial queremos seguir trabajando juntos, para poder avanzar y para que la poblaci\u00f3n tenga un futuro mucho mejor\u00bb<\/em>, dijo finamente la vicegobernadora.<\/p>\n\n\n<div class=\"wp-block-image\">\n<figure class=\"alignleft size-full is-resized\"><img loading=\"lazy\" decoding=\"async\" width=\"600\" height=\"400\" src=\"https:\/\/www.delexodo.com.ar\/wp-content\/uploads\/2025\/09\/Aluani-Aranguren-placa.jpg\" alt=\"\" class=\"wp-image-12053\" style=\"width:273px;height:auto\" srcset=\"https:\/\/www.delexodo.com.ar\/wp-content\/uploads\/2025\/09\/Aluani-Aranguren-placa.jpg 600w, https:\/\/www.delexodo.com.ar\/wp-content\/uploads\/2025\/09\/Aluani-Aranguren-placa-300x200.jpg 300w\" sizes=\"auto, (max-width: 600px) 100vw, 600px\" \/><\/figure><\/div>\n\n\n<p>Por su parte, el intendente Luis Siebenlist, manifest\u00f3: <em>\u00abEs un verdadero honor para m\u00ed estar aqu\u00ed hoy en esta significativa ocasi\u00f3n donde celebramos la inauguraci\u00f3n de obras de tres m\u00f3dulos habitacionales, que viene a dar una soluci\u00f3n a familias que se encuentran en posiciones de vulnerabilidad para que puedan tener una vida digna, en mejores condiciones y sus hijos puedan encontrarse en igualdad de condiciones que los dem\u00e1s ni\u00f1os. A pesar de las numerosas adversidades que caracterizan estos tiempos, en el que pareciera primar la interpretaci\u00f3n de n\u00fameros en lugar de las personas, nuestro compromiso es y seguir\u00e1 siendo mejorar la calidad de vida de nuestros vecinos. El balance deber\u00e1 cerrar, pero con la gente adentro\u00bb<\/em>, afirm\u00f3.<\/p>\n\n\n\n<p>Seguidamente, el jefe comunal habl\u00f3 de la puesta en valor de la Avenida Victoria con sus respectivas obras de cord\u00f3n cuneta, iluminaci\u00f3n, arbolado y la consolidaci\u00f3n del sueldo de material calcario. <em>\u00abEsto es un anhelo de nuestra localidad, especialmente el municipio, dando una mejor\u00eda sustancial en el tr\u00e1nsito de esa arteria\u00bb<\/em>, indic\u00f3 al tiempo que mencion\u00f3 otras obras que contin\u00faan en ejecuci\u00f3n con fondos propios. Dijo, adem\u00e1s, que el municipio incorpor\u00f3 a su parque automotor un rodado 0 Km pick up, <em>\u00abque sin duda ser\u00e1 de mucha utilidad para nuestro municipio\u00bb<\/em>.<\/p>\n\n\n\n<p>Siebenlist tambi\u00e9n valor\u00f3 y felicit\u00f3 <em>\u00aba todas las personas que han contribuido en la realizaci\u00f3n de estas obras, que han estado involucrados en la etapa del proceso de su arduo trabajo y compromiso han sido fundamentales para lograr esto\u00bb<\/em>, remarc\u00f3.<\/p>\n\n\n\n<p><em>\u00abQuiero agradecer al pueblo de Aranguren que siempre nos ha mostrado su apoyo y paciencia para alcanzar nuevas metas. Su comprensi\u00f3n y participaci\u00f3n son fundamentales para que podamos seguir avanzando y construyendo un futuro mejor para todos\u00bb<\/em>, anhel\u00f3 el intendente.<\/p>\n\n\n\n<p>En tanto, Claudia Katsos, integrante del Gabinete Interdisciplinario de Acci\u00f3n Social Municipal, dijo: <em>\u00abSolo puedo sentir un profundo orgullo por lo que hoy como comunidad de Aranguren estamos logrando. Hoy no solo se entregan tres casas, sino que se entregan tres llaves que abren puertas a la dignidad, a la esperanza y a una nueva vida. La necesidad de una vivienda digna en nuestra localidad es una problem\u00e1tica de larga data, una preocupaci\u00f3n que nos desvela a muchos, especialmente cuando hay una discapacidad\u00bb<\/em>.<\/p>\n\n\n\n<p><em>\u00abDesde el municipio hemos acompa\u00f1ado en cada uno de sus momentos a estas tres familias. Conocemos de cerca sus sentires, sus dolores, sus obst\u00e1culos, pero tambi\u00e9n sus sue\u00f1os, sus proyectos, sus potencialidades. Una vivienda digna permite que las infancias, que son nuestra mayor riqueza, crezcan en un ambiente seguro, estable y tengan el mejor punto de partida para so\u00f1ar, estudiar y crecer\u00bb<\/em>, dijo la funcionaria municipal.<\/p>\n\n\n<div class=\"wp-block-image\">\n<figure class=\"aligncenter size-large\"><img loading=\"lazy\" decoding=\"async\" width=\"1024\" height=\"231\" src=\"https:\/\/www.delexodo.com.ar\/wp-content\/uploads\/2024\/02\/SENADO-ER-24-1024x231.png\" alt=\"\" class=\"wp-image-10161\" srcset=\"https:\/\/www.delexodo.com.ar\/wp-content\/uploads\/2024\/02\/SENADO-ER-24-1024x231.png 1024w, https:\/\/www.delexodo.com.ar\/wp-content\/uploads\/2024\/02\/SENADO-ER-24-300x68.png 300w, https:\/\/www.delexodo.com.ar\/wp-content\/uploads\/2024\/02\/SENADO-ER-24-768x173.png 768w, https:\/\/www.delexodo.com.ar\/wp-content\/uploads\/2024\/02\/SENADO-ER-24.png 1421w\" sizes=\"auto, (max-width: 1024px) 100vw, 1024px\" \/><\/figure><\/div>","protected":false},"excerpt":{"rendered":"<p>La vicegobernadora Alicia Aluani estuvo presente este viernes en la localidad de Aranguren, departamento Nogoy\u00e1, donde particip\u00f3 del acto de&hellip;<\/p>\n","protected":false},"author":1,"featured_media":12050,"comment_status":"closed","ping_status":"closed","sticky":false,"template":"","format":"standard","meta":{"_joinchat":[],"footnotes":""},"categories":[1,349],"tags":[345],"class_list":["post-12049","post","type-post","status-publish","format-standard","has-post-thumbnail","hentry","category-sincategoria","category-politica","tag-destacar"],"yoast_head":"<!-- This site is optimized with the Yoast SEO plugin v25.1 - https:\/\/yoast.com\/wordpress\/plugins\/seo\/ -->\n<title>Aluani acompa\u00f1\u00f3 la inauguraci\u00f3n de obras p\u00fablicas en Aranguren - Del \u00c9xodo Nogoy\u00e1<\/title>\n<meta name=\"robots\" content=\"index, follow, max-snippet:-1, max-image-preview:large, max-video-preview:-1\" \/>\n<link rel=\"canonical\" href=\"https:\/\/www.delexodo.com.ar\/?p=12049\" \/>\n<meta property=\"og:locale\" content=\"es_ES\" \/>\n<meta property=\"og:type\" content=\"article\" \/>\n<meta property=\"og:title\" content=\"Aluani acompa\u00f1\u00f3 la inauguraci\u00f3n de obras p\u00fablicas en Aranguren - Del \u00c9xodo Nogoy\u00e1\" \/>\n<meta property=\"og:description\" content=\"La vicegobernadora Alicia Aluani estuvo presente este viernes en la localidad de Aranguren, departamento Nogoy\u00e1, donde particip\u00f3 del acto de&hellip;\" \/>\n<meta property=\"og:url\" content=\"https:\/\/www.delexodo.com.ar\/?p=12049\" \/>\n<meta property=\"og:site_name\" content=\"Del \u00c9xodo Nogoy\u00e1\" \/>\n<meta property=\"article:published_time\" content=\"2025-09-27T00:14:45+00:00\" \/>\n<meta property=\"article:modified_time\" content=\"2025-09-28T00:22:40+00:00\" \/>\n<meta property=\"og:image\" content=\"https:\/\/www.delexodo.com.ar\/wp-content\/uploads\/2025\/09\/Aluani-Aranguren-portada.jpg\" \/>\n\t<meta property=\"og:image:width\" content=\"900\" \/>\n\t<meta property=\"og:image:height\" content=\"600\" \/>\n\t<meta property=\"og:image:type\" content=\"image\/jpeg\" \/>\n<meta name=\"author\" content=\"admin\" \/>\n<meta name=\"twitter:card\" content=\"summary_large_image\" \/>\n<meta name=\"twitter:label1\" content=\"Escrito por\" \/>\n\t<meta name=\"twitter:data1\" content=\"admin\" \/>\n\t<meta name=\"twitter:label2\" content=\"Tiempo de lectura\" \/>\n\t<meta name=\"twitter:data2\" content=\"5 minutos\" \/>\n<script type=\"application\/ld+json\" class=\"yoast-schema-graph\">{\"@context\":\"https:\/\/schema.org\",\"@graph\":[{\"@type\":\"Article\",\"@id\":\"https:\/\/www.delexodo.com.ar\/?p=12049#article\",\"isPartOf\":{\"@id\":\"https:\/\/www.delexodo.com.ar\/?p=12049\"},\"author\":{\"name\":\"admin\",\"@id\":\"https:\/\/www.delexodo.com.ar\/#\/schema\/person\/bbed37f7da8e938660b34f2013ba449d\"},\"headline\":\"Aluani acompa\u00f1\u00f3 la inauguraci\u00f3n de obras p\u00fablicas en Aranguren\",\"datePublished\":\"2025-09-27T00:14:45+00:00\",\"dateModified\":\"2025-09-28T00:22:40+00:00\",\"mainEntityOfPage\":{\"@id\":\"https:\/\/www.delexodo.com.ar\/?p=12049\"},\"wordCount\":843,\"publisher\":{\"@id\":\"https:\/\/www.delexodo.com.ar\/#organization\"},\"image\":{\"@id\":\"https:\/\/www.delexodo.com.ar\/?p=12049#primaryimage\"},\"thumbnailUrl\":\"https:\/\/www.delexodo.com.ar\/wp-content\/uploads\/2025\/09\/Aluani-Aranguren-portada.jpg\",\"keywords\":[\"destacar\"],\"articleSection\":[\"Nogoya\",\"Politica\"],\"inLanguage\":\"es\"},{\"@type\":\"WebPage\",\"@id\":\"https:\/\/www.delexodo.com.ar\/?p=12049\",\"url\":\"https:\/\/www.delexodo.com.ar\/?p=12049\",\"name\":\"Aluani acompa\u00f1\u00f3 la inauguraci\u00f3n de obras p\u00fablicas en Aranguren - Del \u00c9xodo Nogoy\u00e1\",\"isPartOf\":{\"@id\":\"https:\/\/www.delexodo.com.ar\/#website\"},\"primaryImageOfPage\":{\"@id\":\"https:\/\/www.delexodo.com.ar\/?p=12049#primaryimage\"},\"image\":{\"@id\":\"https:\/\/www.delexodo.com.ar\/?p=12049#primaryimage\"},\"thumbnailUrl\":\"https:\/\/www.delexodo.com.ar\/wp-content\/uploads\/2025\/09\/Aluani-Aranguren-portada.jpg\",\"datePublished\":\"2025-09-27T00:14:45+00:00\",\"dateModified\":\"2025-09-28T00:22:40+00:00\",\"breadcrumb\":{\"@id\":\"https:\/\/www.delexodo.com.ar\/?p=12049#breadcrumb\"},\"inLanguage\":\"es\",\"potentialAction\":[{\"@type\":\"ReadAction\",\"target\":[\"https:\/\/www.delexodo.com.ar\/?p=12049\"]}]},{\"@type\":\"ImageObject\",\"inLanguage\":\"es\",\"@id\":\"https:\/\/www.delexodo.com.ar\/?p=12049#primaryimage\",\"url\":\"https:\/\/www.delexodo.com.ar\/wp-content\/uploads\/2025\/09\/Aluani-Aranguren-portada.jpg\",\"contentUrl\":\"https:\/\/www.delexodo.com.ar\/wp-content\/uploads\/2025\/09\/Aluani-Aranguren-portada.jpg\",\"width\":900,\"height\":600},{\"@type\":\"BreadcrumbList\",\"@id\":\"https:\/\/www.delexodo.com.ar\/?p=12049#breadcrumb\",\"itemListElement\":[{\"@type\":\"ListItem\",\"position\":1,\"name\":\"Portada\",\"item\":\"https:\/\/www.delexodo.com.ar\/\"},{\"@type\":\"ListItem\",\"position\":2,\"name\":\"Aluani acompa\u00f1\u00f3 la inauguraci\u00f3n de obras p\u00fablicas en Aranguren\"}]},{\"@type\":\"WebSite\",\"@id\":\"https:\/\/www.delexodo.com.ar\/#website\",\"url\":\"https:\/\/www.delexodo.com.ar\/\",\"name\":\"Del \u00c9xodo Nogoy\u00e1\",\"description\":\"El Portal de Noticias de la Regi\u00f3n\",\"publisher\":{\"@id\":\"https:\/\/www.delexodo.com.ar\/#organization\"},\"potentialAction\":[{\"@type\":\"SearchAction\",\"target\":{\"@type\":\"EntryPoint\",\"urlTemplate\":\"https:\/\/www.delexodo.com.ar\/?s={search_term_string}\"},\"query-input\":{\"@type\":\"PropertyValueSpecification\",\"valueRequired\":true,\"valueName\":\"search_term_string\"}}],\"inLanguage\":\"es\"},{\"@type\":\"Organization\",\"@id\":\"https:\/\/www.delexodo.com.ar\/#organization\",\"name\":\"Del \u00c9xodo Nogoy\u00e1\",\"url\":\"https:\/\/www.delexodo.com.ar\/\",\"logo\":{\"@type\":\"ImageObject\",\"inLanguage\":\"es\",\"@id\":\"https:\/\/www.delexodo.com.ar\/#\/schema\/logo\/image\/\",\"url\":\"https:\/\/www.delexodo.com.ar\/wp-content\/uploads\/2024\/10\/cropped-cropped-LOGO24.png\",\"contentUrl\":\"https:\/\/www.delexodo.com.ar\/wp-content\/uploads\/2024\/10\/cropped-cropped-LOGO24.png\",\"width\":512,\"height\":349,\"caption\":\"Del \u00c9xodo Nogoy\u00e1\"},\"image\":{\"@id\":\"https:\/\/www.delexodo.com.ar\/#\/schema\/logo\/image\/\"}},{\"@type\":\"Person\",\"@id\":\"https:\/\/www.delexodo.com.ar\/#\/schema\/person\/bbed37f7da8e938660b34f2013ba449d\",\"name\":\"admin\",\"image\":{\"@type\":\"ImageObject\",\"inLanguage\":\"es\",\"@id\":\"https:\/\/www.delexodo.com.ar\/#\/schema\/person\/image\/\",\"url\":\"https:\/\/secure.gravatar.com\/avatar\/6b1558d1b6df085f1901bd5bd98523d7?s=96&d=mm&r=g\",\"contentUrl\":\"https:\/\/secure.gravatar.com\/avatar\/6b1558d1b6df085f1901bd5bd98523d7?s=96&d=mm&r=g\",\"caption\":\"admin\"},\"url\":\"https:\/\/www.delexodo.com.ar\/?author=1\"}]}<\/script>\n<!-- \/ Yoast SEO plugin. -->","yoast_head_json":{"title":"Aluani acompa\u00f1\u00f3 la inauguraci\u00f3n de obras p\u00fablicas en Aranguren - Del \u00c9xodo Nogoy\u00e1","robots":{"index":"index","follow":"follow","max-snippet":"max-snippet:-1","max-image-preview":"max-image-preview:large","max-video-preview":"max-video-preview:-1"},"canonical":"https:\/\/www.delexodo.com.ar\/?p=12049","og_locale":"es_ES","og_type":"article","og_title":"Aluani acompa\u00f1\u00f3 la inauguraci\u00f3n de obras p\u00fablicas en Aranguren - Del \u00c9xodo Nogoy\u00e1","og_description":"La vicegobernadora Alicia Aluani estuvo presente este viernes en la localidad de Aranguren, departamento Nogoy\u00e1, donde particip\u00f3 del acto de&hellip;","og_url":"https:\/\/www.delexodo.com.ar\/?p=12049","og_site_name":"Del \u00c9xodo Nogoy\u00e1","article_published_time":"2025-09-27T00:14:45+00:00","article_modified_time":"2025-09-28T00:22:40+00:00","og_image":[{"width":900,"height":600,"url":"https:\/\/www.delexodo.com.ar\/wp-content\/uploads\/2025\/09\/Aluani-Aranguren-portada.jpg","type":"image\/jpeg"}],"author":"admin","twitter_card":"summary_large_image","twitter_misc":{"Escrito por":"admin","Tiempo de lectura":"5 minutos"},"schema":{"@context":"https:\/\/schema.org","@graph":[{"@type":"Article","@id":"https:\/\/www.delexodo.com.ar\/?p=12049#article","isPartOf":{"@id":"https:\/\/www.delexodo.com.ar\/?p=12049"},"author":{"name":"admin","@id":"https:\/\/www.delexodo.com.ar\/#\/schema\/person\/bbed37f7da8e938660b34f2013ba449d"},"headline":"Aluani acompa\u00f1\u00f3 la inauguraci\u00f3n de obras p\u00fablicas en Aranguren","datePublished":"2025-09-27T00:14:45+00:00","dateModified":"2025-09-28T00:22:40+00:00","mainEntityOfPage":{"@id":"https:\/\/www.delexodo.com.ar\/?p=12049"},"wordCount":843,"publisher":{"@id":"https:\/\/www.delexodo.com.ar\/#organization"},"image":{"@id":"https:\/\/www.delexodo.com.ar\/?p=12049#primaryimage"},"thumbnailUrl":"https:\/\/www.delexodo.com.ar\/wp-content\/uploads\/2025\/09\/Aluani-Aranguren-portada.jpg","keywords":["destacar"],"articleSection":["Nogoya","Politica"],"inLanguage":"es"},{"@type":"WebPage","@id":"https:\/\/www.delexodo.com.ar\/?p=12049","url":"https:\/\/www.delexodo.com.ar\/?p=12049","name":"Aluani acompa\u00f1\u00f3 la inauguraci\u00f3n de obras p\u00fablicas en Aranguren - Del \u00c9xodo Nogoy\u00e1","isPartOf":{"@id":"https:\/\/www.delexodo.com.ar\/#website"},"primaryImageOfPage":{"@id":"https:\/\/www.delexodo.com.ar\/?p=12049#primaryimage"},"image":{"@id":"https:\/\/www.delexodo.com.ar\/?p=12049#primaryimage"},"thumbnailUrl":"https:\/\/www.delexodo.com.ar\/wp-content\/uploads\/2025\/09\/Aluani-Aranguren-portada.jpg","datePublished":"2025-09-27T00:14:45+00:00","dateModified":"2025-09-28T00:22:40+00:00","breadcrumb":{"@id":"https:\/\/www.delexodo.com.ar\/?p=12049#breadcrumb"},"inLanguage":"es","potentialAction":[{"@type":"ReadAction","target":["https:\/\/www.delexodo.com.ar\/?p=12049"]}]},{"@type":"ImageObject","inLanguage":"es","@id":"https:\/\/www.delexodo.com.ar\/?p=12049#primaryimage","url":"https:\/\/www.delexodo.com.ar\/wp-content\/uploads\/2025\/09\/Aluani-Aranguren-portada.jpg","contentUrl":"https:\/\/www.delexodo.com.ar\/wp-content\/uploads\/2025\/09\/Aluani-Aranguren-portada.jpg","width":900,"height":600},{"@type":"BreadcrumbList","@id":"https:\/\/www.delexodo.com.ar\/?p=12049#breadcrumb","itemListElement":[{"@type":"ListItem","position":1,"name":"Portada","item":"https:\/\/www.delexodo.com.ar\/"},{"@type":"ListItem","position":2,"name":"Aluani acompa\u00f1\u00f3 la inauguraci\u00f3n de obras p\u00fablicas en Aranguren"}]},{"@type":"WebSite","@id":"https:\/\/www.delexodo.com.ar\/#website","url":"https:\/\/www.delexodo.com.ar\/","name":"Del \u00c9xodo Nogoy\u00e1","description":"El Portal de Noticias de la Regi\u00f3n","publisher":{"@id":"https:\/\/www.delexodo.com.ar\/#organization"},"potentialAction":[{"@type":"SearchAction","target":{"@type":"EntryPoint","urlTemplate":"https:\/\/www.delexodo.com.ar\/?s={search_term_string}"},"query-input":{"@type":"PropertyValueSpecification","valueRequired":true,"valueName":"search_term_string"}}],"inLanguage":"es"},{"@type":"Organization","@id":"https:\/\/www.delexodo.com.ar\/#organization","name":"Del \u00c9xodo Nogoy\u00e1","url":"https:\/\/www.delexodo.com.ar\/","logo":{"@type":"ImageObject","inLanguage":"es","@id":"https:\/\/www.delexodo.com.ar\/#\/schema\/logo\/image\/","url":"https:\/\/www.delexodo.com.ar\/wp-content\/uploads\/2024\/10\/cropped-cropped-LOGO24.png","contentUrl":"https:\/\/www.delexodo.com.ar\/wp-content\/uploads\/2024\/10\/cropped-cropped-LOGO24.png","width":512,"height":349,"caption":"Del \u00c9xodo Nogoy\u00e1"},"image":{"@id":"https:\/\/www.delexodo.com.ar\/#\/schema\/logo\/image\/"}},{"@type":"Person","@id":"https:\/\/www.delexodo.com.ar\/#\/schema\/person\/bbed37f7da8e938660b34f2013ba449d","name":"admin","image":{"@type":"ImageObject","inLanguage":"es","@id":"https:\/\/www.delexodo.com.ar\/#\/schema\/person\/image\/","url":"https:\/\/secure.gravatar.com\/avatar\/6b1558d1b6df085f1901bd5bd98523d7?s=96&d=mm&r=g","contentUrl":"https:\/\/secure.gravatar.com\/avatar\/6b1558d1b6df085f1901bd5bd98523d7?s=96&d=mm&r=g","caption":"admin"},"url":"https:\/\/www.delexodo.com.ar\/?author=1"}]}},"_links":{"self":[{"href":"https:\/\/www.delexodo.com.ar\/index.php?rest_route=\/wp\/v2\/posts\/12049","targetHints":{"allow":["GET"]}}],"collection":[{"href":"https:\/\/www.delexodo.com.ar\/index.php?rest_route=\/wp\/v2\/posts"}],"about":[{"href":"https:\/\/www.delexodo.com.ar\/index.php?rest_route=\/wp\/v2\/types\/post"}],"author":[{"embeddable":true,"href":"https:\/\/www.delexodo.com.ar\/index.php?rest_route=\/wp\/v2\/users\/1"}],"replies":[{"embeddable":true,"href":"https:\/\/www.delexodo.com.ar\/index.php?rest_route=%2Fwp%2Fv2%2Fcomments&post=12049"}],"version-history":[{"count":1,"href":"https:\/\/www.delexodo.com.ar\/index.php?rest_route=\/wp\/v2\/posts\/12049\/revisions"}],"predecessor-version":[{"id":12054,"href":"https:\/\/www.delexodo.com.ar\/index.php?rest_route=\/wp\/v2\/posts\/12049\/revisions\/12054"}],"wp:featuredmedia":[{"embeddable":true,"href":"https:\/\/www.delexodo.com.ar\/index.php?rest_route=\/wp\/v2\/media\/12050"}],"wp:attachment":[{"href":"https:\/\/www.delexodo.com.ar\/index.php?rest_route=%2Fwp%2Fv2%2Fmedia&parent=12049"}],"wp:term":[{"taxonomy":"category","embeddable":true,"href":"https:\/\/www.delexodo.com.ar\/index.php?rest_route=%2Fwp%2Fv2%2Fcategories&post=12049"},{"taxonomy":"post_tag","embeddable":true,"href":"https:\/\/www.delexodo.com.ar\/index.php?rest_route=%2Fwp%2Fv2%2Ftags&post=12049"}],"curies":[{"name":"wp","href":"https:\/\/api.w.org\/{rel}","templated":true}]}}