{"id":12033,"date":"2025-09-19T21:30:00","date_gmt":"2025-09-20T00:30:00","guid":{"rendered":"https:\/\/www.delexodo.com.ar\/?p=12033"},"modified":"2025-09-20T00:36:56","modified_gmt":"2025-09-20T03:36:56","slug":"nogoya-veredicto-de-culpabilidad-en-el-juicio-por-jurados-a-maria-elena-irusta","status":"publish","type":"post","link":"https:\/\/www.delexodo.com.ar\/?p=12033","title":{"rendered":"Nogoy\u00e1: veredicto de culpabilidad en el Juicio por Jurados a Mar\u00eda Elena Irusta"},"content":{"rendered":"\n<p><em><strong>Un jurado popular en Nogoy\u00e1 declar\u00f3 culpable a Mar\u00eda Elena Irusta por el homicidio agravado de Beatriz Fernndez. La fiscal Maite Burruchaga destac\u00f3 el trabajo del equipo y la decisi\u00f3n ciudadana, mientras que una de las hijas de la v\u00edctima expres\u00f3 alivio tras un a\u00f1o y medio de dolor e incertidumbre.<\/strong><\/em><\/p>\n\n\n\n<p>Tras la finalizaci\u00f3n de las audiencias del Juicio por Jurados que se desarroll\u00f3 en Nogoy\u00e1, la fiscal del Ministerio P\u00fablico, <strong>Dra. Maite Burruchaga<\/strong>, brind\u00f3 detalles del proceso que culmin\u00f3 con un veredicto un\u00e1nime: el jurado popular declar\u00f3 culpable a <strong>Mar\u00eda Elena Irusta<\/strong> del delito de <strong><em>\u201cHomicidio agravado por ensa\u00f1amiento y por el concurso premeditado de dos o m\u00e1s personas\u201d<\/em><\/strong>, en car\u00e1cter de coautora.<\/p>\n\n\n\n<p>Luego del veredicto, se llev\u00f3 a cabo una audiencia en la que se solicit\u00f3 la revocaci\u00f3n de la prisi\u00f3n domiciliaria de la acusada. La fiscal\u00eda pidi\u00f3 que, en atenci\u00f3n a la declaraci\u00f3n de culpabilidad, se disponga la prisi\u00f3n preventiva en la Unidad Penal N\u00b06 de Paran\u00e1, hasta tanto la sentencia quede firme.<\/p>\n\n\n\n<figure class=\"wp-block-embed is-type-video is-provider-youtube wp-block-embed-youtube wp-embed-aspect-16-9 wp-has-aspect-ratio\"><div class=\"wp-block-embed__wrapper\">\n<iframe loading=\"lazy\" title=\"Juicio por Jurados Nogoy\u00e1 \" width=\"500\" height=\"281\" src=\"https:\/\/www.youtube.com\/embed\/ab35RGOaBAw?start=27&#038;feature=oembed\" frameborder=\"0\" allow=\"accelerometer; autoplay; clipboard-write; encrypted-media; gyroscope; picture-in-picture; web-share\" referrerpolicy=\"strict-origin-when-cross-origin\" allowfullscreen><\/iframe>\n<\/div><\/figure>\n\n\n\n<p>A la salida del Palacio de Tribunales, la Fiscal Burruchaga, visiblemente cansada y emocionada, expres\u00f3: <em>\u201cAgotada primero, es mucho el trabajo que se hace en los juicios por jurado de parte de todos los que conformamos tanto el Ministerio P\u00fablico Fiscal como la Oficina de Gesti\u00f3n de Audiencias, pero con una sensaci\u00f3n de satisfacci\u00f3n muy grande. El pueblo de Nogoy\u00e1 se ha expresado a trav\u00e9s de los jurados y hemos logrado esta condena que da cierre a los tres acusados que tuvo ese mismo 8 de abril la fiscal\u00eda\u201d<\/em>.<\/p>\n\n\n\n<p>La fiscal agradeci\u00f3 al Dr. Mart\u00ednez, a la jefa de despacho y a todo su equipo de trabajo, y destac\u00f3 el esfuerzo colectivo para llevar adelante el juicio. Tambi\u00e9n remarc\u00f3 la importancia de la responsabilidad en estos procesos: <em>\u201cTenemos que tomar todos los recaudos para condenar a una persona, para derribar ese estado de inocencia, y creo que ha sido una experiencia muy satisfactoria para todos los que participamos\u201d<\/em>.<\/p>\n\n\n\n<p>Burruchaga adelant\u00f3 que la audiencia de cesura, en la que se fijar\u00e1 la pena, ser\u00e1 el viernes 26 a las 10 de la ma\u00f1ana. All\u00ed se dar\u00e1 a conocer formalmente la sentencia, aunque aclar\u00f3 que, al tratarse de un caso en el que el jurado popular decidi\u00f3 una condena que prev\u00e9 prisi\u00f3n perpetua, el tr\u00e1mite ser\u00e1 breve en t\u00e9rminos de tiempo y argumentaciones.<\/p>\n\n\n\n<figure class=\"wp-block-embed is-type-video is-provider-youtube wp-block-embed-youtube wp-embed-aspect-16-9 wp-has-aspect-ratio\"><div class=\"wp-block-embed__wrapper\">\n<iframe loading=\"lazy\" title=\"Juicio por Jurados - Carina, hija de uno de los condenados\" width=\"500\" height=\"281\" src=\"https:\/\/www.youtube.com\/embed\/BFR0UfYfZaM?feature=oembed\" frameborder=\"0\" allow=\"accelerometer; autoplay; clipboard-write; encrypted-media; gyroscope; picture-in-picture; web-share\" referrerpolicy=\"strict-origin-when-cross-origin\" allowfullscreen><\/iframe>\n<\/div><\/figure>\n\n\n\n<p>En paralelo, el testimonio m\u00e1s emotivo lleg\u00f3 de la mano de <strong>Carina Bonadeo<\/strong>, hija de Beatriz Fern\u00e1ndez y de Hugo Bonadeo, y entre l\u00e1grimas, sostuvo:<\/p>\n\n\n\n<blockquote class=\"wp-block-quote is-layout-flow wp-block-quote-is-layout-flow\">\n<p><strong>\u201cUn a\u00f1o y medio de mucha incertidumbre. Sab\u00edamos que los tres ten\u00edan la misma responsabilidad y quer\u00edamos que los tres tuvieran la misma pena, que pagaran por lo que hicieron y que ninguno tuviera privilegios. Quer\u00edamos que mi mam\u00e1 pueda descansar en paz, era por lo que est\u00e1bamos. Ayer vinimos a declarar y dijimos lo poco \u00f3 mucho de lo que sab\u00edamos, sin defender a nadie. A pesar del miedo que ten\u00edamos, lo hicimos, y hoy estamos en paz\u201d<\/strong>.<\/p>\n<\/blockquote>\n\n\n\n<p>Carina tambi\u00e9n record\u00f3 el dolor de su familia:<em> \u201cNosotras (ella y su hermana Betina) en el mismo d\u00eda perdimos a los dos. Y aparte, todo lo que signific\u00f3 a nivel social la exposici\u00f3n, lo que fue para nosotras llevar adelante todo este tiempo. Yo, personalmente, lo llev\u00e9 con miedo\u201d<\/em>.<\/p>\n\n\n\n<p>Finalmente, agradeci\u00f3 el acompa\u00f1amiento de la fiscal: <em>\u201cLa doctora Burruchaga siempre estuvo con nosotras, desde el primer momento nos dijo c\u00f3mo eran las cosas, y eso lo valoramos\u00a0mucho\u201d<\/em>.<\/p>\n\n\n\n<p>Por otro lado, <strong>Betina Bonadeo<\/strong>, hermana de Carina opt\u00f3 por expresarse en la red social Facebook con un sentido mensaje de agradecimiento y de lucha por la verdad a casi una a\u00f1o y medio de ese fat\u00eddico d\u00eda y escribi\u00f3 junto a una foto de su madre; <\/p>\n\n\n\n<p><em><strong>Espero que a partir de hoy encuentres la Paz que necesitabas\u2026<br>Hoy llegamos al resultado que te merec\u00edas.<br>Sin nada la peleamos hasta el final.<br>Quiero agradecerle a la Fiscal Maite Burruchaga profundamente por su compromiso y dedicaci\u00f3n en la b\u00fasqueda de justicia en este caso.<br>Gracias por su valent\u00eda y entrega, que nos dieron confianza en medio de un momento tan dif\u00edcil.<br>Su trabajo incansable y su profesionalismo fueron fundamentales para que la verdad saliera a la luz.<br>Agradecemos su empat\u00eda y su firmeza al representarnos y defender lo justo.<br>Se\u00f1oras y se\u00f1ores del jurado,<br>quiero expresarles mi m\u00e1s sincero agradecimiento por el compromiso, el tiempo y la responsabilidad con la que asumieron esta tarea. S\u00e9 que no es f\u00e1cil dejar de lado la vida cotidiana para dedicar tantos d\u00edas a escuchar, analizar y deliberar con seriedad.<br>Su presencia en este proceso no solo enaltece la b\u00fasqueda de justicia, sino que tambi\u00e9n fortalece nuestra democracia, porque el jurado popular es la voz directa de la ciudadan\u00eda en los tribunales.<br>Gracias, Se\u00f1or Juez, por su compromiso con la verdad y por garantizar que este juicio se desarrollara con respeto y equidad.<br>Se hizo Justicia Betty<br>Y a pesar de que nunca nos entendimos, yo nunca deje de luchar por tu Justicia.<br>Ahora Si Hasta Siempre Mami.<\/strong><\/em><\/p>\n\n\n\n<figure class=\"wp-block-image size-full\"><img loading=\"lazy\" decoding=\"async\" width=\"606\" height=\"558\" src=\"https:\/\/www.delexodo.com.ar\/wp-content\/uploads\/2025\/09\/POSTEO-BETINA-BONADEO.jpg\" alt=\"\" class=\"wp-image-12034\" srcset=\"https:\/\/www.delexodo.com.ar\/wp-content\/uploads\/2025\/09\/POSTEO-BETINA-BONADEO.jpg 606w, https:\/\/www.delexodo.com.ar\/wp-content\/uploads\/2025\/09\/POSTEO-BETINA-BONADEO-300x276.jpg 300w\" sizes=\"auto, (max-width: 606px) 100vw, 606px\" \/><\/figure>\n","protected":false},"excerpt":{"rendered":"<p>Un jurado popular en Nogoy\u00e1 declar\u00f3 culpable a Mar\u00eda Elena Irusta por el homicidio agravado de Beatriz Fernndez. La fiscal&hellip;<\/p>\n","protected":false},"author":1,"featured_media":12035,"comment_status":"closed","ping_status":"closed","sticky":false,"template":"","format":"standard","meta":{"_joinchat":[],"footnotes":""},"categories":[1,69],"tags":[345],"class_list":["post-12033","post","type-post","status-publish","format-standard","has-post-thumbnail","hentry","category-sincategoria","category-noticias","tag-destacar"],"yoast_head":"<!-- This site is optimized with the Yoast SEO plugin v25.1 - https:\/\/yoast.com\/wordpress\/plugins\/seo\/ -->\n<title>Nogoy\u00e1: veredicto de culpabilidad en el Juicio por Jurados a Mar\u00eda Elena Irusta - Del \u00c9xodo Nogoy\u00e1<\/title>\n<meta name=\"robots\" content=\"index, follow, max-snippet:-1, max-image-preview:large, max-video-preview:-1\" \/>\n<link rel=\"canonical\" href=\"https:\/\/www.delexodo.com.ar\/?p=12033\" \/>\n<meta property=\"og:locale\" content=\"es_ES\" \/>\n<meta property=\"og:type\" content=\"article\" \/>\n<meta property=\"og:title\" content=\"Nogoy\u00e1: veredicto de culpabilidad en el Juicio por Jurados a Mar\u00eda Elena Irusta - Del \u00c9xodo Nogoy\u00e1\" \/>\n<meta property=\"og:description\" content=\"Un jurado popular en Nogoy\u00e1 declar\u00f3 culpable a Mar\u00eda Elena Irusta por el homicidio agravado de Beatriz Fernndez. La fiscal&hellip;\" \/>\n<meta property=\"og:url\" content=\"https:\/\/www.delexodo.com.ar\/?p=12033\" \/>\n<meta property=\"og:site_name\" content=\"Del \u00c9xodo Nogoy\u00e1\" \/>\n<meta property=\"article:published_time\" content=\"2025-09-20T00:30:00+00:00\" \/>\n<meta property=\"article:modified_time\" content=\"2025-09-20T03:36:56+00:00\" \/>\n<meta property=\"og:image\" content=\"https:\/\/www.delexodo.com.ar\/wp-content\/uploads\/2025\/09\/BEATRIZ-FERNANDEZ.jpg\" \/>\n\t<meta property=\"og:image:width\" content=\"960\" \/>\n\t<meta property=\"og:image:height\" content=\"811\" \/>\n\t<meta property=\"og:image:type\" content=\"image\/jpeg\" \/>\n<meta name=\"author\" content=\"admin\" \/>\n<meta name=\"twitter:card\" content=\"summary_large_image\" \/>\n<meta name=\"twitter:label1\" content=\"Escrito por\" \/>\n\t<meta name=\"twitter:data1\" content=\"admin\" \/>\n\t<meta name=\"twitter:label2\" content=\"Tiempo de lectura\" \/>\n\t<meta name=\"twitter:data2\" content=\"4 minutos\" \/>\n<script type=\"application\/ld+json\" class=\"yoast-schema-graph\">{\"@context\":\"https:\/\/schema.org\",\"@graph\":[{\"@type\":\"Article\",\"@id\":\"https:\/\/www.delexodo.com.ar\/?p=12033#article\",\"isPartOf\":{\"@id\":\"https:\/\/www.delexodo.com.ar\/?p=12033\"},\"author\":{\"name\":\"admin\",\"@id\":\"https:\/\/www.delexodo.com.ar\/#\/schema\/person\/bbed37f7da8e938660b34f2013ba449d\"},\"headline\":\"Nogoy\u00e1: veredicto de culpabilidad en el Juicio por Jurados a Mar\u00eda Elena Irusta\",\"datePublished\":\"2025-09-20T00:30:00+00:00\",\"dateModified\":\"2025-09-20T03:36:56+00:00\",\"mainEntityOfPage\":{\"@id\":\"https:\/\/www.delexodo.com.ar\/?p=12033\"},\"wordCount\":923,\"publisher\":{\"@id\":\"https:\/\/www.delexodo.com.ar\/#organization\"},\"image\":{\"@id\":\"https:\/\/www.delexodo.com.ar\/?p=12033#primaryimage\"},\"thumbnailUrl\":\"https:\/\/www.delexodo.com.ar\/wp-content\/uploads\/2025\/09\/BEATRIZ-FERNANDEZ.jpg\",\"keywords\":[\"destacar\"],\"articleSection\":[\"Nogoya\",\"NOTICIAS\"],\"inLanguage\":\"es\"},{\"@type\":\"WebPage\",\"@id\":\"https:\/\/www.delexodo.com.ar\/?p=12033\",\"url\":\"https:\/\/www.delexodo.com.ar\/?p=12033\",\"name\":\"Nogoy\u00e1: veredicto de culpabilidad en el Juicio por Jurados a Mar\u00eda Elena Irusta - Del \u00c9xodo Nogoy\u00e1\",\"isPartOf\":{\"@id\":\"https:\/\/www.delexodo.com.ar\/#website\"},\"primaryImageOfPage\":{\"@id\":\"https:\/\/www.delexodo.com.ar\/?p=12033#primaryimage\"},\"image\":{\"@id\":\"https:\/\/www.delexodo.com.ar\/?p=12033#primaryimage\"},\"thumbnailUrl\":\"https:\/\/www.delexodo.com.ar\/wp-content\/uploads\/2025\/09\/BEATRIZ-FERNANDEZ.jpg\",\"datePublished\":\"2025-09-20T00:30:00+00:00\",\"dateModified\":\"2025-09-20T03:36:56+00:00\",\"breadcrumb\":{\"@id\":\"https:\/\/www.delexodo.com.ar\/?p=12033#breadcrumb\"},\"inLanguage\":\"es\",\"potentialAction\":[{\"@type\":\"ReadAction\",\"target\":[\"https:\/\/www.delexodo.com.ar\/?p=12033\"]}]},{\"@type\":\"ImageObject\",\"inLanguage\":\"es\",\"@id\":\"https:\/\/www.delexodo.com.ar\/?p=12033#primaryimage\",\"url\":\"https:\/\/www.delexodo.com.ar\/wp-content\/uploads\/2025\/09\/BEATRIZ-FERNANDEZ.jpg\",\"contentUrl\":\"https:\/\/www.delexodo.com.ar\/wp-content\/uploads\/2025\/09\/BEATRIZ-FERNANDEZ.jpg\",\"width\":960,\"height\":811},{\"@type\":\"BreadcrumbList\",\"@id\":\"https:\/\/www.delexodo.com.ar\/?p=12033#breadcrumb\",\"itemListElement\":[{\"@type\":\"ListItem\",\"position\":1,\"name\":\"Portada\",\"item\":\"https:\/\/www.delexodo.com.ar\/\"},{\"@type\":\"ListItem\",\"position\":2,\"name\":\"Nogoy\u00e1: veredicto de culpabilidad en el Juicio por Jurados a Mar\u00eda Elena Irusta\"}]},{\"@type\":\"WebSite\",\"@id\":\"https:\/\/www.delexodo.com.ar\/#website\",\"url\":\"https:\/\/www.delexodo.com.ar\/\",\"name\":\"Del \u00c9xodo Nogoy\u00e1\",\"description\":\"El Portal de Noticias de la Regi\u00f3n\",\"publisher\":{\"@id\":\"https:\/\/www.delexodo.com.ar\/#organization\"},\"potentialAction\":[{\"@type\":\"SearchAction\",\"target\":{\"@type\":\"EntryPoint\",\"urlTemplate\":\"https:\/\/www.delexodo.com.ar\/?s={search_term_string}\"},\"query-input\":{\"@type\":\"PropertyValueSpecification\",\"valueRequired\":true,\"valueName\":\"search_term_string\"}}],\"inLanguage\":\"es\"},{\"@type\":\"Organization\",\"@id\":\"https:\/\/www.delexodo.com.ar\/#organization\",\"name\":\"Del \u00c9xodo Nogoy\u00e1\",\"url\":\"https:\/\/www.delexodo.com.ar\/\",\"logo\":{\"@type\":\"ImageObject\",\"inLanguage\":\"es\",\"@id\":\"https:\/\/www.delexodo.com.ar\/#\/schema\/logo\/image\/\",\"url\":\"https:\/\/www.delexodo.com.ar\/wp-content\/uploads\/2024\/10\/cropped-cropped-LOGO24.png\",\"contentUrl\":\"https:\/\/www.delexodo.com.ar\/wp-content\/uploads\/2024\/10\/cropped-cropped-LOGO24.png\",\"width\":512,\"height\":349,\"caption\":\"Del \u00c9xodo Nogoy\u00e1\"},\"image\":{\"@id\":\"https:\/\/www.delexodo.com.ar\/#\/schema\/logo\/image\/\"}},{\"@type\":\"Person\",\"@id\":\"https:\/\/www.delexodo.com.ar\/#\/schema\/person\/bbed37f7da8e938660b34f2013ba449d\",\"name\":\"admin\",\"image\":{\"@type\":\"ImageObject\",\"inLanguage\":\"es\",\"@id\":\"https:\/\/www.delexodo.com.ar\/#\/schema\/person\/image\/\",\"url\":\"https:\/\/secure.gravatar.com\/avatar\/6b1558d1b6df085f1901bd5bd98523d7?s=96&d=mm&r=g\",\"contentUrl\":\"https:\/\/secure.gravatar.com\/avatar\/6b1558d1b6df085f1901bd5bd98523d7?s=96&d=mm&r=g\",\"caption\":\"admin\"},\"url\":\"https:\/\/www.delexodo.com.ar\/?author=1\"}]}<\/script>\n<!-- \/ Yoast SEO plugin. -->","yoast_head_json":{"title":"Nogoy\u00e1: veredicto de culpabilidad en el Juicio por Jurados a Mar\u00eda Elena Irusta - Del \u00c9xodo Nogoy\u00e1","robots":{"index":"index","follow":"follow","max-snippet":"max-snippet:-1","max-image-preview":"max-image-preview:large","max-video-preview":"max-video-preview:-1"},"canonical":"https:\/\/www.delexodo.com.ar\/?p=12033","og_locale":"es_ES","og_type":"article","og_title":"Nogoy\u00e1: veredicto de culpabilidad en el Juicio por Jurados a Mar\u00eda Elena Irusta - Del \u00c9xodo Nogoy\u00e1","og_description":"Un jurado popular en Nogoy\u00e1 declar\u00f3 culpable a Mar\u00eda Elena Irusta por el homicidio agravado de Beatriz Fernndez. La fiscal&hellip;","og_url":"https:\/\/www.delexodo.com.ar\/?p=12033","og_site_name":"Del \u00c9xodo Nogoy\u00e1","article_published_time":"2025-09-20T00:30:00+00:00","article_modified_time":"2025-09-20T03:36:56+00:00","og_image":[{"width":960,"height":811,"url":"https:\/\/www.delexodo.com.ar\/wp-content\/uploads\/2025\/09\/BEATRIZ-FERNANDEZ.jpg","type":"image\/jpeg"}],"author":"admin","twitter_card":"summary_large_image","twitter_misc":{"Escrito por":"admin","Tiempo de lectura":"4 minutos"},"schema":{"@context":"https:\/\/schema.org","@graph":[{"@type":"Article","@id":"https:\/\/www.delexodo.com.ar\/?p=12033#article","isPartOf":{"@id":"https:\/\/www.delexodo.com.ar\/?p=12033"},"author":{"name":"admin","@id":"https:\/\/www.delexodo.com.ar\/#\/schema\/person\/bbed37f7da8e938660b34f2013ba449d"},"headline":"Nogoy\u00e1: veredicto de culpabilidad en el Juicio por Jurados a Mar\u00eda Elena Irusta","datePublished":"2025-09-20T00:30:00+00:00","dateModified":"2025-09-20T03:36:56+00:00","mainEntityOfPage":{"@id":"https:\/\/www.delexodo.com.ar\/?p=12033"},"wordCount":923,"publisher":{"@id":"https:\/\/www.delexodo.com.ar\/#organization"},"image":{"@id":"https:\/\/www.delexodo.com.ar\/?p=12033#primaryimage"},"thumbnailUrl":"https:\/\/www.delexodo.com.ar\/wp-content\/uploads\/2025\/09\/BEATRIZ-FERNANDEZ.jpg","keywords":["destacar"],"articleSection":["Nogoya","NOTICIAS"],"inLanguage":"es"},{"@type":"WebPage","@id":"https:\/\/www.delexodo.com.ar\/?p=12033","url":"https:\/\/www.delexodo.com.ar\/?p=12033","name":"Nogoy\u00e1: veredicto de culpabilidad en el Juicio por Jurados a Mar\u00eda Elena Irusta - Del \u00c9xodo Nogoy\u00e1","isPartOf":{"@id":"https:\/\/www.delexodo.com.ar\/#website"},"primaryImageOfPage":{"@id":"https:\/\/www.delexodo.com.ar\/?p=12033#primaryimage"},"image":{"@id":"https:\/\/www.delexodo.com.ar\/?p=12033#primaryimage"},"thumbnailUrl":"https:\/\/www.delexodo.com.ar\/wp-content\/uploads\/2025\/09\/BEATRIZ-FERNANDEZ.jpg","datePublished":"2025-09-20T00:30:00+00:00","dateModified":"2025-09-20T03:36:56+00:00","breadcrumb":{"@id":"https:\/\/www.delexodo.com.ar\/?p=12033#breadcrumb"},"inLanguage":"es","potentialAction":[{"@type":"ReadAction","target":["https:\/\/www.delexodo.com.ar\/?p=12033"]}]},{"@type":"ImageObject","inLanguage":"es","@id":"https:\/\/www.delexodo.com.ar\/?p=12033#primaryimage","url":"https:\/\/www.delexodo.com.ar\/wp-content\/uploads\/2025\/09\/BEATRIZ-FERNANDEZ.jpg","contentUrl":"https:\/\/www.delexodo.com.ar\/wp-content\/uploads\/2025\/09\/BEATRIZ-FERNANDEZ.jpg","width":960,"height":811},{"@type":"BreadcrumbList","@id":"https:\/\/www.delexodo.com.ar\/?p=12033#breadcrumb","itemListElement":[{"@type":"ListItem","position":1,"name":"Portada","item":"https:\/\/www.delexodo.com.ar\/"},{"@type":"ListItem","position":2,"name":"Nogoy\u00e1: veredicto de culpabilidad en el Juicio por Jurados a Mar\u00eda Elena Irusta"}]},{"@type":"WebSite","@id":"https:\/\/www.delexodo.com.ar\/#website","url":"https:\/\/www.delexodo.com.ar\/","name":"Del \u00c9xodo Nogoy\u00e1","description":"El Portal de Noticias de la Regi\u00f3n","publisher":{"@id":"https:\/\/www.delexodo.com.ar\/#organization"},"potentialAction":[{"@type":"SearchAction","target":{"@type":"EntryPoint","urlTemplate":"https:\/\/www.delexodo.com.ar\/?s={search_term_string}"},"query-input":{"@type":"PropertyValueSpecification","valueRequired":true,"valueName":"search_term_string"}}],"inLanguage":"es"},{"@type":"Organization","@id":"https:\/\/www.delexodo.com.ar\/#organization","name":"Del \u00c9xodo Nogoy\u00e1","url":"https:\/\/www.delexodo.com.ar\/","logo":{"@type":"ImageObject","inLanguage":"es","@id":"https:\/\/www.delexodo.com.ar\/#\/schema\/logo\/image\/","url":"https:\/\/www.delexodo.com.ar\/wp-content\/uploads\/2024\/10\/cropped-cropped-LOGO24.png","contentUrl":"https:\/\/www.delexodo.com.ar\/wp-content\/uploads\/2024\/10\/cropped-cropped-LOGO24.png","width":512,"height":349,"caption":"Del \u00c9xodo Nogoy\u00e1"},"image":{"@id":"https:\/\/www.delexodo.com.ar\/#\/schema\/logo\/image\/"}},{"@type":"Person","@id":"https:\/\/www.delexodo.com.ar\/#\/schema\/person\/bbed37f7da8e938660b34f2013ba449d","name":"admin","image":{"@type":"ImageObject","inLanguage":"es","@id":"https:\/\/www.delexodo.com.ar\/#\/schema\/person\/image\/","url":"https:\/\/secure.gravatar.com\/avatar\/6b1558d1b6df085f1901bd5bd98523d7?s=96&d=mm&r=g","contentUrl":"https:\/\/secure.gravatar.com\/avatar\/6b1558d1b6df085f1901bd5bd98523d7?s=96&d=mm&r=g","caption":"admin"},"url":"https:\/\/www.delexodo.com.ar\/?author=1"}]}},"_links":{"self":[{"href":"https:\/\/www.delexodo.com.ar\/index.php?rest_route=\/wp\/v2\/posts\/12033","targetHints":{"allow":["GET"]}}],"collection":[{"href":"https:\/\/www.delexodo.com.ar\/index.php?rest_route=\/wp\/v2\/posts"}],"about":[{"href":"https:\/\/www.delexodo.com.ar\/index.php?rest_route=\/wp\/v2\/types\/post"}],"author":[{"embeddable":true,"href":"https:\/\/www.delexodo.com.ar\/index.php?rest_route=\/wp\/v2\/users\/1"}],"replies":[{"embeddable":true,"href":"https:\/\/www.delexodo.com.ar\/index.php?rest_route=%2Fwp%2Fv2%2Fcomments&post=12033"}],"version-history":[{"count":3,"href":"https:\/\/www.delexodo.com.ar\/index.php?rest_route=\/wp\/v2\/posts\/12033\/revisions"}],"predecessor-version":[{"id":12039,"href":"https:\/\/www.delexodo.com.ar\/index.php?rest_route=\/wp\/v2\/posts\/12033\/revisions\/12039"}],"wp:featuredmedia":[{"embeddable":true,"href":"https:\/\/www.delexodo.com.ar\/index.php?rest_route=\/wp\/v2\/media\/12035"}],"wp:attachment":[{"href":"https:\/\/www.delexodo.com.ar\/index.php?rest_route=%2Fwp%2Fv2%2Fmedia&parent=12033"}],"wp:term":[{"taxonomy":"category","embeddable":true,"href":"https:\/\/www.delexodo.com.ar\/index.php?rest_route=%2Fwp%2Fv2%2Fcategories&post=12033"},{"taxonomy":"post_tag","embeddable":true,"href":"https:\/\/www.delexodo.com.ar\/index.php?rest_route=%2Fwp%2Fv2%2Ftags&post=12033"}],"curies":[{"name":"wp","href":"https:\/\/api.w.org\/{rel}","templated":true}]}}