{"id":12006,"date":"2025-09-15T15:30:25","date_gmt":"2025-09-15T18:30:25","guid":{"rendered":"https:\/\/www.delexodo.com.ar\/?p=12006"},"modified":"2025-09-15T15:46:03","modified_gmt":"2025-09-15T18:46:03","slug":"comienza-en-nogoya-el-juicio-por-el-femicidio-de-beatriz-fernandez","status":"publish","type":"post","link":"https:\/\/www.delexodo.com.ar\/?p=12006","title":{"rendered":"COMIENZA EN NOGOY\u00c1 EL JUICIO POR EL FEMICIDIO DE BEATRIZ FERNANDEZ"},"content":{"rendered":"\n<p>Desde hoy lunes 15 y luego de casi un a\u00f1o y medio desde aquel fat\u00eddico abril del 2024 cuando Beatriz Fernandez de 62 a\u00f1os fue asesinada brutalmente, se dar\u00e1 comienzo al Juicio por Jurado para demostrar la responsabilidad, en este caso de Elena Irusta en la muerte de Fernandez.<\/p>\n\n\n<div class=\"wp-block-image\">\n<figure class=\"alignleft size-full is-resized\"><img loading=\"lazy\" decoding=\"async\" width=\"1000\" height=\"589\" src=\"https:\/\/www.delexodo.com.ar\/wp-content\/uploads\/2024\/04\/FERNANDEZ-HOMICIDIO-PORTADA.jpg\" alt=\"\" class=\"wp-image-10399\" style=\"width:221px;height:auto\" srcset=\"https:\/\/www.delexodo.com.ar\/wp-content\/uploads\/2024\/04\/FERNANDEZ-HOMICIDIO-PORTADA.jpg 1000w, https:\/\/www.delexodo.com.ar\/wp-content\/uploads\/2024\/04\/FERNANDEZ-HOMICIDIO-PORTADA-300x177.jpg 300w, https:\/\/www.delexodo.com.ar\/wp-content\/uploads\/2024\/04\/FERNANDEZ-HOMICIDIO-PORTADA-768x452.jpg 768w\" sizes=\"auto, (max-width: 1000px) 100vw, 1000px\" \/><\/figure><\/div>\n\n\n<p>Por este hecho dos de los imputados, <strong>Bonadeo y Quinodoz<\/strong> ya acordaron en un juicio abreviado reconociendo su culpabilidad y aceptando una condena a perpetua. Por otro lado  <strong>Elena Irusta<\/strong> ser\u00e1 quien con la representaci\u00f3n del Dr. Agusto Lafferriere deber\u00e1 enfrentar a las 12 personas que conforman el Jurado que durante toda la semana ser\u00e1 el encargado de deliberar y resolver respecto de la responsabilidad en el hecho.<\/p>\n\n\n\n<p>Pasado el mediod\u00eda y antes de comenzar la audiencia dialogamos con <strong>FLORENCIA BASCOY, directora de la Oficina de Gesti\u00f3n de Audiencias de Gualeguay<\/strong> que coordina los juicios por jurados de Gualeguay, Victoria y Nogoy\u00e1, quien puso en contexto y conocimiento de como ser\u00e1n las actividades y el desarrollo del juicio; <em>\u00abel juicio est\u00e1 empezando en el d\u00eda de hoy, es el segundo juicio que se hace en Nogoy\u00e1, empezamos en el d\u00eda de hoy con lo que fue la selecci\u00f3n del jurado, ya qued\u00f3 seleccionado el jurado las 12 titulares, seis de g\u00e9nero masculino y seis de g\u00e9nero femenino y cuatro suplentes, dos y dos de cada g\u00e9nero. Ya estr\u00edan por comenzar las jornadas de juicio que van a continuar durante toda la semana lo estimado es que el d\u00eda viernes se concluya ya con un veredicto del jurado popular o no bueno digamos con la deliberaci\u00f3n y lo que el jurado resuelva\u00bb<\/em><br><em>\u00abEste es un juicio p\u00fablico porque no est\u00e1 involucrado ninguno de los delitos que hace que el juicio deba llevarse a puerta cerradas, obviamente necesitamos tener una organizaci\u00f3n, lo que se prioriza siempre es que el juicio sea lo m\u00e1s prolijo posible por los derechos de todas las partes de quien est\u00e1 siendo juzgado, de qui\u00e9n est\u00e1 acusando e incluso del jurado popular, entonces la idea ser\u00eda de que si hay personas interesadas en venir a presenciar se pasen por la Oficina de Gesti\u00f3n de Audiencias de Nogoy\u00e1, se anoten y se les va a indicar la forma de ingreso a la sala para no interrumpir digamos cuando la gente est\u00e9 prestando testimonios o se est\u00e9n haciendo interrogatorios\u00bb<\/em><br>Para finalizar remarc\u00f3<em> \u00abclaramente no se puede develar la identidad de los jurados, no se pueden tomar im\u00e1genes ni filmaciones, no es que se puede hacer una transmisi\u00f3n en vivo en este momento sino que se iban a poder ingresar a la sala para poder ver c\u00f3mo es la din\u00e1mica de un juicio por jurado\u00bb<\/em> <\/p>\n\n\n\n<p>En el marco del inicio del juicio pudimos hablar con el representante de IRUSTA, el <strong>Dr. Augusto Lafferriere<\/strong> quien se manifest\u00f3 al respecto; <em>\u00abtoda la jornada de la ma\u00f1ana estuvimos con los potenciales miembros del jurado, se hizo la calificaci\u00f3n, interrogatorio de preguntas, las deliberaciones con la fiscal\u00eda y se ha conformado el jurado que va a estar tomando la decisi\u00f3n final sobre esta cuesti\u00f3n\u00bb<\/em> asimismo manifest\u00f3 estar muy expectante de todo lo que vaya aconteciendo luego de lo que fue la jornada de la ma\u00f1ana y agreg\u00f3 <em>\u00ablo que sigue ahora es el inicio ya de las instrucciones del jurado y de los alegatos de apertura que daremos en muy pocos minutos, ya en breve y posiblemente tambi\u00e9n tengamos hoy la declaraci\u00f3n de imputado digamos que tiene mi asistida o sea lo que antes se llamaba declaraci\u00f3n indagatoria y bueno eso ser\u00eda lo que va a estar aconteciendo en el d\u00eda de hoy, a partir de ma\u00f1ana ya comenzar\u00edamos con testigos y dem\u00e1s\u00bb<\/em><br>Para culminar expres\u00f3 <em>\u00absiempre desde la defensa nuestro rol es garantizar un debido proceso legal respecto de la normas procedimentales y todos los derechos que asisten a una persona que es acusada y luego obviamente intentar demostrar que nuestra teor\u00eda del caso es la que se debe imponer sobre la teor\u00eda del caso que tiene la acusaci\u00f3n que es la parte de la fiscal\u00eda digamos la parte que le compete intentar demostrar la responsabilidad penal de mi asistida\u00bb<\/em><\/p>\n","protected":false},"excerpt":{"rendered":"<p>Desde hoy lunes 15 y luego de casi un a\u00f1o y medio desde aquel fat\u00eddico abril del 2024 cuando Beatriz&hellip;<\/p>\n","protected":false},"author":1,"featured_media":12007,"comment_status":"closed","ping_status":"closed","sticky":false,"template":"","format":"standard","meta":{"_joinchat":[],"footnotes":""},"categories":[65,1],"tags":[345],"class_list":["post-12006","post","type-post","status-publish","format-standard","has-post-thumbnail","hentry","category-destacados","category-sincategoria","tag-destacar"],"yoast_head":"<!-- This site is optimized with the Yoast SEO plugin v25.1 - https:\/\/yoast.com\/wordpress\/plugins\/seo\/ -->\n<title>COMIENZA EN NOGOY\u00c1 EL JUICIO POR EL FEMICIDIO DE BEATRIZ FERNANDEZ - Del \u00c9xodo Nogoy\u00e1<\/title>\n<meta name=\"robots\" content=\"index, follow, max-snippet:-1, max-image-preview:large, max-video-preview:-1\" \/>\n<link rel=\"canonical\" href=\"https:\/\/www.delexodo.com.ar\/?p=12006\" \/>\n<meta property=\"og:locale\" content=\"es_ES\" \/>\n<meta property=\"og:type\" content=\"article\" \/>\n<meta property=\"og:title\" content=\"COMIENZA EN NOGOY\u00c1 EL JUICIO POR EL FEMICIDIO DE BEATRIZ FERNANDEZ - Del \u00c9xodo Nogoy\u00e1\" \/>\n<meta property=\"og:description\" content=\"Desde hoy lunes 15 y luego de casi un a\u00f1o y medio desde aquel fat\u00eddico abril del 2024 cuando Beatriz&hellip;\" \/>\n<meta property=\"og:url\" content=\"https:\/\/www.delexodo.com.ar\/?p=12006\" \/>\n<meta property=\"og:site_name\" content=\"Del \u00c9xodo Nogoy\u00e1\" \/>\n<meta property=\"article:published_time\" content=\"2025-09-15T18:30:25+00:00\" \/>\n<meta property=\"article:modified_time\" content=\"2025-09-15T18:46:03+00:00\" \/>\n<meta property=\"og:image\" content=\"https:\/\/www.delexodo.com.ar\/wp-content\/uploads\/2025\/09\/IMG_20250915_131829-scaled.jpg\" \/>\n\t<meta property=\"og:image:width\" content=\"2560\" \/>\n\t<meta property=\"og:image:height\" content=\"1436\" \/>\n\t<meta property=\"og:image:type\" content=\"image\/jpeg\" \/>\n<meta name=\"author\" content=\"admin\" \/>\n<meta name=\"twitter:card\" content=\"summary_large_image\" \/>\n<meta name=\"twitter:label1\" content=\"Escrito por\" \/>\n\t<meta name=\"twitter:data1\" content=\"admin\" \/>\n\t<meta name=\"twitter:label2\" content=\"Tiempo de lectura\" \/>\n\t<meta name=\"twitter:data2\" content=\"4 minutos\" \/>\n<script type=\"application\/ld+json\" class=\"yoast-schema-graph\">{\"@context\":\"https:\/\/schema.org\",\"@graph\":[{\"@type\":\"Article\",\"@id\":\"https:\/\/www.delexodo.com.ar\/?p=12006#article\",\"isPartOf\":{\"@id\":\"https:\/\/www.delexodo.com.ar\/?p=12006\"},\"author\":{\"name\":\"admin\",\"@id\":\"https:\/\/www.delexodo.com.ar\/#\/schema\/person\/bbed37f7da8e938660b34f2013ba449d\"},\"headline\":\"COMIENZA EN NOGOY\u00c1 EL JUICIO POR EL FEMICIDIO DE BEATRIZ FERNANDEZ\",\"datePublished\":\"2025-09-15T18:30:25+00:00\",\"dateModified\":\"2025-09-15T18:46:03+00:00\",\"mainEntityOfPage\":{\"@id\":\"https:\/\/www.delexodo.com.ar\/?p=12006\"},\"wordCount\":736,\"publisher\":{\"@id\":\"https:\/\/www.delexodo.com.ar\/#organization\"},\"image\":{\"@id\":\"https:\/\/www.delexodo.com.ar\/?p=12006#primaryimage\"},\"thumbnailUrl\":\"https:\/\/www.delexodo.com.ar\/wp-content\/uploads\/2025\/09\/IMG_20250915_131829-scaled.jpg\",\"keywords\":[\"destacar\"],\"articleSection\":[\"Destacados\",\"Nogoya\"],\"inLanguage\":\"es\"},{\"@type\":\"WebPage\",\"@id\":\"https:\/\/www.delexodo.com.ar\/?p=12006\",\"url\":\"https:\/\/www.delexodo.com.ar\/?p=12006\",\"name\":\"COMIENZA EN NOGOY\u00c1 EL JUICIO POR EL FEMICIDIO DE BEATRIZ FERNANDEZ - Del \u00c9xodo Nogoy\u00e1\",\"isPartOf\":{\"@id\":\"https:\/\/www.delexodo.com.ar\/#website\"},\"primaryImageOfPage\":{\"@id\":\"https:\/\/www.delexodo.com.ar\/?p=12006#primaryimage\"},\"image\":{\"@id\":\"https:\/\/www.delexodo.com.ar\/?p=12006#primaryimage\"},\"thumbnailUrl\":\"https:\/\/www.delexodo.com.ar\/wp-content\/uploads\/2025\/09\/IMG_20250915_131829-scaled.jpg\",\"datePublished\":\"2025-09-15T18:30:25+00:00\",\"dateModified\":\"2025-09-15T18:46:03+00:00\",\"breadcrumb\":{\"@id\":\"https:\/\/www.delexodo.com.ar\/?p=12006#breadcrumb\"},\"inLanguage\":\"es\",\"potentialAction\":[{\"@type\":\"ReadAction\",\"target\":[\"https:\/\/www.delexodo.com.ar\/?p=12006\"]}]},{\"@type\":\"ImageObject\",\"inLanguage\":\"es\",\"@id\":\"https:\/\/www.delexodo.com.ar\/?p=12006#primaryimage\",\"url\":\"https:\/\/www.delexodo.com.ar\/wp-content\/uploads\/2025\/09\/IMG_20250915_131829-scaled.jpg\",\"contentUrl\":\"https:\/\/www.delexodo.com.ar\/wp-content\/uploads\/2025\/09\/IMG_20250915_131829-scaled.jpg\",\"width\":2560,\"height\":1436},{\"@type\":\"BreadcrumbList\",\"@id\":\"https:\/\/www.delexodo.com.ar\/?p=12006#breadcrumb\",\"itemListElement\":[{\"@type\":\"ListItem\",\"position\":1,\"name\":\"Portada\",\"item\":\"https:\/\/www.delexodo.com.ar\/\"},{\"@type\":\"ListItem\",\"position\":2,\"name\":\"COMIENZA EN NOGOY\u00c1 EL JUICIO POR EL FEMICIDIO DE BEATRIZ FERNANDEZ\"}]},{\"@type\":\"WebSite\",\"@id\":\"https:\/\/www.delexodo.com.ar\/#website\",\"url\":\"https:\/\/www.delexodo.com.ar\/\",\"name\":\"Del \u00c9xodo Nogoy\u00e1\",\"description\":\"El Portal de Noticias de la Regi\u00f3n\",\"publisher\":{\"@id\":\"https:\/\/www.delexodo.com.ar\/#organization\"},\"potentialAction\":[{\"@type\":\"SearchAction\",\"target\":{\"@type\":\"EntryPoint\",\"urlTemplate\":\"https:\/\/www.delexodo.com.ar\/?s={search_term_string}\"},\"query-input\":{\"@type\":\"PropertyValueSpecification\",\"valueRequired\":true,\"valueName\":\"search_term_string\"}}],\"inLanguage\":\"es\"},{\"@type\":\"Organization\",\"@id\":\"https:\/\/www.delexodo.com.ar\/#organization\",\"name\":\"Del \u00c9xodo Nogoy\u00e1\",\"url\":\"https:\/\/www.delexodo.com.ar\/\",\"logo\":{\"@type\":\"ImageObject\",\"inLanguage\":\"es\",\"@id\":\"https:\/\/www.delexodo.com.ar\/#\/schema\/logo\/image\/\",\"url\":\"https:\/\/www.delexodo.com.ar\/wp-content\/uploads\/2024\/10\/cropped-cropped-LOGO24.png\",\"contentUrl\":\"https:\/\/www.delexodo.com.ar\/wp-content\/uploads\/2024\/10\/cropped-cropped-LOGO24.png\",\"width\":512,\"height\":349,\"caption\":\"Del \u00c9xodo Nogoy\u00e1\"},\"image\":{\"@id\":\"https:\/\/www.delexodo.com.ar\/#\/schema\/logo\/image\/\"}},{\"@type\":\"Person\",\"@id\":\"https:\/\/www.delexodo.com.ar\/#\/schema\/person\/bbed37f7da8e938660b34f2013ba449d\",\"name\":\"admin\",\"image\":{\"@type\":\"ImageObject\",\"inLanguage\":\"es\",\"@id\":\"https:\/\/www.delexodo.com.ar\/#\/schema\/person\/image\/\",\"url\":\"https:\/\/secure.gravatar.com\/avatar\/6b1558d1b6df085f1901bd5bd98523d7?s=96&d=mm&r=g\",\"contentUrl\":\"https:\/\/secure.gravatar.com\/avatar\/6b1558d1b6df085f1901bd5bd98523d7?s=96&d=mm&r=g\",\"caption\":\"admin\"},\"url\":\"https:\/\/www.delexodo.com.ar\/?author=1\"}]}<\/script>\n<!-- \/ Yoast SEO plugin. -->","yoast_head_json":{"title":"COMIENZA EN NOGOY\u00c1 EL JUICIO POR EL FEMICIDIO DE BEATRIZ FERNANDEZ - Del \u00c9xodo Nogoy\u00e1","robots":{"index":"index","follow":"follow","max-snippet":"max-snippet:-1","max-image-preview":"max-image-preview:large","max-video-preview":"max-video-preview:-1"},"canonical":"https:\/\/www.delexodo.com.ar\/?p=12006","og_locale":"es_ES","og_type":"article","og_title":"COMIENZA EN NOGOY\u00c1 EL JUICIO POR EL FEMICIDIO DE BEATRIZ FERNANDEZ - Del \u00c9xodo Nogoy\u00e1","og_description":"Desde hoy lunes 15 y luego de casi un a\u00f1o y medio desde aquel fat\u00eddico abril del 2024 cuando Beatriz&hellip;","og_url":"https:\/\/www.delexodo.com.ar\/?p=12006","og_site_name":"Del \u00c9xodo Nogoy\u00e1","article_published_time":"2025-09-15T18:30:25+00:00","article_modified_time":"2025-09-15T18:46:03+00:00","og_image":[{"width":2560,"height":1436,"url":"https:\/\/www.delexodo.com.ar\/wp-content\/uploads\/2025\/09\/IMG_20250915_131829-scaled.jpg","type":"image\/jpeg"}],"author":"admin","twitter_card":"summary_large_image","twitter_misc":{"Escrito por":"admin","Tiempo de lectura":"4 minutos"},"schema":{"@context":"https:\/\/schema.org","@graph":[{"@type":"Article","@id":"https:\/\/www.delexodo.com.ar\/?p=12006#article","isPartOf":{"@id":"https:\/\/www.delexodo.com.ar\/?p=12006"},"author":{"name":"admin","@id":"https:\/\/www.delexodo.com.ar\/#\/schema\/person\/bbed37f7da8e938660b34f2013ba449d"},"headline":"COMIENZA EN NOGOY\u00c1 EL JUICIO POR EL FEMICIDIO DE BEATRIZ FERNANDEZ","datePublished":"2025-09-15T18:30:25+00:00","dateModified":"2025-09-15T18:46:03+00:00","mainEntityOfPage":{"@id":"https:\/\/www.delexodo.com.ar\/?p=12006"},"wordCount":736,"publisher":{"@id":"https:\/\/www.delexodo.com.ar\/#organization"},"image":{"@id":"https:\/\/www.delexodo.com.ar\/?p=12006#primaryimage"},"thumbnailUrl":"https:\/\/www.delexodo.com.ar\/wp-content\/uploads\/2025\/09\/IMG_20250915_131829-scaled.jpg","keywords":["destacar"],"articleSection":["Destacados","Nogoya"],"inLanguage":"es"},{"@type":"WebPage","@id":"https:\/\/www.delexodo.com.ar\/?p=12006","url":"https:\/\/www.delexodo.com.ar\/?p=12006","name":"COMIENZA EN NOGOY\u00c1 EL JUICIO POR EL FEMICIDIO DE BEATRIZ FERNANDEZ - Del \u00c9xodo Nogoy\u00e1","isPartOf":{"@id":"https:\/\/www.delexodo.com.ar\/#website"},"primaryImageOfPage":{"@id":"https:\/\/www.delexodo.com.ar\/?p=12006#primaryimage"},"image":{"@id":"https:\/\/www.delexodo.com.ar\/?p=12006#primaryimage"},"thumbnailUrl":"https:\/\/www.delexodo.com.ar\/wp-content\/uploads\/2025\/09\/IMG_20250915_131829-scaled.jpg","datePublished":"2025-09-15T18:30:25+00:00","dateModified":"2025-09-15T18:46:03+00:00","breadcrumb":{"@id":"https:\/\/www.delexodo.com.ar\/?p=12006#breadcrumb"},"inLanguage":"es","potentialAction":[{"@type":"ReadAction","target":["https:\/\/www.delexodo.com.ar\/?p=12006"]}]},{"@type":"ImageObject","inLanguage":"es","@id":"https:\/\/www.delexodo.com.ar\/?p=12006#primaryimage","url":"https:\/\/www.delexodo.com.ar\/wp-content\/uploads\/2025\/09\/IMG_20250915_131829-scaled.jpg","contentUrl":"https:\/\/www.delexodo.com.ar\/wp-content\/uploads\/2025\/09\/IMG_20250915_131829-scaled.jpg","width":2560,"height":1436},{"@type":"BreadcrumbList","@id":"https:\/\/www.delexodo.com.ar\/?p=12006#breadcrumb","itemListElement":[{"@type":"ListItem","position":1,"name":"Portada","item":"https:\/\/www.delexodo.com.ar\/"},{"@type":"ListItem","position":2,"name":"COMIENZA EN NOGOY\u00c1 EL JUICIO POR EL FEMICIDIO DE BEATRIZ FERNANDEZ"}]},{"@type":"WebSite","@id":"https:\/\/www.delexodo.com.ar\/#website","url":"https:\/\/www.delexodo.com.ar\/","name":"Del \u00c9xodo Nogoy\u00e1","description":"El Portal de Noticias de la Regi\u00f3n","publisher":{"@id":"https:\/\/www.delexodo.com.ar\/#organization"},"potentialAction":[{"@type":"SearchAction","target":{"@type":"EntryPoint","urlTemplate":"https:\/\/www.delexodo.com.ar\/?s={search_term_string}"},"query-input":{"@type":"PropertyValueSpecification","valueRequired":true,"valueName":"search_term_string"}}],"inLanguage":"es"},{"@type":"Organization","@id":"https:\/\/www.delexodo.com.ar\/#organization","name":"Del \u00c9xodo Nogoy\u00e1","url":"https:\/\/www.delexodo.com.ar\/","logo":{"@type":"ImageObject","inLanguage":"es","@id":"https:\/\/www.delexodo.com.ar\/#\/schema\/logo\/image\/","url":"https:\/\/www.delexodo.com.ar\/wp-content\/uploads\/2024\/10\/cropped-cropped-LOGO24.png","contentUrl":"https:\/\/www.delexodo.com.ar\/wp-content\/uploads\/2024\/10\/cropped-cropped-LOGO24.png","width":512,"height":349,"caption":"Del \u00c9xodo Nogoy\u00e1"},"image":{"@id":"https:\/\/www.delexodo.com.ar\/#\/schema\/logo\/image\/"}},{"@type":"Person","@id":"https:\/\/www.delexodo.com.ar\/#\/schema\/person\/bbed37f7da8e938660b34f2013ba449d","name":"admin","image":{"@type":"ImageObject","inLanguage":"es","@id":"https:\/\/www.delexodo.com.ar\/#\/schema\/person\/image\/","url":"https:\/\/secure.gravatar.com\/avatar\/6b1558d1b6df085f1901bd5bd98523d7?s=96&d=mm&r=g","contentUrl":"https:\/\/secure.gravatar.com\/avatar\/6b1558d1b6df085f1901bd5bd98523d7?s=96&d=mm&r=g","caption":"admin"},"url":"https:\/\/www.delexodo.com.ar\/?author=1"}]}},"_links":{"self":[{"href":"https:\/\/www.delexodo.com.ar\/index.php?rest_route=\/wp\/v2\/posts\/12006","targetHints":{"allow":["GET"]}}],"collection":[{"href":"https:\/\/www.delexodo.com.ar\/index.php?rest_route=\/wp\/v2\/posts"}],"about":[{"href":"https:\/\/www.delexodo.com.ar\/index.php?rest_route=\/wp\/v2\/types\/post"}],"author":[{"embeddable":true,"href":"https:\/\/www.delexodo.com.ar\/index.php?rest_route=\/wp\/v2\/users\/1"}],"replies":[{"embeddable":true,"href":"https:\/\/www.delexodo.com.ar\/index.php?rest_route=%2Fwp%2Fv2%2Fcomments&post=12006"}],"version-history":[{"count":3,"href":"https:\/\/www.delexodo.com.ar\/index.php?rest_route=\/wp\/v2\/posts\/12006\/revisions"}],"predecessor-version":[{"id":12014,"href":"https:\/\/www.delexodo.com.ar\/index.php?rest_route=\/wp\/v2\/posts\/12006\/revisions\/12014"}],"wp:featuredmedia":[{"embeddable":true,"href":"https:\/\/www.delexodo.com.ar\/index.php?rest_route=\/wp\/v2\/media\/12007"}],"wp:attachment":[{"href":"https:\/\/www.delexodo.com.ar\/index.php?rest_route=%2Fwp%2Fv2%2Fmedia&parent=12006"}],"wp:term":[{"taxonomy":"category","embeddable":true,"href":"https:\/\/www.delexodo.com.ar\/index.php?rest_route=%2Fwp%2Fv2%2Fcategories&post=12006"},{"taxonomy":"post_tag","embeddable":true,"href":"https:\/\/www.delexodo.com.ar\/index.php?rest_route=%2Fwp%2Fv2%2Ftags&post=12006"}],"curies":[{"name":"wp","href":"https:\/\/api.w.org\/{rel}","templated":true}]}}