{"id":12001,"date":"2025-09-12T19:27:21","date_gmt":"2025-09-12T22:27:21","guid":{"rendered":"https:\/\/www.delexodo.com.ar\/?p=12001"},"modified":"2025-09-13T19:31:29","modified_gmt":"2025-09-13T22:31:29","slug":"la-provincia-continua-con-acciones-de-prevencion-del-suicidio","status":"publish","type":"post","link":"https:\/\/www.delexodo.com.ar\/?p=12001","title":{"rendered":"La provincia contin\u00faa con acciones de prevenci\u00f3n del suicidio"},"content":{"rendered":"\n<p><strong><em>En Federal se desarroll\u00f3 el conversatorio Prevenci\u00f3n del suicidio: herramientas para la comunidad. La jornada fue coordinada por el Ministerio de Salud, la C\u00e1mara de Diputados y el Municipio local, y se desarroll\u00f3 en el Sal\u00f3n Cultural con amplia participaci\u00f3n de referentes de distintos sectores del departamento.<\/em><\/strong><\/p>\n\n\n\n<p>Por el D\u00eda Mundial y Nacional de la Prevenci\u00f3n del Suicidio, que se conmemora cada 10 de septiembre, el gobierno provincial viene desarrollando distintas acciones enmarcadas en la campa\u00f1a <em>\u00abDecilo: hablemos de suicidio\u00bb<\/em>. En esta l\u00ednea, se generaron contenidos comunicacionales, una capacitaci\u00f3n para periodistas y una radio abierta, previo a esta instancia de conversatorio.<\/p>\n\n\n\n<p>La mesa de apertura estuvo a cargo del presidente de la C\u00e1mara de Diputados, Gustavo Hein; el director general de Salud Mental, Esteban D\u00e1vila; y la intendenta de Federal, Alicia Oviedo. Adem\u00e1s, cont\u00f3 con el acompa\u00f1amiento de la senadora provincial Nancy Miranda, y los diputados provinciales Noelia Taborda, Mar\u00eda Elena Romero, Liliana Salinas, Julia Calleros, Carolina Streigenberger y Marcelo L\u00f3pez.<\/p>\n\n\n\n<p>El director general de Salud Mental, Esteban D\u00e1vila, indico que: <em>\u00abel eje de la prevenci\u00f3n del suicidio es prioritario en las pol\u00edticas sanitarias trazadas por el ministro de Salud, Daniel Blanzaco\u00bb<\/em>. A su vez, el funcionario destac\u00f3 el trabajo articulado con otros sectores como la C\u00e1mara de Diputados y los municipios, as\u00ed como la amplia participaci\u00f3n comunitaria.<\/p>\n\n\n\n<p><em>\u00abLa realidad sanitaria que nos atraviesa hoy, indica que el suicidio es un tema preocupante y que requiere de la intervenci\u00f3n de todos. Est\u00e1 comprobado que hablar de manera responsable del tema es un primer paso en la prevenci\u00f3n, por eso esta propuesta se llama conversatorio. Tenemos que dialogarlo de una manera seria, correcta y emp\u00e1tica, como un primer paso. Lo siguiente es saber que la provincia cuenta con una red sanitaria para el abordaje y seguimiento de estas situaciones\u00bb<\/em>, expres\u00f3.<\/p>\n\n\n\n<p>Cabe se\u00f1alar que, la estrategia de conversatorios destinados a la comunidad es una acci\u00f3n que se viene desarrollando desde el Programa Provincial de Prevenci\u00f3n del Suicidio, dependiente del Ministerio de Salud, en todo el territorio provincial desde el inicio de 2025. Se trata de encuentros de intercambio, capacitaci\u00f3n y sensibilizaci\u00f3n que re\u00fanen a actores de distintos sectores atravesados por la problem\u00e1tica del suicidio.<\/p>\n\n\n\n<p>En esta oportunidad, la actividad fue transmitida en vivo por&nbsp;<em>streaming<\/em>, a trav\u00e9s del equipo de Diputados Medios, lo que permiti\u00f3 que muchas personas y medios de comunicaci\u00f3n siguieran las alternativas.<\/p>\n\n\n<div class=\"wp-block-image\">\n<figure class=\"aligncenter size-full\"><img loading=\"lazy\" decoding=\"async\" width=\"600\" height=\"400\" src=\"https:\/\/www.delexodo.com.ar\/wp-content\/uploads\/2025\/09\/2025_09_12-prevencion_del_suicidio-federal-4.jpg\" alt=\"\" class=\"wp-image-12003\" srcset=\"https:\/\/www.delexodo.com.ar\/wp-content\/uploads\/2025\/09\/2025_09_12-prevencion_del_suicidio-federal-4.jpg 600w, https:\/\/www.delexodo.com.ar\/wp-content\/uploads\/2025\/09\/2025_09_12-prevencion_del_suicidio-federal-4-300x200.jpg 300w\" sizes=\"auto, (max-width: 600px) 100vw, 600px\" \/><\/figure><\/div>","protected":false},"excerpt":{"rendered":"<p>En Federal se desarroll\u00f3 el conversatorio Prevenci\u00f3n del suicidio: herramientas para la comunidad. La jornada fue coordinada por el Ministerio&hellip;<\/p>\n","protected":false},"author":1,"featured_media":12002,"comment_status":"closed","ping_status":"closed","sticky":false,"template":"","format":"standard","meta":{"_joinchat":[],"footnotes":""},"categories":[352],"tags":[345],"class_list":["post-12001","post","type-post","status-publish","format-standard","has-post-thumbnail","hentry","category-salud","tag-destacar"],"yoast_head":"<!-- This site is optimized with the Yoast SEO plugin v25.1 - https:\/\/yoast.com\/wordpress\/plugins\/seo\/ -->\n<title>La provincia contin\u00faa con acciones de prevenci\u00f3n del suicidio - Del \u00c9xodo Nogoy\u00e1<\/title>\n<meta name=\"robots\" content=\"index, follow, max-snippet:-1, max-image-preview:large, max-video-preview:-1\" \/>\n<link rel=\"canonical\" href=\"https:\/\/www.delexodo.com.ar\/?p=12001\" \/>\n<meta property=\"og:locale\" content=\"es_ES\" \/>\n<meta property=\"og:type\" content=\"article\" \/>\n<meta property=\"og:title\" content=\"La provincia contin\u00faa con acciones de prevenci\u00f3n del suicidio - Del \u00c9xodo Nogoy\u00e1\" \/>\n<meta property=\"og:description\" content=\"En Federal se desarroll\u00f3 el conversatorio Prevenci\u00f3n del suicidio: herramientas para la comunidad. La jornada fue coordinada por el Ministerio&hellip;\" \/>\n<meta property=\"og:url\" content=\"https:\/\/www.delexodo.com.ar\/?p=12001\" \/>\n<meta property=\"og:site_name\" content=\"Del \u00c9xodo Nogoy\u00e1\" \/>\n<meta property=\"article:published_time\" content=\"2025-09-12T22:27:21+00:00\" \/>\n<meta property=\"article:modified_time\" content=\"2025-09-13T22:31:29+00:00\" \/>\n<meta property=\"og:image\" content=\"https:\/\/www.delexodo.com.ar\/wp-content\/uploads\/2025\/09\/2025_09_12-prevencion_del_suicidio-federal-2.jpg\" \/>\n\t<meta property=\"og:image:width\" content=\"900\" \/>\n\t<meta property=\"og:image:height\" content=\"600\" \/>\n\t<meta property=\"og:image:type\" content=\"image\/jpeg\" \/>\n<meta name=\"author\" content=\"admin\" \/>\n<meta name=\"twitter:card\" content=\"summary_large_image\" \/>\n<meta name=\"twitter:label1\" content=\"Escrito por\" \/>\n\t<meta name=\"twitter:data1\" content=\"admin\" \/>\n\t<meta name=\"twitter:label2\" content=\"Tiempo de lectura\" \/>\n\t<meta name=\"twitter:data2\" content=\"3 minutos\" \/>\n<script type=\"application\/ld+json\" class=\"yoast-schema-graph\">{\"@context\":\"https:\/\/schema.org\",\"@graph\":[{\"@type\":\"Article\",\"@id\":\"https:\/\/www.delexodo.com.ar\/?p=12001#article\",\"isPartOf\":{\"@id\":\"https:\/\/www.delexodo.com.ar\/?p=12001\"},\"author\":{\"name\":\"admin\",\"@id\":\"https:\/\/www.delexodo.com.ar\/#\/schema\/person\/bbed37f7da8e938660b34f2013ba449d\"},\"headline\":\"La provincia contin\u00faa con acciones de prevenci\u00f3n del suicidio\",\"datePublished\":\"2025-09-12T22:27:21+00:00\",\"dateModified\":\"2025-09-13T22:31:29+00:00\",\"mainEntityOfPage\":{\"@id\":\"https:\/\/www.delexodo.com.ar\/?p=12001\"},\"wordCount\":435,\"publisher\":{\"@id\":\"https:\/\/www.delexodo.com.ar\/#organization\"},\"image\":{\"@id\":\"https:\/\/www.delexodo.com.ar\/?p=12001#primaryimage\"},\"thumbnailUrl\":\"https:\/\/www.delexodo.com.ar\/wp-content\/uploads\/2025\/09\/2025_09_12-prevencion_del_suicidio-federal-2.jpg\",\"keywords\":[\"destacar\"],\"articleSection\":[\"Salud\"],\"inLanguage\":\"es\"},{\"@type\":\"WebPage\",\"@id\":\"https:\/\/www.delexodo.com.ar\/?p=12001\",\"url\":\"https:\/\/www.delexodo.com.ar\/?p=12001\",\"name\":\"La provincia contin\u00faa con acciones de prevenci\u00f3n del suicidio - Del \u00c9xodo Nogoy\u00e1\",\"isPartOf\":{\"@id\":\"https:\/\/www.delexodo.com.ar\/#website\"},\"primaryImageOfPage\":{\"@id\":\"https:\/\/www.delexodo.com.ar\/?p=12001#primaryimage\"},\"image\":{\"@id\":\"https:\/\/www.delexodo.com.ar\/?p=12001#primaryimage\"},\"thumbnailUrl\":\"https:\/\/www.delexodo.com.ar\/wp-content\/uploads\/2025\/09\/2025_09_12-prevencion_del_suicidio-federal-2.jpg\",\"datePublished\":\"2025-09-12T22:27:21+00:00\",\"dateModified\":\"2025-09-13T22:31:29+00:00\",\"breadcrumb\":{\"@id\":\"https:\/\/www.delexodo.com.ar\/?p=12001#breadcrumb\"},\"inLanguage\":\"es\",\"potentialAction\":[{\"@type\":\"ReadAction\",\"target\":[\"https:\/\/www.delexodo.com.ar\/?p=12001\"]}]},{\"@type\":\"ImageObject\",\"inLanguage\":\"es\",\"@id\":\"https:\/\/www.delexodo.com.ar\/?p=12001#primaryimage\",\"url\":\"https:\/\/www.delexodo.com.ar\/wp-content\/uploads\/2025\/09\/2025_09_12-prevencion_del_suicidio-federal-2.jpg\",\"contentUrl\":\"https:\/\/www.delexodo.com.ar\/wp-content\/uploads\/2025\/09\/2025_09_12-prevencion_del_suicidio-federal-2.jpg\",\"width\":900,\"height\":600},{\"@type\":\"BreadcrumbList\",\"@id\":\"https:\/\/www.delexodo.com.ar\/?p=12001#breadcrumb\",\"itemListElement\":[{\"@type\":\"ListItem\",\"position\":1,\"name\":\"Portada\",\"item\":\"https:\/\/www.delexodo.com.ar\/\"},{\"@type\":\"ListItem\",\"position\":2,\"name\":\"La provincia contin\u00faa con acciones de prevenci\u00f3n del suicidio\"}]},{\"@type\":\"WebSite\",\"@id\":\"https:\/\/www.delexodo.com.ar\/#website\",\"url\":\"https:\/\/www.delexodo.com.ar\/\",\"name\":\"Del \u00c9xodo Nogoy\u00e1\",\"description\":\"El Portal de Noticias de la Regi\u00f3n\",\"publisher\":{\"@id\":\"https:\/\/www.delexodo.com.ar\/#organization\"},\"potentialAction\":[{\"@type\":\"SearchAction\",\"target\":{\"@type\":\"EntryPoint\",\"urlTemplate\":\"https:\/\/www.delexodo.com.ar\/?s={search_term_string}\"},\"query-input\":{\"@type\":\"PropertyValueSpecification\",\"valueRequired\":true,\"valueName\":\"search_term_string\"}}],\"inLanguage\":\"es\"},{\"@type\":\"Organization\",\"@id\":\"https:\/\/www.delexodo.com.ar\/#organization\",\"name\":\"Del \u00c9xodo Nogoy\u00e1\",\"url\":\"https:\/\/www.delexodo.com.ar\/\",\"logo\":{\"@type\":\"ImageObject\",\"inLanguage\":\"es\",\"@id\":\"https:\/\/www.delexodo.com.ar\/#\/schema\/logo\/image\/\",\"url\":\"https:\/\/www.delexodo.com.ar\/wp-content\/uploads\/2024\/10\/cropped-cropped-LOGO24.png\",\"contentUrl\":\"https:\/\/www.delexodo.com.ar\/wp-content\/uploads\/2024\/10\/cropped-cropped-LOGO24.png\",\"width\":512,\"height\":349,\"caption\":\"Del \u00c9xodo Nogoy\u00e1\"},\"image\":{\"@id\":\"https:\/\/www.delexodo.com.ar\/#\/schema\/logo\/image\/\"}},{\"@type\":\"Person\",\"@id\":\"https:\/\/www.delexodo.com.ar\/#\/schema\/person\/bbed37f7da8e938660b34f2013ba449d\",\"name\":\"admin\",\"image\":{\"@type\":\"ImageObject\",\"inLanguage\":\"es\",\"@id\":\"https:\/\/www.delexodo.com.ar\/#\/schema\/person\/image\/\",\"url\":\"https:\/\/secure.gravatar.com\/avatar\/6b1558d1b6df085f1901bd5bd98523d7?s=96&d=mm&r=g\",\"contentUrl\":\"https:\/\/secure.gravatar.com\/avatar\/6b1558d1b6df085f1901bd5bd98523d7?s=96&d=mm&r=g\",\"caption\":\"admin\"},\"url\":\"https:\/\/www.delexodo.com.ar\/?author=1\"}]}<\/script>\n<!-- \/ Yoast SEO plugin. -->","yoast_head_json":{"title":"La provincia contin\u00faa con acciones de prevenci\u00f3n del suicidio - Del \u00c9xodo Nogoy\u00e1","robots":{"index":"index","follow":"follow","max-snippet":"max-snippet:-1","max-image-preview":"max-image-preview:large","max-video-preview":"max-video-preview:-1"},"canonical":"https:\/\/www.delexodo.com.ar\/?p=12001","og_locale":"es_ES","og_type":"article","og_title":"La provincia contin\u00faa con acciones de prevenci\u00f3n del suicidio - Del \u00c9xodo Nogoy\u00e1","og_description":"En Federal se desarroll\u00f3 el conversatorio Prevenci\u00f3n del suicidio: herramientas para la comunidad. La jornada fue coordinada por el Ministerio&hellip;","og_url":"https:\/\/www.delexodo.com.ar\/?p=12001","og_site_name":"Del \u00c9xodo Nogoy\u00e1","article_published_time":"2025-09-12T22:27:21+00:00","article_modified_time":"2025-09-13T22:31:29+00:00","og_image":[{"width":900,"height":600,"url":"https:\/\/www.delexodo.com.ar\/wp-content\/uploads\/2025\/09\/2025_09_12-prevencion_del_suicidio-federal-2.jpg","type":"image\/jpeg"}],"author":"admin","twitter_card":"summary_large_image","twitter_misc":{"Escrito por":"admin","Tiempo de lectura":"3 minutos"},"schema":{"@context":"https:\/\/schema.org","@graph":[{"@type":"Article","@id":"https:\/\/www.delexodo.com.ar\/?p=12001#article","isPartOf":{"@id":"https:\/\/www.delexodo.com.ar\/?p=12001"},"author":{"name":"admin","@id":"https:\/\/www.delexodo.com.ar\/#\/schema\/person\/bbed37f7da8e938660b34f2013ba449d"},"headline":"La provincia contin\u00faa con acciones de prevenci\u00f3n del suicidio","datePublished":"2025-09-12T22:27:21+00:00","dateModified":"2025-09-13T22:31:29+00:00","mainEntityOfPage":{"@id":"https:\/\/www.delexodo.com.ar\/?p=12001"},"wordCount":435,"publisher":{"@id":"https:\/\/www.delexodo.com.ar\/#organization"},"image":{"@id":"https:\/\/www.delexodo.com.ar\/?p=12001#primaryimage"},"thumbnailUrl":"https:\/\/www.delexodo.com.ar\/wp-content\/uploads\/2025\/09\/2025_09_12-prevencion_del_suicidio-federal-2.jpg","keywords":["destacar"],"articleSection":["Salud"],"inLanguage":"es"},{"@type":"WebPage","@id":"https:\/\/www.delexodo.com.ar\/?p=12001","url":"https:\/\/www.delexodo.com.ar\/?p=12001","name":"La provincia contin\u00faa con acciones de prevenci\u00f3n del suicidio - Del \u00c9xodo Nogoy\u00e1","isPartOf":{"@id":"https:\/\/www.delexodo.com.ar\/#website"},"primaryImageOfPage":{"@id":"https:\/\/www.delexodo.com.ar\/?p=12001#primaryimage"},"image":{"@id":"https:\/\/www.delexodo.com.ar\/?p=12001#primaryimage"},"thumbnailUrl":"https:\/\/www.delexodo.com.ar\/wp-content\/uploads\/2025\/09\/2025_09_12-prevencion_del_suicidio-federal-2.jpg","datePublished":"2025-09-12T22:27:21+00:00","dateModified":"2025-09-13T22:31:29+00:00","breadcrumb":{"@id":"https:\/\/www.delexodo.com.ar\/?p=12001#breadcrumb"},"inLanguage":"es","potentialAction":[{"@type":"ReadAction","target":["https:\/\/www.delexodo.com.ar\/?p=12001"]}]},{"@type":"ImageObject","inLanguage":"es","@id":"https:\/\/www.delexodo.com.ar\/?p=12001#primaryimage","url":"https:\/\/www.delexodo.com.ar\/wp-content\/uploads\/2025\/09\/2025_09_12-prevencion_del_suicidio-federal-2.jpg","contentUrl":"https:\/\/www.delexodo.com.ar\/wp-content\/uploads\/2025\/09\/2025_09_12-prevencion_del_suicidio-federal-2.jpg","width":900,"height":600},{"@type":"BreadcrumbList","@id":"https:\/\/www.delexodo.com.ar\/?p=12001#breadcrumb","itemListElement":[{"@type":"ListItem","position":1,"name":"Portada","item":"https:\/\/www.delexodo.com.ar\/"},{"@type":"ListItem","position":2,"name":"La provincia contin\u00faa con acciones de prevenci\u00f3n del suicidio"}]},{"@type":"WebSite","@id":"https:\/\/www.delexodo.com.ar\/#website","url":"https:\/\/www.delexodo.com.ar\/","name":"Del \u00c9xodo Nogoy\u00e1","description":"El Portal de Noticias de la Regi\u00f3n","publisher":{"@id":"https:\/\/www.delexodo.com.ar\/#organization"},"potentialAction":[{"@type":"SearchAction","target":{"@type":"EntryPoint","urlTemplate":"https:\/\/www.delexodo.com.ar\/?s={search_term_string}"},"query-input":{"@type":"PropertyValueSpecification","valueRequired":true,"valueName":"search_term_string"}}],"inLanguage":"es"},{"@type":"Organization","@id":"https:\/\/www.delexodo.com.ar\/#organization","name":"Del \u00c9xodo Nogoy\u00e1","url":"https:\/\/www.delexodo.com.ar\/","logo":{"@type":"ImageObject","inLanguage":"es","@id":"https:\/\/www.delexodo.com.ar\/#\/schema\/logo\/image\/","url":"https:\/\/www.delexodo.com.ar\/wp-content\/uploads\/2024\/10\/cropped-cropped-LOGO24.png","contentUrl":"https:\/\/www.delexodo.com.ar\/wp-content\/uploads\/2024\/10\/cropped-cropped-LOGO24.png","width":512,"height":349,"caption":"Del \u00c9xodo Nogoy\u00e1"},"image":{"@id":"https:\/\/www.delexodo.com.ar\/#\/schema\/logo\/image\/"}},{"@type":"Person","@id":"https:\/\/www.delexodo.com.ar\/#\/schema\/person\/bbed37f7da8e938660b34f2013ba449d","name":"admin","image":{"@type":"ImageObject","inLanguage":"es","@id":"https:\/\/www.delexodo.com.ar\/#\/schema\/person\/image\/","url":"https:\/\/secure.gravatar.com\/avatar\/6b1558d1b6df085f1901bd5bd98523d7?s=96&d=mm&r=g","contentUrl":"https:\/\/secure.gravatar.com\/avatar\/6b1558d1b6df085f1901bd5bd98523d7?s=96&d=mm&r=g","caption":"admin"},"url":"https:\/\/www.delexodo.com.ar\/?author=1"}]}},"_links":{"self":[{"href":"https:\/\/www.delexodo.com.ar\/index.php?rest_route=\/wp\/v2\/posts\/12001","targetHints":{"allow":["GET"]}}],"collection":[{"href":"https:\/\/www.delexodo.com.ar\/index.php?rest_route=\/wp\/v2\/posts"}],"about":[{"href":"https:\/\/www.delexodo.com.ar\/index.php?rest_route=\/wp\/v2\/types\/post"}],"author":[{"embeddable":true,"href":"https:\/\/www.delexodo.com.ar\/index.php?rest_route=\/wp\/v2\/users\/1"}],"replies":[{"embeddable":true,"href":"https:\/\/www.delexodo.com.ar\/index.php?rest_route=%2Fwp%2Fv2%2Fcomments&post=12001"}],"version-history":[{"count":1,"href":"https:\/\/www.delexodo.com.ar\/index.php?rest_route=\/wp\/v2\/posts\/12001\/revisions"}],"predecessor-version":[{"id":12004,"href":"https:\/\/www.delexodo.com.ar\/index.php?rest_route=\/wp\/v2\/posts\/12001\/revisions\/12004"}],"wp:featuredmedia":[{"embeddable":true,"href":"https:\/\/www.delexodo.com.ar\/index.php?rest_route=\/wp\/v2\/media\/12002"}],"wp:attachment":[{"href":"https:\/\/www.delexodo.com.ar\/index.php?rest_route=%2Fwp%2Fv2%2Fmedia&parent=12001"}],"wp:term":[{"taxonomy":"category","embeddable":true,"href":"https:\/\/www.delexodo.com.ar\/index.php?rest_route=%2Fwp%2Fv2%2Fcategories&post=12001"},{"taxonomy":"post_tag","embeddable":true,"href":"https:\/\/www.delexodo.com.ar\/index.php?rest_route=%2Fwp%2Fv2%2Ftags&post=12001"}],"curies":[{"name":"wp","href":"https:\/\/api.w.org\/{rel}","templated":true}]}}