{"id":11967,"date":"2025-09-01T21:24:28","date_gmt":"2025-09-02T00:24:28","guid":{"rendered":"https:\/\/www.delexodo.com.ar\/?p=11967"},"modified":"2025-09-01T21:24:29","modified_gmt":"2025-09-02T00:24:29","slug":"aluani-y-blanzaco-pusieron-en-funciones-al-nuevo-director-del-hospital-san-blas-de-nogoya","status":"publish","type":"post","link":"https:\/\/www.delexodo.com.ar\/?p=11967","title":{"rendered":"Aluani y Blanzaco pusieron en funciones al nuevo director del hospital \u201cSan Blas\u201d de Nogoy\u00e1"},"content":{"rendered":"\n<p><em><strong>En un acto encabezado por la vicegobernadora Alicia Aluani y el ministro de Salud Daniel Blanzaco, este lunes Eduardo El\u00edas asumi\u00f3 como director del nosocomio nogoyaense. Adem\u00e1s, se concret\u00f3 la designaci\u00f3n de Rub\u00e9n Villarruel en la Direcci\u00f3n del Centro de Salud \u201cPedro Camet\u201d de XX de Septiembre.<\/strong><\/em><\/p>\n\n\n<div class=\"wp-block-image\">\n<figure class=\"alignright size-full is-resized\"><img loading=\"lazy\" decoding=\"async\" width=\"600\" height=\"400\" src=\"https:\/\/www.delexodo.com.ar\/wp-content\/uploads\/2025\/09\/Aluani-Bonzaco-San-Blas.jpg\" alt=\"\" class=\"wp-image-11970\" style=\"width:301px;height:auto\" srcset=\"https:\/\/www.delexodo.com.ar\/wp-content\/uploads\/2025\/09\/Aluani-Bonzaco-San-Blas.jpg 600w, https:\/\/www.delexodo.com.ar\/wp-content\/uploads\/2025\/09\/Aluani-Bonzaco-San-Blas-300x200.jpg 300w\" sizes=\"auto, (max-width: 600px) 100vw, 600px\" \/><\/figure><\/div>\n\n\n<p>La vicegobernadora de Entre R\u00edos, Alicia Aluani, junto al ministro de Salud de la provincia, Daniel Blanzaco, encabezaron el acto de asunci\u00f3n del nuevo director del \u00abHospital San Blas\u201d de Nogoy\u00e1. Se trata de la designaci\u00f3n, a trav\u00e9s de la Resoluci\u00f3n N\u00b03920 del Ministerio de Salud de Entre R\u00edos, de Eduardo El\u00edas en el cargo de director del mencionado nosocomio.<\/p>\n\n\n\n<p>De la ceremonia, que se realiz\u00f3 este lunes al mediod\u00eda, participaron el senador Rafael Cavagna; el intendente de Nogoy\u00e1, Bernardo Schneider y la viceintendenta Desire\u00e9 Pe\u00f1aloza; y Marcos Daverio Cappa, director de Asesor\u00eda Legislativa de la Honorable C\u00e1mara de Senadores. Estuvieron presentes, adem\u00e1s, Daniel Adri\u00e1n Valentinuz, secretario de Salud; Mauro Gonz\u00e1lez, director de Hospitales; Mariano Berdi\u00f1as, director Ejecutivo del Instituto Becario de Entre R\u00edos (Inaubepro); la secretaria t\u00e9cnica del hospital, Mar\u00eda Dolores Moreira; profesionales de la salud, autoridades policiales y eclesi\u00e1sticas.<\/p>\n\n\n\n<h3 class=\"wp-block-heading\"><strong>Compromiso con la salud p\u00fablica<\/strong><\/h3>\n\n\n<div class=\"wp-block-image\">\n<figure class=\"alignleft size-full is-resized\"><img loading=\"lazy\" decoding=\"async\" width=\"600\" height=\"400\" src=\"https:\/\/www.delexodo.com.ar\/wp-content\/uploads\/2025\/09\/Aluani-San-Blas.jpg\" alt=\"\" class=\"wp-image-11969\" style=\"width:288px;height:auto\" srcset=\"https:\/\/www.delexodo.com.ar\/wp-content\/uploads\/2025\/09\/Aluani-San-Blas.jpg 600w, https:\/\/www.delexodo.com.ar\/wp-content\/uploads\/2025\/09\/Aluani-San-Blas-300x200.jpg 300w\" sizes=\"auto, (max-width: 600px) 100vw, 600px\" \/><\/figure><\/div>\n\n\n<p>Al tomar la palabra, la vicegobernadora Aluani habl\u00f3 de la importancia de la vida institucional del hospital y tambi\u00e9n se refiri\u00f3 a su trayectoria profesional en el nosocomio: <em>\u201cRecorr\u00ed estos pasillos durante muchos a\u00f1os como pediatra y acompa\u00f1\u00e9 a las familias tanto en momentos de esperanza como de zozobra y de dificultades. Es parte de mi vida, pero tambi\u00e9n de la vida de cada uno de los ciudadanos\u201d<\/em>, resalt\u00f3.<\/p>\n\n\n\n<p>Seguidamente, hizo un reconocimiento a Sandra Fettolini como directora saliente, quien <em>\u201ctom\u00f3 la responsabilidad de llevar adelante la gesti\u00f3n en tiempos exigentes\u201d a\u00f1adiendo que \u201ccada persona que pasa por esta Direcci\u00f3n aporta al fortalecimiento a la instituci\u00f3n\u201d<\/em>.<\/p>\n\n\n\n<p>En la misma l\u00ednea, le dio la bienvenida a Eduardo El\u00edas como flamante director: <em>\u201cLe deseamos que pueda cumplir tanto con sus expectativas como las de la comunidad\u201d<\/em>. Y acot\u00f3: <em>\u201cEs una tarea enorme la de coordinar, conducir y potenciar a todo este gran equipo humano, que s\u00e9 que ponen todo lo de s\u00ed para poder mejorar la salud de los nogoyaenses y de la gente de toda la regi\u00f3n\u201d<\/em>.<\/p>\n\n\n\n<p>En otro tramo de su discurso, Aluani expres\u00f3: <em>\u201cDeseo que se realice una continuidad en la gesti\u00f3n, que siga siendo un hospital de puertas abiertas, con una atenci\u00f3n cercana para toda la comunidad\u201d<\/em>.<\/p>\n\n\n\n<p>En tanto, el ministro Blanzaco consider\u00f3: <em>\u201cLa incorporaci\u00f3n del doctor Eduardo El\u00edas al equipo de trabajo del Hospital San Blas es una continuidad de la gesti\u00f3n, y nos permite sostener y fortalecer lo que se ven\u00eda realizando hasta ahora con Sandra Fettolini\u201d<\/em>.<\/p>\n\n\n\n<p>En este sentido, el funcionario manifest\u00f3: <em>\u201cApostamos a hacer crecer los servicios, a adecuar el establecimiento a las necesidades que van surgiendo en tem\u00e1ticas como salud mental, que es una preocupaci\u00f3n muy actual, y a poder tener una red interrelacionada con otros hospitales de la provincia para cuando sea necesario\u201d<\/em>.<\/p>\n\n\n<div class=\"wp-block-image\">\n<figure class=\"alignleft size-large is-resized\"><img loading=\"lazy\" decoding=\"async\" width=\"574\" height=\"1024\" src=\"https:\/\/www.delexodo.com.ar\/wp-content\/uploads\/2025\/09\/Dr-Elia-San-Blas-574x1024.jpg\" alt=\"\" class=\"wp-image-11971\" style=\"width:202px;height:auto\" srcset=\"https:\/\/www.delexodo.com.ar\/wp-content\/uploads\/2025\/09\/Dr-Elia-San-Blas-574x1024.jpg 574w, https:\/\/www.delexodo.com.ar\/wp-content\/uploads\/2025\/09\/Dr-Elia-San-Blas-168x300.jpg 168w, https:\/\/www.delexodo.com.ar\/wp-content\/uploads\/2025\/09\/Dr-Elia-San-Blas.jpg 600w\" sizes=\"auto, (max-width: 574px) 100vw, 574px\" \/><\/figure><\/div>\n\n\n<p>Por su parte, Eduardo El\u00edas le agradeci\u00f3 a la directora saliente por su apertura en los d\u00edas previos al traspaso de mando: <em>\u201cAntes de asumir pudimos hablar, eso es algo que no siempre sucede y que realmente le agradezco porque es muy importante conocer la situaci\u00f3n antes de llegar a una nueva instituci\u00f3n\u201d<\/em>. Y agreg\u00f3: <em>\u201cPor supuesto que esto genera todo un desaf\u00edo y un gran compromiso para dar una respuesta a la altura de lo que la comunidad se merece\u201d<\/em>.<\/p>\n\n\n\n<p>Por \u00faltimo, la directora saliente se\u00f1al\u00f3: <em>\u201cNo me quer\u00eda ir sin agradecerles a todos por el compromiso y apoyo que tuvieron conmigo en este a\u00f1o y medio transcurrido. Siempre tuve la idea de tener una Direcci\u00f3n abierta, de compartir y ayudarlos. Agradecida de todo coraz\u00f3n, s\u00e9 que el hospital queda en muy buenas manos\u201d<\/em>, asever\u00f3 Fettolini.<\/p>\n","protected":false},"excerpt":{"rendered":"<p>En un acto encabezado por la vicegobernadora Alicia Aluani y el ministro de Salud Daniel Blanzaco, este lunes Eduardo El\u00edas&hellip;<\/p>\n","protected":false},"author":1,"featured_media":11968,"comment_status":"closed","ping_status":"closed","sticky":false,"template":"","format":"standard","meta":{"_joinchat":[],"footnotes":""},"categories":[349,352],"tags":[345],"class_list":["post-11967","post","type-post","status-publish","format-standard","has-post-thumbnail","hentry","category-politica","category-salud","tag-destacar"],"yoast_head":"<!-- This site is optimized with the Yoast SEO plugin v25.1 - https:\/\/yoast.com\/wordpress\/plugins\/seo\/ -->\n<title>Aluani y Blanzaco pusieron en funciones al nuevo director del hospital \u201cSan Blas\u201d de Nogoy\u00e1 - Del \u00c9xodo Nogoy\u00e1<\/title>\n<meta name=\"robots\" content=\"index, follow, max-snippet:-1, max-image-preview:large, max-video-preview:-1\" \/>\n<link rel=\"canonical\" href=\"https:\/\/www.delexodo.com.ar\/?p=11967\" \/>\n<meta property=\"og:locale\" content=\"es_ES\" \/>\n<meta property=\"og:type\" content=\"article\" \/>\n<meta property=\"og:title\" content=\"Aluani y Blanzaco pusieron en funciones al nuevo director del hospital \u201cSan Blas\u201d de Nogoy\u00e1 - Del \u00c9xodo Nogoy\u00e1\" \/>\n<meta property=\"og:description\" content=\"En un acto encabezado por la vicegobernadora Alicia Aluani y el ministro de Salud Daniel Blanzaco, este lunes Eduardo El\u00edas&hellip;\" \/>\n<meta property=\"og:url\" content=\"https:\/\/www.delexodo.com.ar\/?p=11967\" \/>\n<meta property=\"og:site_name\" content=\"Del \u00c9xodo Nogoy\u00e1\" \/>\n<meta property=\"article:published_time\" content=\"2025-09-02T00:24:28+00:00\" \/>\n<meta property=\"article:modified_time\" content=\"2025-09-02T00:24:29+00:00\" \/>\n<meta property=\"og:image\" content=\"https:\/\/www.delexodo.com.ar\/wp-content\/uploads\/2025\/09\/Equipo-Salud-San-Blas.jpg\" \/>\n\t<meta property=\"og:image:width\" content=\"900\" \/>\n\t<meta property=\"og:image:height\" content=\"600\" \/>\n\t<meta property=\"og:image:type\" content=\"image\/jpeg\" \/>\n<meta name=\"author\" content=\"admin\" \/>\n<meta name=\"twitter:card\" content=\"summary_large_image\" \/>\n<meta name=\"twitter:label1\" content=\"Escrito por\" \/>\n\t<meta name=\"twitter:data1\" content=\"admin\" \/>\n\t<meta name=\"twitter:label2\" content=\"Tiempo de lectura\" \/>\n\t<meta name=\"twitter:data2\" content=\"4 minutos\" \/>\n<script type=\"application\/ld+json\" class=\"yoast-schema-graph\">{\"@context\":\"https:\/\/schema.org\",\"@graph\":[{\"@type\":\"Article\",\"@id\":\"https:\/\/www.delexodo.com.ar\/?p=11967#article\",\"isPartOf\":{\"@id\":\"https:\/\/www.delexodo.com.ar\/?p=11967\"},\"author\":{\"name\":\"admin\",\"@id\":\"https:\/\/www.delexodo.com.ar\/#\/schema\/person\/bbed37f7da8e938660b34f2013ba449d\"},\"headline\":\"Aluani y Blanzaco pusieron en funciones al nuevo director del hospital \u201cSan Blas\u201d de Nogoy\u00e1\",\"datePublished\":\"2025-09-02T00:24:28+00:00\",\"dateModified\":\"2025-09-02T00:24:29+00:00\",\"mainEntityOfPage\":{\"@id\":\"https:\/\/www.delexodo.com.ar\/?p=11967\"},\"wordCount\":699,\"publisher\":{\"@id\":\"https:\/\/www.delexodo.com.ar\/#organization\"},\"image\":{\"@id\":\"https:\/\/www.delexodo.com.ar\/?p=11967#primaryimage\"},\"thumbnailUrl\":\"https:\/\/www.delexodo.com.ar\/wp-content\/uploads\/2025\/09\/Equipo-Salud-San-Blas.jpg\",\"keywords\":[\"destacar\"],\"articleSection\":[\"Politica\",\"Salud\"],\"inLanguage\":\"es\"},{\"@type\":\"WebPage\",\"@id\":\"https:\/\/www.delexodo.com.ar\/?p=11967\",\"url\":\"https:\/\/www.delexodo.com.ar\/?p=11967\",\"name\":\"Aluani y Blanzaco pusieron en funciones al nuevo director del hospital \u201cSan Blas\u201d de Nogoy\u00e1 - Del \u00c9xodo Nogoy\u00e1\",\"isPartOf\":{\"@id\":\"https:\/\/www.delexodo.com.ar\/#website\"},\"primaryImageOfPage\":{\"@id\":\"https:\/\/www.delexodo.com.ar\/?p=11967#primaryimage\"},\"image\":{\"@id\":\"https:\/\/www.delexodo.com.ar\/?p=11967#primaryimage\"},\"thumbnailUrl\":\"https:\/\/www.delexodo.com.ar\/wp-content\/uploads\/2025\/09\/Equipo-Salud-San-Blas.jpg\",\"datePublished\":\"2025-09-02T00:24:28+00:00\",\"dateModified\":\"2025-09-02T00:24:29+00:00\",\"breadcrumb\":{\"@id\":\"https:\/\/www.delexodo.com.ar\/?p=11967#breadcrumb\"},\"inLanguage\":\"es\",\"potentialAction\":[{\"@type\":\"ReadAction\",\"target\":[\"https:\/\/www.delexodo.com.ar\/?p=11967\"]}]},{\"@type\":\"ImageObject\",\"inLanguage\":\"es\",\"@id\":\"https:\/\/www.delexodo.com.ar\/?p=11967#primaryimage\",\"url\":\"https:\/\/www.delexodo.com.ar\/wp-content\/uploads\/2025\/09\/Equipo-Salud-San-Blas.jpg\",\"contentUrl\":\"https:\/\/www.delexodo.com.ar\/wp-content\/uploads\/2025\/09\/Equipo-Salud-San-Blas.jpg\",\"width\":900,\"height\":600},{\"@type\":\"BreadcrumbList\",\"@id\":\"https:\/\/www.delexodo.com.ar\/?p=11967#breadcrumb\",\"itemListElement\":[{\"@type\":\"ListItem\",\"position\":1,\"name\":\"Portada\",\"item\":\"https:\/\/www.delexodo.com.ar\/\"},{\"@type\":\"ListItem\",\"position\":2,\"name\":\"Aluani y Blanzaco pusieron en funciones al nuevo director del hospital \u201cSan Blas\u201d de Nogoy\u00e1\"}]},{\"@type\":\"WebSite\",\"@id\":\"https:\/\/www.delexodo.com.ar\/#website\",\"url\":\"https:\/\/www.delexodo.com.ar\/\",\"name\":\"Del \u00c9xodo Nogoy\u00e1\",\"description\":\"El Portal de Noticias de la Regi\u00f3n\",\"publisher\":{\"@id\":\"https:\/\/www.delexodo.com.ar\/#organization\"},\"potentialAction\":[{\"@type\":\"SearchAction\",\"target\":{\"@type\":\"EntryPoint\",\"urlTemplate\":\"https:\/\/www.delexodo.com.ar\/?s={search_term_string}\"},\"query-input\":{\"@type\":\"PropertyValueSpecification\",\"valueRequired\":true,\"valueName\":\"search_term_string\"}}],\"inLanguage\":\"es\"},{\"@type\":\"Organization\",\"@id\":\"https:\/\/www.delexodo.com.ar\/#organization\",\"name\":\"Del \u00c9xodo Nogoy\u00e1\",\"url\":\"https:\/\/www.delexodo.com.ar\/\",\"logo\":{\"@type\":\"ImageObject\",\"inLanguage\":\"es\",\"@id\":\"https:\/\/www.delexodo.com.ar\/#\/schema\/logo\/image\/\",\"url\":\"https:\/\/www.delexodo.com.ar\/wp-content\/uploads\/2024\/10\/cropped-cropped-LOGO24.png\",\"contentUrl\":\"https:\/\/www.delexodo.com.ar\/wp-content\/uploads\/2024\/10\/cropped-cropped-LOGO24.png\",\"width\":512,\"height\":349,\"caption\":\"Del \u00c9xodo Nogoy\u00e1\"},\"image\":{\"@id\":\"https:\/\/www.delexodo.com.ar\/#\/schema\/logo\/image\/\"}},{\"@type\":\"Person\",\"@id\":\"https:\/\/www.delexodo.com.ar\/#\/schema\/person\/bbed37f7da8e938660b34f2013ba449d\",\"name\":\"admin\",\"image\":{\"@type\":\"ImageObject\",\"inLanguage\":\"es\",\"@id\":\"https:\/\/www.delexodo.com.ar\/#\/schema\/person\/image\/\",\"url\":\"https:\/\/secure.gravatar.com\/avatar\/6b1558d1b6df085f1901bd5bd98523d7?s=96&d=mm&r=g\",\"contentUrl\":\"https:\/\/secure.gravatar.com\/avatar\/6b1558d1b6df085f1901bd5bd98523d7?s=96&d=mm&r=g\",\"caption\":\"admin\"},\"url\":\"https:\/\/www.delexodo.com.ar\/?author=1\"}]}<\/script>\n<!-- \/ Yoast SEO plugin. -->","yoast_head_json":{"title":"Aluani y Blanzaco pusieron en funciones al nuevo director del hospital \u201cSan Blas\u201d de Nogoy\u00e1 - Del \u00c9xodo Nogoy\u00e1","robots":{"index":"index","follow":"follow","max-snippet":"max-snippet:-1","max-image-preview":"max-image-preview:large","max-video-preview":"max-video-preview:-1"},"canonical":"https:\/\/www.delexodo.com.ar\/?p=11967","og_locale":"es_ES","og_type":"article","og_title":"Aluani y Blanzaco pusieron en funciones al nuevo director del hospital \u201cSan Blas\u201d de Nogoy\u00e1 - Del \u00c9xodo Nogoy\u00e1","og_description":"En un acto encabezado por la vicegobernadora Alicia Aluani y el ministro de Salud Daniel Blanzaco, este lunes Eduardo El\u00edas&hellip;","og_url":"https:\/\/www.delexodo.com.ar\/?p=11967","og_site_name":"Del \u00c9xodo Nogoy\u00e1","article_published_time":"2025-09-02T00:24:28+00:00","article_modified_time":"2025-09-02T00:24:29+00:00","og_image":[{"width":900,"height":600,"url":"https:\/\/www.delexodo.com.ar\/wp-content\/uploads\/2025\/09\/Equipo-Salud-San-Blas.jpg","type":"image\/jpeg"}],"author":"admin","twitter_card":"summary_large_image","twitter_misc":{"Escrito por":"admin","Tiempo de lectura":"4 minutos"},"schema":{"@context":"https:\/\/schema.org","@graph":[{"@type":"Article","@id":"https:\/\/www.delexodo.com.ar\/?p=11967#article","isPartOf":{"@id":"https:\/\/www.delexodo.com.ar\/?p=11967"},"author":{"name":"admin","@id":"https:\/\/www.delexodo.com.ar\/#\/schema\/person\/bbed37f7da8e938660b34f2013ba449d"},"headline":"Aluani y Blanzaco pusieron en funciones al nuevo director del hospital \u201cSan Blas\u201d de Nogoy\u00e1","datePublished":"2025-09-02T00:24:28+00:00","dateModified":"2025-09-02T00:24:29+00:00","mainEntityOfPage":{"@id":"https:\/\/www.delexodo.com.ar\/?p=11967"},"wordCount":699,"publisher":{"@id":"https:\/\/www.delexodo.com.ar\/#organization"},"image":{"@id":"https:\/\/www.delexodo.com.ar\/?p=11967#primaryimage"},"thumbnailUrl":"https:\/\/www.delexodo.com.ar\/wp-content\/uploads\/2025\/09\/Equipo-Salud-San-Blas.jpg","keywords":["destacar"],"articleSection":["Politica","Salud"],"inLanguage":"es"},{"@type":"WebPage","@id":"https:\/\/www.delexodo.com.ar\/?p=11967","url":"https:\/\/www.delexodo.com.ar\/?p=11967","name":"Aluani y Blanzaco pusieron en funciones al nuevo director del hospital \u201cSan Blas\u201d de Nogoy\u00e1 - Del \u00c9xodo Nogoy\u00e1","isPartOf":{"@id":"https:\/\/www.delexodo.com.ar\/#website"},"primaryImageOfPage":{"@id":"https:\/\/www.delexodo.com.ar\/?p=11967#primaryimage"},"image":{"@id":"https:\/\/www.delexodo.com.ar\/?p=11967#primaryimage"},"thumbnailUrl":"https:\/\/www.delexodo.com.ar\/wp-content\/uploads\/2025\/09\/Equipo-Salud-San-Blas.jpg","datePublished":"2025-09-02T00:24:28+00:00","dateModified":"2025-09-02T00:24:29+00:00","breadcrumb":{"@id":"https:\/\/www.delexodo.com.ar\/?p=11967#breadcrumb"},"inLanguage":"es","potentialAction":[{"@type":"ReadAction","target":["https:\/\/www.delexodo.com.ar\/?p=11967"]}]},{"@type":"ImageObject","inLanguage":"es","@id":"https:\/\/www.delexodo.com.ar\/?p=11967#primaryimage","url":"https:\/\/www.delexodo.com.ar\/wp-content\/uploads\/2025\/09\/Equipo-Salud-San-Blas.jpg","contentUrl":"https:\/\/www.delexodo.com.ar\/wp-content\/uploads\/2025\/09\/Equipo-Salud-San-Blas.jpg","width":900,"height":600},{"@type":"BreadcrumbList","@id":"https:\/\/www.delexodo.com.ar\/?p=11967#breadcrumb","itemListElement":[{"@type":"ListItem","position":1,"name":"Portada","item":"https:\/\/www.delexodo.com.ar\/"},{"@type":"ListItem","position":2,"name":"Aluani y Blanzaco pusieron en funciones al nuevo director del hospital \u201cSan Blas\u201d de Nogoy\u00e1"}]},{"@type":"WebSite","@id":"https:\/\/www.delexodo.com.ar\/#website","url":"https:\/\/www.delexodo.com.ar\/","name":"Del \u00c9xodo Nogoy\u00e1","description":"El Portal de Noticias de la Regi\u00f3n","publisher":{"@id":"https:\/\/www.delexodo.com.ar\/#organization"},"potentialAction":[{"@type":"SearchAction","target":{"@type":"EntryPoint","urlTemplate":"https:\/\/www.delexodo.com.ar\/?s={search_term_string}"},"query-input":{"@type":"PropertyValueSpecification","valueRequired":true,"valueName":"search_term_string"}}],"inLanguage":"es"},{"@type":"Organization","@id":"https:\/\/www.delexodo.com.ar\/#organization","name":"Del \u00c9xodo Nogoy\u00e1","url":"https:\/\/www.delexodo.com.ar\/","logo":{"@type":"ImageObject","inLanguage":"es","@id":"https:\/\/www.delexodo.com.ar\/#\/schema\/logo\/image\/","url":"https:\/\/www.delexodo.com.ar\/wp-content\/uploads\/2024\/10\/cropped-cropped-LOGO24.png","contentUrl":"https:\/\/www.delexodo.com.ar\/wp-content\/uploads\/2024\/10\/cropped-cropped-LOGO24.png","width":512,"height":349,"caption":"Del \u00c9xodo Nogoy\u00e1"},"image":{"@id":"https:\/\/www.delexodo.com.ar\/#\/schema\/logo\/image\/"}},{"@type":"Person","@id":"https:\/\/www.delexodo.com.ar\/#\/schema\/person\/bbed37f7da8e938660b34f2013ba449d","name":"admin","image":{"@type":"ImageObject","inLanguage":"es","@id":"https:\/\/www.delexodo.com.ar\/#\/schema\/person\/image\/","url":"https:\/\/secure.gravatar.com\/avatar\/6b1558d1b6df085f1901bd5bd98523d7?s=96&d=mm&r=g","contentUrl":"https:\/\/secure.gravatar.com\/avatar\/6b1558d1b6df085f1901bd5bd98523d7?s=96&d=mm&r=g","caption":"admin"},"url":"https:\/\/www.delexodo.com.ar\/?author=1"}]}},"_links":{"self":[{"href":"https:\/\/www.delexodo.com.ar\/index.php?rest_route=\/wp\/v2\/posts\/11967","targetHints":{"allow":["GET"]}}],"collection":[{"href":"https:\/\/www.delexodo.com.ar\/index.php?rest_route=\/wp\/v2\/posts"}],"about":[{"href":"https:\/\/www.delexodo.com.ar\/index.php?rest_route=\/wp\/v2\/types\/post"}],"author":[{"embeddable":true,"href":"https:\/\/www.delexodo.com.ar\/index.php?rest_route=\/wp\/v2\/users\/1"}],"replies":[{"embeddable":true,"href":"https:\/\/www.delexodo.com.ar\/index.php?rest_route=%2Fwp%2Fv2%2Fcomments&post=11967"}],"version-history":[{"count":1,"href":"https:\/\/www.delexodo.com.ar\/index.php?rest_route=\/wp\/v2\/posts\/11967\/revisions"}],"predecessor-version":[{"id":11972,"href":"https:\/\/www.delexodo.com.ar\/index.php?rest_route=\/wp\/v2\/posts\/11967\/revisions\/11972"}],"wp:featuredmedia":[{"embeddable":true,"href":"https:\/\/www.delexodo.com.ar\/index.php?rest_route=\/wp\/v2\/media\/11968"}],"wp:attachment":[{"href":"https:\/\/www.delexodo.com.ar\/index.php?rest_route=%2Fwp%2Fv2%2Fmedia&parent=11967"}],"wp:term":[{"taxonomy":"category","embeddable":true,"href":"https:\/\/www.delexodo.com.ar\/index.php?rest_route=%2Fwp%2Fv2%2Fcategories&post=11967"},{"taxonomy":"post_tag","embeddable":true,"href":"https:\/\/www.delexodo.com.ar\/index.php?rest_route=%2Fwp%2Fv2%2Ftags&post=11967"}],"curies":[{"name":"wp","href":"https:\/\/api.w.org\/{rel}","templated":true}]}}