{"id":11946,"date":"2025-08-25T16:05:55","date_gmt":"2025-08-25T19:05:55","guid":{"rendered":"https:\/\/www.delexodo.com.ar\/?p=11946"},"modified":"2025-08-25T16:08:28","modified_gmt":"2025-08-25T19:08:28","slug":"el-senado-aprobo-la-ley-de-sostenibilidad-de-la-deuda-publica-provincial","status":"publish","type":"post","link":"https:\/\/www.delexodo.com.ar\/?p=11946","title":{"rendered":"El Senado aprob\u00f3 la ley de sostenibilidad de la deuda p\u00fablica provincial"},"content":{"rendered":"\n<p><em><strong>La C\u00e1mara de Senadores de Entre R\u00edos realiz\u00f3 este lunes la 1\u00aa Sesi\u00f3n Especial para tratar el proyecto de Restauraci\u00f3n de la Sostenibilidad de la Deuda P\u00fablica Provincial, el cual fue aprobado por mayor\u00eda con 12 votos a favor y 5 en contra. El mismo gira a la Honorable C\u00e1mara de Diputados.<\/strong><\/em><\/p>\n\n\n\n<figure class=\"wp-block-embed is-type-video is-provider-youtube wp-block-embed-youtube wp-embed-aspect-4-3 wp-has-aspect-ratio\"><div class=\"wp-block-embed__wrapper\">\n<iframe loading=\"lazy\" title=\"1\u00ba Sesi\u00f3n Especial del 146\u00ba Per\u00edodo Legislativo\" width=\"500\" height=\"375\" src=\"https:\/\/www.youtube.com\/embed\/Il5jMZIkT3A?feature=oembed\" frameborder=\"0\" allow=\"accelerometer; autoplay; clipboard-write; encrypted-media; gyroscope; picture-in-picture; web-share\" referrerpolicy=\"strict-origin-when-cross-origin\" allowfullscreen><\/iframe>\n<\/div><\/figure>\n\n\n\n<p>En el recinto de la Honorable C\u00e1mara de Senadores, la vicegobernadora y presidente del Senado, Alicia Aluani, presidi\u00f3 la 1\u00aa Sesi\u00f3n Especial correspondiente al 146\u00ba Per\u00edodo Legislativo. Estuvo asistida por el secretario de C\u00e1mara de Senadores, Sergio Avero y la prosecretaria, Sara Foletto. La sesi\u00f3n cont\u00f3 con la presencia de 17 legisladores y quorum reglamentario.<br>La Bandera Nacional fue izada por Juan Pablo Cosso (Villaguay \u2013 M\u00e1s para Entre R\u00edos) y la Bandera de Entre R\u00edos por Gloria Cozzi (Concordia\u2013 Juntos por Entre R\u00edos)<\/p>\n\n\n\n<h3 class=\"wp-block-heading\"><strong>Ley de sostenibilidad de la deuda p\u00fablica provincial<\/strong><\/h3>\n\n\n\n<p>En esta oportunidad, los legisladores aprobaron por mayor\u00eda el proyecto de ley de autor\u00eda del Poder Ejecutivo, por el que se declara prioritaria la restauraci\u00f3n de la sostenibilidad de la deuda p\u00fablica provincial (expediente N\u00b0 15.400). El mismo ya contaba con despacho favorable de las comisiones de Presupuesto y Hacienda y de Legislaci\u00f3n General.<\/p>\n\n\n\n<p>La votaci\u00f3n general result\u00f3 con 8 votos afirmativos del bloque Juntos por Entre R\u00edos (Vergara, Cavagna, Benedetti, Cozzi, Dal Mol\u00edn, Favre, Otaegui y M\u00e9ndez); 3 votos positivos del bloque M\u00e1s para Entre R\u00edos (Miranda, Cosso y D\u00edaz); y 1 voto afirmativo de la senadora Gladys Dom\u00ednguez, del bloque unipersonal Peronismo Federal. En tanto, 5 senadores del bloque M\u00e1s para Entre R\u00edos (Oliva, Sanzberro, Conti, Berthet y Silva) se manifestaron en contra. De este modo, el proyecto fue aprobado por 12 votos a favor y 5 negativos.<\/p>\n\n\n\n<h3 class=\"wp-block-heading\"><strong>Argumentos a favor y en contra<\/strong><\/h3>\n\n\n<div class=\"wp-block-image\">\n<figure class=\"alignleft size-full is-resized\"><img loading=\"lazy\" decoding=\"async\" width=\"600\" height=\"400\" src=\"https:\/\/www.delexodo.com.ar\/wp-content\/uploads\/2025\/08\/Senador-Vergara.jpg\" alt=\"\" class=\"wp-image-11948\" style=\"width:334px;height:auto\" srcset=\"https:\/\/www.delexodo.com.ar\/wp-content\/uploads\/2025\/08\/Senador-Vergara.jpg 600w, https:\/\/www.delexodo.com.ar\/wp-content\/uploads\/2025\/08\/Senador-Vergara-300x200.jpg 300w\" sizes=\"auto, (max-width: 600px) 100vw, 600px\" \/><\/figure><\/div>\n\n\n<p>El <strong>senador Gustavo Vergara (Diamante \u2013 Juntos por Entre R\u00edos)<\/strong> al fundamentar el proyecto enviado por el Poder Ejecutivo Provincial, se\u00f1al\u00f3 que la iniciativa busca refinanciar y reestructurar el actual stock de deuda, cercano a los 700 millones de d\u00f3lares, cuya mayor parte proviene del cr\u00e9dito internacional tomado en 2017 y reestructurado en 2021. <em>\u201cNo estamos hablando de nueva deuda, sino de ordenar la existente para que la provincia pueda cumplir en tiempo y forma con sus obligaciones\u201d<\/em>, subray\u00f3. Luego, se\u00f1al\u00f3 que esto responde a <em>\u201cla necesidad que la gesti\u00f3n provincial de llevar adelante un plan de gobierno donde tiene afectados b\u00e1sicamente el 80% de los ingresos que hoy tiene la provincia en gastos que son muy r\u00edgidos, como es el pago de sueldo, como el pago de las jubilaciones o como pueden ser las transferencias que se hacen de coparticipaci\u00f3n a municipios y comunes\u201d<\/em>.<\/p>\n\n\n\n<p><em>\u201cLos excedentes que surjan de la reestructuraci\u00f3n se volcar\u00e1n exclusivamente a obra p\u00fablica\u201d<\/em>, agreg\u00f3. Finalmente, remarc\u00f3 que el objetivo de la ley es evitar cualquier escenario de incumplimiento y brindar previsibilidad a la provincia: <em>\u201cRestaurar la sostenibilidad de la deuda no es un concepto vac\u00edo: es la condici\u00f3n necesaria para garantizar desarrollo y futuro a Entre R\u00edos\u201d<\/em>, concluy\u00f3.<\/p>\n\n\n<div class=\"wp-block-image\">\n<figure class=\"alignright size-full is-resized\"><img loading=\"lazy\" decoding=\"async\" width=\"600\" height=\"400\" src=\"https:\/\/www.delexodo.com.ar\/wp-content\/uploads\/2025\/08\/Senadora-Diaz.jpg\" alt=\"\" class=\"wp-image-11949\" style=\"width:353px;height:auto\" srcset=\"https:\/\/www.delexodo.com.ar\/wp-content\/uploads\/2025\/08\/Senadora-Diaz.jpg 600w, https:\/\/www.delexodo.com.ar\/wp-content\/uploads\/2025\/08\/Senadora-Diaz-300x200.jpg 300w\" sizes=\"auto, (max-width: 600px) 100vw, 600px\" \/><\/figure><\/div>\n\n\n<p>Por su parte, la <strong>senadora Patricia D\u00edaz (La Paz \u2013 M\u00e1s para Entre R\u00edos)<\/strong> argument\u00f3 su voto a favor del proyecto: <em>\u201cMi departamento tiene seis municipios que de los seis, cinco tienen deuda, como es La Paz, Piedras Blancas, Bovril, Alcaraz, Santa Elena, todo con su anterior administraci\u00f3n, que limitan su crecimiento. Con esta herramienta podremos reestructurarla con mejores condiciones, d\u00e1ndole previsibilidad y ox\u00edgeno financiero. Mi voto busca que estos compromisos se transformen en una oportunidad de orden y desarrollo, permitiendo que los recursos locales se destinen a las obras y servicios de la comunidad que cada comunidad necesita\u201d<\/em>. Asimismo, expres\u00f3 que: <em>\u201cEspero que ni los municipios ni la provincia vuelvan a adquirir cr\u00e9ditos en d\u00f3lares que comprometan a nuestro futuro\u201d y que cualquier endeudamiento \u201cdebiera ser en pesos argentinos y en condiciones m\u00e1s sostenibles\u201d<\/em>.<\/p>\n\n\n<div class=\"wp-block-image\">\n<figure class=\"alignleft size-full is-resized\"><img loading=\"lazy\" decoding=\"async\" width=\"600\" height=\"400\" src=\"https:\/\/www.delexodo.com.ar\/wp-content\/uploads\/2025\/08\/Senador-Oliva.jpg\" alt=\"\" class=\"wp-image-11950\" style=\"width:278px;height:auto\" srcset=\"https:\/\/www.delexodo.com.ar\/wp-content\/uploads\/2025\/08\/Senador-Oliva.jpg 600w, https:\/\/www.delexodo.com.ar\/wp-content\/uploads\/2025\/08\/Senador-Oliva-300x200.jpg 300w\" sizes=\"auto, (max-width: 600px) 100vw, 600px\" \/><\/figure><\/div>\n\n\n<p>Por otro lado, el <strong>senador Mart\u00edn Oliva (Uruguay \u2013 M\u00e1s para Entre R\u00edos) <\/strong>expres\u00f3 su rechazo al proyecto, recordando que <em>\u201cdesde diciembre del 2023 toda aquella necesidad que tuvo el gobierno provincial para que el vecino o la vecina de Entre R\u00edos est\u00e9 bien, tuvo mi acompa\u00f1amiento, excepto la ley de fitosanitarios y de creaci\u00f3n de OSER,\u201d<\/em> y que, en este sentido, <em>\u201cen diciembre levant\u00e9 la mano para aprobar un endeudamiento de 450 mil millones de pesos\u201d. \u201cSi nosotros estamos ac\u00e1, no es porque solamente se va a pagar lo que se debe, estamos autorizando nueva deuda. No estoy para juzgar al Ejecutivo, solamente quiero llamar a las cosas como son\u201d<\/em>, asever\u00f3. Adem\u00e1s, Oliva manifest\u00f3: <em>\u201cNo creo que se deba tomar nueva deuda, s\u00ed que se tiene que reestructurar\u201d<\/em>.<\/p>\n\n\n<div class=\"wp-block-image\">\n<figure class=\"alignright size-full is-resized\"><img loading=\"lazy\" decoding=\"async\" width=\"600\" height=\"400\" src=\"https:\/\/www.delexodo.com.ar\/wp-content\/uploads\/2025\/08\/Senador-Sanzberro.jpg\" alt=\"\" class=\"wp-image-11951\" style=\"width:291px;height:auto\" srcset=\"https:\/\/www.delexodo.com.ar\/wp-content\/uploads\/2025\/08\/Senador-Sanzberro.jpg 600w, https:\/\/www.delexodo.com.ar\/wp-content\/uploads\/2025\/08\/Senador-Sanzberro-300x200.jpg 300w\" sizes=\"auto, (max-width: 600px) 100vw, 600px\" \/><\/figure><\/div>\n\n\n<p>Finalmente, el <strong>senador V\u00edctor Sanzberro (Victoria \u2013 M\u00e1s para Entre R\u00edos)<\/strong>, quien tambi\u00e9n se posicion\u00f3 en contra de la iniciativa, remarc\u00f3 que el proyecto no detalla aspectos centrales como cronograma de vencimientos, tasas de inter\u00e9s, plazos, condiciones de refinanciaci\u00f3n ni impacto financiero. <em>\u201cSin esta informaci\u00f3n no podemos saber para qu\u00e9 es esta nueva deuda\u201d<\/em>, indic\u00f3, y advirti\u00f3 sobre el riesgo de un sobreendeudamiento de la provincia. Adem\u00e1s, Sanzberro se\u00f1al\u00f3 que la situaci\u00f3n de la provincia responde m\u00e1s a la ca\u00edda de ingresos y al desfinanciamiento derivado de las pol\u00edticas nacionales que a un problema de sostenibilidad de deuda. En ese sentido, consider\u00f3 que el proyecto refleja <strong>\u201cfalta de planificaci\u00f3n\u201d<\/strong> y no brinda garant\u00edas de sostenibilidad: <em>\u201cNo estoy dispuesto a acompa\u00f1ar una autorizaci\u00f3n que condiciona el futuro de Entre R\u00edos\u201d<\/em>, concluy\u00f3.<\/p>\n\n\n<div class=\"wp-block-image\">\n<figure class=\"aligncenter size-large\"><img loading=\"lazy\" decoding=\"async\" width=\"1024\" height=\"231\" src=\"https:\/\/www.delexodo.com.ar\/wp-content\/uploads\/2024\/02\/SENADO-ER-24-1024x231.png\" alt=\"\" class=\"wp-image-10161\" srcset=\"https:\/\/www.delexodo.com.ar\/wp-content\/uploads\/2024\/02\/SENADO-ER-24-1024x231.png 1024w, https:\/\/www.delexodo.com.ar\/wp-content\/uploads\/2024\/02\/SENADO-ER-24-300x68.png 300w, https:\/\/www.delexodo.com.ar\/wp-content\/uploads\/2024\/02\/SENADO-ER-24-768x173.png 768w, https:\/\/www.delexodo.com.ar\/wp-content\/uploads\/2024\/02\/SENADO-ER-24.png 1421w\" sizes=\"auto, (max-width: 1024px) 100vw, 1024px\" \/><\/figure><\/div>","protected":false},"excerpt":{"rendered":"<p>La C\u00e1mara de Senadores de Entre R\u00edos realiz\u00f3 este lunes la 1\u00aa Sesi\u00f3n Especial para tratar el proyecto de Restauraci\u00f3n&hellip;<\/p>\n","protected":false},"author":1,"featured_media":11947,"comment_status":"closed","ping_status":"closed","sticky":false,"template":"","format":"standard","meta":{"_joinchat":[],"footnotes":""},"categories":[349],"tags":[345],"class_list":["post-11946","post","type-post","status-publish","format-standard","has-post-thumbnail","hentry","category-politica","tag-destacar"],"yoast_head":"<!-- This site is optimized with the Yoast SEO plugin v25.1 - https:\/\/yoast.com\/wordpress\/plugins\/seo\/ -->\n<title>El Senado aprob\u00f3 la ley de sostenibilidad de la deuda p\u00fablica provincial - Del \u00c9xodo Nogoy\u00e1<\/title>\n<meta name=\"robots\" content=\"index, follow, max-snippet:-1, max-image-preview:large, max-video-preview:-1\" \/>\n<link rel=\"canonical\" href=\"https:\/\/www.delexodo.com.ar\/?p=11946\" \/>\n<meta property=\"og:locale\" content=\"es_ES\" \/>\n<meta property=\"og:type\" content=\"article\" \/>\n<meta property=\"og:title\" content=\"El Senado aprob\u00f3 la ley de sostenibilidad de la deuda p\u00fablica provincial - Del \u00c9xodo Nogoy\u00e1\" \/>\n<meta property=\"og:description\" content=\"La C\u00e1mara de Senadores de Entre R\u00edos realiz\u00f3 este lunes la 1\u00aa Sesi\u00f3n Especial para tratar el proyecto de Restauraci\u00f3n&hellip;\" \/>\n<meta property=\"og:url\" content=\"https:\/\/www.delexodo.com.ar\/?p=11946\" \/>\n<meta property=\"og:site_name\" content=\"Del \u00c9xodo Nogoy\u00e1\" \/>\n<meta property=\"article:published_time\" content=\"2025-08-25T19:05:55+00:00\" \/>\n<meta property=\"article:modified_time\" content=\"2025-08-25T19:08:28+00:00\" \/>\n<meta property=\"og:image\" content=\"https:\/\/www.delexodo.com.ar\/wp-content\/uploads\/2025\/08\/Senado-Recinto-Vota.jpg\" \/>\n\t<meta property=\"og:image:width\" content=\"900\" \/>\n\t<meta property=\"og:image:height\" content=\"600\" \/>\n\t<meta property=\"og:image:type\" content=\"image\/jpeg\" \/>\n<meta name=\"author\" content=\"admin\" \/>\n<meta name=\"twitter:card\" content=\"summary_large_image\" \/>\n<meta name=\"twitter:label1\" content=\"Escrito por\" \/>\n\t<meta name=\"twitter:data1\" content=\"admin\" \/>\n\t<meta name=\"twitter:label2\" content=\"Tiempo de lectura\" \/>\n\t<meta name=\"twitter:data2\" content=\"6 minutos\" \/>\n<script type=\"application\/ld+json\" class=\"yoast-schema-graph\">{\"@context\":\"https:\/\/schema.org\",\"@graph\":[{\"@type\":\"Article\",\"@id\":\"https:\/\/www.delexodo.com.ar\/?p=11946#article\",\"isPartOf\":{\"@id\":\"https:\/\/www.delexodo.com.ar\/?p=11946\"},\"author\":{\"name\":\"admin\",\"@id\":\"https:\/\/www.delexodo.com.ar\/#\/schema\/person\/bbed37f7da8e938660b34f2013ba449d\"},\"headline\":\"El Senado aprob\u00f3 la ley de sostenibilidad de la deuda p\u00fablica provincial\",\"datePublished\":\"2025-08-25T19:05:55+00:00\",\"dateModified\":\"2025-08-25T19:08:28+00:00\",\"mainEntityOfPage\":{\"@id\":\"https:\/\/www.delexodo.com.ar\/?p=11946\"},\"wordCount\":966,\"publisher\":{\"@id\":\"https:\/\/www.delexodo.com.ar\/#organization\"},\"image\":{\"@id\":\"https:\/\/www.delexodo.com.ar\/?p=11946#primaryimage\"},\"thumbnailUrl\":\"https:\/\/www.delexodo.com.ar\/wp-content\/uploads\/2025\/08\/Senado-Recinto-Vota.jpg\",\"keywords\":[\"destacar\"],\"articleSection\":[\"Politica\"],\"inLanguage\":\"es\"},{\"@type\":\"WebPage\",\"@id\":\"https:\/\/www.delexodo.com.ar\/?p=11946\",\"url\":\"https:\/\/www.delexodo.com.ar\/?p=11946\",\"name\":\"El Senado aprob\u00f3 la ley de sostenibilidad de la deuda p\u00fablica provincial - Del \u00c9xodo Nogoy\u00e1\",\"isPartOf\":{\"@id\":\"https:\/\/www.delexodo.com.ar\/#website\"},\"primaryImageOfPage\":{\"@id\":\"https:\/\/www.delexodo.com.ar\/?p=11946#primaryimage\"},\"image\":{\"@id\":\"https:\/\/www.delexodo.com.ar\/?p=11946#primaryimage\"},\"thumbnailUrl\":\"https:\/\/www.delexodo.com.ar\/wp-content\/uploads\/2025\/08\/Senado-Recinto-Vota.jpg\",\"datePublished\":\"2025-08-25T19:05:55+00:00\",\"dateModified\":\"2025-08-25T19:08:28+00:00\",\"breadcrumb\":{\"@id\":\"https:\/\/www.delexodo.com.ar\/?p=11946#breadcrumb\"},\"inLanguage\":\"es\",\"potentialAction\":[{\"@type\":\"ReadAction\",\"target\":[\"https:\/\/www.delexodo.com.ar\/?p=11946\"]}]},{\"@type\":\"ImageObject\",\"inLanguage\":\"es\",\"@id\":\"https:\/\/www.delexodo.com.ar\/?p=11946#primaryimage\",\"url\":\"https:\/\/www.delexodo.com.ar\/wp-content\/uploads\/2025\/08\/Senado-Recinto-Vota.jpg\",\"contentUrl\":\"https:\/\/www.delexodo.com.ar\/wp-content\/uploads\/2025\/08\/Senado-Recinto-Vota.jpg\",\"width\":900,\"height\":600},{\"@type\":\"BreadcrumbList\",\"@id\":\"https:\/\/www.delexodo.com.ar\/?p=11946#breadcrumb\",\"itemListElement\":[{\"@type\":\"ListItem\",\"position\":1,\"name\":\"Portada\",\"item\":\"https:\/\/www.delexodo.com.ar\/\"},{\"@type\":\"ListItem\",\"position\":2,\"name\":\"El Senado aprob\u00f3 la ley de sostenibilidad de la deuda p\u00fablica provincial\"}]},{\"@type\":\"WebSite\",\"@id\":\"https:\/\/www.delexodo.com.ar\/#website\",\"url\":\"https:\/\/www.delexodo.com.ar\/\",\"name\":\"Del \u00c9xodo Nogoy\u00e1\",\"description\":\"El Portal de Noticias de la Regi\u00f3n\",\"publisher\":{\"@id\":\"https:\/\/www.delexodo.com.ar\/#organization\"},\"potentialAction\":[{\"@type\":\"SearchAction\",\"target\":{\"@type\":\"EntryPoint\",\"urlTemplate\":\"https:\/\/www.delexodo.com.ar\/?s={search_term_string}\"},\"query-input\":{\"@type\":\"PropertyValueSpecification\",\"valueRequired\":true,\"valueName\":\"search_term_string\"}}],\"inLanguage\":\"es\"},{\"@type\":\"Organization\",\"@id\":\"https:\/\/www.delexodo.com.ar\/#organization\",\"name\":\"Del \u00c9xodo Nogoy\u00e1\",\"url\":\"https:\/\/www.delexodo.com.ar\/\",\"logo\":{\"@type\":\"ImageObject\",\"inLanguage\":\"es\",\"@id\":\"https:\/\/www.delexodo.com.ar\/#\/schema\/logo\/image\/\",\"url\":\"https:\/\/www.delexodo.com.ar\/wp-content\/uploads\/2024\/10\/cropped-cropped-LOGO24.png\",\"contentUrl\":\"https:\/\/www.delexodo.com.ar\/wp-content\/uploads\/2024\/10\/cropped-cropped-LOGO24.png\",\"width\":512,\"height\":349,\"caption\":\"Del \u00c9xodo Nogoy\u00e1\"},\"image\":{\"@id\":\"https:\/\/www.delexodo.com.ar\/#\/schema\/logo\/image\/\"}},{\"@type\":\"Person\",\"@id\":\"https:\/\/www.delexodo.com.ar\/#\/schema\/person\/bbed37f7da8e938660b34f2013ba449d\",\"name\":\"admin\",\"image\":{\"@type\":\"ImageObject\",\"inLanguage\":\"es\",\"@id\":\"https:\/\/www.delexodo.com.ar\/#\/schema\/person\/image\/\",\"url\":\"https:\/\/secure.gravatar.com\/avatar\/6b1558d1b6df085f1901bd5bd98523d7?s=96&d=mm&r=g\",\"contentUrl\":\"https:\/\/secure.gravatar.com\/avatar\/6b1558d1b6df085f1901bd5bd98523d7?s=96&d=mm&r=g\",\"caption\":\"admin\"},\"url\":\"https:\/\/www.delexodo.com.ar\/?author=1\"}]}<\/script>\n<!-- \/ Yoast SEO plugin. -->","yoast_head_json":{"title":"El Senado aprob\u00f3 la ley de sostenibilidad de la deuda p\u00fablica provincial - Del \u00c9xodo Nogoy\u00e1","robots":{"index":"index","follow":"follow","max-snippet":"max-snippet:-1","max-image-preview":"max-image-preview:large","max-video-preview":"max-video-preview:-1"},"canonical":"https:\/\/www.delexodo.com.ar\/?p=11946","og_locale":"es_ES","og_type":"article","og_title":"El Senado aprob\u00f3 la ley de sostenibilidad de la deuda p\u00fablica provincial - Del \u00c9xodo Nogoy\u00e1","og_description":"La C\u00e1mara de Senadores de Entre R\u00edos realiz\u00f3 este lunes la 1\u00aa Sesi\u00f3n Especial para tratar el proyecto de Restauraci\u00f3n&hellip;","og_url":"https:\/\/www.delexodo.com.ar\/?p=11946","og_site_name":"Del \u00c9xodo Nogoy\u00e1","article_published_time":"2025-08-25T19:05:55+00:00","article_modified_time":"2025-08-25T19:08:28+00:00","og_image":[{"width":900,"height":600,"url":"https:\/\/www.delexodo.com.ar\/wp-content\/uploads\/2025\/08\/Senado-Recinto-Vota.jpg","type":"image\/jpeg"}],"author":"admin","twitter_card":"summary_large_image","twitter_misc":{"Escrito por":"admin","Tiempo de lectura":"6 minutos"},"schema":{"@context":"https:\/\/schema.org","@graph":[{"@type":"Article","@id":"https:\/\/www.delexodo.com.ar\/?p=11946#article","isPartOf":{"@id":"https:\/\/www.delexodo.com.ar\/?p=11946"},"author":{"name":"admin","@id":"https:\/\/www.delexodo.com.ar\/#\/schema\/person\/bbed37f7da8e938660b34f2013ba449d"},"headline":"El Senado aprob\u00f3 la ley de sostenibilidad de la deuda p\u00fablica provincial","datePublished":"2025-08-25T19:05:55+00:00","dateModified":"2025-08-25T19:08:28+00:00","mainEntityOfPage":{"@id":"https:\/\/www.delexodo.com.ar\/?p=11946"},"wordCount":966,"publisher":{"@id":"https:\/\/www.delexodo.com.ar\/#organization"},"image":{"@id":"https:\/\/www.delexodo.com.ar\/?p=11946#primaryimage"},"thumbnailUrl":"https:\/\/www.delexodo.com.ar\/wp-content\/uploads\/2025\/08\/Senado-Recinto-Vota.jpg","keywords":["destacar"],"articleSection":["Politica"],"inLanguage":"es"},{"@type":"WebPage","@id":"https:\/\/www.delexodo.com.ar\/?p=11946","url":"https:\/\/www.delexodo.com.ar\/?p=11946","name":"El Senado aprob\u00f3 la ley de sostenibilidad de la deuda p\u00fablica provincial - Del \u00c9xodo Nogoy\u00e1","isPartOf":{"@id":"https:\/\/www.delexodo.com.ar\/#website"},"primaryImageOfPage":{"@id":"https:\/\/www.delexodo.com.ar\/?p=11946#primaryimage"},"image":{"@id":"https:\/\/www.delexodo.com.ar\/?p=11946#primaryimage"},"thumbnailUrl":"https:\/\/www.delexodo.com.ar\/wp-content\/uploads\/2025\/08\/Senado-Recinto-Vota.jpg","datePublished":"2025-08-25T19:05:55+00:00","dateModified":"2025-08-25T19:08:28+00:00","breadcrumb":{"@id":"https:\/\/www.delexodo.com.ar\/?p=11946#breadcrumb"},"inLanguage":"es","potentialAction":[{"@type":"ReadAction","target":["https:\/\/www.delexodo.com.ar\/?p=11946"]}]},{"@type":"ImageObject","inLanguage":"es","@id":"https:\/\/www.delexodo.com.ar\/?p=11946#primaryimage","url":"https:\/\/www.delexodo.com.ar\/wp-content\/uploads\/2025\/08\/Senado-Recinto-Vota.jpg","contentUrl":"https:\/\/www.delexodo.com.ar\/wp-content\/uploads\/2025\/08\/Senado-Recinto-Vota.jpg","width":900,"height":600},{"@type":"BreadcrumbList","@id":"https:\/\/www.delexodo.com.ar\/?p=11946#breadcrumb","itemListElement":[{"@type":"ListItem","position":1,"name":"Portada","item":"https:\/\/www.delexodo.com.ar\/"},{"@type":"ListItem","position":2,"name":"El Senado aprob\u00f3 la ley de sostenibilidad de la deuda p\u00fablica provincial"}]},{"@type":"WebSite","@id":"https:\/\/www.delexodo.com.ar\/#website","url":"https:\/\/www.delexodo.com.ar\/","name":"Del \u00c9xodo Nogoy\u00e1","description":"El Portal de Noticias de la Regi\u00f3n","publisher":{"@id":"https:\/\/www.delexodo.com.ar\/#organization"},"potentialAction":[{"@type":"SearchAction","target":{"@type":"EntryPoint","urlTemplate":"https:\/\/www.delexodo.com.ar\/?s={search_term_string}"},"query-input":{"@type":"PropertyValueSpecification","valueRequired":true,"valueName":"search_term_string"}}],"inLanguage":"es"},{"@type":"Organization","@id":"https:\/\/www.delexodo.com.ar\/#organization","name":"Del \u00c9xodo Nogoy\u00e1","url":"https:\/\/www.delexodo.com.ar\/","logo":{"@type":"ImageObject","inLanguage":"es","@id":"https:\/\/www.delexodo.com.ar\/#\/schema\/logo\/image\/","url":"https:\/\/www.delexodo.com.ar\/wp-content\/uploads\/2024\/10\/cropped-cropped-LOGO24.png","contentUrl":"https:\/\/www.delexodo.com.ar\/wp-content\/uploads\/2024\/10\/cropped-cropped-LOGO24.png","width":512,"height":349,"caption":"Del \u00c9xodo Nogoy\u00e1"},"image":{"@id":"https:\/\/www.delexodo.com.ar\/#\/schema\/logo\/image\/"}},{"@type":"Person","@id":"https:\/\/www.delexodo.com.ar\/#\/schema\/person\/bbed37f7da8e938660b34f2013ba449d","name":"admin","image":{"@type":"ImageObject","inLanguage":"es","@id":"https:\/\/www.delexodo.com.ar\/#\/schema\/person\/image\/","url":"https:\/\/secure.gravatar.com\/avatar\/6b1558d1b6df085f1901bd5bd98523d7?s=96&d=mm&r=g","contentUrl":"https:\/\/secure.gravatar.com\/avatar\/6b1558d1b6df085f1901bd5bd98523d7?s=96&d=mm&r=g","caption":"admin"},"url":"https:\/\/www.delexodo.com.ar\/?author=1"}]}},"_links":{"self":[{"href":"https:\/\/www.delexodo.com.ar\/index.php?rest_route=\/wp\/v2\/posts\/11946","targetHints":{"allow":["GET"]}}],"collection":[{"href":"https:\/\/www.delexodo.com.ar\/index.php?rest_route=\/wp\/v2\/posts"}],"about":[{"href":"https:\/\/www.delexodo.com.ar\/index.php?rest_route=\/wp\/v2\/types\/post"}],"author":[{"embeddable":true,"href":"https:\/\/www.delexodo.com.ar\/index.php?rest_route=\/wp\/v2\/users\/1"}],"replies":[{"embeddable":true,"href":"https:\/\/www.delexodo.com.ar\/index.php?rest_route=%2Fwp%2Fv2%2Fcomments&post=11946"}],"version-history":[{"count":3,"href":"https:\/\/www.delexodo.com.ar\/index.php?rest_route=\/wp\/v2\/posts\/11946\/revisions"}],"predecessor-version":[{"id":11954,"href":"https:\/\/www.delexodo.com.ar\/index.php?rest_route=\/wp\/v2\/posts\/11946\/revisions\/11954"}],"wp:featuredmedia":[{"embeddable":true,"href":"https:\/\/www.delexodo.com.ar\/index.php?rest_route=\/wp\/v2\/media\/11947"}],"wp:attachment":[{"href":"https:\/\/www.delexodo.com.ar\/index.php?rest_route=%2Fwp%2Fv2%2Fmedia&parent=11946"}],"wp:term":[{"taxonomy":"category","embeddable":true,"href":"https:\/\/www.delexodo.com.ar\/index.php?rest_route=%2Fwp%2Fv2%2Fcategories&post=11946"},{"taxonomy":"post_tag","embeddable":true,"href":"https:\/\/www.delexodo.com.ar\/index.php?rest_route=%2Fwp%2Fv2%2Ftags&post=11946"}],"curies":[{"name":"wp","href":"https:\/\/api.w.org\/{rel}","templated":true}]}}