{"id":11895,"date":"2025-08-11T22:42:33","date_gmt":"2025-08-12T01:42:33","guid":{"rendered":"https:\/\/www.delexodo.com.ar\/?p=11895"},"modified":"2025-08-11T22:42:34","modified_gmt":"2025-08-12T01:42:34","slug":"aluani-acompano-el-inicio-de-obras-en-rutas-del-departamento-nogoya","status":"publish","type":"post","link":"https:\/\/www.delexodo.com.ar\/?p=11895","title":{"rendered":"Aluani acompa\u00f1\u00f3 el inicio de obras en rutas del departamento Nogoy\u00e1"},"content":{"rendered":"\n<p><strong><em>La vicegobernadora Alicia Aluani estuvo este lunes en el comienzo de las tareas de mejora de la traza de la ruta provincial N\u00ba 13, en el distrito Sauce. Las acciones las lleva adelante personal de la Direcci\u00f3n Provincial de Vialidad, en el marco del plan de Recuperaci\u00f3n y Mantenimiento Vial.<\/em><\/strong><\/p>\n\n\n\n<p>Las obras consisten en la reposici\u00f3n de ripio en esta v\u00eda de comunicaci\u00f3n y la vicegobernadora estuvo acompa\u00f1ada por el senador provincial Rafael Cavagna; el intendente de Nogoy\u00e1, Bernardo Schneider; el jefe de la Zonal Nogoy\u00e1 de Vialidad, Mario Lupi; y el director de Asesor\u00eda Legislativa de la Honorable C\u00e1mara de Senadores (HCS), Marcos Daverio Cappa, entre otras autoridades.<\/p>\n\n\n<div class=\"wp-block-image\">\n<figure class=\"alignleft size-full is-resized\"><img loading=\"lazy\" decoding=\"async\" width=\"600\" height=\"450\" src=\"https:\/\/www.delexodo.com.ar\/wp-content\/uploads\/2025\/08\/Aluani-Lupi-Lora-Schneider-Cavagna.jpg\" alt=\"\" class=\"wp-image-11897\" style=\"width:249px;height:auto\" srcset=\"https:\/\/www.delexodo.com.ar\/wp-content\/uploads\/2025\/08\/Aluani-Lupi-Lora-Schneider-Cavagna.jpg 600w, https:\/\/www.delexodo.com.ar\/wp-content\/uploads\/2025\/08\/Aluani-Lupi-Lora-Schneider-Cavagna-300x225.jpg 300w\" sizes=\"auto, (max-width: 600px) 100vw, 600px\" \/><\/figure><\/div>\n\n\n<p>En la oportunidad, Alicia Aluani expres\u00f3: <em>\u00abNos toc\u00f3 un contexto econ\u00f3mico muy dif\u00edcil, pero desde que asumimos junto con el gobernador Rogelio Frigerio, estamos dando respuestas en la medida que se pueda y que nos llegan los recursos\u00bb, al tanto que mencion\u00f3 que \u00abal impuesto rural lo invertimos cien por ciento en los caminos de la producci\u00f3n\u00bb<\/em>.<\/p>\n\n\n\n<p>Al respecto, la mandataria continu\u00f3: <em>\u00abQueremos asegurarles a todos los entrerrianos que, ante una eventualidad o una emergencia, los caminos sean accesibles para la producci\u00f3n, pero tambi\u00e9n para que los ni\u00f1os y los docentes pueden llegar a las escuelas. As\u00ed que junto con el jefe departamental zonal y el intendente enfrentamos la situaci\u00f3n para dar respuestas y solucionar los problemas\u00bb<\/em>.<\/p>\n\n\n<div class=\"wp-block-image\">\n<figure class=\"alignright size-full is-resized\"><img loading=\"lazy\" decoding=\"async\" width=\"600\" height=\"450\" src=\"https:\/\/www.delexodo.com.ar\/wp-content\/uploads\/2025\/08\/Aluani-Lupi-Schneider.jpg\" alt=\"\" class=\"wp-image-11898\" style=\"width:316px;height:auto\" srcset=\"https:\/\/www.delexodo.com.ar\/wp-content\/uploads\/2025\/08\/Aluani-Lupi-Schneider.jpg 600w, https:\/\/www.delexodo.com.ar\/wp-content\/uploads\/2025\/08\/Aluani-Lupi-Schneider-300x225.jpg 300w\" sizes=\"auto, (max-width: 600px) 100vw, 600px\" \/><\/figure><\/div>\n\n\n<p>En tal sentido, la vicegobernadora habl\u00f3 de las gestiones que realiza el gobierno provincial y de la necesidad de dar respuestas a los vecinos. <em>\u00abSe hace un estudio de prioridades, pero hay algunas que requieren m\u00e1s urgencia que otras. En este caso, estamos atendiendo tambi\u00e9n a la solicitud de nuestra zona: es un tramo que se va a colocar ripio para que puedan sacar la producci\u00f3n, porque al campo lo acompa\u00f1amos siempre\u00bb<\/em>, acot\u00f3.<\/p>\n\n\n\n<p>En otro tramo, Aluani se refiri\u00f3 a la importancia del trabajo conjunto y la colaboraci\u00f3n del sector p\u00fablico-privado. <em>\u00abFueron a\u00f1os y a\u00f1os de abandono y ahora obviamente se necesita de una respuesta. Nosotros queremos responder a todos y lo estamos haciendo en la medida que podemos\u00bb<\/em>, reiter\u00f3, al tiempo que destac\u00f3 a los intendentes y jefe comunales que <strong>\u00abtrabajan codo a codo\u00bb<\/strong> para el desarrollo y crecimiento de sus localidades.<\/p>\n","protected":false},"excerpt":{"rendered":"<p>La vicegobernadora Alicia Aluani estuvo este lunes en el comienzo de las tareas de mejora de la traza de la&hellip;<\/p>\n","protected":false},"author":1,"featured_media":11896,"comment_status":"closed","ping_status":"closed","sticky":false,"template":"","format":"standard","meta":{"_joinchat":[],"footnotes":""},"categories":[1,349],"tags":[345],"class_list":["post-11895","post","type-post","status-publish","format-standard","has-post-thumbnail","hentry","category-sincategoria","category-politica","tag-destacar"],"yoast_head":"<!-- This site is optimized with the Yoast SEO plugin v25.1 - https:\/\/yoast.com\/wordpress\/plugins\/seo\/ -->\n<title>Aluani acompa\u00f1\u00f3 el inicio de obras en rutas del departamento Nogoy\u00e1 - Del \u00c9xodo Nogoy\u00e1<\/title>\n<meta name=\"robots\" content=\"index, follow, max-snippet:-1, max-image-preview:large, max-video-preview:-1\" \/>\n<link rel=\"canonical\" href=\"https:\/\/www.delexodo.com.ar\/?p=11895\" \/>\n<meta property=\"og:locale\" content=\"es_ES\" \/>\n<meta property=\"og:type\" content=\"article\" \/>\n<meta property=\"og:title\" content=\"Aluani acompa\u00f1\u00f3 el inicio de obras en rutas del departamento Nogoy\u00e1 - Del \u00c9xodo Nogoy\u00e1\" \/>\n<meta property=\"og:description\" content=\"La vicegobernadora Alicia Aluani estuvo este lunes en el comienzo de las tareas de mejora de la traza de la&hellip;\" \/>\n<meta property=\"og:url\" content=\"https:\/\/www.delexodo.com.ar\/?p=11895\" \/>\n<meta property=\"og:site_name\" content=\"Del \u00c9xodo Nogoy\u00e1\" \/>\n<meta property=\"article:published_time\" content=\"2025-08-12T01:42:33+00:00\" \/>\n<meta property=\"article:modified_time\" content=\"2025-08-12T01:42:34+00:00\" \/>\n<meta property=\"og:image\" content=\"https:\/\/www.delexodo.com.ar\/wp-content\/uploads\/2025\/08\/Aluani-inicio-ruta13.jpg\" \/>\n\t<meta property=\"og:image:width\" content=\"900\" \/>\n\t<meta property=\"og:image:height\" content=\"675\" \/>\n\t<meta property=\"og:image:type\" content=\"image\/jpeg\" \/>\n<meta name=\"author\" content=\"admin\" \/>\n<meta name=\"twitter:card\" content=\"summary_large_image\" \/>\n<meta name=\"twitter:label1\" content=\"Escrito por\" \/>\n\t<meta name=\"twitter:data1\" content=\"admin\" \/>\n\t<meta name=\"twitter:label2\" content=\"Tiempo de lectura\" \/>\n\t<meta name=\"twitter:data2\" content=\"3 minutos\" \/>\n<script type=\"application\/ld+json\" class=\"yoast-schema-graph\">{\"@context\":\"https:\/\/schema.org\",\"@graph\":[{\"@type\":\"Article\",\"@id\":\"https:\/\/www.delexodo.com.ar\/?p=11895#article\",\"isPartOf\":{\"@id\":\"https:\/\/www.delexodo.com.ar\/?p=11895\"},\"author\":{\"name\":\"admin\",\"@id\":\"https:\/\/www.delexodo.com.ar\/#\/schema\/person\/bbed37f7da8e938660b34f2013ba449d\"},\"headline\":\"Aluani acompa\u00f1\u00f3 el inicio de obras en rutas del departamento Nogoy\u00e1\",\"datePublished\":\"2025-08-12T01:42:33+00:00\",\"dateModified\":\"2025-08-12T01:42:34+00:00\",\"mainEntityOfPage\":{\"@id\":\"https:\/\/www.delexodo.com.ar\/?p=11895\"},\"wordCount\":402,\"publisher\":{\"@id\":\"https:\/\/www.delexodo.com.ar\/#organization\"},\"image\":{\"@id\":\"https:\/\/www.delexodo.com.ar\/?p=11895#primaryimage\"},\"thumbnailUrl\":\"https:\/\/www.delexodo.com.ar\/wp-content\/uploads\/2025\/08\/Aluani-inicio-ruta13.jpg\",\"keywords\":[\"destacar\"],\"articleSection\":[\"Nogoya\",\"Politica\"],\"inLanguage\":\"es\"},{\"@type\":\"WebPage\",\"@id\":\"https:\/\/www.delexodo.com.ar\/?p=11895\",\"url\":\"https:\/\/www.delexodo.com.ar\/?p=11895\",\"name\":\"Aluani acompa\u00f1\u00f3 el inicio de obras en rutas del departamento Nogoy\u00e1 - Del \u00c9xodo Nogoy\u00e1\",\"isPartOf\":{\"@id\":\"https:\/\/www.delexodo.com.ar\/#website\"},\"primaryImageOfPage\":{\"@id\":\"https:\/\/www.delexodo.com.ar\/?p=11895#primaryimage\"},\"image\":{\"@id\":\"https:\/\/www.delexodo.com.ar\/?p=11895#primaryimage\"},\"thumbnailUrl\":\"https:\/\/www.delexodo.com.ar\/wp-content\/uploads\/2025\/08\/Aluani-inicio-ruta13.jpg\",\"datePublished\":\"2025-08-12T01:42:33+00:00\",\"dateModified\":\"2025-08-12T01:42:34+00:00\",\"breadcrumb\":{\"@id\":\"https:\/\/www.delexodo.com.ar\/?p=11895#breadcrumb\"},\"inLanguage\":\"es\",\"potentialAction\":[{\"@type\":\"ReadAction\",\"target\":[\"https:\/\/www.delexodo.com.ar\/?p=11895\"]}]},{\"@type\":\"ImageObject\",\"inLanguage\":\"es\",\"@id\":\"https:\/\/www.delexodo.com.ar\/?p=11895#primaryimage\",\"url\":\"https:\/\/www.delexodo.com.ar\/wp-content\/uploads\/2025\/08\/Aluani-inicio-ruta13.jpg\",\"contentUrl\":\"https:\/\/www.delexodo.com.ar\/wp-content\/uploads\/2025\/08\/Aluani-inicio-ruta13.jpg\",\"width\":900,\"height\":675},{\"@type\":\"BreadcrumbList\",\"@id\":\"https:\/\/www.delexodo.com.ar\/?p=11895#breadcrumb\",\"itemListElement\":[{\"@type\":\"ListItem\",\"position\":1,\"name\":\"Portada\",\"item\":\"https:\/\/www.delexodo.com.ar\/\"},{\"@type\":\"ListItem\",\"position\":2,\"name\":\"Aluani acompa\u00f1\u00f3 el inicio de obras en rutas del departamento Nogoy\u00e1\"}]},{\"@type\":\"WebSite\",\"@id\":\"https:\/\/www.delexodo.com.ar\/#website\",\"url\":\"https:\/\/www.delexodo.com.ar\/\",\"name\":\"Del \u00c9xodo Nogoy\u00e1\",\"description\":\"El Portal de Noticias de la Regi\u00f3n\",\"publisher\":{\"@id\":\"https:\/\/www.delexodo.com.ar\/#organization\"},\"potentialAction\":[{\"@type\":\"SearchAction\",\"target\":{\"@type\":\"EntryPoint\",\"urlTemplate\":\"https:\/\/www.delexodo.com.ar\/?s={search_term_string}\"},\"query-input\":{\"@type\":\"PropertyValueSpecification\",\"valueRequired\":true,\"valueName\":\"search_term_string\"}}],\"inLanguage\":\"es\"},{\"@type\":\"Organization\",\"@id\":\"https:\/\/www.delexodo.com.ar\/#organization\",\"name\":\"Del \u00c9xodo Nogoy\u00e1\",\"url\":\"https:\/\/www.delexodo.com.ar\/\",\"logo\":{\"@type\":\"ImageObject\",\"inLanguage\":\"es\",\"@id\":\"https:\/\/www.delexodo.com.ar\/#\/schema\/logo\/image\/\",\"url\":\"https:\/\/www.delexodo.com.ar\/wp-content\/uploads\/2024\/10\/cropped-cropped-LOGO24.png\",\"contentUrl\":\"https:\/\/www.delexodo.com.ar\/wp-content\/uploads\/2024\/10\/cropped-cropped-LOGO24.png\",\"width\":512,\"height\":349,\"caption\":\"Del \u00c9xodo Nogoy\u00e1\"},\"image\":{\"@id\":\"https:\/\/www.delexodo.com.ar\/#\/schema\/logo\/image\/\"}},{\"@type\":\"Person\",\"@id\":\"https:\/\/www.delexodo.com.ar\/#\/schema\/person\/bbed37f7da8e938660b34f2013ba449d\",\"name\":\"admin\",\"image\":{\"@type\":\"ImageObject\",\"inLanguage\":\"es\",\"@id\":\"https:\/\/www.delexodo.com.ar\/#\/schema\/person\/image\/\",\"url\":\"https:\/\/secure.gravatar.com\/avatar\/6b1558d1b6df085f1901bd5bd98523d7?s=96&d=mm&r=g\",\"contentUrl\":\"https:\/\/secure.gravatar.com\/avatar\/6b1558d1b6df085f1901bd5bd98523d7?s=96&d=mm&r=g\",\"caption\":\"admin\"},\"url\":\"https:\/\/www.delexodo.com.ar\/?author=1\"}]}<\/script>\n<!-- \/ Yoast SEO plugin. -->","yoast_head_json":{"title":"Aluani acompa\u00f1\u00f3 el inicio de obras en rutas del departamento Nogoy\u00e1 - Del \u00c9xodo Nogoy\u00e1","robots":{"index":"index","follow":"follow","max-snippet":"max-snippet:-1","max-image-preview":"max-image-preview:large","max-video-preview":"max-video-preview:-1"},"canonical":"https:\/\/www.delexodo.com.ar\/?p=11895","og_locale":"es_ES","og_type":"article","og_title":"Aluani acompa\u00f1\u00f3 el inicio de obras en rutas del departamento Nogoy\u00e1 - Del \u00c9xodo Nogoy\u00e1","og_description":"La vicegobernadora Alicia Aluani estuvo este lunes en el comienzo de las tareas de mejora de la traza de la&hellip;","og_url":"https:\/\/www.delexodo.com.ar\/?p=11895","og_site_name":"Del \u00c9xodo Nogoy\u00e1","article_published_time":"2025-08-12T01:42:33+00:00","article_modified_time":"2025-08-12T01:42:34+00:00","og_image":[{"width":900,"height":675,"url":"https:\/\/www.delexodo.com.ar\/wp-content\/uploads\/2025\/08\/Aluani-inicio-ruta13.jpg","type":"image\/jpeg"}],"author":"admin","twitter_card":"summary_large_image","twitter_misc":{"Escrito por":"admin","Tiempo de lectura":"3 minutos"},"schema":{"@context":"https:\/\/schema.org","@graph":[{"@type":"Article","@id":"https:\/\/www.delexodo.com.ar\/?p=11895#article","isPartOf":{"@id":"https:\/\/www.delexodo.com.ar\/?p=11895"},"author":{"name":"admin","@id":"https:\/\/www.delexodo.com.ar\/#\/schema\/person\/bbed37f7da8e938660b34f2013ba449d"},"headline":"Aluani acompa\u00f1\u00f3 el inicio de obras en rutas del departamento Nogoy\u00e1","datePublished":"2025-08-12T01:42:33+00:00","dateModified":"2025-08-12T01:42:34+00:00","mainEntityOfPage":{"@id":"https:\/\/www.delexodo.com.ar\/?p=11895"},"wordCount":402,"publisher":{"@id":"https:\/\/www.delexodo.com.ar\/#organization"},"image":{"@id":"https:\/\/www.delexodo.com.ar\/?p=11895#primaryimage"},"thumbnailUrl":"https:\/\/www.delexodo.com.ar\/wp-content\/uploads\/2025\/08\/Aluani-inicio-ruta13.jpg","keywords":["destacar"],"articleSection":["Nogoya","Politica"],"inLanguage":"es"},{"@type":"WebPage","@id":"https:\/\/www.delexodo.com.ar\/?p=11895","url":"https:\/\/www.delexodo.com.ar\/?p=11895","name":"Aluani acompa\u00f1\u00f3 el inicio de obras en rutas del departamento Nogoy\u00e1 - Del \u00c9xodo Nogoy\u00e1","isPartOf":{"@id":"https:\/\/www.delexodo.com.ar\/#website"},"primaryImageOfPage":{"@id":"https:\/\/www.delexodo.com.ar\/?p=11895#primaryimage"},"image":{"@id":"https:\/\/www.delexodo.com.ar\/?p=11895#primaryimage"},"thumbnailUrl":"https:\/\/www.delexodo.com.ar\/wp-content\/uploads\/2025\/08\/Aluani-inicio-ruta13.jpg","datePublished":"2025-08-12T01:42:33+00:00","dateModified":"2025-08-12T01:42:34+00:00","breadcrumb":{"@id":"https:\/\/www.delexodo.com.ar\/?p=11895#breadcrumb"},"inLanguage":"es","potentialAction":[{"@type":"ReadAction","target":["https:\/\/www.delexodo.com.ar\/?p=11895"]}]},{"@type":"ImageObject","inLanguage":"es","@id":"https:\/\/www.delexodo.com.ar\/?p=11895#primaryimage","url":"https:\/\/www.delexodo.com.ar\/wp-content\/uploads\/2025\/08\/Aluani-inicio-ruta13.jpg","contentUrl":"https:\/\/www.delexodo.com.ar\/wp-content\/uploads\/2025\/08\/Aluani-inicio-ruta13.jpg","width":900,"height":675},{"@type":"BreadcrumbList","@id":"https:\/\/www.delexodo.com.ar\/?p=11895#breadcrumb","itemListElement":[{"@type":"ListItem","position":1,"name":"Portada","item":"https:\/\/www.delexodo.com.ar\/"},{"@type":"ListItem","position":2,"name":"Aluani acompa\u00f1\u00f3 el inicio de obras en rutas del departamento Nogoy\u00e1"}]},{"@type":"WebSite","@id":"https:\/\/www.delexodo.com.ar\/#website","url":"https:\/\/www.delexodo.com.ar\/","name":"Del \u00c9xodo Nogoy\u00e1","description":"El Portal de Noticias de la Regi\u00f3n","publisher":{"@id":"https:\/\/www.delexodo.com.ar\/#organization"},"potentialAction":[{"@type":"SearchAction","target":{"@type":"EntryPoint","urlTemplate":"https:\/\/www.delexodo.com.ar\/?s={search_term_string}"},"query-input":{"@type":"PropertyValueSpecification","valueRequired":true,"valueName":"search_term_string"}}],"inLanguage":"es"},{"@type":"Organization","@id":"https:\/\/www.delexodo.com.ar\/#organization","name":"Del \u00c9xodo Nogoy\u00e1","url":"https:\/\/www.delexodo.com.ar\/","logo":{"@type":"ImageObject","inLanguage":"es","@id":"https:\/\/www.delexodo.com.ar\/#\/schema\/logo\/image\/","url":"https:\/\/www.delexodo.com.ar\/wp-content\/uploads\/2024\/10\/cropped-cropped-LOGO24.png","contentUrl":"https:\/\/www.delexodo.com.ar\/wp-content\/uploads\/2024\/10\/cropped-cropped-LOGO24.png","width":512,"height":349,"caption":"Del \u00c9xodo Nogoy\u00e1"},"image":{"@id":"https:\/\/www.delexodo.com.ar\/#\/schema\/logo\/image\/"}},{"@type":"Person","@id":"https:\/\/www.delexodo.com.ar\/#\/schema\/person\/bbed37f7da8e938660b34f2013ba449d","name":"admin","image":{"@type":"ImageObject","inLanguage":"es","@id":"https:\/\/www.delexodo.com.ar\/#\/schema\/person\/image\/","url":"https:\/\/secure.gravatar.com\/avatar\/6b1558d1b6df085f1901bd5bd98523d7?s=96&d=mm&r=g","contentUrl":"https:\/\/secure.gravatar.com\/avatar\/6b1558d1b6df085f1901bd5bd98523d7?s=96&d=mm&r=g","caption":"admin"},"url":"https:\/\/www.delexodo.com.ar\/?author=1"}]}},"_links":{"self":[{"href":"https:\/\/www.delexodo.com.ar\/index.php?rest_route=\/wp\/v2\/posts\/11895","targetHints":{"allow":["GET"]}}],"collection":[{"href":"https:\/\/www.delexodo.com.ar\/index.php?rest_route=\/wp\/v2\/posts"}],"about":[{"href":"https:\/\/www.delexodo.com.ar\/index.php?rest_route=\/wp\/v2\/types\/post"}],"author":[{"embeddable":true,"href":"https:\/\/www.delexodo.com.ar\/index.php?rest_route=\/wp\/v2\/users\/1"}],"replies":[{"embeddable":true,"href":"https:\/\/www.delexodo.com.ar\/index.php?rest_route=%2Fwp%2Fv2%2Fcomments&post=11895"}],"version-history":[{"count":1,"href":"https:\/\/www.delexodo.com.ar\/index.php?rest_route=\/wp\/v2\/posts\/11895\/revisions"}],"predecessor-version":[{"id":11899,"href":"https:\/\/www.delexodo.com.ar\/index.php?rest_route=\/wp\/v2\/posts\/11895\/revisions\/11899"}],"wp:featuredmedia":[{"embeddable":true,"href":"https:\/\/www.delexodo.com.ar\/index.php?rest_route=\/wp\/v2\/media\/11896"}],"wp:attachment":[{"href":"https:\/\/www.delexodo.com.ar\/index.php?rest_route=%2Fwp%2Fv2%2Fmedia&parent=11895"}],"wp:term":[{"taxonomy":"category","embeddable":true,"href":"https:\/\/www.delexodo.com.ar\/index.php?rest_route=%2Fwp%2Fv2%2Fcategories&post=11895"},{"taxonomy":"post_tag","embeddable":true,"href":"https:\/\/www.delexodo.com.ar\/index.php?rest_route=%2Fwp%2Fv2%2Ftags&post=11895"}],"curies":[{"name":"wp","href":"https:\/\/api.w.org\/{rel}","templated":true}]}}