{"id":11868,"date":"2025-07-31T16:27:00","date_gmt":"2025-07-31T19:27:00","guid":{"rendered":"https:\/\/www.delexodo.com.ar\/?p=11868"},"modified":"2025-08-01T16:28:53","modified_gmt":"2025-08-01T19:28:53","slug":"estudiantes-presentaron-sus-proyectos-en-un-certamen-sobre-cooperativismo","status":"publish","type":"post","link":"https:\/\/www.delexodo.com.ar\/?p=11868","title":{"rendered":"Estudiantes presentaron sus proyectos en un certamen sobre cooperativismo"},"content":{"rendered":"\n<p><em>Con el objetivo de promover el cooperativismo, alumnos de diferentes instituciones educativas participaron de la instancia final del certamen Son parte del presente, una invitaci\u00f3n para sumarse a proyectar un futuro sostenible mediante la cooperaci\u00f3n.<\/em><\/p>\n\n\n<div class=\"wp-block-image\">\n<figure class=\"alignleft size-full is-resized\"><img loading=\"lazy\" decoding=\"async\" width=\"600\" height=\"400\" src=\"https:\/\/www.delexodo.com.ar\/wp-content\/uploads\/2025\/08\/certamen-cooperativismo-autoridades.jpg\" alt=\"\" class=\"wp-image-11871\" style=\"width:277px;height:auto\" srcset=\"https:\/\/www.delexodo.com.ar\/wp-content\/uploads\/2025\/08\/certamen-cooperativismo-autoridades.jpg 600w, https:\/\/www.delexodo.com.ar\/wp-content\/uploads\/2025\/08\/certamen-cooperativismo-autoridades-300x200.jpg 300w\" sizes=\"auto, (max-width: 600px) 100vw, 600px\" \/><\/figure><\/div>\n\n\n<p>La propuesta fue organizada por la Cooperativa La Ganadera General Ram\u00edrez, acompa\u00f1ada por el Consejo General de Educaci\u00f3n (CGE), la Municipalidad de Ram\u00edrez y el Instituto promoci\u00f3n cooperativa y mutuales. Se invitaba a las y los estudiantes a presentar proyectos que deb\u00edan tener como ejes la comunidad, la cooperaci\u00f3n, la sostenibilidad y autogesti\u00f3n.<\/p>\n\n\n\n<p>Los autores de los proyectos seleccionados para la instancia final presentaron sus trabajos en una ceremonia que se realiz\u00f3 en el sal\u00f3n de la Cooperaci\u00f3n, con la participaci\u00f3n del presidente del Consejo de Administraci\u00f3n de La Ganadera, Fabian Leichner; la intendenta de Ram\u00edrez, Flavia Pamberger, y la presidenta del Instituto de Promoci\u00f3n de Cooperativas y Mutuales de la provincia, Mar\u00eda Laura Renoldi.<\/p>\n\n\n<div class=\"wp-block-image\">\n<figure class=\"alignright size-full is-resized\"><img loading=\"lazy\" decoding=\"async\" width=\"600\" height=\"400\" src=\"https:\/\/www.delexodo.com.ar\/wp-content\/uploads\/2025\/08\/certamen-cooperativismo-premios.jpg\" alt=\"\" class=\"wp-image-11872\" style=\"width:357px;height:auto\" srcset=\"https:\/\/www.delexodo.com.ar\/wp-content\/uploads\/2025\/08\/certamen-cooperativismo-premios.jpg 600w, https:\/\/www.delexodo.com.ar\/wp-content\/uploads\/2025\/08\/certamen-cooperativismo-premios-300x200.jpg 300w\" sizes=\"auto, (max-width: 600px) 100vw, 600px\" \/><\/figure><\/div>\n\n\n<p>Los trabajos seleccionados pertenecen a la Escuela Educaci\u00f3n T\u00e9cnica N\u00b02 Can\u00f3nigo Narciso Coiburu de Col\u00f3n; el Anexo Rural Aldea San Miguel Escuela Secundaria N\u00b02 Hip\u00f3lito Vieytes; el Instituto D-129 Jes\u00fas de Nazareth de General Ram\u00edrez; la Escuela Secundaria Rural de Adultos N\u00b0 1 Dr. Luis Agote; y la Escuela N\u00b0 189 Juan Bautista Alberdi de Gobernador Febre. Estas instituciones recibieron como premio un Smart de 43 pulgadas y obsequios individuales para las y los estudiantes participantes.<\/p>\n\n\n\n<p>Adem\u00e1s, se realiz\u00f3 un reconocimiento especial a la Escuela Secundaria N\u00b0 10 de XX de Septiembre, Nogoy\u00e1, y el Instituto Comercial Virgen Milagrosa de Viale.<\/p>\n","protected":false},"excerpt":{"rendered":"<p>Con el objetivo de promover el cooperativismo, alumnos de diferentes instituciones educativas participaron de la instancia final del certamen Son&hellip;<\/p>\n","protected":false},"author":1,"featured_media":11869,"comment_status":"closed","ping_status":"closed","sticky":false,"template":"","format":"standard","meta":{"_joinchat":[],"footnotes":""},"categories":[355],"tags":[345],"class_list":["post-11868","post","type-post","status-publish","format-standard","has-post-thumbnail","hentry","category-cultura","tag-destacar"],"yoast_head":"<!-- This site is optimized with the Yoast SEO plugin v25.1 - https:\/\/yoast.com\/wordpress\/plugins\/seo\/ -->\n<title>Estudiantes presentaron sus proyectos en un certamen sobre cooperativismo - Del \u00c9xodo Nogoy\u00e1<\/title>\n<meta name=\"robots\" content=\"index, follow, max-snippet:-1, max-image-preview:large, max-video-preview:-1\" \/>\n<link rel=\"canonical\" href=\"https:\/\/www.delexodo.com.ar\/?p=11868\" \/>\n<meta property=\"og:locale\" content=\"es_ES\" \/>\n<meta property=\"og:type\" content=\"article\" \/>\n<meta property=\"og:title\" content=\"Estudiantes presentaron sus proyectos en un certamen sobre cooperativismo - Del \u00c9xodo Nogoy\u00e1\" \/>\n<meta property=\"og:description\" content=\"Con el objetivo de promover el cooperativismo, alumnos de diferentes instituciones educativas participaron de la instancia final del certamen Son&hellip;\" \/>\n<meta property=\"og:url\" content=\"https:\/\/www.delexodo.com.ar\/?p=11868\" \/>\n<meta property=\"og:site_name\" content=\"Del \u00c9xodo Nogoy\u00e1\" \/>\n<meta property=\"article:published_time\" content=\"2025-07-31T19:27:00+00:00\" \/>\n<meta property=\"article:modified_time\" content=\"2025-08-01T19:28:53+00:00\" \/>\n<meta property=\"og:image\" content=\"https:\/\/www.delexodo.com.ar\/wp-content\/uploads\/2025\/08\/certamen-cooperativismo-portada.jpg\" \/>\n\t<meta property=\"og:image:width\" content=\"900\" \/>\n\t<meta property=\"og:image:height\" content=\"600\" \/>\n\t<meta property=\"og:image:type\" content=\"image\/jpeg\" \/>\n<meta name=\"author\" content=\"admin\" \/>\n<meta name=\"twitter:card\" content=\"summary_large_image\" \/>\n<meta name=\"twitter:label1\" content=\"Escrito por\" \/>\n\t<meta name=\"twitter:data1\" content=\"admin\" \/>\n\t<meta name=\"twitter:label2\" content=\"Tiempo de lectura\" \/>\n\t<meta name=\"twitter:data2\" content=\"2 minutos\" \/>\n<script type=\"application\/ld+json\" class=\"yoast-schema-graph\">{\"@context\":\"https:\/\/schema.org\",\"@graph\":[{\"@type\":\"Article\",\"@id\":\"https:\/\/www.delexodo.com.ar\/?p=11868#article\",\"isPartOf\":{\"@id\":\"https:\/\/www.delexodo.com.ar\/?p=11868\"},\"author\":{\"name\":\"admin\",\"@id\":\"https:\/\/www.delexodo.com.ar\/#\/schema\/person\/bbed37f7da8e938660b34f2013ba449d\"},\"headline\":\"Estudiantes presentaron sus proyectos en un certamen sobre cooperativismo\",\"datePublished\":\"2025-07-31T19:27:00+00:00\",\"dateModified\":\"2025-08-01T19:28:53+00:00\",\"mainEntityOfPage\":{\"@id\":\"https:\/\/www.delexodo.com.ar\/?p=11868\"},\"wordCount\":281,\"publisher\":{\"@id\":\"https:\/\/www.delexodo.com.ar\/#organization\"},\"image\":{\"@id\":\"https:\/\/www.delexodo.com.ar\/?p=11868#primaryimage\"},\"thumbnailUrl\":\"https:\/\/www.delexodo.com.ar\/wp-content\/uploads\/2025\/08\/certamen-cooperativismo-portada.jpg\",\"keywords\":[\"destacar\"],\"articleSection\":[\"Cultura\"],\"inLanguage\":\"es\"},{\"@type\":\"WebPage\",\"@id\":\"https:\/\/www.delexodo.com.ar\/?p=11868\",\"url\":\"https:\/\/www.delexodo.com.ar\/?p=11868\",\"name\":\"Estudiantes presentaron sus proyectos en un certamen sobre cooperativismo - Del \u00c9xodo Nogoy\u00e1\",\"isPartOf\":{\"@id\":\"https:\/\/www.delexodo.com.ar\/#website\"},\"primaryImageOfPage\":{\"@id\":\"https:\/\/www.delexodo.com.ar\/?p=11868#primaryimage\"},\"image\":{\"@id\":\"https:\/\/www.delexodo.com.ar\/?p=11868#primaryimage\"},\"thumbnailUrl\":\"https:\/\/www.delexodo.com.ar\/wp-content\/uploads\/2025\/08\/certamen-cooperativismo-portada.jpg\",\"datePublished\":\"2025-07-31T19:27:00+00:00\",\"dateModified\":\"2025-08-01T19:28:53+00:00\",\"breadcrumb\":{\"@id\":\"https:\/\/www.delexodo.com.ar\/?p=11868#breadcrumb\"},\"inLanguage\":\"es\",\"potentialAction\":[{\"@type\":\"ReadAction\",\"target\":[\"https:\/\/www.delexodo.com.ar\/?p=11868\"]}]},{\"@type\":\"ImageObject\",\"inLanguage\":\"es\",\"@id\":\"https:\/\/www.delexodo.com.ar\/?p=11868#primaryimage\",\"url\":\"https:\/\/www.delexodo.com.ar\/wp-content\/uploads\/2025\/08\/certamen-cooperativismo-portada.jpg\",\"contentUrl\":\"https:\/\/www.delexodo.com.ar\/wp-content\/uploads\/2025\/08\/certamen-cooperativismo-portada.jpg\",\"width\":900,\"height\":600},{\"@type\":\"BreadcrumbList\",\"@id\":\"https:\/\/www.delexodo.com.ar\/?p=11868#breadcrumb\",\"itemListElement\":[{\"@type\":\"ListItem\",\"position\":1,\"name\":\"Portada\",\"item\":\"https:\/\/www.delexodo.com.ar\/\"},{\"@type\":\"ListItem\",\"position\":2,\"name\":\"Estudiantes presentaron sus proyectos en un certamen sobre cooperativismo\"}]},{\"@type\":\"WebSite\",\"@id\":\"https:\/\/www.delexodo.com.ar\/#website\",\"url\":\"https:\/\/www.delexodo.com.ar\/\",\"name\":\"Del \u00c9xodo Nogoy\u00e1\",\"description\":\"El Portal de Noticias de la Regi\u00f3n\",\"publisher\":{\"@id\":\"https:\/\/www.delexodo.com.ar\/#organization\"},\"potentialAction\":[{\"@type\":\"SearchAction\",\"target\":{\"@type\":\"EntryPoint\",\"urlTemplate\":\"https:\/\/www.delexodo.com.ar\/?s={search_term_string}\"},\"query-input\":{\"@type\":\"PropertyValueSpecification\",\"valueRequired\":true,\"valueName\":\"search_term_string\"}}],\"inLanguage\":\"es\"},{\"@type\":\"Organization\",\"@id\":\"https:\/\/www.delexodo.com.ar\/#organization\",\"name\":\"Del \u00c9xodo Nogoy\u00e1\",\"url\":\"https:\/\/www.delexodo.com.ar\/\",\"logo\":{\"@type\":\"ImageObject\",\"inLanguage\":\"es\",\"@id\":\"https:\/\/www.delexodo.com.ar\/#\/schema\/logo\/image\/\",\"url\":\"https:\/\/www.delexodo.com.ar\/wp-content\/uploads\/2024\/10\/cropped-cropped-LOGO24.png\",\"contentUrl\":\"https:\/\/www.delexodo.com.ar\/wp-content\/uploads\/2024\/10\/cropped-cropped-LOGO24.png\",\"width\":512,\"height\":349,\"caption\":\"Del \u00c9xodo Nogoy\u00e1\"},\"image\":{\"@id\":\"https:\/\/www.delexodo.com.ar\/#\/schema\/logo\/image\/\"}},{\"@type\":\"Person\",\"@id\":\"https:\/\/www.delexodo.com.ar\/#\/schema\/person\/bbed37f7da8e938660b34f2013ba449d\",\"name\":\"admin\",\"image\":{\"@type\":\"ImageObject\",\"inLanguage\":\"es\",\"@id\":\"https:\/\/www.delexodo.com.ar\/#\/schema\/person\/image\/\",\"url\":\"https:\/\/secure.gravatar.com\/avatar\/6b1558d1b6df085f1901bd5bd98523d7?s=96&d=mm&r=g\",\"contentUrl\":\"https:\/\/secure.gravatar.com\/avatar\/6b1558d1b6df085f1901bd5bd98523d7?s=96&d=mm&r=g\",\"caption\":\"admin\"},\"url\":\"https:\/\/www.delexodo.com.ar\/?author=1\"}]}<\/script>\n<!-- \/ Yoast SEO plugin. -->","yoast_head_json":{"title":"Estudiantes presentaron sus proyectos en un certamen sobre cooperativismo - Del \u00c9xodo Nogoy\u00e1","robots":{"index":"index","follow":"follow","max-snippet":"max-snippet:-1","max-image-preview":"max-image-preview:large","max-video-preview":"max-video-preview:-1"},"canonical":"https:\/\/www.delexodo.com.ar\/?p=11868","og_locale":"es_ES","og_type":"article","og_title":"Estudiantes presentaron sus proyectos en un certamen sobre cooperativismo - Del \u00c9xodo Nogoy\u00e1","og_description":"Con el objetivo de promover el cooperativismo, alumnos de diferentes instituciones educativas participaron de la instancia final del certamen Son&hellip;","og_url":"https:\/\/www.delexodo.com.ar\/?p=11868","og_site_name":"Del \u00c9xodo Nogoy\u00e1","article_published_time":"2025-07-31T19:27:00+00:00","article_modified_time":"2025-08-01T19:28:53+00:00","og_image":[{"width":900,"height":600,"url":"https:\/\/www.delexodo.com.ar\/wp-content\/uploads\/2025\/08\/certamen-cooperativismo-portada.jpg","type":"image\/jpeg"}],"author":"admin","twitter_card":"summary_large_image","twitter_misc":{"Escrito por":"admin","Tiempo de lectura":"2 minutos"},"schema":{"@context":"https:\/\/schema.org","@graph":[{"@type":"Article","@id":"https:\/\/www.delexodo.com.ar\/?p=11868#article","isPartOf":{"@id":"https:\/\/www.delexodo.com.ar\/?p=11868"},"author":{"name":"admin","@id":"https:\/\/www.delexodo.com.ar\/#\/schema\/person\/bbed37f7da8e938660b34f2013ba449d"},"headline":"Estudiantes presentaron sus proyectos en un certamen sobre cooperativismo","datePublished":"2025-07-31T19:27:00+00:00","dateModified":"2025-08-01T19:28:53+00:00","mainEntityOfPage":{"@id":"https:\/\/www.delexodo.com.ar\/?p=11868"},"wordCount":281,"publisher":{"@id":"https:\/\/www.delexodo.com.ar\/#organization"},"image":{"@id":"https:\/\/www.delexodo.com.ar\/?p=11868#primaryimage"},"thumbnailUrl":"https:\/\/www.delexodo.com.ar\/wp-content\/uploads\/2025\/08\/certamen-cooperativismo-portada.jpg","keywords":["destacar"],"articleSection":["Cultura"],"inLanguage":"es"},{"@type":"WebPage","@id":"https:\/\/www.delexodo.com.ar\/?p=11868","url":"https:\/\/www.delexodo.com.ar\/?p=11868","name":"Estudiantes presentaron sus proyectos en un certamen sobre cooperativismo - Del \u00c9xodo Nogoy\u00e1","isPartOf":{"@id":"https:\/\/www.delexodo.com.ar\/#website"},"primaryImageOfPage":{"@id":"https:\/\/www.delexodo.com.ar\/?p=11868#primaryimage"},"image":{"@id":"https:\/\/www.delexodo.com.ar\/?p=11868#primaryimage"},"thumbnailUrl":"https:\/\/www.delexodo.com.ar\/wp-content\/uploads\/2025\/08\/certamen-cooperativismo-portada.jpg","datePublished":"2025-07-31T19:27:00+00:00","dateModified":"2025-08-01T19:28:53+00:00","breadcrumb":{"@id":"https:\/\/www.delexodo.com.ar\/?p=11868#breadcrumb"},"inLanguage":"es","potentialAction":[{"@type":"ReadAction","target":["https:\/\/www.delexodo.com.ar\/?p=11868"]}]},{"@type":"ImageObject","inLanguage":"es","@id":"https:\/\/www.delexodo.com.ar\/?p=11868#primaryimage","url":"https:\/\/www.delexodo.com.ar\/wp-content\/uploads\/2025\/08\/certamen-cooperativismo-portada.jpg","contentUrl":"https:\/\/www.delexodo.com.ar\/wp-content\/uploads\/2025\/08\/certamen-cooperativismo-portada.jpg","width":900,"height":600},{"@type":"BreadcrumbList","@id":"https:\/\/www.delexodo.com.ar\/?p=11868#breadcrumb","itemListElement":[{"@type":"ListItem","position":1,"name":"Portada","item":"https:\/\/www.delexodo.com.ar\/"},{"@type":"ListItem","position":2,"name":"Estudiantes presentaron sus proyectos en un certamen sobre cooperativismo"}]},{"@type":"WebSite","@id":"https:\/\/www.delexodo.com.ar\/#website","url":"https:\/\/www.delexodo.com.ar\/","name":"Del \u00c9xodo Nogoy\u00e1","description":"El Portal de Noticias de la Regi\u00f3n","publisher":{"@id":"https:\/\/www.delexodo.com.ar\/#organization"},"potentialAction":[{"@type":"SearchAction","target":{"@type":"EntryPoint","urlTemplate":"https:\/\/www.delexodo.com.ar\/?s={search_term_string}"},"query-input":{"@type":"PropertyValueSpecification","valueRequired":true,"valueName":"search_term_string"}}],"inLanguage":"es"},{"@type":"Organization","@id":"https:\/\/www.delexodo.com.ar\/#organization","name":"Del \u00c9xodo Nogoy\u00e1","url":"https:\/\/www.delexodo.com.ar\/","logo":{"@type":"ImageObject","inLanguage":"es","@id":"https:\/\/www.delexodo.com.ar\/#\/schema\/logo\/image\/","url":"https:\/\/www.delexodo.com.ar\/wp-content\/uploads\/2024\/10\/cropped-cropped-LOGO24.png","contentUrl":"https:\/\/www.delexodo.com.ar\/wp-content\/uploads\/2024\/10\/cropped-cropped-LOGO24.png","width":512,"height":349,"caption":"Del \u00c9xodo Nogoy\u00e1"},"image":{"@id":"https:\/\/www.delexodo.com.ar\/#\/schema\/logo\/image\/"}},{"@type":"Person","@id":"https:\/\/www.delexodo.com.ar\/#\/schema\/person\/bbed37f7da8e938660b34f2013ba449d","name":"admin","image":{"@type":"ImageObject","inLanguage":"es","@id":"https:\/\/www.delexodo.com.ar\/#\/schema\/person\/image\/","url":"https:\/\/secure.gravatar.com\/avatar\/6b1558d1b6df085f1901bd5bd98523d7?s=96&d=mm&r=g","contentUrl":"https:\/\/secure.gravatar.com\/avatar\/6b1558d1b6df085f1901bd5bd98523d7?s=96&d=mm&r=g","caption":"admin"},"url":"https:\/\/www.delexodo.com.ar\/?author=1"}]}},"_links":{"self":[{"href":"https:\/\/www.delexodo.com.ar\/index.php?rest_route=\/wp\/v2\/posts\/11868","targetHints":{"allow":["GET"]}}],"collection":[{"href":"https:\/\/www.delexodo.com.ar\/index.php?rest_route=\/wp\/v2\/posts"}],"about":[{"href":"https:\/\/www.delexodo.com.ar\/index.php?rest_route=\/wp\/v2\/types\/post"}],"author":[{"embeddable":true,"href":"https:\/\/www.delexodo.com.ar\/index.php?rest_route=\/wp\/v2\/users\/1"}],"replies":[{"embeddable":true,"href":"https:\/\/www.delexodo.com.ar\/index.php?rest_route=%2Fwp%2Fv2%2Fcomments&post=11868"}],"version-history":[{"count":1,"href":"https:\/\/www.delexodo.com.ar\/index.php?rest_route=\/wp\/v2\/posts\/11868\/revisions"}],"predecessor-version":[{"id":11873,"href":"https:\/\/www.delexodo.com.ar\/index.php?rest_route=\/wp\/v2\/posts\/11868\/revisions\/11873"}],"wp:featuredmedia":[{"embeddable":true,"href":"https:\/\/www.delexodo.com.ar\/index.php?rest_route=\/wp\/v2\/media\/11869"}],"wp:attachment":[{"href":"https:\/\/www.delexodo.com.ar\/index.php?rest_route=%2Fwp%2Fv2%2Fmedia&parent=11868"}],"wp:term":[{"taxonomy":"category","embeddable":true,"href":"https:\/\/www.delexodo.com.ar\/index.php?rest_route=%2Fwp%2Fv2%2Fcategories&post=11868"},{"taxonomy":"post_tag","embeddable":true,"href":"https:\/\/www.delexodo.com.ar\/index.php?rest_route=%2Fwp%2Fv2%2Ftags&post=11868"}],"curies":[{"name":"wp","href":"https:\/\/api.w.org\/{rel}","templated":true}]}}