{"id":11752,"date":"2025-05-28T19:49:31","date_gmt":"2025-05-28T22:49:31","guid":{"rendered":"https:\/\/www.delexodo.com.ar\/?p=11752"},"modified":"2025-05-28T19:49:32","modified_gmt":"2025-05-28T22:49:32","slug":"desvincularon-a-medico-del-hospital-san-blas-denunciado-por-acoso","status":"publish","type":"post","link":"https:\/\/www.delexodo.com.ar\/?p=11752","title":{"rendered":"Desvincularon a m\u00e9dico del Hospital San Blas denunciado por acoso"},"content":{"rendered":"\n<p><em><strong>El Ministerio de Salud de Entre R\u00edos removi\u00f3 a un m\u00e9dico del hospital de Nogoy\u00e1 tras confirmarse denuncias de acoso laboral y sexual realizadas por una pasante de Odontolog\u00eda.<\/strong><\/em><\/p>\n\n\n\n<blockquote class=\"wp-block-quote is-layout-flow wp-block-quote-is-layout-flow\">\n<p>El Ministerio de Salud dispuso la cesant\u00eda del m\u00e9dico Pedro Ghirardi, subjefe del Servicio de Odontolog\u00eda del Hospital San Blas, de Nogoy\u00e1, acusado por una estudiante de Odontolog\u00eda de la Universidad Adventista del Plata de haberla sometido a situaciones de acoso laboral y sexual.<\/p>\n\n\n\n<p>La situaci\u00f3n denunciada por la pasante K.O. fue a ra\u00edz de un hecho que ocurri\u00f3 el 11 de abril de 2023, en horario de la ma\u00f1ana, durante una intervenci\u00f3n a un paciente no vidente. El profesional pregunta a la pasante <strong>\u00absi pod\u00eda asistirlo para realizar una sutura donde necesitaba que lleve a cabo el acto de separar, con lo cual estaba yo parada a la izquierda del paciente al lado de la salivadera, separando la mucosa yugal del lado izquierdo que me hab\u00eda indicado el operador. Acto seguido el odont\u00f3logo se dirige a buscar un kit de sutura al cub\u00edculo de al lado y al rodear el sill\u00f3n por detr\u00e1s del paciente y al tener que pasar por detr\u00e1s de mi sin necesidad de tocarme, siento que se apoya con sus genitales por mi espalda a nivel de cola y cadera\u00bb<\/strong>.<\/p>\n\n\n\n<p>\u00ab<a href=\"https:\/\/www.delexodo.com.ar\/?p=10043\">DISPUSIERON RESTRICCIONES PARA UN M\u00c9DICO ACUSADO DE ABUSO SEXUAL EN NOGOY\u00c1<\/a>\u00ab<\/p>\n\n\n\n<p>A trav\u00e9s del decreto N\u00ba 864, del 5 del actual, el Poder Ejecutivo&nbsp;<strong>dispuso echar al profesional luego de darse por acreditados los hechos denunciados<\/strong>, que lo fueron en sede administrativa y tambi\u00e9n ante la Justicia.<\/p>\n\n\n\n<p>La Justicia impuso al m\u00e9dico Pedro Arnoldo Ghirardi, jefe del Servicio de Odontolog\u00eda del Hospital San Blas, de Nogoy\u00e1, la prohibici\u00f3n de realizar \u201cactos de perturbaci\u00f3n o intimidaci\u00f3n, todo tipo de agresi\u00f3n f\u00edsica, verbal y\/o psicol\u00f3gica, sea por s\u00ed o por interp\u00f3sita persona, por cualquier medio ya sea personal, v\u00eda telef\u00f3nica y\/o redes sociales\u201d hacia KAO, una estudiante de Odontolog\u00eda de la Universidad Adventista del Plata, de Villa Libertador, que realizaba pr\u00e1cticas en ese centro asistencial y que lo denunci\u00f3 por acoso.<\/p>\n\n\n\n<p>La resoluci\u00f3n fue dictada el 21 de abril de 2023 y por el plazo de 60 d\u00edas, por la titular del Juzgado Civil y Comercial N\u00b0 2, de Nogoy\u00e1, Mar\u00eda Gabriela Tepsich, e incluye la <em>\u201cprohibici\u00f3n de acercamiento\u201d a una distancia inferior a los 300 metros, bajo \u201capercibimiento de adoptar medidas m\u00e1s severas y de incurrir en el delito de desobediencia judicial\u201d<\/em>.<\/p>\n\n\n\n<p>Desde entonces, Ghirardi fue suspendido sin goce de haberes.<\/p>\n\n\n\n<p>La primera denuncia la formul\u00f3 la v\u00edctima en sede policial el 13 de abril de 2023, y desde all\u00ed se dio intervenci\u00f3n al Ministerio P\u00fablico Fiscal. La fiscal auxiliar Georgina Moreira Savino dio intervenci\u00f3n primero al juez de Garant\u00edas de Nogoy\u00e1, Gustavo Acosta, que de inmediato impuso medidas de restricci\u00f3n y prohibici\u00f3n de acercamiento de Ghirardi hacia KAO. La estudiante de Odontolog\u00eda denunci\u00f3 al jefe del Servicio de Odontolog\u00eda del Hospital San Blas: dijo que el 13 de abril, <em>\u201cestando en la oficina de Odontolog\u00eda, este se\u00f1or se para frente a m\u00ed\u201d, acos\u00e1ndola, queriendo tocarla aunque pudo correrse de lugar. Dijo que no era la primera que suced\u00edan hechos de ese tenor ya que en otra oportunidad, mientras lo asist\u00eda en una sutura, \u201ccruza por detr\u00e1s, apoy\u00e1ndolme sus partes \u00edntimas<\/em>\u201d.<\/p>\n\n\n\n<p>La joven rese\u00f1\u00f3 que desde el mes de enero se encuentra realizando la residencia <em>\u201cy no hab\u00eda tenido ning\u00fan inconveniente, hasta que en marzo, cuando comenz\u00f3 a cruzarse\u201d con Ghirardi \u201ces que comienza el hostigamiento y acoso\u201d. Luego de que se sucedieran distintas situaciones de acoso decidi\u00f3 acudir a la Polic\u00eda por cuanto \u201cse siente denigrada como mujer y como profesional\u201d<\/em>.<\/p>\n\n\n\n<p>El juez Acosta intervino el 14 de abril y dispuso las medidas de restricci\u00f3n a Ghirardi y luego el caso sigui\u00f3 tramit\u00e1ndose en el fuero civil. El 17 de abril, la estudiante se present\u00f3 ante la jueza Tepsich y dijo: <em>\u201cPrimeramente ratifico todo lo declarado en sede policial. Simplemente deseo agregar que me generaba miedo, me intimida, siempre me corr\u00eda cuando se me acercaba pero \u00e9l segu\u00eda insistiendo. Por eso, debo abandonar las pr\u00e1cticas en Nogoy\u00e1, teniendo que dejar pacientes y tratamiento, lo que no me gusta, me frustra\u201d<\/em>.<\/p>\n\n\n\n<p><em>\u201cNada de lo dicho en la denuncia es cierto\u201d<\/em>, se defendi\u00f3 el m\u00e9dico Ghirardi ante la jueza Tepsich, asistido por su abogado Luciano Pe\u00f1aloza. <em>\u201cTodo es mentira. Yo no tengo contacto con las pasantes ya que realizo mi actividad en el Hospital San Blas hace 32 a\u00f1os y tengo a cargo gente; somos dos colegas en planta permanente y cuatro adscriptos. Eso es el Servicio de Odontolog\u00eda. (Con) Esta chica pasante nunca tuve trato, la he saludado por educaci\u00f3n pero nada es verdad lo que me acusa; yo soy educado y jam\u00e1s har\u00eda algo as\u00ed\u201d<\/em>.<\/p>\n\n\n\n<p>El Equipo T\u00e9cnico Interdisciplinario de los Tribunales de Nogoy\u00e1 emiti\u00f3 un dictamen poco emp\u00e1tico hacia la denunciante. Al respecto, defini\u00f3 que <em>\u201cestamos frente a una situaci\u00f3n donde la denunciante se sinti\u00f3 hostigada frente a situaciones puntuales vivenciadas como agresi\u00f3n, en donde en su intento de poner un l\u00edmite es que tramit\u00f3 los presentes autos. Ante esta situaci\u00f3n en donde la denunciante no se encuentra atravesando por una situaci\u00f3n de riesgo cierto e inminente hacia su integridad psicof\u00edsica, sumado a que no compart\u00edan lugar de residencia, encontr\u00e1ndose la denunciante durante esta semana en Villa General San Mart\u00edn (sic) en el predio universitario para luego radicarse en la provincia de R\u00edo Negro es que no se sugiere la adopci\u00f3n de medidas ya que la visualizaci\u00f3n de dicha problem\u00e1tica, a trav\u00e9s de la presente denuncia, representa una reafirmaci\u00f3n subjetiva de cuidado personal\u201d<\/em>.<\/p>\n\n\n\n<p>La jueza Tepsich, <em>\u201csin perjuicio de lo dictaminado por el Equipo Interdisciplinario, a los efectos de salvaguardar la salud psicof\u00edsica de la denunciante y configurada la verosimilitud de los hechos denunciados, en procura de evitar la reiteraci\u00f3n de episodios de agresi\u00f3n ante la eventual concurrencia de la v\u00edctima a esta ciudad\u201d<\/em>, le impuso al m\u00e9dico la prohibici\u00f3n de acercamiento y la realizaci\u00f3n de actos perturbadores hacia la denunciante.<\/p>\n\n\n\n<p>Seg\u00fan el decreto N\u00b0 1.744 del Ministerio de Salud, <strong>\u00aben raz\u00f3n de las presentaciones\/denuncias radicadas tanto en el \u00e1mbito del efector como tambi\u00e9n en sede judicial respecto a supuestas situaciones de trato irregular y acoso, corresponde disponer la instrucci\u00f3n de un sumario administrativo al doctor Pedro Ghirardi\u00bb, por hallarse \u00absu conducta presuntamente incursa en las causales de cesant\u00eda\u00bb. La norma rescuenta que mediante resoluci\u00f3n N\u00b0 1866\/23 se facult\u00f3 al director del Hospital San Blas, de Nogoy\u00e1, \u00aba reorganizar el Servicio de Odontolog\u00eda a fin de garantizar un ambiente seguro tanto para el personal como para los pacientes que concurren al mismo, disponiendo las medidas preventivas pertinentes a fin de que el doctor Pedro Ghirardi (\u2026) no tenga contacto con pacientes ni empleados del establecimiento, mientras y hasta tanto se resuelva la investigaci\u00f3n que se pondr\u00e1 en marcha\u00bb<\/strong>.<\/p>\n\n\n\n<p>En tanto, recuerda que <strong>\u00abla medida de suspensi\u00f3n sin goce de haberes dispuesta de oficio por \u00e9ste Poder Ejecutivo, constituye una prerrogativa de ius variandi de la relaci\u00f3n de empleo p\u00fablico, frente a la peligrosidad que la permanencia en el trabajo pueda significar para terceros, mientras y hasta que se aclare la situaci\u00f3n imputada al empleado sumariado\u00bb<\/strong>. (Fuente:\u00a0<em>Entre R\u00edos Ahora<\/em>)<\/p>\n<\/blockquote>\n","protected":false},"excerpt":{"rendered":"<p>El Ministerio de Salud de Entre R\u00edos removi\u00f3 a un m\u00e9dico del hospital de Nogoy\u00e1 tras confirmarse denuncias de acoso&hellip;<\/p>\n","protected":false},"author":1,"featured_media":10044,"comment_status":"closed","ping_status":"closed","sticky":false,"template":"","format":"standard","meta":{"_joinchat":[],"footnotes":""},"categories":[1,352],"tags":[345],"class_list":["post-11752","post","type-post","status-publish","format-standard","has-post-thumbnail","hentry","category-sincategoria","category-salud","tag-destacar"],"yoast_head":"<!-- This site is optimized with the Yoast SEO plugin v25.1 - https:\/\/yoast.com\/wordpress\/plugins\/seo\/ -->\n<title>Desvincularon a m\u00e9dico del Hospital San Blas denunciado por acoso - Del \u00c9xodo Nogoy\u00e1<\/title>\n<meta name=\"robots\" content=\"index, follow, max-snippet:-1, max-image-preview:large, max-video-preview:-1\" \/>\n<link rel=\"canonical\" href=\"https:\/\/www.delexodo.com.ar\/?p=11752\" \/>\n<meta property=\"og:locale\" content=\"es_ES\" \/>\n<meta property=\"og:type\" content=\"article\" \/>\n<meta property=\"og:title\" content=\"Desvincularon a m\u00e9dico del Hospital San Blas denunciado por acoso - Del \u00c9xodo Nogoy\u00e1\" \/>\n<meta property=\"og:description\" content=\"El Ministerio de Salud de Entre R\u00edos removi\u00f3 a un m\u00e9dico del hospital de Nogoy\u00e1 tras confirmarse denuncias de acoso&hellip;\" \/>\n<meta property=\"og:url\" content=\"https:\/\/www.delexodo.com.ar\/?p=11752\" \/>\n<meta property=\"og:site_name\" content=\"Del \u00c9xodo Nogoy\u00e1\" \/>\n<meta property=\"article:published_time\" content=\"2025-05-28T22:49:31+00:00\" \/>\n<meta property=\"article:modified_time\" content=\"2025-05-28T22:49:32+00:00\" \/>\n<meta property=\"og:image\" content=\"https:\/\/www.delexodo.com.ar\/wp-content\/uploads\/2023\/11\/SAN-BLAS-SALUD-ER.jpg\" \/>\n\t<meta property=\"og:image:width\" content=\"958\" \/>\n\t<meta property=\"og:image:height\" content=\"720\" \/>\n\t<meta property=\"og:image:type\" content=\"image\/jpeg\" \/>\n<meta name=\"author\" content=\"admin\" \/>\n<meta name=\"twitter:card\" content=\"summary_large_image\" \/>\n<meta name=\"twitter:label1\" content=\"Escrito por\" \/>\n\t<meta name=\"twitter:data1\" content=\"admin\" \/>\n\t<meta name=\"twitter:label2\" content=\"Tiempo de lectura\" \/>\n\t<meta name=\"twitter:data2\" content=\"1 minuto\" \/>\n<script type=\"application\/ld+json\" class=\"yoast-schema-graph\">{\"@context\":\"https:\/\/schema.org\",\"@graph\":[{\"@type\":\"Article\",\"@id\":\"https:\/\/www.delexodo.com.ar\/?p=11752#article\",\"isPartOf\":{\"@id\":\"https:\/\/www.delexodo.com.ar\/?p=11752\"},\"author\":{\"name\":\"admin\",\"@id\":\"https:\/\/www.delexodo.com.ar\/#\/schema\/person\/bbed37f7da8e938660b34f2013ba449d\"},\"headline\":\"Desvincularon a m\u00e9dico del Hospital San Blas denunciado por acoso\",\"datePublished\":\"2025-05-28T22:49:31+00:00\",\"dateModified\":\"2025-05-28T22:49:32+00:00\",\"mainEntityOfPage\":{\"@id\":\"https:\/\/www.delexodo.com.ar\/?p=11752\"},\"wordCount\":1299,\"publisher\":{\"@id\":\"https:\/\/www.delexodo.com.ar\/#organization\"},\"image\":{\"@id\":\"https:\/\/www.delexodo.com.ar\/?p=11752#primaryimage\"},\"thumbnailUrl\":\"https:\/\/www.delexodo.com.ar\/wp-content\/uploads\/2023\/11\/SAN-BLAS-SALUD-ER.jpg\",\"keywords\":[\"destacar\"],\"articleSection\":[\"Nogoya\",\"Salud\"],\"inLanguage\":\"es\"},{\"@type\":\"WebPage\",\"@id\":\"https:\/\/www.delexodo.com.ar\/?p=11752\",\"url\":\"https:\/\/www.delexodo.com.ar\/?p=11752\",\"name\":\"Desvincularon a m\u00e9dico del Hospital San Blas denunciado por acoso - Del \u00c9xodo Nogoy\u00e1\",\"isPartOf\":{\"@id\":\"https:\/\/www.delexodo.com.ar\/#website\"},\"primaryImageOfPage\":{\"@id\":\"https:\/\/www.delexodo.com.ar\/?p=11752#primaryimage\"},\"image\":{\"@id\":\"https:\/\/www.delexodo.com.ar\/?p=11752#primaryimage\"},\"thumbnailUrl\":\"https:\/\/www.delexodo.com.ar\/wp-content\/uploads\/2023\/11\/SAN-BLAS-SALUD-ER.jpg\",\"datePublished\":\"2025-05-28T22:49:31+00:00\",\"dateModified\":\"2025-05-28T22:49:32+00:00\",\"breadcrumb\":{\"@id\":\"https:\/\/www.delexodo.com.ar\/?p=11752#breadcrumb\"},\"inLanguage\":\"es\",\"potentialAction\":[{\"@type\":\"ReadAction\",\"target\":[\"https:\/\/www.delexodo.com.ar\/?p=11752\"]}]},{\"@type\":\"ImageObject\",\"inLanguage\":\"es\",\"@id\":\"https:\/\/www.delexodo.com.ar\/?p=11752#primaryimage\",\"url\":\"https:\/\/www.delexodo.com.ar\/wp-content\/uploads\/2023\/11\/SAN-BLAS-SALUD-ER.jpg\",\"contentUrl\":\"https:\/\/www.delexodo.com.ar\/wp-content\/uploads\/2023\/11\/SAN-BLAS-SALUD-ER.jpg\",\"width\":958,\"height\":720},{\"@type\":\"BreadcrumbList\",\"@id\":\"https:\/\/www.delexodo.com.ar\/?p=11752#breadcrumb\",\"itemListElement\":[{\"@type\":\"ListItem\",\"position\":1,\"name\":\"Portada\",\"item\":\"https:\/\/www.delexodo.com.ar\/\"},{\"@type\":\"ListItem\",\"position\":2,\"name\":\"Desvincularon a m\u00e9dico del Hospital San Blas denunciado por acoso\"}]},{\"@type\":\"WebSite\",\"@id\":\"https:\/\/www.delexodo.com.ar\/#website\",\"url\":\"https:\/\/www.delexodo.com.ar\/\",\"name\":\"Del \u00c9xodo Nogoy\u00e1\",\"description\":\"El Portal de Noticias de la Regi\u00f3n\",\"publisher\":{\"@id\":\"https:\/\/www.delexodo.com.ar\/#organization\"},\"potentialAction\":[{\"@type\":\"SearchAction\",\"target\":{\"@type\":\"EntryPoint\",\"urlTemplate\":\"https:\/\/www.delexodo.com.ar\/?s={search_term_string}\"},\"query-input\":{\"@type\":\"PropertyValueSpecification\",\"valueRequired\":true,\"valueName\":\"search_term_string\"}}],\"inLanguage\":\"es\"},{\"@type\":\"Organization\",\"@id\":\"https:\/\/www.delexodo.com.ar\/#organization\",\"name\":\"Del \u00c9xodo Nogoy\u00e1\",\"url\":\"https:\/\/www.delexodo.com.ar\/\",\"logo\":{\"@type\":\"ImageObject\",\"inLanguage\":\"es\",\"@id\":\"https:\/\/www.delexodo.com.ar\/#\/schema\/logo\/image\/\",\"url\":\"https:\/\/www.delexodo.com.ar\/wp-content\/uploads\/2024\/10\/cropped-cropped-LOGO24.png\",\"contentUrl\":\"https:\/\/www.delexodo.com.ar\/wp-content\/uploads\/2024\/10\/cropped-cropped-LOGO24.png\",\"width\":512,\"height\":349,\"caption\":\"Del \u00c9xodo Nogoy\u00e1\"},\"image\":{\"@id\":\"https:\/\/www.delexodo.com.ar\/#\/schema\/logo\/image\/\"}},{\"@type\":\"Person\",\"@id\":\"https:\/\/www.delexodo.com.ar\/#\/schema\/person\/bbed37f7da8e938660b34f2013ba449d\",\"name\":\"admin\",\"image\":{\"@type\":\"ImageObject\",\"inLanguage\":\"es\",\"@id\":\"https:\/\/www.delexodo.com.ar\/#\/schema\/person\/image\/\",\"url\":\"https:\/\/secure.gravatar.com\/avatar\/6b1558d1b6df085f1901bd5bd98523d7?s=96&d=mm&r=g\",\"contentUrl\":\"https:\/\/secure.gravatar.com\/avatar\/6b1558d1b6df085f1901bd5bd98523d7?s=96&d=mm&r=g\",\"caption\":\"admin\"},\"url\":\"https:\/\/www.delexodo.com.ar\/?author=1\"}]}<\/script>\n<!-- \/ Yoast SEO plugin. -->","yoast_head_json":{"title":"Desvincularon a m\u00e9dico del Hospital San Blas denunciado por acoso - Del \u00c9xodo Nogoy\u00e1","robots":{"index":"index","follow":"follow","max-snippet":"max-snippet:-1","max-image-preview":"max-image-preview:large","max-video-preview":"max-video-preview:-1"},"canonical":"https:\/\/www.delexodo.com.ar\/?p=11752","og_locale":"es_ES","og_type":"article","og_title":"Desvincularon a m\u00e9dico del Hospital San Blas denunciado por acoso - Del \u00c9xodo Nogoy\u00e1","og_description":"El Ministerio de Salud de Entre R\u00edos removi\u00f3 a un m\u00e9dico del hospital de Nogoy\u00e1 tras confirmarse denuncias de acoso&hellip;","og_url":"https:\/\/www.delexodo.com.ar\/?p=11752","og_site_name":"Del \u00c9xodo Nogoy\u00e1","article_published_time":"2025-05-28T22:49:31+00:00","article_modified_time":"2025-05-28T22:49:32+00:00","og_image":[{"width":958,"height":720,"url":"https:\/\/www.delexodo.com.ar\/wp-content\/uploads\/2023\/11\/SAN-BLAS-SALUD-ER.jpg","type":"image\/jpeg"}],"author":"admin","twitter_card":"summary_large_image","twitter_misc":{"Escrito por":"admin","Tiempo de lectura":"1 minuto"},"schema":{"@context":"https:\/\/schema.org","@graph":[{"@type":"Article","@id":"https:\/\/www.delexodo.com.ar\/?p=11752#article","isPartOf":{"@id":"https:\/\/www.delexodo.com.ar\/?p=11752"},"author":{"name":"admin","@id":"https:\/\/www.delexodo.com.ar\/#\/schema\/person\/bbed37f7da8e938660b34f2013ba449d"},"headline":"Desvincularon a m\u00e9dico del Hospital San Blas denunciado por acoso","datePublished":"2025-05-28T22:49:31+00:00","dateModified":"2025-05-28T22:49:32+00:00","mainEntityOfPage":{"@id":"https:\/\/www.delexodo.com.ar\/?p=11752"},"wordCount":1299,"publisher":{"@id":"https:\/\/www.delexodo.com.ar\/#organization"},"image":{"@id":"https:\/\/www.delexodo.com.ar\/?p=11752#primaryimage"},"thumbnailUrl":"https:\/\/www.delexodo.com.ar\/wp-content\/uploads\/2023\/11\/SAN-BLAS-SALUD-ER.jpg","keywords":["destacar"],"articleSection":["Nogoya","Salud"],"inLanguage":"es"},{"@type":"WebPage","@id":"https:\/\/www.delexodo.com.ar\/?p=11752","url":"https:\/\/www.delexodo.com.ar\/?p=11752","name":"Desvincularon a m\u00e9dico del Hospital San Blas denunciado por acoso - Del \u00c9xodo Nogoy\u00e1","isPartOf":{"@id":"https:\/\/www.delexodo.com.ar\/#website"},"primaryImageOfPage":{"@id":"https:\/\/www.delexodo.com.ar\/?p=11752#primaryimage"},"image":{"@id":"https:\/\/www.delexodo.com.ar\/?p=11752#primaryimage"},"thumbnailUrl":"https:\/\/www.delexodo.com.ar\/wp-content\/uploads\/2023\/11\/SAN-BLAS-SALUD-ER.jpg","datePublished":"2025-05-28T22:49:31+00:00","dateModified":"2025-05-28T22:49:32+00:00","breadcrumb":{"@id":"https:\/\/www.delexodo.com.ar\/?p=11752#breadcrumb"},"inLanguage":"es","potentialAction":[{"@type":"ReadAction","target":["https:\/\/www.delexodo.com.ar\/?p=11752"]}]},{"@type":"ImageObject","inLanguage":"es","@id":"https:\/\/www.delexodo.com.ar\/?p=11752#primaryimage","url":"https:\/\/www.delexodo.com.ar\/wp-content\/uploads\/2023\/11\/SAN-BLAS-SALUD-ER.jpg","contentUrl":"https:\/\/www.delexodo.com.ar\/wp-content\/uploads\/2023\/11\/SAN-BLAS-SALUD-ER.jpg","width":958,"height":720},{"@type":"BreadcrumbList","@id":"https:\/\/www.delexodo.com.ar\/?p=11752#breadcrumb","itemListElement":[{"@type":"ListItem","position":1,"name":"Portada","item":"https:\/\/www.delexodo.com.ar\/"},{"@type":"ListItem","position":2,"name":"Desvincularon a m\u00e9dico del Hospital San Blas denunciado por acoso"}]},{"@type":"WebSite","@id":"https:\/\/www.delexodo.com.ar\/#website","url":"https:\/\/www.delexodo.com.ar\/","name":"Del \u00c9xodo Nogoy\u00e1","description":"El Portal de Noticias de la Regi\u00f3n","publisher":{"@id":"https:\/\/www.delexodo.com.ar\/#organization"},"potentialAction":[{"@type":"SearchAction","target":{"@type":"EntryPoint","urlTemplate":"https:\/\/www.delexodo.com.ar\/?s={search_term_string}"},"query-input":{"@type":"PropertyValueSpecification","valueRequired":true,"valueName":"search_term_string"}}],"inLanguage":"es"},{"@type":"Organization","@id":"https:\/\/www.delexodo.com.ar\/#organization","name":"Del \u00c9xodo Nogoy\u00e1","url":"https:\/\/www.delexodo.com.ar\/","logo":{"@type":"ImageObject","inLanguage":"es","@id":"https:\/\/www.delexodo.com.ar\/#\/schema\/logo\/image\/","url":"https:\/\/www.delexodo.com.ar\/wp-content\/uploads\/2024\/10\/cropped-cropped-LOGO24.png","contentUrl":"https:\/\/www.delexodo.com.ar\/wp-content\/uploads\/2024\/10\/cropped-cropped-LOGO24.png","width":512,"height":349,"caption":"Del \u00c9xodo Nogoy\u00e1"},"image":{"@id":"https:\/\/www.delexodo.com.ar\/#\/schema\/logo\/image\/"}},{"@type":"Person","@id":"https:\/\/www.delexodo.com.ar\/#\/schema\/person\/bbed37f7da8e938660b34f2013ba449d","name":"admin","image":{"@type":"ImageObject","inLanguage":"es","@id":"https:\/\/www.delexodo.com.ar\/#\/schema\/person\/image\/","url":"https:\/\/secure.gravatar.com\/avatar\/6b1558d1b6df085f1901bd5bd98523d7?s=96&d=mm&r=g","contentUrl":"https:\/\/secure.gravatar.com\/avatar\/6b1558d1b6df085f1901bd5bd98523d7?s=96&d=mm&r=g","caption":"admin"},"url":"https:\/\/www.delexodo.com.ar\/?author=1"}]}},"_links":{"self":[{"href":"https:\/\/www.delexodo.com.ar\/index.php?rest_route=\/wp\/v2\/posts\/11752","targetHints":{"allow":["GET"]}}],"collection":[{"href":"https:\/\/www.delexodo.com.ar\/index.php?rest_route=\/wp\/v2\/posts"}],"about":[{"href":"https:\/\/www.delexodo.com.ar\/index.php?rest_route=\/wp\/v2\/types\/post"}],"author":[{"embeddable":true,"href":"https:\/\/www.delexodo.com.ar\/index.php?rest_route=\/wp\/v2\/users\/1"}],"replies":[{"embeddable":true,"href":"https:\/\/www.delexodo.com.ar\/index.php?rest_route=%2Fwp%2Fv2%2Fcomments&post=11752"}],"version-history":[{"count":1,"href":"https:\/\/www.delexodo.com.ar\/index.php?rest_route=\/wp\/v2\/posts\/11752\/revisions"}],"predecessor-version":[{"id":11753,"href":"https:\/\/www.delexodo.com.ar\/index.php?rest_route=\/wp\/v2\/posts\/11752\/revisions\/11753"}],"wp:featuredmedia":[{"embeddable":true,"href":"https:\/\/www.delexodo.com.ar\/index.php?rest_route=\/wp\/v2\/media\/10044"}],"wp:attachment":[{"href":"https:\/\/www.delexodo.com.ar\/index.php?rest_route=%2Fwp%2Fv2%2Fmedia&parent=11752"}],"wp:term":[{"taxonomy":"category","embeddable":true,"href":"https:\/\/www.delexodo.com.ar\/index.php?rest_route=%2Fwp%2Fv2%2Fcategories&post=11752"},{"taxonomy":"post_tag","embeddable":true,"href":"https:\/\/www.delexodo.com.ar\/index.php?rest_route=%2Fwp%2Fv2%2Ftags&post=11752"}],"curies":[{"name":"wp","href":"https:\/\/api.w.org\/{rel}","templated":true}]}}