{"id":11659,"date":"2025-05-02T19:18:00","date_gmt":"2025-05-02T22:18:00","guid":{"rendered":"https:\/\/www.delexodo.com.ar\/?p=11659"},"modified":"2025-05-04T19:18:41","modified_gmt":"2025-05-04T22:18:41","slug":"la-provincia-trabaja-en-escuelas-secundarias-el-eje-de-salud-mental-y-prevencion-del-suicidio","status":"publish","type":"post","link":"https:\/\/www.delexodo.com.ar\/?p=11659","title":{"rendered":"La provincia trabaja en escuelas secundarias el eje de salud mental y prevenci\u00f3n del suicidio\u00a0"},"content":{"rendered":"\n<p><strong><em>El Ministerio de Salud contin\u00faa generando acciones de promoci\u00f3n y prevenci\u00f3n en salud mental. En esta l\u00ednea, se desarrollaron talleres destinados a estudiantes de las escuelas Normal Rural Almafuerte, de La Picada; y de Gesti\u00f3n Social Pablo Tarso, as\u00ed como un conversatorio con docentes en la escuela EET N\u00ba 3 Tte. Luis Cenobio Candelaria, estas \u00faltimas de Paran\u00e1.<\/em><\/strong><\/p>\n\n\n\n<p>La cartera sanitaria, a trav\u00e9s del Programa Provincial de Prevenci\u00f3n del Suicidio, tiene como uno de sus ejes centrales trabajar de manera articulada junto a otros sectores en la prevenci\u00f3n de estas problem\u00e1ticas, haciendo \u00e9nfasis en la poblaci\u00f3n de adolescentes y j\u00f3venes. Por lo tanto, se han generado instancias de promoci\u00f3n de la salud mental y prevenci\u00f3n del suicidio en escuelas secundarias de Paran\u00e1 y Paran\u00e1 Campa\u00f1a a fin de avanzar en esta l\u00ednea. El trabajo se realiz\u00f3 en articulaci\u00f3n con la Coordinaci\u00f3n de Pol\u00edticas Transversales para el Cuidado de las Trayectorias del Consejo General de Educaci\u00f3n.<br><br>En este sentido, Delfina No\u00e9, coordinadora del Programa dependiente de la Direcci\u00f3n General de Salud Mental, indic\u00f3: <em>\u00abEl suicidio no responde linealmente a una \u00fanica causa, sino que es un fen\u00f3meno multicausal. Es decir, esta problem\u00e1tica requiere un abordaje responsable desde un enfoque de salud integral y de derechos, con una perspectiva intersectorial y comunitaria\u00bb; tras lo cual subray\u00f3 que \u00abpor eso el trabajo con el \u00e1mbito educativo es estrat\u00e9gico y prioritario\u00bb<\/em>. \u00a0<\/p>\n\n\n\n<p>Estas acciones buscan brindar herramientas tanto a los j\u00f3venes, como de cuidado entre pares y de primera escucha ante situaciones de salud mental para los adultos. A su vez, permiten reforzar los contactos con la red sanitaria de la provincia.\u00a0<\/p>\n\n\n\n<p>En tanto que, desde el equipo del CGE, la coordinadora Florentina L\u00f3pez, agreg\u00f3: <em>\u00abEl trabajo conjunto entre Salud y Educaci\u00f3n ha permitido que las propuestas alcancen a varias comunidades educativas de la provincia, donde fue crucial el compromiso y participaci\u00f3n de los referentes departamentales\u00bb<\/em>.<\/p>\n\n\n\n<p>Cabe se\u00f1alar que, otras escuelas en las que se llevaron a cabo estas propuestas son: Escuela Secundaria N\u00ba 20 Rosario Vera Pe\u00f1aloza, de Oro Verde; y la Escuela Baz\u00e1n y Bustos, de Paran\u00e1.<\/p>\n","protected":false},"excerpt":{"rendered":"<p>El Ministerio de Salud contin\u00faa generando acciones de promoci\u00f3n y prevenci\u00f3n en salud mental. En esta l\u00ednea, se desarrollaron talleres&hellip;<\/p>\n","protected":false},"author":1,"featured_media":11660,"comment_status":"closed","ping_status":"closed","sticky":false,"template":"","format":"standard","meta":{"_joinchat":[],"footnotes":""},"categories":[352],"tags":[345],"class_list":["post-11659","post","type-post","status-publish","format-standard","has-post-thumbnail","hentry","category-salud","tag-destacar"],"yoast_head":"<!-- This site is optimized with the Yoast SEO plugin v25.1 - https:\/\/yoast.com\/wordpress\/plugins\/seo\/ -->\n<title>La provincia trabaja en escuelas secundarias el eje de salud mental y prevenci\u00f3n del suicidio\u00a0 - Del \u00c9xodo Nogoy\u00e1<\/title>\n<meta name=\"robots\" content=\"index, follow, max-snippet:-1, max-image-preview:large, max-video-preview:-1\" \/>\n<link rel=\"canonical\" href=\"https:\/\/www.delexodo.com.ar\/?p=11659\" \/>\n<meta property=\"og:locale\" content=\"es_ES\" \/>\n<meta property=\"og:type\" content=\"article\" \/>\n<meta property=\"og:title\" content=\"La provincia trabaja en escuelas secundarias el eje de salud mental y prevenci\u00f3n del suicidio\u00a0 - Del \u00c9xodo Nogoy\u00e1\" \/>\n<meta property=\"og:description\" content=\"El Ministerio de Salud contin\u00faa generando acciones de promoci\u00f3n y prevenci\u00f3n en salud mental. En esta l\u00ednea, se desarrollaron talleres&hellip;\" \/>\n<meta property=\"og:url\" content=\"https:\/\/www.delexodo.com.ar\/?p=11659\" \/>\n<meta property=\"og:site_name\" content=\"Del \u00c9xodo Nogoy\u00e1\" \/>\n<meta property=\"article:published_time\" content=\"2025-05-02T22:18:00+00:00\" \/>\n<meta property=\"article:modified_time\" content=\"2025-05-04T22:18:41+00:00\" \/>\n<meta property=\"og:image\" content=\"https:\/\/www.delexodo.com.ar\/wp-content\/uploads\/2025\/05\/Escuelas-secundarias-y-salud-mental.jpg\" \/>\n\t<meta property=\"og:image:width\" content=\"900\" \/>\n\t<meta property=\"og:image:height\" content=\"600\" \/>\n\t<meta property=\"og:image:type\" content=\"image\/jpeg\" \/>\n<meta name=\"author\" content=\"admin\" \/>\n<meta name=\"twitter:card\" content=\"summary_large_image\" \/>\n<meta name=\"twitter:label1\" content=\"Escrito por\" \/>\n\t<meta name=\"twitter:data1\" content=\"admin\" \/>\n\t<meta name=\"twitter:label2\" content=\"Tiempo de lectura\" \/>\n\t<meta name=\"twitter:data2\" content=\"2 minutos\" \/>\n<script type=\"application\/ld+json\" class=\"yoast-schema-graph\">{\"@context\":\"https:\/\/schema.org\",\"@graph\":[{\"@type\":\"Article\",\"@id\":\"https:\/\/www.delexodo.com.ar\/?p=11659#article\",\"isPartOf\":{\"@id\":\"https:\/\/www.delexodo.com.ar\/?p=11659\"},\"author\":{\"name\":\"admin\",\"@id\":\"https:\/\/www.delexodo.com.ar\/#\/schema\/person\/bbed37f7da8e938660b34f2013ba449d\"},\"headline\":\"La provincia trabaja en escuelas secundarias el eje de salud mental y prevenci\u00f3n del suicidio\u00a0\",\"datePublished\":\"2025-05-02T22:18:00+00:00\",\"dateModified\":\"2025-05-04T22:18:41+00:00\",\"mainEntityOfPage\":{\"@id\":\"https:\/\/www.delexodo.com.ar\/?p=11659\"},\"wordCount\":388,\"publisher\":{\"@id\":\"https:\/\/www.delexodo.com.ar\/#organization\"},\"image\":{\"@id\":\"https:\/\/www.delexodo.com.ar\/?p=11659#primaryimage\"},\"thumbnailUrl\":\"https:\/\/www.delexodo.com.ar\/wp-content\/uploads\/2025\/05\/Escuelas-secundarias-y-salud-mental.jpg\",\"keywords\":[\"destacar\"],\"articleSection\":[\"Salud\"],\"inLanguage\":\"es\"},{\"@type\":\"WebPage\",\"@id\":\"https:\/\/www.delexodo.com.ar\/?p=11659\",\"url\":\"https:\/\/www.delexodo.com.ar\/?p=11659\",\"name\":\"La provincia trabaja en escuelas secundarias el eje de salud mental y prevenci\u00f3n del suicidio\u00a0 - Del \u00c9xodo Nogoy\u00e1\",\"isPartOf\":{\"@id\":\"https:\/\/www.delexodo.com.ar\/#website\"},\"primaryImageOfPage\":{\"@id\":\"https:\/\/www.delexodo.com.ar\/?p=11659#primaryimage\"},\"image\":{\"@id\":\"https:\/\/www.delexodo.com.ar\/?p=11659#primaryimage\"},\"thumbnailUrl\":\"https:\/\/www.delexodo.com.ar\/wp-content\/uploads\/2025\/05\/Escuelas-secundarias-y-salud-mental.jpg\",\"datePublished\":\"2025-05-02T22:18:00+00:00\",\"dateModified\":\"2025-05-04T22:18:41+00:00\",\"breadcrumb\":{\"@id\":\"https:\/\/www.delexodo.com.ar\/?p=11659#breadcrumb\"},\"inLanguage\":\"es\",\"potentialAction\":[{\"@type\":\"ReadAction\",\"target\":[\"https:\/\/www.delexodo.com.ar\/?p=11659\"]}]},{\"@type\":\"ImageObject\",\"inLanguage\":\"es\",\"@id\":\"https:\/\/www.delexodo.com.ar\/?p=11659#primaryimage\",\"url\":\"https:\/\/www.delexodo.com.ar\/wp-content\/uploads\/2025\/05\/Escuelas-secundarias-y-salud-mental.jpg\",\"contentUrl\":\"https:\/\/www.delexodo.com.ar\/wp-content\/uploads\/2025\/05\/Escuelas-secundarias-y-salud-mental.jpg\",\"width\":900,\"height\":600},{\"@type\":\"BreadcrumbList\",\"@id\":\"https:\/\/www.delexodo.com.ar\/?p=11659#breadcrumb\",\"itemListElement\":[{\"@type\":\"ListItem\",\"position\":1,\"name\":\"Portada\",\"item\":\"https:\/\/www.delexodo.com.ar\/\"},{\"@type\":\"ListItem\",\"position\":2,\"name\":\"La provincia trabaja en escuelas secundarias el eje de salud mental y prevenci\u00f3n del suicidio\u00a0\"}]},{\"@type\":\"WebSite\",\"@id\":\"https:\/\/www.delexodo.com.ar\/#website\",\"url\":\"https:\/\/www.delexodo.com.ar\/\",\"name\":\"Del \u00c9xodo Nogoy\u00e1\",\"description\":\"El Portal de Noticias de la Regi\u00f3n\",\"publisher\":{\"@id\":\"https:\/\/www.delexodo.com.ar\/#organization\"},\"potentialAction\":[{\"@type\":\"SearchAction\",\"target\":{\"@type\":\"EntryPoint\",\"urlTemplate\":\"https:\/\/www.delexodo.com.ar\/?s={search_term_string}\"},\"query-input\":{\"@type\":\"PropertyValueSpecification\",\"valueRequired\":true,\"valueName\":\"search_term_string\"}}],\"inLanguage\":\"es\"},{\"@type\":\"Organization\",\"@id\":\"https:\/\/www.delexodo.com.ar\/#organization\",\"name\":\"Del \u00c9xodo Nogoy\u00e1\",\"url\":\"https:\/\/www.delexodo.com.ar\/\",\"logo\":{\"@type\":\"ImageObject\",\"inLanguage\":\"es\",\"@id\":\"https:\/\/www.delexodo.com.ar\/#\/schema\/logo\/image\/\",\"url\":\"https:\/\/www.delexodo.com.ar\/wp-content\/uploads\/2024\/10\/cropped-cropped-LOGO24.png\",\"contentUrl\":\"https:\/\/www.delexodo.com.ar\/wp-content\/uploads\/2024\/10\/cropped-cropped-LOGO24.png\",\"width\":512,\"height\":349,\"caption\":\"Del \u00c9xodo Nogoy\u00e1\"},\"image\":{\"@id\":\"https:\/\/www.delexodo.com.ar\/#\/schema\/logo\/image\/\"}},{\"@type\":\"Person\",\"@id\":\"https:\/\/www.delexodo.com.ar\/#\/schema\/person\/bbed37f7da8e938660b34f2013ba449d\",\"name\":\"admin\",\"image\":{\"@type\":\"ImageObject\",\"inLanguage\":\"es\",\"@id\":\"https:\/\/www.delexodo.com.ar\/#\/schema\/person\/image\/\",\"url\":\"https:\/\/secure.gravatar.com\/avatar\/6b1558d1b6df085f1901bd5bd98523d7?s=96&d=mm&r=g\",\"contentUrl\":\"https:\/\/secure.gravatar.com\/avatar\/6b1558d1b6df085f1901bd5bd98523d7?s=96&d=mm&r=g\",\"caption\":\"admin\"},\"url\":\"https:\/\/www.delexodo.com.ar\/?author=1\"}]}<\/script>\n<!-- \/ Yoast SEO plugin. -->","yoast_head_json":{"title":"La provincia trabaja en escuelas secundarias el eje de salud mental y prevenci\u00f3n del suicidio\u00a0 - Del \u00c9xodo Nogoy\u00e1","robots":{"index":"index","follow":"follow","max-snippet":"max-snippet:-1","max-image-preview":"max-image-preview:large","max-video-preview":"max-video-preview:-1"},"canonical":"https:\/\/www.delexodo.com.ar\/?p=11659","og_locale":"es_ES","og_type":"article","og_title":"La provincia trabaja en escuelas secundarias el eje de salud mental y prevenci\u00f3n del suicidio\u00a0 - Del \u00c9xodo Nogoy\u00e1","og_description":"El Ministerio de Salud contin\u00faa generando acciones de promoci\u00f3n y prevenci\u00f3n en salud mental. En esta l\u00ednea, se desarrollaron talleres&hellip;","og_url":"https:\/\/www.delexodo.com.ar\/?p=11659","og_site_name":"Del \u00c9xodo Nogoy\u00e1","article_published_time":"2025-05-02T22:18:00+00:00","article_modified_time":"2025-05-04T22:18:41+00:00","og_image":[{"width":900,"height":600,"url":"https:\/\/www.delexodo.com.ar\/wp-content\/uploads\/2025\/05\/Escuelas-secundarias-y-salud-mental.jpg","type":"image\/jpeg"}],"author":"admin","twitter_card":"summary_large_image","twitter_misc":{"Escrito por":"admin","Tiempo de lectura":"2 minutos"},"schema":{"@context":"https:\/\/schema.org","@graph":[{"@type":"Article","@id":"https:\/\/www.delexodo.com.ar\/?p=11659#article","isPartOf":{"@id":"https:\/\/www.delexodo.com.ar\/?p=11659"},"author":{"name":"admin","@id":"https:\/\/www.delexodo.com.ar\/#\/schema\/person\/bbed37f7da8e938660b34f2013ba449d"},"headline":"La provincia trabaja en escuelas secundarias el eje de salud mental y prevenci\u00f3n del suicidio\u00a0","datePublished":"2025-05-02T22:18:00+00:00","dateModified":"2025-05-04T22:18:41+00:00","mainEntityOfPage":{"@id":"https:\/\/www.delexodo.com.ar\/?p=11659"},"wordCount":388,"publisher":{"@id":"https:\/\/www.delexodo.com.ar\/#organization"},"image":{"@id":"https:\/\/www.delexodo.com.ar\/?p=11659#primaryimage"},"thumbnailUrl":"https:\/\/www.delexodo.com.ar\/wp-content\/uploads\/2025\/05\/Escuelas-secundarias-y-salud-mental.jpg","keywords":["destacar"],"articleSection":["Salud"],"inLanguage":"es"},{"@type":"WebPage","@id":"https:\/\/www.delexodo.com.ar\/?p=11659","url":"https:\/\/www.delexodo.com.ar\/?p=11659","name":"La provincia trabaja en escuelas secundarias el eje de salud mental y prevenci\u00f3n del suicidio\u00a0 - Del \u00c9xodo Nogoy\u00e1","isPartOf":{"@id":"https:\/\/www.delexodo.com.ar\/#website"},"primaryImageOfPage":{"@id":"https:\/\/www.delexodo.com.ar\/?p=11659#primaryimage"},"image":{"@id":"https:\/\/www.delexodo.com.ar\/?p=11659#primaryimage"},"thumbnailUrl":"https:\/\/www.delexodo.com.ar\/wp-content\/uploads\/2025\/05\/Escuelas-secundarias-y-salud-mental.jpg","datePublished":"2025-05-02T22:18:00+00:00","dateModified":"2025-05-04T22:18:41+00:00","breadcrumb":{"@id":"https:\/\/www.delexodo.com.ar\/?p=11659#breadcrumb"},"inLanguage":"es","potentialAction":[{"@type":"ReadAction","target":["https:\/\/www.delexodo.com.ar\/?p=11659"]}]},{"@type":"ImageObject","inLanguage":"es","@id":"https:\/\/www.delexodo.com.ar\/?p=11659#primaryimage","url":"https:\/\/www.delexodo.com.ar\/wp-content\/uploads\/2025\/05\/Escuelas-secundarias-y-salud-mental.jpg","contentUrl":"https:\/\/www.delexodo.com.ar\/wp-content\/uploads\/2025\/05\/Escuelas-secundarias-y-salud-mental.jpg","width":900,"height":600},{"@type":"BreadcrumbList","@id":"https:\/\/www.delexodo.com.ar\/?p=11659#breadcrumb","itemListElement":[{"@type":"ListItem","position":1,"name":"Portada","item":"https:\/\/www.delexodo.com.ar\/"},{"@type":"ListItem","position":2,"name":"La provincia trabaja en escuelas secundarias el eje de salud mental y prevenci\u00f3n del suicidio\u00a0"}]},{"@type":"WebSite","@id":"https:\/\/www.delexodo.com.ar\/#website","url":"https:\/\/www.delexodo.com.ar\/","name":"Del \u00c9xodo Nogoy\u00e1","description":"El Portal de Noticias de la Regi\u00f3n","publisher":{"@id":"https:\/\/www.delexodo.com.ar\/#organization"},"potentialAction":[{"@type":"SearchAction","target":{"@type":"EntryPoint","urlTemplate":"https:\/\/www.delexodo.com.ar\/?s={search_term_string}"},"query-input":{"@type":"PropertyValueSpecification","valueRequired":true,"valueName":"search_term_string"}}],"inLanguage":"es"},{"@type":"Organization","@id":"https:\/\/www.delexodo.com.ar\/#organization","name":"Del \u00c9xodo Nogoy\u00e1","url":"https:\/\/www.delexodo.com.ar\/","logo":{"@type":"ImageObject","inLanguage":"es","@id":"https:\/\/www.delexodo.com.ar\/#\/schema\/logo\/image\/","url":"https:\/\/www.delexodo.com.ar\/wp-content\/uploads\/2024\/10\/cropped-cropped-LOGO24.png","contentUrl":"https:\/\/www.delexodo.com.ar\/wp-content\/uploads\/2024\/10\/cropped-cropped-LOGO24.png","width":512,"height":349,"caption":"Del \u00c9xodo Nogoy\u00e1"},"image":{"@id":"https:\/\/www.delexodo.com.ar\/#\/schema\/logo\/image\/"}},{"@type":"Person","@id":"https:\/\/www.delexodo.com.ar\/#\/schema\/person\/bbed37f7da8e938660b34f2013ba449d","name":"admin","image":{"@type":"ImageObject","inLanguage":"es","@id":"https:\/\/www.delexodo.com.ar\/#\/schema\/person\/image\/","url":"https:\/\/secure.gravatar.com\/avatar\/6b1558d1b6df085f1901bd5bd98523d7?s=96&d=mm&r=g","contentUrl":"https:\/\/secure.gravatar.com\/avatar\/6b1558d1b6df085f1901bd5bd98523d7?s=96&d=mm&r=g","caption":"admin"},"url":"https:\/\/www.delexodo.com.ar\/?author=1"}]}},"_links":{"self":[{"href":"https:\/\/www.delexodo.com.ar\/index.php?rest_route=\/wp\/v2\/posts\/11659","targetHints":{"allow":["GET"]}}],"collection":[{"href":"https:\/\/www.delexodo.com.ar\/index.php?rest_route=\/wp\/v2\/posts"}],"about":[{"href":"https:\/\/www.delexodo.com.ar\/index.php?rest_route=\/wp\/v2\/types\/post"}],"author":[{"embeddable":true,"href":"https:\/\/www.delexodo.com.ar\/index.php?rest_route=\/wp\/v2\/users\/1"}],"replies":[{"embeddable":true,"href":"https:\/\/www.delexodo.com.ar\/index.php?rest_route=%2Fwp%2Fv2%2Fcomments&post=11659"}],"version-history":[{"count":1,"href":"https:\/\/www.delexodo.com.ar\/index.php?rest_route=\/wp\/v2\/posts\/11659\/revisions"}],"predecessor-version":[{"id":11661,"href":"https:\/\/www.delexodo.com.ar\/index.php?rest_route=\/wp\/v2\/posts\/11659\/revisions\/11661"}],"wp:featuredmedia":[{"embeddable":true,"href":"https:\/\/www.delexodo.com.ar\/index.php?rest_route=\/wp\/v2\/media\/11660"}],"wp:attachment":[{"href":"https:\/\/www.delexodo.com.ar\/index.php?rest_route=%2Fwp%2Fv2%2Fmedia&parent=11659"}],"wp:term":[{"taxonomy":"category","embeddable":true,"href":"https:\/\/www.delexodo.com.ar\/index.php?rest_route=%2Fwp%2Fv2%2Fcategories&post=11659"},{"taxonomy":"post_tag","embeddable":true,"href":"https:\/\/www.delexodo.com.ar\/index.php?rest_route=%2Fwp%2Fv2%2Ftags&post=11659"}],"curies":[{"name":"wp","href":"https:\/\/api.w.org\/{rel}","templated":true}]}}