{"id":11619,"date":"2025-04-14T22:12:19","date_gmt":"2025-04-15T01:12:19","guid":{"rendered":"https:\/\/www.delexodo.com.ar\/?p=11619"},"modified":"2025-04-14T22:12:19","modified_gmt":"2025-04-15T01:12:19","slug":"frigerio-encabezo-una-nueva-reunion-de-gabinete-y-repaso-ejes-clave-de-la-gestion","status":"publish","type":"post","link":"https:\/\/www.delexodo.com.ar\/?p=11619","title":{"rendered":"Frigerio encabez\u00f3 una nueva reuni\u00f3n de gabinete y repas\u00f3 ejes clave de la gesti\u00f3n"},"content":{"rendered":"\n<p><strong><em>El gobernador Rogelio Frigerio presidi\u00f3 este lunes una nueva reuni\u00f3n de gabinete en Casa de Gobierno, donde se abordaron distintos aspectos vinculados a la gesti\u00f3n provincial, avances en salud, educaci\u00f3n, obras p\u00fablicas y modernizaci\u00f3n del Estado.<\/em><\/strong><\/p>\n\n\n\n<figure class=\"wp-block-embed is-type-video is-provider-youtube wp-block-embed-youtube wp-embed-aspect-16-9 wp-has-aspect-ratio\"><div class=\"wp-block-embed__wrapper\">\n<iframe loading=\"lazy\" title=\"Frigerio encabez\u00f3 una nueva reuni\u00f3n de gabinete y repas\u00f3 ejes clave de la gesti\u00f3n\" width=\"500\" height=\"281\" src=\"https:\/\/www.youtube.com\/embed\/j6UH3rPXMG8?feature=oembed\" frameborder=\"0\" allow=\"accelerometer; autoplay; clipboard-write; encrypted-media; gyroscope; picture-in-picture; web-share\" referrerpolicy=\"strict-origin-when-cross-origin\" allowfullscreen><\/iframe>\n<\/div><\/figure>\n\n\n\n<p>Del encuentro participaron la vicegobernadora Alicia Aluani; el presidente de la C\u00e1mara de Diputados, Gustavo Hein, ministros y secretarios del Ejecutivo.<\/p>\n\n\n\n<p>Al describir los alcances de la reuni\u00f3n de trabajo, el secretario Legal y T\u00e9cnico de la provincia, Esteban Vitor, manifest\u00f3 que, en cuestiones referentes a la salud, se analiz\u00f3 la situaci\u00f3n de centros de salud y hospitales y, que, al respecto, el gobernador retomar\u00e1 sus recorridas por distintos establecimientos asistenciales <em>\u00aben distintos departamentos en los pr\u00f3ximos d\u00edas\u00bb<\/em>.<\/p>\n\n\n\n<p>En cuanto a educaci\u00f3n, se continu\u00f3 con el tratamiento atinente <em>\u00aba las cuestiones edilicias y con los distintos programas de educaci\u00f3n\u00bb<\/em>. Mientras que, en el \u00e1rea de Planeamiento, se analiz\u00f3 el trabajo en distintas obras incluidas en el convenio de obligaciones rec\u00edprocas con la Naci\u00f3n.<\/p>\n\n\n\n<p>El funcionario tambi\u00e9n resalt\u00f3 que este lunes se firm\u00f3 el primer expediente digital en la gesti\u00f3n provincial, y record\u00f3 que estas iniciativas se inscriben en el plan de despapelizaci\u00f3n impulsado desde la Secretaria de Modernizaci\u00f3n del Estado y Participaci\u00f3n Ciudadana. Al respecto, reiter\u00f3 que <em>\u00abuna parte del expediente va a ser digital\u00bb y que la ambici\u00f3n del gobierno es que en breve plazo, sea digital la totalidad del expediente. \u00abEsto es important\u00edsimo porque acerca al Estado con los ciudadanos\u00bb<\/em>, dijo.<\/p>\n\n\n\n<p>En ese marco, destac\u00f3 que la digitalizaci\u00f3n <em>\u00able da m\u00e1s transparencia, agilidad, y simplifica los tr\u00e1mites\u00bb<\/em>, lo que impacta directamente en la calidad de atenci\u00f3n y respuesta a la ciudadan\u00eda.<\/p>\n\n\n\n<p>Finalmente, record\u00f3 que las directrices del mandatario provincial hacia su equipo siguen siendo claras: <em>\u00abAusteridad, contracci\u00f3n al trabajo, buena gesti\u00f3n, atender todos los requerimientos de los ciudadanos y cercan\u00eda con la demanda de la gente\u00bb<\/em>.<\/p>\n","protected":false},"excerpt":{"rendered":"<p>El gobernador Rogelio Frigerio presidi\u00f3 este lunes una nueva reuni\u00f3n de gabinete en Casa de Gobierno, donde se abordaron distintos&hellip;<\/p>\n","protected":false},"author":1,"featured_media":11620,"comment_status":"closed","ping_status":"closed","sticky":false,"template":"","format":"standard","meta":{"_joinchat":[],"footnotes":""},"categories":[349],"tags":[345],"class_list":["post-11619","post","type-post","status-publish","format-standard","has-post-thumbnail","hentry","category-politica","tag-destacar"],"yoast_head":"<!-- This site is optimized with the Yoast SEO plugin v25.1 - https:\/\/yoast.com\/wordpress\/plugins\/seo\/ -->\n<title>Frigerio encabez\u00f3 una nueva reuni\u00f3n de gabinete y repas\u00f3 ejes clave de la gesti\u00f3n - Del \u00c9xodo Nogoy\u00e1<\/title>\n<meta name=\"robots\" content=\"index, follow, max-snippet:-1, max-image-preview:large, max-video-preview:-1\" \/>\n<link rel=\"canonical\" href=\"https:\/\/www.delexodo.com.ar\/?p=11619\" \/>\n<meta property=\"og:locale\" content=\"es_ES\" \/>\n<meta property=\"og:type\" content=\"article\" \/>\n<meta property=\"og:title\" content=\"Frigerio encabez\u00f3 una nueva reuni\u00f3n de gabinete y repas\u00f3 ejes clave de la gesti\u00f3n - Del \u00c9xodo Nogoy\u00e1\" \/>\n<meta property=\"og:description\" content=\"El gobernador Rogelio Frigerio presidi\u00f3 este lunes una nueva reuni\u00f3n de gabinete en Casa de Gobierno, donde se abordaron distintos&hellip;\" \/>\n<meta property=\"og:url\" content=\"https:\/\/www.delexodo.com.ar\/?p=11619\" \/>\n<meta property=\"og:site_name\" content=\"Del \u00c9xodo Nogoy\u00e1\" \/>\n<meta property=\"article:published_time\" content=\"2025-04-15T01:12:19+00:00\" \/>\n<meta property=\"og:image\" content=\"https:\/\/www.delexodo.com.ar\/wp-content\/uploads\/2025\/04\/gabinete-lunes14.jpg\" \/>\n\t<meta property=\"og:image:width\" content=\"900\" \/>\n\t<meta property=\"og:image:height\" content=\"600\" \/>\n\t<meta property=\"og:image:type\" content=\"image\/jpeg\" \/>\n<meta name=\"author\" content=\"admin\" \/>\n<meta name=\"twitter:card\" content=\"summary_large_image\" \/>\n<meta name=\"twitter:label1\" content=\"Escrito por\" \/>\n\t<meta name=\"twitter:data1\" content=\"admin\" \/>\n\t<meta name=\"twitter:label2\" content=\"Tiempo de lectura\" \/>\n\t<meta name=\"twitter:data2\" content=\"2 minutos\" \/>\n<script type=\"application\/ld+json\" class=\"yoast-schema-graph\">{\"@context\":\"https:\/\/schema.org\",\"@graph\":[{\"@type\":\"Article\",\"@id\":\"https:\/\/www.delexodo.com.ar\/?p=11619#article\",\"isPartOf\":{\"@id\":\"https:\/\/www.delexodo.com.ar\/?p=11619\"},\"author\":{\"name\":\"admin\",\"@id\":\"https:\/\/www.delexodo.com.ar\/#\/schema\/person\/bbed37f7da8e938660b34f2013ba449d\"},\"headline\":\"Frigerio encabez\u00f3 una nueva reuni\u00f3n de gabinete y repas\u00f3 ejes clave de la gesti\u00f3n\",\"datePublished\":\"2025-04-15T01:12:19+00:00\",\"mainEntityOfPage\":{\"@id\":\"https:\/\/www.delexodo.com.ar\/?p=11619\"},\"wordCount\":359,\"publisher\":{\"@id\":\"https:\/\/www.delexodo.com.ar\/#organization\"},\"image\":{\"@id\":\"https:\/\/www.delexodo.com.ar\/?p=11619#primaryimage\"},\"thumbnailUrl\":\"https:\/\/www.delexodo.com.ar\/wp-content\/uploads\/2025\/04\/gabinete-lunes14.jpg\",\"keywords\":[\"destacar\"],\"articleSection\":[\"Politica\"],\"inLanguage\":\"es\"},{\"@type\":\"WebPage\",\"@id\":\"https:\/\/www.delexodo.com.ar\/?p=11619\",\"url\":\"https:\/\/www.delexodo.com.ar\/?p=11619\",\"name\":\"Frigerio encabez\u00f3 una nueva reuni\u00f3n de gabinete y repas\u00f3 ejes clave de la gesti\u00f3n - Del \u00c9xodo Nogoy\u00e1\",\"isPartOf\":{\"@id\":\"https:\/\/www.delexodo.com.ar\/#website\"},\"primaryImageOfPage\":{\"@id\":\"https:\/\/www.delexodo.com.ar\/?p=11619#primaryimage\"},\"image\":{\"@id\":\"https:\/\/www.delexodo.com.ar\/?p=11619#primaryimage\"},\"thumbnailUrl\":\"https:\/\/www.delexodo.com.ar\/wp-content\/uploads\/2025\/04\/gabinete-lunes14.jpg\",\"datePublished\":\"2025-04-15T01:12:19+00:00\",\"breadcrumb\":{\"@id\":\"https:\/\/www.delexodo.com.ar\/?p=11619#breadcrumb\"},\"inLanguage\":\"es\",\"potentialAction\":[{\"@type\":\"ReadAction\",\"target\":[\"https:\/\/www.delexodo.com.ar\/?p=11619\"]}]},{\"@type\":\"ImageObject\",\"inLanguage\":\"es\",\"@id\":\"https:\/\/www.delexodo.com.ar\/?p=11619#primaryimage\",\"url\":\"https:\/\/www.delexodo.com.ar\/wp-content\/uploads\/2025\/04\/gabinete-lunes14.jpg\",\"contentUrl\":\"https:\/\/www.delexodo.com.ar\/wp-content\/uploads\/2025\/04\/gabinete-lunes14.jpg\",\"width\":900,\"height\":600},{\"@type\":\"BreadcrumbList\",\"@id\":\"https:\/\/www.delexodo.com.ar\/?p=11619#breadcrumb\",\"itemListElement\":[{\"@type\":\"ListItem\",\"position\":1,\"name\":\"Portada\",\"item\":\"https:\/\/www.delexodo.com.ar\/\"},{\"@type\":\"ListItem\",\"position\":2,\"name\":\"Frigerio encabez\u00f3 una nueva reuni\u00f3n de gabinete y repas\u00f3 ejes clave de la gesti\u00f3n\"}]},{\"@type\":\"WebSite\",\"@id\":\"https:\/\/www.delexodo.com.ar\/#website\",\"url\":\"https:\/\/www.delexodo.com.ar\/\",\"name\":\"Del \u00c9xodo Nogoy\u00e1\",\"description\":\"El Portal de Noticias de la Regi\u00f3n\",\"publisher\":{\"@id\":\"https:\/\/www.delexodo.com.ar\/#organization\"},\"potentialAction\":[{\"@type\":\"SearchAction\",\"target\":{\"@type\":\"EntryPoint\",\"urlTemplate\":\"https:\/\/www.delexodo.com.ar\/?s={search_term_string}\"},\"query-input\":{\"@type\":\"PropertyValueSpecification\",\"valueRequired\":true,\"valueName\":\"search_term_string\"}}],\"inLanguage\":\"es\"},{\"@type\":\"Organization\",\"@id\":\"https:\/\/www.delexodo.com.ar\/#organization\",\"name\":\"Del \u00c9xodo Nogoy\u00e1\",\"url\":\"https:\/\/www.delexodo.com.ar\/\",\"logo\":{\"@type\":\"ImageObject\",\"inLanguage\":\"es\",\"@id\":\"https:\/\/www.delexodo.com.ar\/#\/schema\/logo\/image\/\",\"url\":\"https:\/\/www.delexodo.com.ar\/wp-content\/uploads\/2024\/10\/cropped-cropped-LOGO24.png\",\"contentUrl\":\"https:\/\/www.delexodo.com.ar\/wp-content\/uploads\/2024\/10\/cropped-cropped-LOGO24.png\",\"width\":512,\"height\":349,\"caption\":\"Del \u00c9xodo Nogoy\u00e1\"},\"image\":{\"@id\":\"https:\/\/www.delexodo.com.ar\/#\/schema\/logo\/image\/\"}},{\"@type\":\"Person\",\"@id\":\"https:\/\/www.delexodo.com.ar\/#\/schema\/person\/bbed37f7da8e938660b34f2013ba449d\",\"name\":\"admin\",\"image\":{\"@type\":\"ImageObject\",\"inLanguage\":\"es\",\"@id\":\"https:\/\/www.delexodo.com.ar\/#\/schema\/person\/image\/\",\"url\":\"https:\/\/secure.gravatar.com\/avatar\/6b1558d1b6df085f1901bd5bd98523d7?s=96&d=mm&r=g\",\"contentUrl\":\"https:\/\/secure.gravatar.com\/avatar\/6b1558d1b6df085f1901bd5bd98523d7?s=96&d=mm&r=g\",\"caption\":\"admin\"},\"url\":\"https:\/\/www.delexodo.com.ar\/?author=1\"}]}<\/script>\n<!-- \/ Yoast SEO plugin. -->","yoast_head_json":{"title":"Frigerio encabez\u00f3 una nueva reuni\u00f3n de gabinete y repas\u00f3 ejes clave de la gesti\u00f3n - Del \u00c9xodo Nogoy\u00e1","robots":{"index":"index","follow":"follow","max-snippet":"max-snippet:-1","max-image-preview":"max-image-preview:large","max-video-preview":"max-video-preview:-1"},"canonical":"https:\/\/www.delexodo.com.ar\/?p=11619","og_locale":"es_ES","og_type":"article","og_title":"Frigerio encabez\u00f3 una nueva reuni\u00f3n de gabinete y repas\u00f3 ejes clave de la gesti\u00f3n - Del \u00c9xodo Nogoy\u00e1","og_description":"El gobernador Rogelio Frigerio presidi\u00f3 este lunes una nueva reuni\u00f3n de gabinete en Casa de Gobierno, donde se abordaron distintos&hellip;","og_url":"https:\/\/www.delexodo.com.ar\/?p=11619","og_site_name":"Del \u00c9xodo Nogoy\u00e1","article_published_time":"2025-04-15T01:12:19+00:00","og_image":[{"width":900,"height":600,"url":"https:\/\/www.delexodo.com.ar\/wp-content\/uploads\/2025\/04\/gabinete-lunes14.jpg","type":"image\/jpeg"}],"author":"admin","twitter_card":"summary_large_image","twitter_misc":{"Escrito por":"admin","Tiempo de lectura":"2 minutos"},"schema":{"@context":"https:\/\/schema.org","@graph":[{"@type":"Article","@id":"https:\/\/www.delexodo.com.ar\/?p=11619#article","isPartOf":{"@id":"https:\/\/www.delexodo.com.ar\/?p=11619"},"author":{"name":"admin","@id":"https:\/\/www.delexodo.com.ar\/#\/schema\/person\/bbed37f7da8e938660b34f2013ba449d"},"headline":"Frigerio encabez\u00f3 una nueva reuni\u00f3n de gabinete y repas\u00f3 ejes clave de la gesti\u00f3n","datePublished":"2025-04-15T01:12:19+00:00","mainEntityOfPage":{"@id":"https:\/\/www.delexodo.com.ar\/?p=11619"},"wordCount":359,"publisher":{"@id":"https:\/\/www.delexodo.com.ar\/#organization"},"image":{"@id":"https:\/\/www.delexodo.com.ar\/?p=11619#primaryimage"},"thumbnailUrl":"https:\/\/www.delexodo.com.ar\/wp-content\/uploads\/2025\/04\/gabinete-lunes14.jpg","keywords":["destacar"],"articleSection":["Politica"],"inLanguage":"es"},{"@type":"WebPage","@id":"https:\/\/www.delexodo.com.ar\/?p=11619","url":"https:\/\/www.delexodo.com.ar\/?p=11619","name":"Frigerio encabez\u00f3 una nueva reuni\u00f3n de gabinete y repas\u00f3 ejes clave de la gesti\u00f3n - Del \u00c9xodo Nogoy\u00e1","isPartOf":{"@id":"https:\/\/www.delexodo.com.ar\/#website"},"primaryImageOfPage":{"@id":"https:\/\/www.delexodo.com.ar\/?p=11619#primaryimage"},"image":{"@id":"https:\/\/www.delexodo.com.ar\/?p=11619#primaryimage"},"thumbnailUrl":"https:\/\/www.delexodo.com.ar\/wp-content\/uploads\/2025\/04\/gabinete-lunes14.jpg","datePublished":"2025-04-15T01:12:19+00:00","breadcrumb":{"@id":"https:\/\/www.delexodo.com.ar\/?p=11619#breadcrumb"},"inLanguage":"es","potentialAction":[{"@type":"ReadAction","target":["https:\/\/www.delexodo.com.ar\/?p=11619"]}]},{"@type":"ImageObject","inLanguage":"es","@id":"https:\/\/www.delexodo.com.ar\/?p=11619#primaryimage","url":"https:\/\/www.delexodo.com.ar\/wp-content\/uploads\/2025\/04\/gabinete-lunes14.jpg","contentUrl":"https:\/\/www.delexodo.com.ar\/wp-content\/uploads\/2025\/04\/gabinete-lunes14.jpg","width":900,"height":600},{"@type":"BreadcrumbList","@id":"https:\/\/www.delexodo.com.ar\/?p=11619#breadcrumb","itemListElement":[{"@type":"ListItem","position":1,"name":"Portada","item":"https:\/\/www.delexodo.com.ar\/"},{"@type":"ListItem","position":2,"name":"Frigerio encabez\u00f3 una nueva reuni\u00f3n de gabinete y repas\u00f3 ejes clave de la gesti\u00f3n"}]},{"@type":"WebSite","@id":"https:\/\/www.delexodo.com.ar\/#website","url":"https:\/\/www.delexodo.com.ar\/","name":"Del \u00c9xodo Nogoy\u00e1","description":"El Portal de Noticias de la Regi\u00f3n","publisher":{"@id":"https:\/\/www.delexodo.com.ar\/#organization"},"potentialAction":[{"@type":"SearchAction","target":{"@type":"EntryPoint","urlTemplate":"https:\/\/www.delexodo.com.ar\/?s={search_term_string}"},"query-input":{"@type":"PropertyValueSpecification","valueRequired":true,"valueName":"search_term_string"}}],"inLanguage":"es"},{"@type":"Organization","@id":"https:\/\/www.delexodo.com.ar\/#organization","name":"Del \u00c9xodo Nogoy\u00e1","url":"https:\/\/www.delexodo.com.ar\/","logo":{"@type":"ImageObject","inLanguage":"es","@id":"https:\/\/www.delexodo.com.ar\/#\/schema\/logo\/image\/","url":"https:\/\/www.delexodo.com.ar\/wp-content\/uploads\/2024\/10\/cropped-cropped-LOGO24.png","contentUrl":"https:\/\/www.delexodo.com.ar\/wp-content\/uploads\/2024\/10\/cropped-cropped-LOGO24.png","width":512,"height":349,"caption":"Del \u00c9xodo Nogoy\u00e1"},"image":{"@id":"https:\/\/www.delexodo.com.ar\/#\/schema\/logo\/image\/"}},{"@type":"Person","@id":"https:\/\/www.delexodo.com.ar\/#\/schema\/person\/bbed37f7da8e938660b34f2013ba449d","name":"admin","image":{"@type":"ImageObject","inLanguage":"es","@id":"https:\/\/www.delexodo.com.ar\/#\/schema\/person\/image\/","url":"https:\/\/secure.gravatar.com\/avatar\/6b1558d1b6df085f1901bd5bd98523d7?s=96&d=mm&r=g","contentUrl":"https:\/\/secure.gravatar.com\/avatar\/6b1558d1b6df085f1901bd5bd98523d7?s=96&d=mm&r=g","caption":"admin"},"url":"https:\/\/www.delexodo.com.ar\/?author=1"}]}},"_links":{"self":[{"href":"https:\/\/www.delexodo.com.ar\/index.php?rest_route=\/wp\/v2\/posts\/11619","targetHints":{"allow":["GET"]}}],"collection":[{"href":"https:\/\/www.delexodo.com.ar\/index.php?rest_route=\/wp\/v2\/posts"}],"about":[{"href":"https:\/\/www.delexodo.com.ar\/index.php?rest_route=\/wp\/v2\/types\/post"}],"author":[{"embeddable":true,"href":"https:\/\/www.delexodo.com.ar\/index.php?rest_route=\/wp\/v2\/users\/1"}],"replies":[{"embeddable":true,"href":"https:\/\/www.delexodo.com.ar\/index.php?rest_route=%2Fwp%2Fv2%2Fcomments&post=11619"}],"version-history":[{"count":1,"href":"https:\/\/www.delexodo.com.ar\/index.php?rest_route=\/wp\/v2\/posts\/11619\/revisions"}],"predecessor-version":[{"id":11621,"href":"https:\/\/www.delexodo.com.ar\/index.php?rest_route=\/wp\/v2\/posts\/11619\/revisions\/11621"}],"wp:featuredmedia":[{"embeddable":true,"href":"https:\/\/www.delexodo.com.ar\/index.php?rest_route=\/wp\/v2\/media\/11620"}],"wp:attachment":[{"href":"https:\/\/www.delexodo.com.ar\/index.php?rest_route=%2Fwp%2Fv2%2Fmedia&parent=11619"}],"wp:term":[{"taxonomy":"category","embeddable":true,"href":"https:\/\/www.delexodo.com.ar\/index.php?rest_route=%2Fwp%2Fv2%2Fcategories&post=11619"},{"taxonomy":"post_tag","embeddable":true,"href":"https:\/\/www.delexodo.com.ar\/index.php?rest_route=%2Fwp%2Fv2%2Ftags&post=11619"}],"curies":[{"name":"wp","href":"https:\/\/api.w.org\/{rel}","templated":true}]}}