{"id":11615,"date":"2025-04-10T23:00:50","date_gmt":"2025-04-11T02:00:50","guid":{"rendered":"https:\/\/www.delexodo.com.ar\/?p=11615"},"modified":"2025-04-10T23:00:51","modified_gmt":"2025-04-11T02:00:51","slug":"frigerio-en-un-ano-salvamos-la-caja-de-jubilaciones-y-protegimos-el-82-por-ciento-movil","status":"publish","type":"post","link":"https:\/\/www.delexodo.com.ar\/?p=11615","title":{"rendered":"Frigerio: \u00abEn un a\u00f1o, salvamos la Caja de Jubilaciones y protegimos el 82 por ciento m\u00f3vil\u00bb"},"content":{"rendered":"\n<p><strong><em>La provincia logr\u00f3 reducir a la mitad el d\u00e9ficit de la Caja de Jubilaciones y Pensiones de Entre R\u00edos y superar el estado cr\u00edtico del sistema previsional.<\/em><\/strong><\/p>\n\n\n\n<figure class=\"wp-block-embed is-type-video is-provider-youtube wp-block-embed-youtube wp-embed-aspect-16-9 wp-has-aspect-ratio\"><div class=\"wp-block-embed__wrapper\">\n<iframe loading=\"lazy\" title=\"Frigerio  En un a\u00f1o, salvamos la Caja de Jubilaciones y protegimos el 82 por ciento m\u00f3vil\" width=\"500\" height=\"281\" src=\"https:\/\/www.youtube.com\/embed\/kIWGFEtkLx8?feature=oembed\" frameborder=\"0\" allow=\"accelerometer; autoplay; clipboard-write; encrypted-media; gyroscope; picture-in-picture; web-share\" referrerpolicy=\"strict-origin-when-cross-origin\" allowfullscreen><\/iframe>\n<\/div><\/figure>\n\n\n\n<p>El gobernador Rogelio Frigerio anunci\u00f3 este jueves un avance hist\u00f3rico en materia previsional:<em><strong> \u00abEn un a\u00f1o salvamos la Caja de Jubilaciones y Pensiones. Llevamos cinco meses consecutivos con una reducci\u00f3n del d\u00e9ficit superior al 40 por ciento y, con el acuerdo con Luz y Fuerza, consolidamos una reducci\u00f3n del d\u00e9ficit de m\u00e1s del 50 por ciento<\/strong><\/em>\u00ab.<\/p>\n\n\n\n<p>El mandatario precis\u00f3 que actualmente el d\u00e9ficit de la Caja asciende a 20.000 millones de pesos. <em>\u00abSi no hubi\u00e9ramos hecho todo este esfuerzo, hoy estar\u00eda en 34.000 millones. Esta diferencia es concreta, es real, y representa un alivio enorme para todos los entrerrianos\u00bb<\/em>, subray\u00f3 Frigerio en una conferencia de prensa ofrecida en Casa de Gobierno, junto al presidente del organismo, Gast\u00f3n Bagnat. Esto se suma al acuerdo alcanzado con el gremio de Luz y Fuerza, que restituye los aportes de los trabajadores al sistema previsional provincial. <em>\u00abTen\u00edamos 40 aportantes y pag\u00e1bamos m\u00e1s de 700 jubilaciones de empleados de Enersa. Era un absurdo. Este acuerdo corrige una distorsi\u00f3n hist\u00f3rica\u00bb<\/em>, explic\u00f3. Con esta medida, el gobierno prev\u00e9 consolidar una reducci\u00f3n de m\u00e1s de la mitad del d\u00e9ficit.<\/p>\n\n\n\n<p>El resultado, remarc\u00f3, es fruto del <em>\u00abesfuerzo, el compromiso y la decisi\u00f3n pol\u00edtica de ordenar las cuentas p\u00fablicas\u00bb<\/em>, y permite garantizar la sostenibilidad del sistema, preservando el 82 por ciento m\u00f3vil, un beneficio previsional que distingue a Entre R\u00edos del resto del pa\u00eds.<\/p>\n\n\n\n<p><strong>Transparencia y decisiones estrat\u00e9gicas<\/strong><\/p>\n\n\n\n<p><em>\u00abEl d\u00e9ficit de la Caja fue durante a\u00f1os una mochila pesada para todos los entrerrianos. Hoy, gracias a decisiones responsables, estamos logrando achicarla considerablemente. Adem\u00e1s, las cuentas de la Caja son transparentes, abiertas y est\u00e1n a disposici\u00f3n de todos los ciudadanos\u00bb<\/em>, afirm\u00f3 Frigerio.<\/p>\n\n\n\n<p><strong>Un reclamo al gobierno nacional<\/strong><\/p>\n\n\n\n<p>Frigerio tambi\u00e9n hizo referencia al reclamo que la provincia mantiene ante el gobierno nacional: <em>\u00abPasamos de no recibir nada a recibir unos 2.000 millones de pesos mensuales por parte de Naci\u00f3n, pero deber\u00edamos estar recibiendo 9.000 millones. Ese reconocimiento, junto con una ley de reforma del sistema jubilatorio, ser\u00e1 clave para continuar con esta recuperaci\u00f3n y alcanzar el equilibrio\u00bb<\/em>.<\/p>\n","protected":false},"excerpt":{"rendered":"<p>La provincia logr\u00f3 reducir a la mitad el d\u00e9ficit de la Caja de Jubilaciones y Pensiones de Entre R\u00edos y&hellip;<\/p>\n","protected":false},"author":1,"featured_media":11616,"comment_status":"closed","ping_status":"closed","sticky":false,"template":"","format":"standard","meta":{"_joinchat":[],"footnotes":""},"categories":[349],"tags":[345],"class_list":["post-11615","post","type-post","status-publish","format-standard","has-post-thumbnail","hentry","category-politica","tag-destacar"],"yoast_head":"<!-- This site is optimized with the Yoast SEO plugin v25.1 - https:\/\/yoast.com\/wordpress\/plugins\/seo\/ -->\n<title>Frigerio: &quot;En un a\u00f1o, salvamos la Caja de Jubilaciones y protegimos el 82 por ciento m\u00f3vil&quot; - Del \u00c9xodo Nogoy\u00e1<\/title>\n<meta name=\"robots\" content=\"index, follow, max-snippet:-1, max-image-preview:large, max-video-preview:-1\" \/>\n<link rel=\"canonical\" href=\"https:\/\/www.delexodo.com.ar\/?p=11615\" \/>\n<meta property=\"og:locale\" content=\"es_ES\" \/>\n<meta property=\"og:type\" content=\"article\" \/>\n<meta property=\"og:title\" content=\"Frigerio: &quot;En un a\u00f1o, salvamos la Caja de Jubilaciones y protegimos el 82 por ciento m\u00f3vil&quot; - Del \u00c9xodo Nogoy\u00e1\" \/>\n<meta property=\"og:description\" content=\"La provincia logr\u00f3 reducir a la mitad el d\u00e9ficit de la Caja de Jubilaciones y Pensiones de Entre R\u00edos y&hellip;\" \/>\n<meta property=\"og:url\" content=\"https:\/\/www.delexodo.com.ar\/?p=11615\" \/>\n<meta property=\"og:site_name\" content=\"Del \u00c9xodo Nogoy\u00e1\" \/>\n<meta property=\"article:published_time\" content=\"2025-04-11T02:00:50+00:00\" \/>\n<meta property=\"article:modified_time\" content=\"2025-04-11T02:00:51+00:00\" \/>\n<meta property=\"og:image\" content=\"https:\/\/www.delexodo.com.ar\/wp-content\/uploads\/2025\/04\/Frigerio-Bagnat.jpg\" \/>\n\t<meta property=\"og:image:width\" content=\"900\" \/>\n\t<meta property=\"og:image:height\" content=\"601\" \/>\n\t<meta property=\"og:image:type\" content=\"image\/jpeg\" \/>\n<meta name=\"author\" content=\"admin\" \/>\n<meta name=\"twitter:card\" content=\"summary_large_image\" \/>\n<meta name=\"twitter:label1\" content=\"Escrito por\" \/>\n\t<meta name=\"twitter:data1\" content=\"admin\" \/>\n\t<meta name=\"twitter:label2\" content=\"Tiempo de lectura\" \/>\n\t<meta name=\"twitter:data2\" content=\"2 minutos\" \/>\n<script type=\"application\/ld+json\" class=\"yoast-schema-graph\">{\"@context\":\"https:\/\/schema.org\",\"@graph\":[{\"@type\":\"Article\",\"@id\":\"https:\/\/www.delexodo.com.ar\/?p=11615#article\",\"isPartOf\":{\"@id\":\"https:\/\/www.delexodo.com.ar\/?p=11615\"},\"author\":{\"name\":\"admin\",\"@id\":\"https:\/\/www.delexodo.com.ar\/#\/schema\/person\/bbed37f7da8e938660b34f2013ba449d\"},\"headline\":\"Frigerio: \u00abEn un a\u00f1o, salvamos la Caja de Jubilaciones y protegimos el 82 por ciento m\u00f3vil\u00bb\",\"datePublished\":\"2025-04-11T02:00:50+00:00\",\"dateModified\":\"2025-04-11T02:00:51+00:00\",\"mainEntityOfPage\":{\"@id\":\"https:\/\/www.delexodo.com.ar\/?p=11615\"},\"wordCount\":415,\"publisher\":{\"@id\":\"https:\/\/www.delexodo.com.ar\/#organization\"},\"image\":{\"@id\":\"https:\/\/www.delexodo.com.ar\/?p=11615#primaryimage\"},\"thumbnailUrl\":\"https:\/\/www.delexodo.com.ar\/wp-content\/uploads\/2025\/04\/Frigerio-Bagnat.jpg\",\"keywords\":[\"destacar\"],\"articleSection\":[\"Politica\"],\"inLanguage\":\"es\"},{\"@type\":\"WebPage\",\"@id\":\"https:\/\/www.delexodo.com.ar\/?p=11615\",\"url\":\"https:\/\/www.delexodo.com.ar\/?p=11615\",\"name\":\"Frigerio: \\\"En un a\u00f1o, salvamos la Caja de Jubilaciones y protegimos el 82 por ciento m\u00f3vil\\\" - Del \u00c9xodo Nogoy\u00e1\",\"isPartOf\":{\"@id\":\"https:\/\/www.delexodo.com.ar\/#website\"},\"primaryImageOfPage\":{\"@id\":\"https:\/\/www.delexodo.com.ar\/?p=11615#primaryimage\"},\"image\":{\"@id\":\"https:\/\/www.delexodo.com.ar\/?p=11615#primaryimage\"},\"thumbnailUrl\":\"https:\/\/www.delexodo.com.ar\/wp-content\/uploads\/2025\/04\/Frigerio-Bagnat.jpg\",\"datePublished\":\"2025-04-11T02:00:50+00:00\",\"dateModified\":\"2025-04-11T02:00:51+00:00\",\"breadcrumb\":{\"@id\":\"https:\/\/www.delexodo.com.ar\/?p=11615#breadcrumb\"},\"inLanguage\":\"es\",\"potentialAction\":[{\"@type\":\"ReadAction\",\"target\":[\"https:\/\/www.delexodo.com.ar\/?p=11615\"]}]},{\"@type\":\"ImageObject\",\"inLanguage\":\"es\",\"@id\":\"https:\/\/www.delexodo.com.ar\/?p=11615#primaryimage\",\"url\":\"https:\/\/www.delexodo.com.ar\/wp-content\/uploads\/2025\/04\/Frigerio-Bagnat.jpg\",\"contentUrl\":\"https:\/\/www.delexodo.com.ar\/wp-content\/uploads\/2025\/04\/Frigerio-Bagnat.jpg\",\"width\":900,\"height\":601},{\"@type\":\"BreadcrumbList\",\"@id\":\"https:\/\/www.delexodo.com.ar\/?p=11615#breadcrumb\",\"itemListElement\":[{\"@type\":\"ListItem\",\"position\":1,\"name\":\"Portada\",\"item\":\"https:\/\/www.delexodo.com.ar\/\"},{\"@type\":\"ListItem\",\"position\":2,\"name\":\"Frigerio: \u00abEn un a\u00f1o, salvamos la Caja de Jubilaciones y protegimos el 82 por ciento m\u00f3vil\u00bb\"}]},{\"@type\":\"WebSite\",\"@id\":\"https:\/\/www.delexodo.com.ar\/#website\",\"url\":\"https:\/\/www.delexodo.com.ar\/\",\"name\":\"Del \u00c9xodo Nogoy\u00e1\",\"description\":\"El Portal de Noticias de la Regi\u00f3n\",\"publisher\":{\"@id\":\"https:\/\/www.delexodo.com.ar\/#organization\"},\"potentialAction\":[{\"@type\":\"SearchAction\",\"target\":{\"@type\":\"EntryPoint\",\"urlTemplate\":\"https:\/\/www.delexodo.com.ar\/?s={search_term_string}\"},\"query-input\":{\"@type\":\"PropertyValueSpecification\",\"valueRequired\":true,\"valueName\":\"search_term_string\"}}],\"inLanguage\":\"es\"},{\"@type\":\"Organization\",\"@id\":\"https:\/\/www.delexodo.com.ar\/#organization\",\"name\":\"Del \u00c9xodo Nogoy\u00e1\",\"url\":\"https:\/\/www.delexodo.com.ar\/\",\"logo\":{\"@type\":\"ImageObject\",\"inLanguage\":\"es\",\"@id\":\"https:\/\/www.delexodo.com.ar\/#\/schema\/logo\/image\/\",\"url\":\"https:\/\/www.delexodo.com.ar\/wp-content\/uploads\/2024\/10\/cropped-cropped-LOGO24.png\",\"contentUrl\":\"https:\/\/www.delexodo.com.ar\/wp-content\/uploads\/2024\/10\/cropped-cropped-LOGO24.png\",\"width\":512,\"height\":349,\"caption\":\"Del \u00c9xodo Nogoy\u00e1\"},\"image\":{\"@id\":\"https:\/\/www.delexodo.com.ar\/#\/schema\/logo\/image\/\"}},{\"@type\":\"Person\",\"@id\":\"https:\/\/www.delexodo.com.ar\/#\/schema\/person\/bbed37f7da8e938660b34f2013ba449d\",\"name\":\"admin\",\"image\":{\"@type\":\"ImageObject\",\"inLanguage\":\"es\",\"@id\":\"https:\/\/www.delexodo.com.ar\/#\/schema\/person\/image\/\",\"url\":\"https:\/\/secure.gravatar.com\/avatar\/6b1558d1b6df085f1901bd5bd98523d7?s=96&d=mm&r=g\",\"contentUrl\":\"https:\/\/secure.gravatar.com\/avatar\/6b1558d1b6df085f1901bd5bd98523d7?s=96&d=mm&r=g\",\"caption\":\"admin\"},\"url\":\"https:\/\/www.delexodo.com.ar\/?author=1\"}]}<\/script>\n<!-- \/ Yoast SEO plugin. -->","yoast_head_json":{"title":"Frigerio: \"En un a\u00f1o, salvamos la Caja de Jubilaciones y protegimos el 82 por ciento m\u00f3vil\" - Del \u00c9xodo Nogoy\u00e1","robots":{"index":"index","follow":"follow","max-snippet":"max-snippet:-1","max-image-preview":"max-image-preview:large","max-video-preview":"max-video-preview:-1"},"canonical":"https:\/\/www.delexodo.com.ar\/?p=11615","og_locale":"es_ES","og_type":"article","og_title":"Frigerio: \"En un a\u00f1o, salvamos la Caja de Jubilaciones y protegimos el 82 por ciento m\u00f3vil\" - Del \u00c9xodo Nogoy\u00e1","og_description":"La provincia logr\u00f3 reducir a la mitad el d\u00e9ficit de la Caja de Jubilaciones y Pensiones de Entre R\u00edos y&hellip;","og_url":"https:\/\/www.delexodo.com.ar\/?p=11615","og_site_name":"Del \u00c9xodo Nogoy\u00e1","article_published_time":"2025-04-11T02:00:50+00:00","article_modified_time":"2025-04-11T02:00:51+00:00","og_image":[{"width":900,"height":601,"url":"https:\/\/www.delexodo.com.ar\/wp-content\/uploads\/2025\/04\/Frigerio-Bagnat.jpg","type":"image\/jpeg"}],"author":"admin","twitter_card":"summary_large_image","twitter_misc":{"Escrito por":"admin","Tiempo de lectura":"2 minutos"},"schema":{"@context":"https:\/\/schema.org","@graph":[{"@type":"Article","@id":"https:\/\/www.delexodo.com.ar\/?p=11615#article","isPartOf":{"@id":"https:\/\/www.delexodo.com.ar\/?p=11615"},"author":{"name":"admin","@id":"https:\/\/www.delexodo.com.ar\/#\/schema\/person\/bbed37f7da8e938660b34f2013ba449d"},"headline":"Frigerio: \u00abEn un a\u00f1o, salvamos la Caja de Jubilaciones y protegimos el 82 por ciento m\u00f3vil\u00bb","datePublished":"2025-04-11T02:00:50+00:00","dateModified":"2025-04-11T02:00:51+00:00","mainEntityOfPage":{"@id":"https:\/\/www.delexodo.com.ar\/?p=11615"},"wordCount":415,"publisher":{"@id":"https:\/\/www.delexodo.com.ar\/#organization"},"image":{"@id":"https:\/\/www.delexodo.com.ar\/?p=11615#primaryimage"},"thumbnailUrl":"https:\/\/www.delexodo.com.ar\/wp-content\/uploads\/2025\/04\/Frigerio-Bagnat.jpg","keywords":["destacar"],"articleSection":["Politica"],"inLanguage":"es"},{"@type":"WebPage","@id":"https:\/\/www.delexodo.com.ar\/?p=11615","url":"https:\/\/www.delexodo.com.ar\/?p=11615","name":"Frigerio: \"En un a\u00f1o, salvamos la Caja de Jubilaciones y protegimos el 82 por ciento m\u00f3vil\" - Del \u00c9xodo Nogoy\u00e1","isPartOf":{"@id":"https:\/\/www.delexodo.com.ar\/#website"},"primaryImageOfPage":{"@id":"https:\/\/www.delexodo.com.ar\/?p=11615#primaryimage"},"image":{"@id":"https:\/\/www.delexodo.com.ar\/?p=11615#primaryimage"},"thumbnailUrl":"https:\/\/www.delexodo.com.ar\/wp-content\/uploads\/2025\/04\/Frigerio-Bagnat.jpg","datePublished":"2025-04-11T02:00:50+00:00","dateModified":"2025-04-11T02:00:51+00:00","breadcrumb":{"@id":"https:\/\/www.delexodo.com.ar\/?p=11615#breadcrumb"},"inLanguage":"es","potentialAction":[{"@type":"ReadAction","target":["https:\/\/www.delexodo.com.ar\/?p=11615"]}]},{"@type":"ImageObject","inLanguage":"es","@id":"https:\/\/www.delexodo.com.ar\/?p=11615#primaryimage","url":"https:\/\/www.delexodo.com.ar\/wp-content\/uploads\/2025\/04\/Frigerio-Bagnat.jpg","contentUrl":"https:\/\/www.delexodo.com.ar\/wp-content\/uploads\/2025\/04\/Frigerio-Bagnat.jpg","width":900,"height":601},{"@type":"BreadcrumbList","@id":"https:\/\/www.delexodo.com.ar\/?p=11615#breadcrumb","itemListElement":[{"@type":"ListItem","position":1,"name":"Portada","item":"https:\/\/www.delexodo.com.ar\/"},{"@type":"ListItem","position":2,"name":"Frigerio: \u00abEn un a\u00f1o, salvamos la Caja de Jubilaciones y protegimos el 82 por ciento m\u00f3vil\u00bb"}]},{"@type":"WebSite","@id":"https:\/\/www.delexodo.com.ar\/#website","url":"https:\/\/www.delexodo.com.ar\/","name":"Del \u00c9xodo Nogoy\u00e1","description":"El Portal de Noticias de la Regi\u00f3n","publisher":{"@id":"https:\/\/www.delexodo.com.ar\/#organization"},"potentialAction":[{"@type":"SearchAction","target":{"@type":"EntryPoint","urlTemplate":"https:\/\/www.delexodo.com.ar\/?s={search_term_string}"},"query-input":{"@type":"PropertyValueSpecification","valueRequired":true,"valueName":"search_term_string"}}],"inLanguage":"es"},{"@type":"Organization","@id":"https:\/\/www.delexodo.com.ar\/#organization","name":"Del \u00c9xodo Nogoy\u00e1","url":"https:\/\/www.delexodo.com.ar\/","logo":{"@type":"ImageObject","inLanguage":"es","@id":"https:\/\/www.delexodo.com.ar\/#\/schema\/logo\/image\/","url":"https:\/\/www.delexodo.com.ar\/wp-content\/uploads\/2024\/10\/cropped-cropped-LOGO24.png","contentUrl":"https:\/\/www.delexodo.com.ar\/wp-content\/uploads\/2024\/10\/cropped-cropped-LOGO24.png","width":512,"height":349,"caption":"Del \u00c9xodo Nogoy\u00e1"},"image":{"@id":"https:\/\/www.delexodo.com.ar\/#\/schema\/logo\/image\/"}},{"@type":"Person","@id":"https:\/\/www.delexodo.com.ar\/#\/schema\/person\/bbed37f7da8e938660b34f2013ba449d","name":"admin","image":{"@type":"ImageObject","inLanguage":"es","@id":"https:\/\/www.delexodo.com.ar\/#\/schema\/person\/image\/","url":"https:\/\/secure.gravatar.com\/avatar\/6b1558d1b6df085f1901bd5bd98523d7?s=96&d=mm&r=g","contentUrl":"https:\/\/secure.gravatar.com\/avatar\/6b1558d1b6df085f1901bd5bd98523d7?s=96&d=mm&r=g","caption":"admin"},"url":"https:\/\/www.delexodo.com.ar\/?author=1"}]}},"_links":{"self":[{"href":"https:\/\/www.delexodo.com.ar\/index.php?rest_route=\/wp\/v2\/posts\/11615","targetHints":{"allow":["GET"]}}],"collection":[{"href":"https:\/\/www.delexodo.com.ar\/index.php?rest_route=\/wp\/v2\/posts"}],"about":[{"href":"https:\/\/www.delexodo.com.ar\/index.php?rest_route=\/wp\/v2\/types\/post"}],"author":[{"embeddable":true,"href":"https:\/\/www.delexodo.com.ar\/index.php?rest_route=\/wp\/v2\/users\/1"}],"replies":[{"embeddable":true,"href":"https:\/\/www.delexodo.com.ar\/index.php?rest_route=%2Fwp%2Fv2%2Fcomments&post=11615"}],"version-history":[{"count":1,"href":"https:\/\/www.delexodo.com.ar\/index.php?rest_route=\/wp\/v2\/posts\/11615\/revisions"}],"predecessor-version":[{"id":11617,"href":"https:\/\/www.delexodo.com.ar\/index.php?rest_route=\/wp\/v2\/posts\/11615\/revisions\/11617"}],"wp:featuredmedia":[{"embeddable":true,"href":"https:\/\/www.delexodo.com.ar\/index.php?rest_route=\/wp\/v2\/media\/11616"}],"wp:attachment":[{"href":"https:\/\/www.delexodo.com.ar\/index.php?rest_route=%2Fwp%2Fv2%2Fmedia&parent=11615"}],"wp:term":[{"taxonomy":"category","embeddable":true,"href":"https:\/\/www.delexodo.com.ar\/index.php?rest_route=%2Fwp%2Fv2%2Fcategories&post=11615"},{"taxonomy":"post_tag","embeddable":true,"href":"https:\/\/www.delexodo.com.ar\/index.php?rest_route=%2Fwp%2Fv2%2Ftags&post=11615"}],"curies":[{"name":"wp","href":"https:\/\/api.w.org\/{rel}","templated":true}]}}