{"id":11574,"date":"2025-03-24T20:47:14","date_gmt":"2025-03-24T23:47:14","guid":{"rendered":"https:\/\/www.delexodo.com.ar\/?p=11574"},"modified":"2025-03-24T20:47:14","modified_gmt":"2025-03-24T23:47:14","slug":"nogoya-acto-por-la-memoria-verdad-y-justicia","status":"publish","type":"post","link":"https:\/\/www.delexodo.com.ar\/?p=11574","title":{"rendered":"Nogoy\u00e1: Acto por la Memoria, Verdad y Justicia"},"content":{"rendered":"\n<p><strong><em>\u00abCada acontecimiento hist\u00f3rico, nos debe llevar a reflexionar qu\u00e9 nos dejo para no cometer los mismos errores y mirar hacia el futuro\u00bb<\/em> fu\u00e9 el comienzo en las palabras de la vice intendente Desiree Pe\u00f1aloza, encargada de dejar el mensaje en el acto que se desarroll\u00f3 en el ingreso del Cementerio Municipal.<\/strong><\/p>\n\n\n<div class=\"wp-block-image\">\n<figure class=\"aligncenter size-full\"><img loading=\"lazy\" decoding=\"async\" width=\"600\" height=\"450\" src=\"https:\/\/www.delexodo.com.ar\/wp-content\/uploads\/2025\/03\/Acto-24-Marzo-gral.jpg\" alt=\"\" class=\"wp-image-11575\" srcset=\"https:\/\/www.delexodo.com.ar\/wp-content\/uploads\/2025\/03\/Acto-24-Marzo-gral.jpg 600w, https:\/\/www.delexodo.com.ar\/wp-content\/uploads\/2025\/03\/Acto-24-Marzo-gral-300x225.jpg 300w\" sizes=\"auto, (max-width: 600px) 100vw, 600px\" \/><\/figure><\/div>\n\n\n<p>Acto que se desarroll\u00f3 al cumplirse 49 a\u00f1os del Golpe de Estado de 1976 y conmemorando el D\u00eda Nacional de la Memoria por la Verdad y la Justicia, autoridades municipales acompa\u00f1ados por el Senador Dptal. Dr. Rafael Cavagna, funcionarios provinciales, municipales, policiales, concejales y Bomberos Voluntarios. Asimismo el Cura P\u00e1rroco Rafael Micheloud fu\u00e9 el encargado acompa\u00f1ar la ceremonia con una reflexi\u00f3n con la importancia de recordar y honrar a las victimas.<\/p>\n\n\n<div class=\"wp-block-image\">\n<figure class=\"alignleft size-full is-resized\"><img loading=\"lazy\" decoding=\"async\" width=\"600\" height=\"450\" src=\"https:\/\/www.delexodo.com.ar\/wp-content\/uploads\/2025\/03\/Acto-24-Marzo-ofrenda.jpg\" alt=\"\" class=\"wp-image-11576\" style=\"width:235px;height:auto\" srcset=\"https:\/\/www.delexodo.com.ar\/wp-content\/uploads\/2025\/03\/Acto-24-Marzo-ofrenda.jpg 600w, https:\/\/www.delexodo.com.ar\/wp-content\/uploads\/2025\/03\/Acto-24-Marzo-ofrenda-300x225.jpg 300w\" sizes=\"auto, (max-width: 600px) 100vw, 600px\" \/><\/figure><\/div>\n\n\n<p>Se procedi\u00f3 a la ofrenda floral en el lugar por parte del presidente municipal Dr. Bernardo Schneider, el senador departamental y la Concejal Rodriguez y las palabras alusivas que estuvieron a cargo de la vice intendente que en algunos de sus pasaje manifest\u00f3, <em>\u00abEn cada \u00e1mbito, dentro y fuera de nuestras comunidades, est\u00e1 en nuestras manos hacer algo distinto, algo nuevo para cuidar\u00a0la\u00a0vida.<br>No es necesario esperar las circunstancias ideales para dar el primer paso, ni podemos dejar para ma\u00f1ana el bien que tenemos que hacer hoy.<br>Es tiempo de hacer lo que cada uno puede hacer para buscar una justicia que busque la paz, que posibilite el bien com\u00fan\u00bb.<\/em><\/p>\n\n\n<div class=\"wp-block-image\">\n<figure class=\"alignright size-full is-resized\"><img loading=\"lazy\" decoding=\"async\" width=\"600\" height=\"450\" src=\"https:\/\/www.delexodo.com.ar\/wp-content\/uploads\/2025\/03\/Acto-24-Marzo-autoridades.jpg\" alt=\"\" class=\"wp-image-11577\" style=\"width:269px;height:auto\" srcset=\"https:\/\/www.delexodo.com.ar\/wp-content\/uploads\/2025\/03\/Acto-24-Marzo-autoridades.jpg 600w, https:\/\/www.delexodo.com.ar\/wp-content\/uploads\/2025\/03\/Acto-24-Marzo-autoridades-300x225.jpg 300w\" sizes=\"auto, (max-width: 600px) 100vw, 600px\" \/><\/figure><\/div>\n\n\n<p>Por \u00faltimo para finalizar dijo, <em>\u00abno permitamos que las actuales\u00a0y\u00a0nuevas generaciones pierdan la memoria de lo acontecido, esa memoria que deber ser garante y est\u00edmulo para construir un futuro mas justo. La memoria es, aun m\u00e1s, el horizonte de la esperanza para abrir nuevos procesos que reconcilien y unan las personas y las comunidades, que busquen la verdad y la justicia.<br>Que en ning\u00fan rinc\u00f3n de nuestra querida Argentina en el d\u00eda de hoy se deje de repetir una y otra vez:\u00a0NUNCA\u00a0MAS\u00bb<\/em>.<\/p>\n\n\n<div class=\"wp-block-image\">\n<figure class=\"aligncenter size-full\"><img loading=\"lazy\" decoding=\"async\" width=\"900\" height=\"675\" src=\"https:\/\/www.delexodo.com.ar\/wp-content\/uploads\/2025\/03\/Acto-24-Marzo-autoridades-frente.jpg\" alt=\"\" class=\"wp-image-11578\" srcset=\"https:\/\/www.delexodo.com.ar\/wp-content\/uploads\/2025\/03\/Acto-24-Marzo-autoridades-frente.jpg 900w, https:\/\/www.delexodo.com.ar\/wp-content\/uploads\/2025\/03\/Acto-24-Marzo-autoridades-frente-300x225.jpg 300w, https:\/\/www.delexodo.com.ar\/wp-content\/uploads\/2025\/03\/Acto-24-Marzo-autoridades-frente-768x576.jpg 768w\" sizes=\"auto, (max-width: 900px) 100vw, 900px\" \/><\/figure><\/div>\n\n\n<h2 class=\"wp-block-heading has-text-align-center\">Las palabras de la Vice intendente Desiree Pe\u00f1aloza<\/h2>\n\n\n\n<p><em>Cada acontecimiento hist\u00f3rico, nos debe llevar a reflexionar qu\u00e9 nos dejo para no cometer los mismos errores y mirar hacia el futuro.<br>Con esta fecha tan sensible y tambien tan conflictiva, que muchas veces nos ha dividido a los argentinos, me permitir\u00e9 pedirles que juntos pensemos sobre la importancia de la justicia en\u00a0una\u00a0sociedad.<br>EIla es un valor fundamental que nos deja vivir en armon\u00eda y respeto mutuo; la aplicaci\u00f3n imparcial de la ley sin distinciones ni privilegios. Pero sobre todo es la protecci\u00f3n de los derechos humanos y la defensa de los sin voz.<br>Cuando no imper\u00f3 la ley mas importante `de nuestra Naci\u00f3n fue cuando vivimos momentos oscuros\u00a0en\u00a0la\u00a0historia.<br>Cuando una sociedad abandona la ley puede suceder lo pero con nuestros derechos.<br>La Constituci\u00f3n siempre por delante, debe ser el arma que nos proteja.<br>Est\u00e1 en nuestras manos\u2026.<br>El protagonismo es nuestro, de las mujeres y hombres de hoy.<br>Se acciona en peque\u00f1as acciones, no en grandes actos.<br>En lo cotidiano, en lo permanente, en\u00a0lo\u00a0imperfecto.<br>Todos estamos llamados a ser protagonistas de una sociedad mas justa:<br>En cada \u00e1mbito, dentro y fuera de nuestras comunidades, est\u00e1 en nuestras manos hacer algo distinto, algo nuevo para cuidar\u00a0la\u00a0vida.<br>No es necesario esperar las circunstancia ideales para dar el primer paso, ni podemos dejar para ma\u00f1ana el bien que tenemos que hacer hoy.<br>Es tiempo de hacer lo que cada uno puede hacer para buscar una justicia que busque la paz, que posibilite el bien com\u00fan.<br>Compartir las cargas de los dem\u00e1s, no dividir, sino compartir.<br>Para aspirar de verdad al bien com\u00fan, todos debemos comprometernos con la justicia en el porvenir.<br>Por \u00faltimo: no permitamos que las actuales\u00a0y\u00a0nuevas generaciones pierdan la memoria de lo acontecido, esa memoria que deber ser garante y est\u00edmulo para construir un futuro mas justo. La memoria es, aun m\u00e1s, el horizonte de la esperanza para abrir nuevos procesos que reconcilien y unan las personas y las comunidades, que busquen la verdad y la justicia.<br>Que en ning\u00fan rinc\u00f3n de nuestra querida Argentina en el d\u00eda de hoy se deje de repetir una y otra vez:\u00a0NUNCA\u00a0MAS!!!<\/em><\/p>\n","protected":false},"excerpt":{"rendered":"<p>\u00abCada acontecimiento hist\u00f3rico, nos debe llevar a reflexionar qu\u00e9 nos dejo para no cometer los mismos errores y mirar hacia&hellip;<\/p>\n","protected":false},"author":1,"featured_media":11579,"comment_status":"closed","ping_status":"closed","sticky":false,"template":"","format":"standard","meta":{"_joinchat":[],"footnotes":""},"categories":[1],"tags":[345],"class_list":["post-11574","post","type-post","status-publish","format-standard","has-post-thumbnail","hentry","category-sincategoria","tag-destacar"],"yoast_head":"<!-- This site is optimized with the Yoast SEO plugin v25.1 - https:\/\/yoast.com\/wordpress\/plugins\/seo\/ -->\n<title>Nogoy\u00e1: Acto por la Memoria, Verdad y Justicia - Del \u00c9xodo Nogoy\u00e1<\/title>\n<meta name=\"robots\" content=\"index, follow, max-snippet:-1, max-image-preview:large, max-video-preview:-1\" \/>\n<link rel=\"canonical\" href=\"https:\/\/www.delexodo.com.ar\/?p=11574\" \/>\n<meta property=\"og:locale\" content=\"es_ES\" \/>\n<meta property=\"og:type\" content=\"article\" \/>\n<meta property=\"og:title\" content=\"Nogoy\u00e1: Acto por la Memoria, Verdad y Justicia - Del \u00c9xodo Nogoy\u00e1\" \/>\n<meta property=\"og:description\" content=\"\u00abCada acontecimiento hist\u00f3rico, nos debe llevar a reflexionar qu\u00e9 nos dejo para no cometer los mismos errores y mirar hacia&hellip;\" \/>\n<meta property=\"og:url\" content=\"https:\/\/www.delexodo.com.ar\/?p=11574\" \/>\n<meta property=\"og:site_name\" content=\"Del \u00c9xodo Nogoy\u00e1\" \/>\n<meta property=\"article:published_time\" content=\"2025-03-24T23:47:14+00:00\" \/>\n<meta property=\"og:image\" content=\"https:\/\/www.delexodo.com.ar\/wp-content\/uploads\/2025\/03\/Acto-24-Marzo-portada.jpg\" \/>\n\t<meta property=\"og:image:width\" content=\"900\" \/>\n\t<meta property=\"og:image:height\" content=\"675\" \/>\n\t<meta property=\"og:image:type\" content=\"image\/jpeg\" \/>\n<meta name=\"author\" content=\"admin\" \/>\n<meta name=\"twitter:card\" content=\"summary_large_image\" \/>\n<meta name=\"twitter:label1\" content=\"Escrito por\" \/>\n\t<meta name=\"twitter:data1\" content=\"admin\" \/>\n\t<meta name=\"twitter:label2\" content=\"Tiempo de lectura\" \/>\n\t<meta name=\"twitter:data2\" content=\"5 minutos\" \/>\n<script type=\"application\/ld+json\" class=\"yoast-schema-graph\">{\"@context\":\"https:\/\/schema.org\",\"@graph\":[{\"@type\":\"Article\",\"@id\":\"https:\/\/www.delexodo.com.ar\/?p=11574#article\",\"isPartOf\":{\"@id\":\"https:\/\/www.delexodo.com.ar\/?p=11574\"},\"author\":{\"name\":\"admin\",\"@id\":\"https:\/\/www.delexodo.com.ar\/#\/schema\/person\/bbed37f7da8e938660b34f2013ba449d\"},\"headline\":\"Nogoy\u00e1: Acto por la Memoria, Verdad y Justicia\",\"datePublished\":\"2025-03-24T23:47:14+00:00\",\"mainEntityOfPage\":{\"@id\":\"https:\/\/www.delexodo.com.ar\/?p=11574\"},\"wordCount\":727,\"publisher\":{\"@id\":\"https:\/\/www.delexodo.com.ar\/#organization\"},\"image\":{\"@id\":\"https:\/\/www.delexodo.com.ar\/?p=11574#primaryimage\"},\"thumbnailUrl\":\"https:\/\/www.delexodo.com.ar\/wp-content\/uploads\/2025\/03\/Acto-24-Marzo-portada.jpg\",\"keywords\":[\"destacar\"],\"articleSection\":[\"Nogoya\"],\"inLanguage\":\"es\"},{\"@type\":\"WebPage\",\"@id\":\"https:\/\/www.delexodo.com.ar\/?p=11574\",\"url\":\"https:\/\/www.delexodo.com.ar\/?p=11574\",\"name\":\"Nogoy\u00e1: Acto por la Memoria, Verdad y Justicia - Del \u00c9xodo Nogoy\u00e1\",\"isPartOf\":{\"@id\":\"https:\/\/www.delexodo.com.ar\/#website\"},\"primaryImageOfPage\":{\"@id\":\"https:\/\/www.delexodo.com.ar\/?p=11574#primaryimage\"},\"image\":{\"@id\":\"https:\/\/www.delexodo.com.ar\/?p=11574#primaryimage\"},\"thumbnailUrl\":\"https:\/\/www.delexodo.com.ar\/wp-content\/uploads\/2025\/03\/Acto-24-Marzo-portada.jpg\",\"datePublished\":\"2025-03-24T23:47:14+00:00\",\"breadcrumb\":{\"@id\":\"https:\/\/www.delexodo.com.ar\/?p=11574#breadcrumb\"},\"inLanguage\":\"es\",\"potentialAction\":[{\"@type\":\"ReadAction\",\"target\":[\"https:\/\/www.delexodo.com.ar\/?p=11574\"]}]},{\"@type\":\"ImageObject\",\"inLanguage\":\"es\",\"@id\":\"https:\/\/www.delexodo.com.ar\/?p=11574#primaryimage\",\"url\":\"https:\/\/www.delexodo.com.ar\/wp-content\/uploads\/2025\/03\/Acto-24-Marzo-portada.jpg\",\"contentUrl\":\"https:\/\/www.delexodo.com.ar\/wp-content\/uploads\/2025\/03\/Acto-24-Marzo-portada.jpg\",\"width\":900,\"height\":675},{\"@type\":\"BreadcrumbList\",\"@id\":\"https:\/\/www.delexodo.com.ar\/?p=11574#breadcrumb\",\"itemListElement\":[{\"@type\":\"ListItem\",\"position\":1,\"name\":\"Portada\",\"item\":\"https:\/\/www.delexodo.com.ar\/\"},{\"@type\":\"ListItem\",\"position\":2,\"name\":\"Nogoy\u00e1: Acto por la Memoria, Verdad y Justicia\"}]},{\"@type\":\"WebSite\",\"@id\":\"https:\/\/www.delexodo.com.ar\/#website\",\"url\":\"https:\/\/www.delexodo.com.ar\/\",\"name\":\"Del \u00c9xodo Nogoy\u00e1\",\"description\":\"El Portal de Noticias de la Regi\u00f3n\",\"publisher\":{\"@id\":\"https:\/\/www.delexodo.com.ar\/#organization\"},\"potentialAction\":[{\"@type\":\"SearchAction\",\"target\":{\"@type\":\"EntryPoint\",\"urlTemplate\":\"https:\/\/www.delexodo.com.ar\/?s={search_term_string}\"},\"query-input\":{\"@type\":\"PropertyValueSpecification\",\"valueRequired\":true,\"valueName\":\"search_term_string\"}}],\"inLanguage\":\"es\"},{\"@type\":\"Organization\",\"@id\":\"https:\/\/www.delexodo.com.ar\/#organization\",\"name\":\"Del \u00c9xodo Nogoy\u00e1\",\"url\":\"https:\/\/www.delexodo.com.ar\/\",\"logo\":{\"@type\":\"ImageObject\",\"inLanguage\":\"es\",\"@id\":\"https:\/\/www.delexodo.com.ar\/#\/schema\/logo\/image\/\",\"url\":\"https:\/\/www.delexodo.com.ar\/wp-content\/uploads\/2024\/10\/cropped-cropped-LOGO24.png\",\"contentUrl\":\"https:\/\/www.delexodo.com.ar\/wp-content\/uploads\/2024\/10\/cropped-cropped-LOGO24.png\",\"width\":512,\"height\":349,\"caption\":\"Del \u00c9xodo Nogoy\u00e1\"},\"image\":{\"@id\":\"https:\/\/www.delexodo.com.ar\/#\/schema\/logo\/image\/\"}},{\"@type\":\"Person\",\"@id\":\"https:\/\/www.delexodo.com.ar\/#\/schema\/person\/bbed37f7da8e938660b34f2013ba449d\",\"name\":\"admin\",\"image\":{\"@type\":\"ImageObject\",\"inLanguage\":\"es\",\"@id\":\"https:\/\/www.delexodo.com.ar\/#\/schema\/person\/image\/\",\"url\":\"https:\/\/secure.gravatar.com\/avatar\/6b1558d1b6df085f1901bd5bd98523d7?s=96&d=mm&r=g\",\"contentUrl\":\"https:\/\/secure.gravatar.com\/avatar\/6b1558d1b6df085f1901bd5bd98523d7?s=96&d=mm&r=g\",\"caption\":\"admin\"},\"url\":\"https:\/\/www.delexodo.com.ar\/?author=1\"}]}<\/script>\n<!-- \/ Yoast SEO plugin. -->","yoast_head_json":{"title":"Nogoy\u00e1: Acto por la Memoria, Verdad y Justicia - Del \u00c9xodo Nogoy\u00e1","robots":{"index":"index","follow":"follow","max-snippet":"max-snippet:-1","max-image-preview":"max-image-preview:large","max-video-preview":"max-video-preview:-1"},"canonical":"https:\/\/www.delexodo.com.ar\/?p=11574","og_locale":"es_ES","og_type":"article","og_title":"Nogoy\u00e1: Acto por la Memoria, Verdad y Justicia - Del \u00c9xodo Nogoy\u00e1","og_description":"\u00abCada acontecimiento hist\u00f3rico, nos debe llevar a reflexionar qu\u00e9 nos dejo para no cometer los mismos errores y mirar hacia&hellip;","og_url":"https:\/\/www.delexodo.com.ar\/?p=11574","og_site_name":"Del \u00c9xodo Nogoy\u00e1","article_published_time":"2025-03-24T23:47:14+00:00","og_image":[{"width":900,"height":675,"url":"https:\/\/www.delexodo.com.ar\/wp-content\/uploads\/2025\/03\/Acto-24-Marzo-portada.jpg","type":"image\/jpeg"}],"author":"admin","twitter_card":"summary_large_image","twitter_misc":{"Escrito por":"admin","Tiempo de lectura":"5 minutos"},"schema":{"@context":"https:\/\/schema.org","@graph":[{"@type":"Article","@id":"https:\/\/www.delexodo.com.ar\/?p=11574#article","isPartOf":{"@id":"https:\/\/www.delexodo.com.ar\/?p=11574"},"author":{"name":"admin","@id":"https:\/\/www.delexodo.com.ar\/#\/schema\/person\/bbed37f7da8e938660b34f2013ba449d"},"headline":"Nogoy\u00e1: Acto por la Memoria, Verdad y Justicia","datePublished":"2025-03-24T23:47:14+00:00","mainEntityOfPage":{"@id":"https:\/\/www.delexodo.com.ar\/?p=11574"},"wordCount":727,"publisher":{"@id":"https:\/\/www.delexodo.com.ar\/#organization"},"image":{"@id":"https:\/\/www.delexodo.com.ar\/?p=11574#primaryimage"},"thumbnailUrl":"https:\/\/www.delexodo.com.ar\/wp-content\/uploads\/2025\/03\/Acto-24-Marzo-portada.jpg","keywords":["destacar"],"articleSection":["Nogoya"],"inLanguage":"es"},{"@type":"WebPage","@id":"https:\/\/www.delexodo.com.ar\/?p=11574","url":"https:\/\/www.delexodo.com.ar\/?p=11574","name":"Nogoy\u00e1: Acto por la Memoria, Verdad y Justicia - Del \u00c9xodo Nogoy\u00e1","isPartOf":{"@id":"https:\/\/www.delexodo.com.ar\/#website"},"primaryImageOfPage":{"@id":"https:\/\/www.delexodo.com.ar\/?p=11574#primaryimage"},"image":{"@id":"https:\/\/www.delexodo.com.ar\/?p=11574#primaryimage"},"thumbnailUrl":"https:\/\/www.delexodo.com.ar\/wp-content\/uploads\/2025\/03\/Acto-24-Marzo-portada.jpg","datePublished":"2025-03-24T23:47:14+00:00","breadcrumb":{"@id":"https:\/\/www.delexodo.com.ar\/?p=11574#breadcrumb"},"inLanguage":"es","potentialAction":[{"@type":"ReadAction","target":["https:\/\/www.delexodo.com.ar\/?p=11574"]}]},{"@type":"ImageObject","inLanguage":"es","@id":"https:\/\/www.delexodo.com.ar\/?p=11574#primaryimage","url":"https:\/\/www.delexodo.com.ar\/wp-content\/uploads\/2025\/03\/Acto-24-Marzo-portada.jpg","contentUrl":"https:\/\/www.delexodo.com.ar\/wp-content\/uploads\/2025\/03\/Acto-24-Marzo-portada.jpg","width":900,"height":675},{"@type":"BreadcrumbList","@id":"https:\/\/www.delexodo.com.ar\/?p=11574#breadcrumb","itemListElement":[{"@type":"ListItem","position":1,"name":"Portada","item":"https:\/\/www.delexodo.com.ar\/"},{"@type":"ListItem","position":2,"name":"Nogoy\u00e1: Acto por la Memoria, Verdad y Justicia"}]},{"@type":"WebSite","@id":"https:\/\/www.delexodo.com.ar\/#website","url":"https:\/\/www.delexodo.com.ar\/","name":"Del \u00c9xodo Nogoy\u00e1","description":"El Portal de Noticias de la Regi\u00f3n","publisher":{"@id":"https:\/\/www.delexodo.com.ar\/#organization"},"potentialAction":[{"@type":"SearchAction","target":{"@type":"EntryPoint","urlTemplate":"https:\/\/www.delexodo.com.ar\/?s={search_term_string}"},"query-input":{"@type":"PropertyValueSpecification","valueRequired":true,"valueName":"search_term_string"}}],"inLanguage":"es"},{"@type":"Organization","@id":"https:\/\/www.delexodo.com.ar\/#organization","name":"Del \u00c9xodo Nogoy\u00e1","url":"https:\/\/www.delexodo.com.ar\/","logo":{"@type":"ImageObject","inLanguage":"es","@id":"https:\/\/www.delexodo.com.ar\/#\/schema\/logo\/image\/","url":"https:\/\/www.delexodo.com.ar\/wp-content\/uploads\/2024\/10\/cropped-cropped-LOGO24.png","contentUrl":"https:\/\/www.delexodo.com.ar\/wp-content\/uploads\/2024\/10\/cropped-cropped-LOGO24.png","width":512,"height":349,"caption":"Del \u00c9xodo Nogoy\u00e1"},"image":{"@id":"https:\/\/www.delexodo.com.ar\/#\/schema\/logo\/image\/"}},{"@type":"Person","@id":"https:\/\/www.delexodo.com.ar\/#\/schema\/person\/bbed37f7da8e938660b34f2013ba449d","name":"admin","image":{"@type":"ImageObject","inLanguage":"es","@id":"https:\/\/www.delexodo.com.ar\/#\/schema\/person\/image\/","url":"https:\/\/secure.gravatar.com\/avatar\/6b1558d1b6df085f1901bd5bd98523d7?s=96&d=mm&r=g","contentUrl":"https:\/\/secure.gravatar.com\/avatar\/6b1558d1b6df085f1901bd5bd98523d7?s=96&d=mm&r=g","caption":"admin"},"url":"https:\/\/www.delexodo.com.ar\/?author=1"}]}},"_links":{"self":[{"href":"https:\/\/www.delexodo.com.ar\/index.php?rest_route=\/wp\/v2\/posts\/11574","targetHints":{"allow":["GET"]}}],"collection":[{"href":"https:\/\/www.delexodo.com.ar\/index.php?rest_route=\/wp\/v2\/posts"}],"about":[{"href":"https:\/\/www.delexodo.com.ar\/index.php?rest_route=\/wp\/v2\/types\/post"}],"author":[{"embeddable":true,"href":"https:\/\/www.delexodo.com.ar\/index.php?rest_route=\/wp\/v2\/users\/1"}],"replies":[{"embeddable":true,"href":"https:\/\/www.delexodo.com.ar\/index.php?rest_route=%2Fwp%2Fv2%2Fcomments&post=11574"}],"version-history":[{"count":1,"href":"https:\/\/www.delexodo.com.ar\/index.php?rest_route=\/wp\/v2\/posts\/11574\/revisions"}],"predecessor-version":[{"id":11580,"href":"https:\/\/www.delexodo.com.ar\/index.php?rest_route=\/wp\/v2\/posts\/11574\/revisions\/11580"}],"wp:featuredmedia":[{"embeddable":true,"href":"https:\/\/www.delexodo.com.ar\/index.php?rest_route=\/wp\/v2\/media\/11579"}],"wp:attachment":[{"href":"https:\/\/www.delexodo.com.ar\/index.php?rest_route=%2Fwp%2Fv2%2Fmedia&parent=11574"}],"wp:term":[{"taxonomy":"category","embeddable":true,"href":"https:\/\/www.delexodo.com.ar\/index.php?rest_route=%2Fwp%2Fv2%2Fcategories&post=11574"},{"taxonomy":"post_tag","embeddable":true,"href":"https:\/\/www.delexodo.com.ar\/index.php?rest_route=%2Fwp%2Fv2%2Ftags&post=11574"}],"curies":[{"name":"wp","href":"https:\/\/api.w.org\/{rel}","templated":true}]}}