{"id":11567,"date":"2025-03-20T17:43:49","date_gmt":"2025-03-20T20:43:49","guid":{"rendered":"https:\/\/www.delexodo.com.ar\/?p=11567"},"modified":"2025-03-20T17:44:10","modified_gmt":"2025-03-20T20:44:10","slug":"este-jueves-comenzo-la-vacunacion-antigripal-2025-en-entre-rios","status":"publish","type":"post","link":"https:\/\/www.delexodo.com.ar\/?p=11567","title":{"rendered":"Este jueves comenz\u00f3 la vacunaci\u00f3n antigripal 2025 en Entre R\u00edos"},"content":{"rendered":"\n<p><strong><em>Las autoridades sanitarias provinciales dieron inicio a la campa\u00f1a de Vacunaci\u00f3n Antigripal en el Centro de Atenci\u00f3n Primaria de la Salud Dr. Arturo Illia, de Paran\u00e1. All\u00ed se anunci\u00f3 que en esta edici\u00f3n la estrategia constar\u00e1 de dos grandes etapas, a fin de coordinar la log\u00edstica y llevar adelante la aplicaci\u00f3n de forma ordenada.<\/em><\/strong><\/p>\n\n\n\n<figure class=\"wp-block-embed is-type-video is-provider-youtube wp-block-embed-youtube wp-embed-aspect-16-9 wp-has-aspect-ratio\"><div class=\"wp-block-embed__wrapper\">\n<iframe loading=\"lazy\" title=\"Este jueves comenz\u00f3 la vacunaci\u00f3n antigripal 2025 en Entre R\u00edos\" width=\"500\" height=\"281\" src=\"https:\/\/www.youtube.com\/embed\/ny5ccy88z0o?feature=oembed\" frameborder=\"0\" allow=\"accelerometer; autoplay; clipboard-write; encrypted-media; gyroscope; picture-in-picture; web-share\" referrerpolicy=\"strict-origin-when-cross-origin\" allowfullscreen><\/iframe>\n<\/div><\/figure>\n\n\n\n<p>El objetivo de la Campa\u00f1a de Vacunaci\u00f3n Antigripal es reducir las complicaciones, hospitalizaciones, muertes y secuelas que ocasiona la infecci\u00f3n por el virus influenza en la poblaci\u00f3n de riesgo. Como ocurre cada a\u00f1o, la vacuna antigripal comienza a colocarse a la poblaci\u00f3n objetivo en los meses previos a la temporada invernal (en la que se registra la mayor circulaci\u00f3n del virus influenza), con el prop\u00f3sito de que las personas con mayor riesgo lleguen a esas fechas con un mejor nivel de defensas.<\/p>\n\n\n<div class=\"wp-block-image\">\n<figure class=\"alignleft size-full is-resized\"><img loading=\"lazy\" decoding=\"async\" width=\"600\" height=\"400\" src=\"https:\/\/www.delexodo.com.ar\/wp-content\/uploads\/2025\/03\/Vacuna-FOTO-1.jpg\" alt=\"\" class=\"wp-image-11569\" style=\"width:323px;height:auto\" srcset=\"https:\/\/www.delexodo.com.ar\/wp-content\/uploads\/2025\/03\/Vacuna-FOTO-1.jpg 600w, https:\/\/www.delexodo.com.ar\/wp-content\/uploads\/2025\/03\/Vacuna-FOTO-1-300x200.jpg 300w\" sizes=\"auto, (max-width: 600px) 100vw, 600px\" \/><\/figure><\/div>\n\n\n<p>En la oportunidad el secretario de Salud, Daniel Valentinuz, expres\u00f3: <em>\u00abEn primer lugar quiero agradecer a todo el personal del centro de salud Arturo Illia por recibirnos. No es casualidad que estemos aqu\u00ed ya que este establecimiento fue uno de los CAPS de la provincia que m\u00e1s dosis aplic\u00f3 durante 2024, por eso nos pareci\u00f3 que era el lugar adecuado para hacer este lanzamiento\u00bb<\/em>. Tras lo cual se\u00f1al\u00f3 que ya se distribuyeron dosis en toda la provincia y hoy, todos los vacunatorios p\u00fablicos entrerrianos comenzaron a aplicar esta vacuna.<\/p>\n\n\n\n<p>Por su parte, el director general de Epidemiolog\u00eda Diego Garcilazo destac\u00f3: <em>\u00abEsta es una vacuna que se aplica todos los a\u00f1os y esto es muy importante porque hay que actualizarla a las variantes nuevas que van apareciendo\u00bb<\/em>. Adem\u00e1s, record\u00f3 que es gratuita para los grupos de riesgo a los que est\u00e1 dirigida. \u00a0<\/p>\n\n\n\n<p>A su turno la directora general del Primer Nivel de Atenci\u00f3n, Gladys Arosio, explic\u00f3 c\u00f3mo se organizan los equipos de los centros de salud: <em>\u00abEl personal de salud es prioritario en esta vacunaci\u00f3n, no solamente por ellos, sino tambi\u00e9n por los pacientes que atendemos y que cuidamos\u00bb<\/em>, indic\u00f3 la referente. Y a\u00f1adi\u00f3: <em>\u00abNuestros equipos quieren llevar adelante una estrategia de vacunaci\u00f3n pensada en la familia, as\u00ed que la idea es aprovechar la oportunidad que nos da esta campa\u00f1a de vacunaci\u00f3n para tambi\u00e9n hacer el control de carnet de todo el grupo familiar\u00bb<\/em>. \u00a0<\/p>\n\n\n\n<h2 class=\"wp-block-heading\"><strong>Etapas<\/strong><\/h2>\n\n\n\n<p>La vacuna se aplica de forma gratuita a todas las personas incluidas en los grupos de riesgo en todos los vacunatorios provinciales.<\/p>\n\n\n<div class=\"wp-block-image\">\n<figure class=\"alignright size-full is-resized\"><img loading=\"lazy\" decoding=\"async\" width=\"900\" height=\"600\" src=\"https:\/\/www.delexodo.com.ar\/wp-content\/uploads\/2025\/03\/Vacuna-PORTADA.jpg\" alt=\"\" class=\"wp-image-11570\" style=\"width:300px;height:auto\" srcset=\"https:\/\/www.delexodo.com.ar\/wp-content\/uploads\/2025\/03\/Vacuna-PORTADA.jpg 900w, https:\/\/www.delexodo.com.ar\/wp-content\/uploads\/2025\/03\/Vacuna-PORTADA-300x200.jpg 300w, https:\/\/www.delexodo.com.ar\/wp-content\/uploads\/2025\/03\/Vacuna-PORTADA-768x512.jpg 768w\" sizes=\"auto, (max-width: 900px) 100vw, 900px\" \/><\/figure><\/div>\n\n\n<p>En esta primera etapa se priorizar\u00e1 la inmunizaci\u00f3n de Personal de Salud p\u00fablico, privado y Fuerzas de Seguridad (sanidad); las embarazadas; las pu\u00e9rperas; los ni\u00f1os de 6 a 24 meses de edad; las personas en residencias de larga estad\u00eda (geri\u00e1tricos) y hospitales monovalentes, como as\u00ed tambi\u00e9n en internaciones domiciliarias.<\/p>\n\n\n\n<p>En las pr\u00f3ximas semanas se dar\u00e1 inicio a la segunda etapa, con fecha a\u00fan a confirmar de acuerdo a la disponibilidad de dosis. All\u00ed se convocar\u00e1 a los otros grupos objetivo de la campa\u00f1a, que son las personas entre los 2 y 64 a\u00f1os que tengan factores de riesgo y de 65 a\u00f1os en adelante.<\/p>\n","protected":false},"excerpt":{"rendered":"<p>Las autoridades sanitarias provinciales dieron inicio a la campa\u00f1a de Vacunaci\u00f3n Antigripal en el Centro de Atenci\u00f3n Primaria de la&hellip;<\/p>\n","protected":false},"author":1,"featured_media":11568,"comment_status":"closed","ping_status":"closed","sticky":false,"template":"","format":"standard","meta":{"_joinchat":[],"footnotes":""},"categories":[352],"tags":[345],"class_list":["post-11567","post","type-post","status-publish","format-standard","has-post-thumbnail","hentry","category-salud","tag-destacar"],"yoast_head":"<!-- This site is optimized with the Yoast SEO plugin v25.1 - https:\/\/yoast.com\/wordpress\/plugins\/seo\/ -->\n<title>Este jueves comenz\u00f3 la vacunaci\u00f3n antigripal 2025 en Entre R\u00edos - Del \u00c9xodo Nogoy\u00e1<\/title>\n<meta name=\"robots\" content=\"index, follow, max-snippet:-1, max-image-preview:large, max-video-preview:-1\" \/>\n<link rel=\"canonical\" href=\"https:\/\/www.delexodo.com.ar\/?p=11567\" \/>\n<meta property=\"og:locale\" content=\"es_ES\" \/>\n<meta property=\"og:type\" content=\"article\" \/>\n<meta property=\"og:title\" content=\"Este jueves comenz\u00f3 la vacunaci\u00f3n antigripal 2025 en Entre R\u00edos - Del \u00c9xodo Nogoy\u00e1\" \/>\n<meta property=\"og:description\" content=\"Las autoridades sanitarias provinciales dieron inicio a la campa\u00f1a de Vacunaci\u00f3n Antigripal en el Centro de Atenci\u00f3n Primaria de la&hellip;\" \/>\n<meta property=\"og:url\" content=\"https:\/\/www.delexodo.com.ar\/?p=11567\" \/>\n<meta property=\"og:site_name\" content=\"Del \u00c9xodo Nogoy\u00e1\" \/>\n<meta property=\"article:published_time\" content=\"2025-03-20T20:43:49+00:00\" \/>\n<meta property=\"article:modified_time\" content=\"2025-03-20T20:44:10+00:00\" \/>\n<meta property=\"og:image\" content=\"https:\/\/www.delexodo.com.ar\/wp-content\/uploads\/2025\/03\/Vacuna-FOTO-2.jpg\" \/>\n\t<meta property=\"og:image:width\" content=\"600\" \/>\n\t<meta property=\"og:image:height\" content=\"400\" \/>\n\t<meta property=\"og:image:type\" content=\"image\/jpeg\" \/>\n<meta name=\"author\" content=\"admin\" \/>\n<meta name=\"twitter:card\" content=\"summary_large_image\" \/>\n<meta name=\"twitter:label1\" content=\"Escrito por\" \/>\n\t<meta name=\"twitter:data1\" content=\"admin\" \/>\n\t<meta name=\"twitter:label2\" content=\"Tiempo de lectura\" \/>\n\t<meta name=\"twitter:data2\" content=\"3 minutos\" \/>\n<script type=\"application\/ld+json\" class=\"yoast-schema-graph\">{\"@context\":\"https:\/\/schema.org\",\"@graph\":[{\"@type\":\"Article\",\"@id\":\"https:\/\/www.delexodo.com.ar\/?p=11567#article\",\"isPartOf\":{\"@id\":\"https:\/\/www.delexodo.com.ar\/?p=11567\"},\"author\":{\"name\":\"admin\",\"@id\":\"https:\/\/www.delexodo.com.ar\/#\/schema\/person\/bbed37f7da8e938660b34f2013ba449d\"},\"headline\":\"Este jueves comenz\u00f3 la vacunaci\u00f3n antigripal 2025 en Entre R\u00edos\",\"datePublished\":\"2025-03-20T20:43:49+00:00\",\"dateModified\":\"2025-03-20T20:44:10+00:00\",\"mainEntityOfPage\":{\"@id\":\"https:\/\/www.delexodo.com.ar\/?p=11567\"},\"wordCount\":552,\"publisher\":{\"@id\":\"https:\/\/www.delexodo.com.ar\/#organization\"},\"image\":{\"@id\":\"https:\/\/www.delexodo.com.ar\/?p=11567#primaryimage\"},\"thumbnailUrl\":\"https:\/\/www.delexodo.com.ar\/wp-content\/uploads\/2025\/03\/Vacuna-FOTO-2.jpg\",\"keywords\":[\"destacar\"],\"articleSection\":[\"Salud\"],\"inLanguage\":\"es\"},{\"@type\":\"WebPage\",\"@id\":\"https:\/\/www.delexodo.com.ar\/?p=11567\",\"url\":\"https:\/\/www.delexodo.com.ar\/?p=11567\",\"name\":\"Este jueves comenz\u00f3 la vacunaci\u00f3n antigripal 2025 en Entre R\u00edos - Del \u00c9xodo Nogoy\u00e1\",\"isPartOf\":{\"@id\":\"https:\/\/www.delexodo.com.ar\/#website\"},\"primaryImageOfPage\":{\"@id\":\"https:\/\/www.delexodo.com.ar\/?p=11567#primaryimage\"},\"image\":{\"@id\":\"https:\/\/www.delexodo.com.ar\/?p=11567#primaryimage\"},\"thumbnailUrl\":\"https:\/\/www.delexodo.com.ar\/wp-content\/uploads\/2025\/03\/Vacuna-FOTO-2.jpg\",\"datePublished\":\"2025-03-20T20:43:49+00:00\",\"dateModified\":\"2025-03-20T20:44:10+00:00\",\"breadcrumb\":{\"@id\":\"https:\/\/www.delexodo.com.ar\/?p=11567#breadcrumb\"},\"inLanguage\":\"es\",\"potentialAction\":[{\"@type\":\"ReadAction\",\"target\":[\"https:\/\/www.delexodo.com.ar\/?p=11567\"]}]},{\"@type\":\"ImageObject\",\"inLanguage\":\"es\",\"@id\":\"https:\/\/www.delexodo.com.ar\/?p=11567#primaryimage\",\"url\":\"https:\/\/www.delexodo.com.ar\/wp-content\/uploads\/2025\/03\/Vacuna-FOTO-2.jpg\",\"contentUrl\":\"https:\/\/www.delexodo.com.ar\/wp-content\/uploads\/2025\/03\/Vacuna-FOTO-2.jpg\",\"width\":600,\"height\":400},{\"@type\":\"BreadcrumbList\",\"@id\":\"https:\/\/www.delexodo.com.ar\/?p=11567#breadcrumb\",\"itemListElement\":[{\"@type\":\"ListItem\",\"position\":1,\"name\":\"Portada\",\"item\":\"https:\/\/www.delexodo.com.ar\/\"},{\"@type\":\"ListItem\",\"position\":2,\"name\":\"Este jueves comenz\u00f3 la vacunaci\u00f3n antigripal 2025 en Entre R\u00edos\"}]},{\"@type\":\"WebSite\",\"@id\":\"https:\/\/www.delexodo.com.ar\/#website\",\"url\":\"https:\/\/www.delexodo.com.ar\/\",\"name\":\"Del \u00c9xodo Nogoy\u00e1\",\"description\":\"El Portal de Noticias de la Regi\u00f3n\",\"publisher\":{\"@id\":\"https:\/\/www.delexodo.com.ar\/#organization\"},\"potentialAction\":[{\"@type\":\"SearchAction\",\"target\":{\"@type\":\"EntryPoint\",\"urlTemplate\":\"https:\/\/www.delexodo.com.ar\/?s={search_term_string}\"},\"query-input\":{\"@type\":\"PropertyValueSpecification\",\"valueRequired\":true,\"valueName\":\"search_term_string\"}}],\"inLanguage\":\"es\"},{\"@type\":\"Organization\",\"@id\":\"https:\/\/www.delexodo.com.ar\/#organization\",\"name\":\"Del \u00c9xodo Nogoy\u00e1\",\"url\":\"https:\/\/www.delexodo.com.ar\/\",\"logo\":{\"@type\":\"ImageObject\",\"inLanguage\":\"es\",\"@id\":\"https:\/\/www.delexodo.com.ar\/#\/schema\/logo\/image\/\",\"url\":\"https:\/\/www.delexodo.com.ar\/wp-content\/uploads\/2024\/10\/cropped-cropped-LOGO24.png\",\"contentUrl\":\"https:\/\/www.delexodo.com.ar\/wp-content\/uploads\/2024\/10\/cropped-cropped-LOGO24.png\",\"width\":512,\"height\":349,\"caption\":\"Del \u00c9xodo Nogoy\u00e1\"},\"image\":{\"@id\":\"https:\/\/www.delexodo.com.ar\/#\/schema\/logo\/image\/\"}},{\"@type\":\"Person\",\"@id\":\"https:\/\/www.delexodo.com.ar\/#\/schema\/person\/bbed37f7da8e938660b34f2013ba449d\",\"name\":\"admin\",\"image\":{\"@type\":\"ImageObject\",\"inLanguage\":\"es\",\"@id\":\"https:\/\/www.delexodo.com.ar\/#\/schema\/person\/image\/\",\"url\":\"https:\/\/secure.gravatar.com\/avatar\/6b1558d1b6df085f1901bd5bd98523d7?s=96&d=mm&r=g\",\"contentUrl\":\"https:\/\/secure.gravatar.com\/avatar\/6b1558d1b6df085f1901bd5bd98523d7?s=96&d=mm&r=g\",\"caption\":\"admin\"},\"url\":\"https:\/\/www.delexodo.com.ar\/?author=1\"}]}<\/script>\n<!-- \/ Yoast SEO plugin. -->","yoast_head_json":{"title":"Este jueves comenz\u00f3 la vacunaci\u00f3n antigripal 2025 en Entre R\u00edos - Del \u00c9xodo Nogoy\u00e1","robots":{"index":"index","follow":"follow","max-snippet":"max-snippet:-1","max-image-preview":"max-image-preview:large","max-video-preview":"max-video-preview:-1"},"canonical":"https:\/\/www.delexodo.com.ar\/?p=11567","og_locale":"es_ES","og_type":"article","og_title":"Este jueves comenz\u00f3 la vacunaci\u00f3n antigripal 2025 en Entre R\u00edos - Del \u00c9xodo Nogoy\u00e1","og_description":"Las autoridades sanitarias provinciales dieron inicio a la campa\u00f1a de Vacunaci\u00f3n Antigripal en el Centro de Atenci\u00f3n Primaria de la&hellip;","og_url":"https:\/\/www.delexodo.com.ar\/?p=11567","og_site_name":"Del \u00c9xodo Nogoy\u00e1","article_published_time":"2025-03-20T20:43:49+00:00","article_modified_time":"2025-03-20T20:44:10+00:00","og_image":[{"width":600,"height":400,"url":"https:\/\/www.delexodo.com.ar\/wp-content\/uploads\/2025\/03\/Vacuna-FOTO-2.jpg","type":"image\/jpeg"}],"author":"admin","twitter_card":"summary_large_image","twitter_misc":{"Escrito por":"admin","Tiempo de lectura":"3 minutos"},"schema":{"@context":"https:\/\/schema.org","@graph":[{"@type":"Article","@id":"https:\/\/www.delexodo.com.ar\/?p=11567#article","isPartOf":{"@id":"https:\/\/www.delexodo.com.ar\/?p=11567"},"author":{"name":"admin","@id":"https:\/\/www.delexodo.com.ar\/#\/schema\/person\/bbed37f7da8e938660b34f2013ba449d"},"headline":"Este jueves comenz\u00f3 la vacunaci\u00f3n antigripal 2025 en Entre R\u00edos","datePublished":"2025-03-20T20:43:49+00:00","dateModified":"2025-03-20T20:44:10+00:00","mainEntityOfPage":{"@id":"https:\/\/www.delexodo.com.ar\/?p=11567"},"wordCount":552,"publisher":{"@id":"https:\/\/www.delexodo.com.ar\/#organization"},"image":{"@id":"https:\/\/www.delexodo.com.ar\/?p=11567#primaryimage"},"thumbnailUrl":"https:\/\/www.delexodo.com.ar\/wp-content\/uploads\/2025\/03\/Vacuna-FOTO-2.jpg","keywords":["destacar"],"articleSection":["Salud"],"inLanguage":"es"},{"@type":"WebPage","@id":"https:\/\/www.delexodo.com.ar\/?p=11567","url":"https:\/\/www.delexodo.com.ar\/?p=11567","name":"Este jueves comenz\u00f3 la vacunaci\u00f3n antigripal 2025 en Entre R\u00edos - Del \u00c9xodo Nogoy\u00e1","isPartOf":{"@id":"https:\/\/www.delexodo.com.ar\/#website"},"primaryImageOfPage":{"@id":"https:\/\/www.delexodo.com.ar\/?p=11567#primaryimage"},"image":{"@id":"https:\/\/www.delexodo.com.ar\/?p=11567#primaryimage"},"thumbnailUrl":"https:\/\/www.delexodo.com.ar\/wp-content\/uploads\/2025\/03\/Vacuna-FOTO-2.jpg","datePublished":"2025-03-20T20:43:49+00:00","dateModified":"2025-03-20T20:44:10+00:00","breadcrumb":{"@id":"https:\/\/www.delexodo.com.ar\/?p=11567#breadcrumb"},"inLanguage":"es","potentialAction":[{"@type":"ReadAction","target":["https:\/\/www.delexodo.com.ar\/?p=11567"]}]},{"@type":"ImageObject","inLanguage":"es","@id":"https:\/\/www.delexodo.com.ar\/?p=11567#primaryimage","url":"https:\/\/www.delexodo.com.ar\/wp-content\/uploads\/2025\/03\/Vacuna-FOTO-2.jpg","contentUrl":"https:\/\/www.delexodo.com.ar\/wp-content\/uploads\/2025\/03\/Vacuna-FOTO-2.jpg","width":600,"height":400},{"@type":"BreadcrumbList","@id":"https:\/\/www.delexodo.com.ar\/?p=11567#breadcrumb","itemListElement":[{"@type":"ListItem","position":1,"name":"Portada","item":"https:\/\/www.delexodo.com.ar\/"},{"@type":"ListItem","position":2,"name":"Este jueves comenz\u00f3 la vacunaci\u00f3n antigripal 2025 en Entre R\u00edos"}]},{"@type":"WebSite","@id":"https:\/\/www.delexodo.com.ar\/#website","url":"https:\/\/www.delexodo.com.ar\/","name":"Del \u00c9xodo Nogoy\u00e1","description":"El Portal de Noticias de la Regi\u00f3n","publisher":{"@id":"https:\/\/www.delexodo.com.ar\/#organization"},"potentialAction":[{"@type":"SearchAction","target":{"@type":"EntryPoint","urlTemplate":"https:\/\/www.delexodo.com.ar\/?s={search_term_string}"},"query-input":{"@type":"PropertyValueSpecification","valueRequired":true,"valueName":"search_term_string"}}],"inLanguage":"es"},{"@type":"Organization","@id":"https:\/\/www.delexodo.com.ar\/#organization","name":"Del \u00c9xodo Nogoy\u00e1","url":"https:\/\/www.delexodo.com.ar\/","logo":{"@type":"ImageObject","inLanguage":"es","@id":"https:\/\/www.delexodo.com.ar\/#\/schema\/logo\/image\/","url":"https:\/\/www.delexodo.com.ar\/wp-content\/uploads\/2024\/10\/cropped-cropped-LOGO24.png","contentUrl":"https:\/\/www.delexodo.com.ar\/wp-content\/uploads\/2024\/10\/cropped-cropped-LOGO24.png","width":512,"height":349,"caption":"Del \u00c9xodo Nogoy\u00e1"},"image":{"@id":"https:\/\/www.delexodo.com.ar\/#\/schema\/logo\/image\/"}},{"@type":"Person","@id":"https:\/\/www.delexodo.com.ar\/#\/schema\/person\/bbed37f7da8e938660b34f2013ba449d","name":"admin","image":{"@type":"ImageObject","inLanguage":"es","@id":"https:\/\/www.delexodo.com.ar\/#\/schema\/person\/image\/","url":"https:\/\/secure.gravatar.com\/avatar\/6b1558d1b6df085f1901bd5bd98523d7?s=96&d=mm&r=g","contentUrl":"https:\/\/secure.gravatar.com\/avatar\/6b1558d1b6df085f1901bd5bd98523d7?s=96&d=mm&r=g","caption":"admin"},"url":"https:\/\/www.delexodo.com.ar\/?author=1"}]}},"_links":{"self":[{"href":"https:\/\/www.delexodo.com.ar\/index.php?rest_route=\/wp\/v2\/posts\/11567","targetHints":{"allow":["GET"]}}],"collection":[{"href":"https:\/\/www.delexodo.com.ar\/index.php?rest_route=\/wp\/v2\/posts"}],"about":[{"href":"https:\/\/www.delexodo.com.ar\/index.php?rest_route=\/wp\/v2\/types\/post"}],"author":[{"embeddable":true,"href":"https:\/\/www.delexodo.com.ar\/index.php?rest_route=\/wp\/v2\/users\/1"}],"replies":[{"embeddable":true,"href":"https:\/\/www.delexodo.com.ar\/index.php?rest_route=%2Fwp%2Fv2%2Fcomments&post=11567"}],"version-history":[{"count":1,"href":"https:\/\/www.delexodo.com.ar\/index.php?rest_route=\/wp\/v2\/posts\/11567\/revisions"}],"predecessor-version":[{"id":11571,"href":"https:\/\/www.delexodo.com.ar\/index.php?rest_route=\/wp\/v2\/posts\/11567\/revisions\/11571"}],"wp:featuredmedia":[{"embeddable":true,"href":"https:\/\/www.delexodo.com.ar\/index.php?rest_route=\/wp\/v2\/media\/11568"}],"wp:attachment":[{"href":"https:\/\/www.delexodo.com.ar\/index.php?rest_route=%2Fwp%2Fv2%2Fmedia&parent=11567"}],"wp:term":[{"taxonomy":"category","embeddable":true,"href":"https:\/\/www.delexodo.com.ar\/index.php?rest_route=%2Fwp%2Fv2%2Fcategories&post=11567"},{"taxonomy":"post_tag","embeddable":true,"href":"https:\/\/www.delexodo.com.ar\/index.php?rest_route=%2Fwp%2Fv2%2Ftags&post=11567"}],"curies":[{"name":"wp","href":"https:\/\/api.w.org\/{rel}","templated":true}]}}