{"id":11529,"date":"2025-03-14T10:06:10","date_gmt":"2025-03-14T13:06:10","guid":{"rendered":"https:\/\/www.delexodo.com.ar\/?p=11529"},"modified":"2025-03-14T10:06:35","modified_gmt":"2025-03-14T13:06:35","slug":"el-gobernador-y-los-presidentes-comunales-trataron-diversas-iniciativas-de-trabajo-conjunto","status":"publish","type":"post","link":"https:\/\/www.delexodo.com.ar\/?p=11529","title":{"rendered":"El gobernador y los presidentes comunales trataron diversas iniciativas de trabajo conjunto"},"content":{"rendered":"\n<p><strong><em>Dando continuidad al encuentro que mantuvo el martes con los intendentes, Rogelio Frigerio y parte de su gabinete se reunieron este jueves con los titulares de comunas. Entre otros puntos, abordaron la descentralizaci\u00f3n de Vialidad, la implementaci\u00f3n del programa Entre R\u00edos LED y los convenios de fortalecimiento de atenci\u00f3n de centros de salud.<\/em><\/strong><\/p>\n\n\n\n<figure class=\"wp-block-embed is-type-video is-provider-youtube wp-block-embed-youtube wp-embed-aspect-16-9 wp-has-aspect-ratio\"><div class=\"wp-block-embed__wrapper\">\n<iframe loading=\"lazy\" title=\"El gobernador y los presidentes comunales trataron diversas iniciativas de trabajo conjunto\" width=\"500\" height=\"281\" src=\"https:\/\/www.youtube.com\/embed\/6kgKAeoSqPc?feature=oembed\" frameborder=\"0\" allow=\"accelerometer; autoplay; clipboard-write; encrypted-media; gyroscope; picture-in-picture; web-share\" referrerpolicy=\"strict-origin-when-cross-origin\" allowfullscreen><\/iframe>\n<\/div><\/figure>\n\n\n\n<p>La reuni\u00f3n tuvo lugar en el Centro Provincial de Convenciones (CPC), en Paran\u00e1, y al tratar el tema de los caminos rurales y la particular situaci\u00f3n de Vialidad Provincial, el gobernador explic\u00f3 por qu\u00e9 propone la descentralizaci\u00f3n de esta repartici\u00f3n.<\/p>\n\n\n\n<p>Seg\u00fan afirm\u00f3 el titular del Poder Ejecutivo, la intenci\u00f3n <em>\u00abes financiar el ciento por ciento de los trabajos\u00bb<\/em>, incluso entregar maquinarias a los gobiernos locales que las necesiten para, de esta manera,<em> \u00abdar respuesta a uno de los reclamos m\u00e1s fuertes que tenemos de los vecinos en cada uno de los pueblos de nuestra provincia\u00bb<\/em>. Al mismo tiempo, expres\u00f3 su predisposici\u00f3n para escuchar ideas superadoras.<\/p>\n\n\n\n<h2 class=\"wp-block-heading\"><strong>M\u00e1s \u00edtems<\/strong><\/h2>\n\n\n<div class=\"wp-block-image\">\n<figure class=\"alignleft size-full is-resized\"><img loading=\"lazy\" decoding=\"async\" width=\"600\" height=\"400\" src=\"https:\/\/www.delexodo.com.ar\/wp-content\/uploads\/2025\/03\/2025_03_13-frigerio-presidentes_de_comunas-1.jpg\" alt=\"\" class=\"wp-image-11531\" style=\"width:307px;height:auto\" srcset=\"https:\/\/www.delexodo.com.ar\/wp-content\/uploads\/2025\/03\/2025_03_13-frigerio-presidentes_de_comunas-1.jpg 600w, https:\/\/www.delexodo.com.ar\/wp-content\/uploads\/2025\/03\/2025_03_13-frigerio-presidentes_de_comunas-1-300x200.jpg 300w\" sizes=\"auto, (max-width: 600px) 100vw, 600px\" \/><\/figure><\/div>\n\n\n<p>En las casi tres horas de trabajo, tambi\u00e9n se abordaron otros temas, como la experiencia positiva de trabajo conjunto entre la provincia y las comunas para optimizar la atenci\u00f3n de los centros de salud y la implementaci\u00f3n del programa Entre R\u00edos LED de alumbrado p\u00fablico (que est\u00e1 destinado a la reposici\u00f3n de l\u00e1mparas con el objetivo de reducir en un 50 por ciento el consumo en alumbrado p\u00fablico, otorg\u00e1ndose pr\u00e9stamos <em><strong>\u00aben condiciones muy ventajosas\u00bb<\/strong><\/em> a las comunas).<\/p>\n\n\n\n<p>Asimismo, la elaboraci\u00f3n del protocolo contra incendios (para establecer la respuesta ante una emergencia de esa naturaleza); la contribuci\u00f3n, v\u00eda Instituto Aut\u00e1rquico de Planeamiento y Vivienda (IAPV) para disminuir el d\u00e9ficit habitacional; y la modalidad por la cual las comunas pueden acceder a cr\u00e9ditos a trav\u00e9s del Fondo Fiduciario para incorporar maquinarias a trav\u00e9s de&nbsp;<em>leasing<\/em>&nbsp;(arrendamiento con opci\u00f3n de compra).<\/p>\n\n\n<div class=\"wp-block-image\">\n<figure class=\"alignright size-full is-resized\"><img loading=\"lazy\" decoding=\"async\" width=\"600\" height=\"400\" src=\"https:\/\/www.delexodo.com.ar\/wp-content\/uploads\/2025\/03\/2025_03_13-frigerio-presidentes_de_comunas-2.jpg\" alt=\"\" class=\"wp-image-11532\" style=\"width:316px;height:auto\" srcset=\"https:\/\/www.delexodo.com.ar\/wp-content\/uploads\/2025\/03\/2025_03_13-frigerio-presidentes_de_comunas-2.jpg 600w, https:\/\/www.delexodo.com.ar\/wp-content\/uploads\/2025\/03\/2025_03_13-frigerio-presidentes_de_comunas-2-300x200.jpg 300w\" sizes=\"auto, (max-width: 600px) 100vw, 600px\" \/><\/figure><\/div>\n\n\n<p>En la actividad, el mandatario estuvo acompa\u00f1ado por la vicegobernadora Alicia Aluani, los ministros de Gobierno y Trabajo, Desarrollo Humano, Hacienda y Finanzas, y Salud, Manuel Troncoso, Ver\u00f3nica Berisso, Fabi\u00e1n Boleas y Daniel Blanzaco, respectivamente; los secretarios general de Gobernaci\u00f3n, Mauricio Colello; de Gobiernos Locales, Miguel Heft; de Energ\u00eda, Noelia Zapata; y de Justicia, Mart\u00edn Acevedo Mi\u00f1o; los presidentes del IAPV, Manuel Sch\u00f6nhals, y de Enersa, Uriel Brupbacher; y el director subadministrador de Vialidad Provincial, Alfredo Bel.<\/p>\n","protected":false},"excerpt":{"rendered":"<p>Dando continuidad al encuentro que mantuvo el martes con los intendentes, Rogelio Frigerio y parte de su gabinete se reunieron&hellip;<\/p>\n","protected":false},"author":1,"featured_media":11530,"comment_status":"closed","ping_status":"closed","sticky":false,"template":"","format":"standard","meta":{"_joinchat":[],"footnotes":""},"categories":[349],"tags":[345],"class_list":["post-11529","post","type-post","status-publish","format-standard","has-post-thumbnail","hentry","category-politica","tag-destacar"],"yoast_head":"<!-- This site is optimized with the Yoast SEO plugin v25.1 - https:\/\/yoast.com\/wordpress\/plugins\/seo\/ -->\n<title>El gobernador y los presidentes comunales trataron diversas iniciativas de trabajo conjunto - Del \u00c9xodo Nogoy\u00e1<\/title>\n<meta name=\"robots\" content=\"index, follow, max-snippet:-1, max-image-preview:large, max-video-preview:-1\" \/>\n<link rel=\"canonical\" href=\"https:\/\/www.delexodo.com.ar\/?p=11529\" \/>\n<meta property=\"og:locale\" content=\"es_ES\" \/>\n<meta property=\"og:type\" content=\"article\" \/>\n<meta property=\"og:title\" content=\"El gobernador y los presidentes comunales trataron diversas iniciativas de trabajo conjunto - Del \u00c9xodo Nogoy\u00e1\" \/>\n<meta property=\"og:description\" content=\"Dando continuidad al encuentro que mantuvo el martes con los intendentes, Rogelio Frigerio y parte de su gabinete se reunieron&hellip;\" \/>\n<meta property=\"og:url\" content=\"https:\/\/www.delexodo.com.ar\/?p=11529\" \/>\n<meta property=\"og:site_name\" content=\"Del \u00c9xodo Nogoy\u00e1\" \/>\n<meta property=\"article:published_time\" content=\"2025-03-14T13:06:10+00:00\" \/>\n<meta property=\"article:modified_time\" content=\"2025-03-14T13:06:35+00:00\" \/>\n<meta property=\"og:image\" content=\"https:\/\/www.delexodo.com.ar\/wp-content\/uploads\/2025\/03\/2025_03_13-frigerio-presidentes_de_comunas-3.jpg\" \/>\n\t<meta property=\"og:image:width\" content=\"900\" \/>\n\t<meta property=\"og:image:height\" content=\"600\" \/>\n\t<meta property=\"og:image:type\" content=\"image\/jpeg\" \/>\n<meta name=\"author\" content=\"admin\" \/>\n<meta name=\"twitter:card\" content=\"summary_large_image\" \/>\n<meta name=\"twitter:label1\" content=\"Escrito por\" \/>\n\t<meta name=\"twitter:data1\" content=\"admin\" \/>\n\t<meta name=\"twitter:label2\" content=\"Tiempo de lectura\" \/>\n\t<meta name=\"twitter:data2\" content=\"3 minutos\" \/>\n<script type=\"application\/ld+json\" class=\"yoast-schema-graph\">{\"@context\":\"https:\/\/schema.org\",\"@graph\":[{\"@type\":\"Article\",\"@id\":\"https:\/\/www.delexodo.com.ar\/?p=11529#article\",\"isPartOf\":{\"@id\":\"https:\/\/www.delexodo.com.ar\/?p=11529\"},\"author\":{\"name\":\"admin\",\"@id\":\"https:\/\/www.delexodo.com.ar\/#\/schema\/person\/bbed37f7da8e938660b34f2013ba449d\"},\"headline\":\"El gobernador y los presidentes comunales trataron diversas iniciativas de trabajo conjunto\",\"datePublished\":\"2025-03-14T13:06:10+00:00\",\"dateModified\":\"2025-03-14T13:06:35+00:00\",\"mainEntityOfPage\":{\"@id\":\"https:\/\/www.delexodo.com.ar\/?p=11529\"},\"wordCount\":435,\"publisher\":{\"@id\":\"https:\/\/www.delexodo.com.ar\/#organization\"},\"image\":{\"@id\":\"https:\/\/www.delexodo.com.ar\/?p=11529#primaryimage\"},\"thumbnailUrl\":\"https:\/\/www.delexodo.com.ar\/wp-content\/uploads\/2025\/03\/2025_03_13-frigerio-presidentes_de_comunas-3.jpg\",\"keywords\":[\"destacar\"],\"articleSection\":[\"Politica\"],\"inLanguage\":\"es\"},{\"@type\":\"WebPage\",\"@id\":\"https:\/\/www.delexodo.com.ar\/?p=11529\",\"url\":\"https:\/\/www.delexodo.com.ar\/?p=11529\",\"name\":\"El gobernador y los presidentes comunales trataron diversas iniciativas de trabajo conjunto - Del \u00c9xodo Nogoy\u00e1\",\"isPartOf\":{\"@id\":\"https:\/\/www.delexodo.com.ar\/#website\"},\"primaryImageOfPage\":{\"@id\":\"https:\/\/www.delexodo.com.ar\/?p=11529#primaryimage\"},\"image\":{\"@id\":\"https:\/\/www.delexodo.com.ar\/?p=11529#primaryimage\"},\"thumbnailUrl\":\"https:\/\/www.delexodo.com.ar\/wp-content\/uploads\/2025\/03\/2025_03_13-frigerio-presidentes_de_comunas-3.jpg\",\"datePublished\":\"2025-03-14T13:06:10+00:00\",\"dateModified\":\"2025-03-14T13:06:35+00:00\",\"breadcrumb\":{\"@id\":\"https:\/\/www.delexodo.com.ar\/?p=11529#breadcrumb\"},\"inLanguage\":\"es\",\"potentialAction\":[{\"@type\":\"ReadAction\",\"target\":[\"https:\/\/www.delexodo.com.ar\/?p=11529\"]}]},{\"@type\":\"ImageObject\",\"inLanguage\":\"es\",\"@id\":\"https:\/\/www.delexodo.com.ar\/?p=11529#primaryimage\",\"url\":\"https:\/\/www.delexodo.com.ar\/wp-content\/uploads\/2025\/03\/2025_03_13-frigerio-presidentes_de_comunas-3.jpg\",\"contentUrl\":\"https:\/\/www.delexodo.com.ar\/wp-content\/uploads\/2025\/03\/2025_03_13-frigerio-presidentes_de_comunas-3.jpg\",\"width\":900,\"height\":600},{\"@type\":\"BreadcrumbList\",\"@id\":\"https:\/\/www.delexodo.com.ar\/?p=11529#breadcrumb\",\"itemListElement\":[{\"@type\":\"ListItem\",\"position\":1,\"name\":\"Portada\",\"item\":\"https:\/\/www.delexodo.com.ar\/\"},{\"@type\":\"ListItem\",\"position\":2,\"name\":\"El gobernador y los presidentes comunales trataron diversas iniciativas de trabajo conjunto\"}]},{\"@type\":\"WebSite\",\"@id\":\"https:\/\/www.delexodo.com.ar\/#website\",\"url\":\"https:\/\/www.delexodo.com.ar\/\",\"name\":\"Del \u00c9xodo Nogoy\u00e1\",\"description\":\"El Portal de Noticias de la Regi\u00f3n\",\"publisher\":{\"@id\":\"https:\/\/www.delexodo.com.ar\/#organization\"},\"potentialAction\":[{\"@type\":\"SearchAction\",\"target\":{\"@type\":\"EntryPoint\",\"urlTemplate\":\"https:\/\/www.delexodo.com.ar\/?s={search_term_string}\"},\"query-input\":{\"@type\":\"PropertyValueSpecification\",\"valueRequired\":true,\"valueName\":\"search_term_string\"}}],\"inLanguage\":\"es\"},{\"@type\":\"Organization\",\"@id\":\"https:\/\/www.delexodo.com.ar\/#organization\",\"name\":\"Del \u00c9xodo Nogoy\u00e1\",\"url\":\"https:\/\/www.delexodo.com.ar\/\",\"logo\":{\"@type\":\"ImageObject\",\"inLanguage\":\"es\",\"@id\":\"https:\/\/www.delexodo.com.ar\/#\/schema\/logo\/image\/\",\"url\":\"https:\/\/www.delexodo.com.ar\/wp-content\/uploads\/2024\/10\/cropped-cropped-LOGO24.png\",\"contentUrl\":\"https:\/\/www.delexodo.com.ar\/wp-content\/uploads\/2024\/10\/cropped-cropped-LOGO24.png\",\"width\":512,\"height\":349,\"caption\":\"Del \u00c9xodo Nogoy\u00e1\"},\"image\":{\"@id\":\"https:\/\/www.delexodo.com.ar\/#\/schema\/logo\/image\/\"}},{\"@type\":\"Person\",\"@id\":\"https:\/\/www.delexodo.com.ar\/#\/schema\/person\/bbed37f7da8e938660b34f2013ba449d\",\"name\":\"admin\",\"image\":{\"@type\":\"ImageObject\",\"inLanguage\":\"es\",\"@id\":\"https:\/\/www.delexodo.com.ar\/#\/schema\/person\/image\/\",\"url\":\"https:\/\/secure.gravatar.com\/avatar\/6b1558d1b6df085f1901bd5bd98523d7?s=96&d=mm&r=g\",\"contentUrl\":\"https:\/\/secure.gravatar.com\/avatar\/6b1558d1b6df085f1901bd5bd98523d7?s=96&d=mm&r=g\",\"caption\":\"admin\"},\"url\":\"https:\/\/www.delexodo.com.ar\/?author=1\"}]}<\/script>\n<!-- \/ Yoast SEO plugin. -->","yoast_head_json":{"title":"El gobernador y los presidentes comunales trataron diversas iniciativas de trabajo conjunto - Del \u00c9xodo Nogoy\u00e1","robots":{"index":"index","follow":"follow","max-snippet":"max-snippet:-1","max-image-preview":"max-image-preview:large","max-video-preview":"max-video-preview:-1"},"canonical":"https:\/\/www.delexodo.com.ar\/?p=11529","og_locale":"es_ES","og_type":"article","og_title":"El gobernador y los presidentes comunales trataron diversas iniciativas de trabajo conjunto - Del \u00c9xodo Nogoy\u00e1","og_description":"Dando continuidad al encuentro que mantuvo el martes con los intendentes, Rogelio Frigerio y parte de su gabinete se reunieron&hellip;","og_url":"https:\/\/www.delexodo.com.ar\/?p=11529","og_site_name":"Del \u00c9xodo Nogoy\u00e1","article_published_time":"2025-03-14T13:06:10+00:00","article_modified_time":"2025-03-14T13:06:35+00:00","og_image":[{"width":900,"height":600,"url":"https:\/\/www.delexodo.com.ar\/wp-content\/uploads\/2025\/03\/2025_03_13-frigerio-presidentes_de_comunas-3.jpg","type":"image\/jpeg"}],"author":"admin","twitter_card":"summary_large_image","twitter_misc":{"Escrito por":"admin","Tiempo de lectura":"3 minutos"},"schema":{"@context":"https:\/\/schema.org","@graph":[{"@type":"Article","@id":"https:\/\/www.delexodo.com.ar\/?p=11529#article","isPartOf":{"@id":"https:\/\/www.delexodo.com.ar\/?p=11529"},"author":{"name":"admin","@id":"https:\/\/www.delexodo.com.ar\/#\/schema\/person\/bbed37f7da8e938660b34f2013ba449d"},"headline":"El gobernador y los presidentes comunales trataron diversas iniciativas de trabajo conjunto","datePublished":"2025-03-14T13:06:10+00:00","dateModified":"2025-03-14T13:06:35+00:00","mainEntityOfPage":{"@id":"https:\/\/www.delexodo.com.ar\/?p=11529"},"wordCount":435,"publisher":{"@id":"https:\/\/www.delexodo.com.ar\/#organization"},"image":{"@id":"https:\/\/www.delexodo.com.ar\/?p=11529#primaryimage"},"thumbnailUrl":"https:\/\/www.delexodo.com.ar\/wp-content\/uploads\/2025\/03\/2025_03_13-frigerio-presidentes_de_comunas-3.jpg","keywords":["destacar"],"articleSection":["Politica"],"inLanguage":"es"},{"@type":"WebPage","@id":"https:\/\/www.delexodo.com.ar\/?p=11529","url":"https:\/\/www.delexodo.com.ar\/?p=11529","name":"El gobernador y los presidentes comunales trataron diversas iniciativas de trabajo conjunto - Del \u00c9xodo Nogoy\u00e1","isPartOf":{"@id":"https:\/\/www.delexodo.com.ar\/#website"},"primaryImageOfPage":{"@id":"https:\/\/www.delexodo.com.ar\/?p=11529#primaryimage"},"image":{"@id":"https:\/\/www.delexodo.com.ar\/?p=11529#primaryimage"},"thumbnailUrl":"https:\/\/www.delexodo.com.ar\/wp-content\/uploads\/2025\/03\/2025_03_13-frigerio-presidentes_de_comunas-3.jpg","datePublished":"2025-03-14T13:06:10+00:00","dateModified":"2025-03-14T13:06:35+00:00","breadcrumb":{"@id":"https:\/\/www.delexodo.com.ar\/?p=11529#breadcrumb"},"inLanguage":"es","potentialAction":[{"@type":"ReadAction","target":["https:\/\/www.delexodo.com.ar\/?p=11529"]}]},{"@type":"ImageObject","inLanguage":"es","@id":"https:\/\/www.delexodo.com.ar\/?p=11529#primaryimage","url":"https:\/\/www.delexodo.com.ar\/wp-content\/uploads\/2025\/03\/2025_03_13-frigerio-presidentes_de_comunas-3.jpg","contentUrl":"https:\/\/www.delexodo.com.ar\/wp-content\/uploads\/2025\/03\/2025_03_13-frigerio-presidentes_de_comunas-3.jpg","width":900,"height":600},{"@type":"BreadcrumbList","@id":"https:\/\/www.delexodo.com.ar\/?p=11529#breadcrumb","itemListElement":[{"@type":"ListItem","position":1,"name":"Portada","item":"https:\/\/www.delexodo.com.ar\/"},{"@type":"ListItem","position":2,"name":"El gobernador y los presidentes comunales trataron diversas iniciativas de trabajo conjunto"}]},{"@type":"WebSite","@id":"https:\/\/www.delexodo.com.ar\/#website","url":"https:\/\/www.delexodo.com.ar\/","name":"Del \u00c9xodo Nogoy\u00e1","description":"El Portal de Noticias de la Regi\u00f3n","publisher":{"@id":"https:\/\/www.delexodo.com.ar\/#organization"},"potentialAction":[{"@type":"SearchAction","target":{"@type":"EntryPoint","urlTemplate":"https:\/\/www.delexodo.com.ar\/?s={search_term_string}"},"query-input":{"@type":"PropertyValueSpecification","valueRequired":true,"valueName":"search_term_string"}}],"inLanguage":"es"},{"@type":"Organization","@id":"https:\/\/www.delexodo.com.ar\/#organization","name":"Del \u00c9xodo Nogoy\u00e1","url":"https:\/\/www.delexodo.com.ar\/","logo":{"@type":"ImageObject","inLanguage":"es","@id":"https:\/\/www.delexodo.com.ar\/#\/schema\/logo\/image\/","url":"https:\/\/www.delexodo.com.ar\/wp-content\/uploads\/2024\/10\/cropped-cropped-LOGO24.png","contentUrl":"https:\/\/www.delexodo.com.ar\/wp-content\/uploads\/2024\/10\/cropped-cropped-LOGO24.png","width":512,"height":349,"caption":"Del \u00c9xodo Nogoy\u00e1"},"image":{"@id":"https:\/\/www.delexodo.com.ar\/#\/schema\/logo\/image\/"}},{"@type":"Person","@id":"https:\/\/www.delexodo.com.ar\/#\/schema\/person\/bbed37f7da8e938660b34f2013ba449d","name":"admin","image":{"@type":"ImageObject","inLanguage":"es","@id":"https:\/\/www.delexodo.com.ar\/#\/schema\/person\/image\/","url":"https:\/\/secure.gravatar.com\/avatar\/6b1558d1b6df085f1901bd5bd98523d7?s=96&d=mm&r=g","contentUrl":"https:\/\/secure.gravatar.com\/avatar\/6b1558d1b6df085f1901bd5bd98523d7?s=96&d=mm&r=g","caption":"admin"},"url":"https:\/\/www.delexodo.com.ar\/?author=1"}]}},"_links":{"self":[{"href":"https:\/\/www.delexodo.com.ar\/index.php?rest_route=\/wp\/v2\/posts\/11529","targetHints":{"allow":["GET"]}}],"collection":[{"href":"https:\/\/www.delexodo.com.ar\/index.php?rest_route=\/wp\/v2\/posts"}],"about":[{"href":"https:\/\/www.delexodo.com.ar\/index.php?rest_route=\/wp\/v2\/types\/post"}],"author":[{"embeddable":true,"href":"https:\/\/www.delexodo.com.ar\/index.php?rest_route=\/wp\/v2\/users\/1"}],"replies":[{"embeddable":true,"href":"https:\/\/www.delexodo.com.ar\/index.php?rest_route=%2Fwp%2Fv2%2Fcomments&post=11529"}],"version-history":[{"count":1,"href":"https:\/\/www.delexodo.com.ar\/index.php?rest_route=\/wp\/v2\/posts\/11529\/revisions"}],"predecessor-version":[{"id":11533,"href":"https:\/\/www.delexodo.com.ar\/index.php?rest_route=\/wp\/v2\/posts\/11529\/revisions\/11533"}],"wp:featuredmedia":[{"embeddable":true,"href":"https:\/\/www.delexodo.com.ar\/index.php?rest_route=\/wp\/v2\/media\/11530"}],"wp:attachment":[{"href":"https:\/\/www.delexodo.com.ar\/index.php?rest_route=%2Fwp%2Fv2%2Fmedia&parent=11529"}],"wp:term":[{"taxonomy":"category","embeddable":true,"href":"https:\/\/www.delexodo.com.ar\/index.php?rest_route=%2Fwp%2Fv2%2Fcategories&post=11529"},{"taxonomy":"post_tag","embeddable":true,"href":"https:\/\/www.delexodo.com.ar\/index.php?rest_route=%2Fwp%2Fv2%2Ftags&post=11529"}],"curies":[{"name":"wp","href":"https:\/\/api.w.org\/{rel}","templated":true}]}}