{"id":11509,"date":"2025-03-07T19:42:21","date_gmt":"2025-03-07T22:42:21","guid":{"rendered":"https:\/\/www.delexodo.com.ar\/?p=11509"},"modified":"2025-03-07T20:27:07","modified_gmt":"2025-03-07T23:27:07","slug":"coversatorio-y-jornada-de-prevencion-de-suicidios","status":"publish","type":"post","link":"https:\/\/www.delexodo.com.ar\/?p=11509","title":{"rendered":"Conversatorio y jornada de prevenci\u00f3n de suicidios"},"content":{"rendered":"\n<p><strong><em>La vicegobernadora y presidente del Senado, Alicia Aluani, encabez\u00f3 el acto de presentaci\u00f3n de la jornada \u201cConversatorios para el abordaje y prevenci\u00f3n de suicidios\u201d. La actividad se desarroll\u00f3 este viernes en las instalaciones de la Asociaci\u00f3n Cultural de Nogoy\u00e1<\/em><\/strong>.<\/p>\n\n\n\n<figure class=\"wp-block-embed is-type-video is-provider-youtube wp-block-embed-youtube wp-embed-aspect-16-9 wp-has-aspect-ratio\"><div class=\"wp-block-embed__wrapper\">\n<iframe loading=\"lazy\" title=\"Prevenci\u00f3n al suicidio - Conversatorio en Nogoy\u00e1\" width=\"500\" height=\"281\" src=\"https:\/\/www.youtube.com\/embed\/rFUCNl3s4AU?feature=oembed\" frameborder=\"0\" allow=\"accelerometer; autoplay; clipboard-write; encrypted-media; gyroscope; picture-in-picture; web-share\" referrerpolicy=\"strict-origin-when-cross-origin\" allowfullscreen><\/iframe>\n<\/div><\/figure>\n\n\n\n<p>Este viernes, en la Asociaci\u00f3n Cultural de Nogoy\u00e1, se realiz\u00f3 el primer encuentro de la jornada de Conversatorios de <strong>\u201cPrevenci\u00f3n del suicidio: herramientas para equipos de salud\u201d<\/strong>, destinados a equipos y personal de salud en Nogoy\u00e1, impulsado por el Programa de Provincial de Prevenci\u00f3n del Suicidio; el Municipio de Nogoy\u00e1; y el Hospital San Blas. Se trata de una propuesta que contar\u00e1 con diversas instancias, siendo esta su primera fecha.<\/p>\n\n\n<div class=\"wp-block-image\">\n<figure class=\"alignleft size-full is-resized\"><img loading=\"lazy\" decoding=\"async\" width=\"600\" height=\"400\" src=\"https:\/\/www.delexodo.com.ar\/wp-content\/uploads\/2025\/03\/Conversatorio-publico1.jpg\" alt=\"\" class=\"wp-image-11511\" style=\"width:358px;height:auto\" srcset=\"https:\/\/www.delexodo.com.ar\/wp-content\/uploads\/2025\/03\/Conversatorio-publico1.jpg 600w, https:\/\/www.delexodo.com.ar\/wp-content\/uploads\/2025\/03\/Conversatorio-publico1-300x200.jpg 300w\" sizes=\"auto, (max-width: 600px) 100vw, 600px\" \/><\/figure><\/div>\n\n\n<p>Acompa\u00f1aron a la vicegobernadora Aluani, el intendente de Nogoy\u00e1, <strong>Bernardo Schneider<\/strong>; el presidente de la C\u00e1mara de Diputados, <strong>Gustavo Hein<\/strong>; el senador por el Departamento Nogoy\u00e1, <strong>Rafael Cavagna<\/strong>; la directora del Hospital San Bl\u00e1s, <strong>Sandra Fettolini<\/strong>; el director del Programa Salud Mental del Ministerio de Salud, <strong>Gabriel Fern\u00e1ndez Mart\u00ednez<\/strong>; y la viceintendente de Nogoy\u00e1, <strong>Desir\u00e9e Pe\u00f1aloza<\/strong>.<\/p>\n\n\n\n<h2 class=\"wp-block-heading\"><strong>Salud Mental en Entre R\u00edos<\/strong><\/h2>\n\n\n<div class=\"wp-block-image\">\n<figure class=\"alignright size-full is-resized\"><img loading=\"lazy\" decoding=\"async\" width=\"600\" height=\"400\" src=\"https:\/\/www.delexodo.com.ar\/wp-content\/uploads\/2025\/03\/Conversatorio-Aluani-Fetolini1.jpg\" alt=\"\" class=\"wp-image-11512\" style=\"width:349px;height:auto\" srcset=\"https:\/\/www.delexodo.com.ar\/wp-content\/uploads\/2025\/03\/Conversatorio-Aluani-Fetolini1.jpg 600w, https:\/\/www.delexodo.com.ar\/wp-content\/uploads\/2025\/03\/Conversatorio-Aluani-Fetolini1-300x200.jpg 300w\" sizes=\"auto, (max-width: 600px) 100vw, 600px\" \/><\/figure><\/div>\n\n\n<p>Al hacer uso de la palabra, la vicegobernadora expres\u00f3: <em>\u201cEstamos involucrados y con ganas de transformar una realidad que nos toca a todos\u201d<\/em> y ratific\u00f3 que <em>\u201ces algo que hay que visibilizar, hablar y tratar de ver las herramientas para poder sacar adelante\u201d<\/em>. <em>\u201cNo es solamente una tarea de una soluci\u00f3n en una sola ruta. Hay varias formas de abordarlo, y lo vamos a hacer de manera intersectorial, y tambi\u00e9n, con la escucha activa\u201d<\/em>, subray\u00f3.<br>Asimismo, enfatiz\u00f3 en apuntar a <em>\u201cmodificar esta realidad que hoy en d\u00eda nos toca, y realmente nos duele. Son nuestros hijos, nietos, familiares, adultos y ancianos que toman decisiones en momentos dif\u00edciles, y ah\u00ed tenemos que estar nosotros\u201d<\/em>.<\/p>\n\n\n\n<p>En esta l\u00ednea, Aluani afirm\u00f3 que <em>\u201cdesde el Estado y fundamentalmente junto a nuestro gobernador, Rogelio Frigerio, estamos abocados a que Salud Mental tenga la jerarqu\u00eda que se merece en estos tiempos que corren, y brindar las herramientas necesarias para abordarlo en forma interdisciplinaria en toda la provincia\u201d<\/em>.<\/p>\n\n\n\n<p>Adem\u00e1s, la mandataria felicit\u00f3 a los organizadores de la iniciativa y destac\u00f3 <em>\u201cel coraje y el esfuerzo de las instituciones y de los profesionales que tratan de construir proyectos para brindar acompa\u00f1amiento a aquellas personas que realmente hoy lo est\u00e1n necesitando. S\u00e9 que hay ONGs que se dedican a este tema y lo hacen totalmente ad honorem, que eso es valorable tambi\u00e9n\u201d<\/em>.<\/p>\n\n\n\n<p>Finalmente, indic\u00f3: <em>\u201cEs un orgullo que empecemos ac\u00e1 en Nogoy\u00e1. Lo vamos a replicar en todos los lugares\u201d<\/em>.<\/p>\n\n\n\n<h2 class=\"wp-block-heading\"><strong>Por una Pol\u00edtica Humana<\/strong><\/h2>\n\n\n\n<p>Por su parte, el presidente de la Honorable C\u00e1mara de Diputados, Gustavo Hein, expres\u00f3 que esta tem\u00e1tica <em>\u201ctransciende los colores pol\u00edticos\u201d en la que \u201cnos echamos culpas cuando la autodeterminaci\u00f3n golpea de cerca\u201d y que \u201clleg\u00f3 la hora de actuar, de ser, de generar una pol\u00edtica cercana, emp\u00e1tica, solidaria, que encale los problemas de frente\u201d<\/em>.<\/p>\n\n\n\n<p>Adem\u00e1s, se\u00f1al\u00f3 que <em>\u201chay algo muy en boga que es \u2018El Estado no tiene que estar presente\u2019, pero creemos que el Estado tiene que estar\u201d. En este sentido manifest\u00f3 que \u201cmuchos chicos no tienen esa posibilidad de que alguien vele por ellos, pasan a ser solamente un n\u00famero o una estad\u00edstica, o un habitante m\u00e1s en la ciudad, nada m\u00e1s que eso\u201d<\/em>.<\/p>\n\n\n\n<p><em>\u201cCreemos en una pol\u00edtica humana cercana, tenemos un gobernador que quiere que las cosas funcionen distinto, y tiene herramientas que somos nosotros los funcionarios para que trabajemos en conjunto\u201d<\/em>, agreg\u00f3.<\/p>\n\n\n\n<p><strong>Abordaje en territorio<\/strong><br>El senador departamental Rafael Cavagna se refiri\u00f3 a la importancia del tratamiento de la tem\u00e1tica para la comunidad de Nogoy\u00e1: <em>\u201cUno ha tenido la posibilidad de ser intendente de la ciudad y cuando hay autodeterminaciones, ponemos el tema en escena, en la mediatizaci\u00f3n, y creo que eso es un error. Creo que debemos tenerlo en agenda constante y permanente temas de que no dan m\u00e1s para trabajarlos espor\u00e1dicamente. Tenemos que trabajarlo en las agendas educativas, en las agendas municipales, en las agendas policiales, en las agendas judiciales. Me parece que son temas que llegaron para quedarse y trabajarlos constantemente de manera planificada\u201d<\/em>, dijo el legislador.<\/p>\n\n\n\n<p>En este sentido, celebr\u00f3 la decisi\u00f3n del gobierno provincial de crear este espacio interministerial: <em>\u201cMe parece que la uni\u00f3n hace la fuerza y tenemos que encontrar el poder como sociedad, independientemente del cargo que ejerzamos cada uno, de que todos nos actualicemos y pongamos en agenda este tema trascendental por el bien de nuestras comunidades\u201d<\/em>.<\/p>\n\n\n\n<p>A su turno, el intendente Bernardo Schneider expres\u00f3: <em>\u201cEstamos levantando bandera con mucha fuerza, sobre un tema que tenemos que hablar y ponerlo en escena\u201d<\/em>, e indic\u00f3 que <em>\u201ces la primera actividad de esta naturaleza que se desarrolla en la provincia y la idea es ir replic\u00e1ndola, y meti\u00e9ndole mucha fuerza y energ\u00eda en esta problem\u00e1tica que nos sucede no solo a los nogoyaenses, sino que tenemos en nuestra provincia y en nuestro pa\u00eds\u201d<\/em>. Y ratific\u00f3: <em>\u201cCelebro esta iniciativa y ponemos a disposici\u00f3n las herramientas que tenemos del Gobierno Municipal, y que viene trabajando articuladamente para potenciarlas\u201d<\/em>.<\/p>\n\n\n\n<p>En tanto, el director de Salud Mental de la Provincia, Gabriel Fern\u00e1ndez Mart\u00ednez, indic\u00f3 que esta iniciativa <em>\u201cun poco habla de c\u00f3mo debemos encarar esta problem\u00e1tica, que es entre todos construyendo saberes, construyendo formas de cuidado y tambi\u00e9n, poniendo a disposici\u00f3n todas las \u00e1reas del gobierno\u201d y expres\u00f3 que \u201ces una problem\u00e1tica que nos atraviesa tan gravemente en particular la provincia de Entre R\u00edos, y este es el m\u00e9todo para encararla, para mejorar en cuanto a salud mental\u201d<\/em>.<\/p>\n\n\n\n<p>Por su parte, la directora del Hospital San Blas de Nogoy\u00e1, Sandra Fettolini, dio la bienvenida a los presentes y agradeci\u00f3 a las autoridades\u00a0 y a todos los representantes de las instituciones de la ciudad. <em>\u201cDeseo que en esta jornada tengamos herramientas necesarias\u00a0 para poder trabajar junto a nuestra comunidad\u201d<\/em>, resalt\u00f3.<\/p>\n\n\n\n<h2 class=\"wp-block-heading\"><strong>Otras presencias<\/strong><\/h2>\n\n\n\n<p>Tambi\u00e9n participaron las diputadas Susana P\u00e9rez; Noelia Taborda y Carolina Streitenberger; la coordinadora del Programa Provincial de Prevenci\u00f3n de Suicidios, Delfina No\u00e9; el coordinador del Departamento Nogoy\u00e1 COPNAF, Alejandro Enrique; la directora Departamental de Escuelas, Claudia Sosa; el jefe Departamental de Polic\u00eda, Inspector Walter Giordano; funcionarios, autoridades, personal de Salud, Educaci\u00f3n y de las Fuerzas de Seguridad.<\/p>\n","protected":false},"excerpt":{"rendered":"<p>La vicegobernadora y presidente del Senado, Alicia Aluani, encabez\u00f3 el acto de presentaci\u00f3n de la jornada \u201cConversatorios para el abordaje&hellip;<\/p>\n","protected":false},"author":1,"featured_media":11510,"comment_status":"closed","ping_status":"closed","sticky":false,"template":"","format":"standard","meta":{"_joinchat":[],"footnotes":""},"categories":[1,352],"tags":[345],"class_list":["post-11509","post","type-post","status-publish","format-standard","has-post-thumbnail","hentry","category-sincategoria","category-salud","tag-destacar"],"yoast_head":"<!-- This site is optimized with the Yoast SEO plugin v25.1 - https:\/\/yoast.com\/wordpress\/plugins\/seo\/ -->\n<title>Conversatorio y jornada de prevenci\u00f3n de suicidios - Del \u00c9xodo Nogoy\u00e1<\/title>\n<meta name=\"robots\" content=\"index, follow, max-snippet:-1, max-image-preview:large, max-video-preview:-1\" \/>\n<link rel=\"canonical\" href=\"https:\/\/www.delexodo.com.ar\/?p=11509\" \/>\n<meta property=\"og:locale\" content=\"es_ES\" \/>\n<meta property=\"og:type\" content=\"article\" \/>\n<meta property=\"og:title\" content=\"Conversatorio y jornada de prevenci\u00f3n de suicidios - Del \u00c9xodo Nogoy\u00e1\" \/>\n<meta property=\"og:description\" content=\"La vicegobernadora y presidente del Senado, Alicia Aluani, encabez\u00f3 el acto de presentaci\u00f3n de la jornada \u201cConversatorios para el abordaje&hellip;\" \/>\n<meta property=\"og:url\" content=\"https:\/\/www.delexodo.com.ar\/?p=11509\" \/>\n<meta property=\"og:site_name\" content=\"Del \u00c9xodo Nogoy\u00e1\" \/>\n<meta property=\"article:published_time\" content=\"2025-03-07T22:42:21+00:00\" \/>\n<meta property=\"article:modified_time\" content=\"2025-03-07T23:27:07+00:00\" \/>\n<meta property=\"og:image\" content=\"https:\/\/www.delexodo.com.ar\/wp-content\/uploads\/2025\/03\/Coversatorio-mesa1.jpg\" \/>\n\t<meta property=\"og:image:width\" content=\"900\" \/>\n\t<meta property=\"og:image:height\" content=\"600\" \/>\n\t<meta property=\"og:image:type\" content=\"image\/jpeg\" \/>\n<meta name=\"author\" content=\"admin\" \/>\n<meta name=\"twitter:card\" content=\"summary_large_image\" \/>\n<meta name=\"twitter:label1\" content=\"Escrito por\" \/>\n\t<meta name=\"twitter:data1\" content=\"admin\" \/>\n\t<meta name=\"twitter:label2\" content=\"Tiempo de lectura\" \/>\n\t<meta name=\"twitter:data2\" content=\"6 minutos\" \/>\n<script type=\"application\/ld+json\" class=\"yoast-schema-graph\">{\"@context\":\"https:\/\/schema.org\",\"@graph\":[{\"@type\":\"Article\",\"@id\":\"https:\/\/www.delexodo.com.ar\/?p=11509#article\",\"isPartOf\":{\"@id\":\"https:\/\/www.delexodo.com.ar\/?p=11509\"},\"author\":{\"name\":\"admin\",\"@id\":\"https:\/\/www.delexodo.com.ar\/#\/schema\/person\/bbed37f7da8e938660b34f2013ba449d\"},\"headline\":\"Conversatorio y jornada de prevenci\u00f3n de suicidios\",\"datePublished\":\"2025-03-07T22:42:21+00:00\",\"dateModified\":\"2025-03-07T23:27:07+00:00\",\"mainEntityOfPage\":{\"@id\":\"https:\/\/www.delexodo.com.ar\/?p=11509\"},\"wordCount\":1088,\"publisher\":{\"@id\":\"https:\/\/www.delexodo.com.ar\/#organization\"},\"image\":{\"@id\":\"https:\/\/www.delexodo.com.ar\/?p=11509#primaryimage\"},\"thumbnailUrl\":\"https:\/\/www.delexodo.com.ar\/wp-content\/uploads\/2025\/03\/Coversatorio-mesa1.jpg\",\"keywords\":[\"destacar\"],\"articleSection\":[\"Nogoya\",\"Salud\"],\"inLanguage\":\"es\"},{\"@type\":\"WebPage\",\"@id\":\"https:\/\/www.delexodo.com.ar\/?p=11509\",\"url\":\"https:\/\/www.delexodo.com.ar\/?p=11509\",\"name\":\"Conversatorio y jornada de prevenci\u00f3n de suicidios - Del \u00c9xodo Nogoy\u00e1\",\"isPartOf\":{\"@id\":\"https:\/\/www.delexodo.com.ar\/#website\"},\"primaryImageOfPage\":{\"@id\":\"https:\/\/www.delexodo.com.ar\/?p=11509#primaryimage\"},\"image\":{\"@id\":\"https:\/\/www.delexodo.com.ar\/?p=11509#primaryimage\"},\"thumbnailUrl\":\"https:\/\/www.delexodo.com.ar\/wp-content\/uploads\/2025\/03\/Coversatorio-mesa1.jpg\",\"datePublished\":\"2025-03-07T22:42:21+00:00\",\"dateModified\":\"2025-03-07T23:27:07+00:00\",\"breadcrumb\":{\"@id\":\"https:\/\/www.delexodo.com.ar\/?p=11509#breadcrumb\"},\"inLanguage\":\"es\",\"potentialAction\":[{\"@type\":\"ReadAction\",\"target\":[\"https:\/\/www.delexodo.com.ar\/?p=11509\"]}]},{\"@type\":\"ImageObject\",\"inLanguage\":\"es\",\"@id\":\"https:\/\/www.delexodo.com.ar\/?p=11509#primaryimage\",\"url\":\"https:\/\/www.delexodo.com.ar\/wp-content\/uploads\/2025\/03\/Coversatorio-mesa1.jpg\",\"contentUrl\":\"https:\/\/www.delexodo.com.ar\/wp-content\/uploads\/2025\/03\/Coversatorio-mesa1.jpg\",\"width\":900,\"height\":600},{\"@type\":\"BreadcrumbList\",\"@id\":\"https:\/\/www.delexodo.com.ar\/?p=11509#breadcrumb\",\"itemListElement\":[{\"@type\":\"ListItem\",\"position\":1,\"name\":\"Portada\",\"item\":\"https:\/\/www.delexodo.com.ar\/\"},{\"@type\":\"ListItem\",\"position\":2,\"name\":\"Conversatorio y jornada de prevenci\u00f3n de suicidios\"}]},{\"@type\":\"WebSite\",\"@id\":\"https:\/\/www.delexodo.com.ar\/#website\",\"url\":\"https:\/\/www.delexodo.com.ar\/\",\"name\":\"Del \u00c9xodo Nogoy\u00e1\",\"description\":\"El Portal de Noticias de la Regi\u00f3n\",\"publisher\":{\"@id\":\"https:\/\/www.delexodo.com.ar\/#organization\"},\"potentialAction\":[{\"@type\":\"SearchAction\",\"target\":{\"@type\":\"EntryPoint\",\"urlTemplate\":\"https:\/\/www.delexodo.com.ar\/?s={search_term_string}\"},\"query-input\":{\"@type\":\"PropertyValueSpecification\",\"valueRequired\":true,\"valueName\":\"search_term_string\"}}],\"inLanguage\":\"es\"},{\"@type\":\"Organization\",\"@id\":\"https:\/\/www.delexodo.com.ar\/#organization\",\"name\":\"Del \u00c9xodo Nogoy\u00e1\",\"url\":\"https:\/\/www.delexodo.com.ar\/\",\"logo\":{\"@type\":\"ImageObject\",\"inLanguage\":\"es\",\"@id\":\"https:\/\/www.delexodo.com.ar\/#\/schema\/logo\/image\/\",\"url\":\"https:\/\/www.delexodo.com.ar\/wp-content\/uploads\/2024\/10\/cropped-cropped-LOGO24.png\",\"contentUrl\":\"https:\/\/www.delexodo.com.ar\/wp-content\/uploads\/2024\/10\/cropped-cropped-LOGO24.png\",\"width\":512,\"height\":349,\"caption\":\"Del \u00c9xodo Nogoy\u00e1\"},\"image\":{\"@id\":\"https:\/\/www.delexodo.com.ar\/#\/schema\/logo\/image\/\"}},{\"@type\":\"Person\",\"@id\":\"https:\/\/www.delexodo.com.ar\/#\/schema\/person\/bbed37f7da8e938660b34f2013ba449d\",\"name\":\"admin\",\"image\":{\"@type\":\"ImageObject\",\"inLanguage\":\"es\",\"@id\":\"https:\/\/www.delexodo.com.ar\/#\/schema\/person\/image\/\",\"url\":\"https:\/\/secure.gravatar.com\/avatar\/6b1558d1b6df085f1901bd5bd98523d7?s=96&d=mm&r=g\",\"contentUrl\":\"https:\/\/secure.gravatar.com\/avatar\/6b1558d1b6df085f1901bd5bd98523d7?s=96&d=mm&r=g\",\"caption\":\"admin\"},\"url\":\"https:\/\/www.delexodo.com.ar\/?author=1\"}]}<\/script>\n<!-- \/ Yoast SEO plugin. -->","yoast_head_json":{"title":"Conversatorio y jornada de prevenci\u00f3n de suicidios - Del \u00c9xodo Nogoy\u00e1","robots":{"index":"index","follow":"follow","max-snippet":"max-snippet:-1","max-image-preview":"max-image-preview:large","max-video-preview":"max-video-preview:-1"},"canonical":"https:\/\/www.delexodo.com.ar\/?p=11509","og_locale":"es_ES","og_type":"article","og_title":"Conversatorio y jornada de prevenci\u00f3n de suicidios - Del \u00c9xodo Nogoy\u00e1","og_description":"La vicegobernadora y presidente del Senado, Alicia Aluani, encabez\u00f3 el acto de presentaci\u00f3n de la jornada \u201cConversatorios para el abordaje&hellip;","og_url":"https:\/\/www.delexodo.com.ar\/?p=11509","og_site_name":"Del \u00c9xodo Nogoy\u00e1","article_published_time":"2025-03-07T22:42:21+00:00","article_modified_time":"2025-03-07T23:27:07+00:00","og_image":[{"width":900,"height":600,"url":"https:\/\/www.delexodo.com.ar\/wp-content\/uploads\/2025\/03\/Coversatorio-mesa1.jpg","type":"image\/jpeg"}],"author":"admin","twitter_card":"summary_large_image","twitter_misc":{"Escrito por":"admin","Tiempo de lectura":"6 minutos"},"schema":{"@context":"https:\/\/schema.org","@graph":[{"@type":"Article","@id":"https:\/\/www.delexodo.com.ar\/?p=11509#article","isPartOf":{"@id":"https:\/\/www.delexodo.com.ar\/?p=11509"},"author":{"name":"admin","@id":"https:\/\/www.delexodo.com.ar\/#\/schema\/person\/bbed37f7da8e938660b34f2013ba449d"},"headline":"Conversatorio y jornada de prevenci\u00f3n de suicidios","datePublished":"2025-03-07T22:42:21+00:00","dateModified":"2025-03-07T23:27:07+00:00","mainEntityOfPage":{"@id":"https:\/\/www.delexodo.com.ar\/?p=11509"},"wordCount":1088,"publisher":{"@id":"https:\/\/www.delexodo.com.ar\/#organization"},"image":{"@id":"https:\/\/www.delexodo.com.ar\/?p=11509#primaryimage"},"thumbnailUrl":"https:\/\/www.delexodo.com.ar\/wp-content\/uploads\/2025\/03\/Coversatorio-mesa1.jpg","keywords":["destacar"],"articleSection":["Nogoya","Salud"],"inLanguage":"es"},{"@type":"WebPage","@id":"https:\/\/www.delexodo.com.ar\/?p=11509","url":"https:\/\/www.delexodo.com.ar\/?p=11509","name":"Conversatorio y jornada de prevenci\u00f3n de suicidios - Del \u00c9xodo Nogoy\u00e1","isPartOf":{"@id":"https:\/\/www.delexodo.com.ar\/#website"},"primaryImageOfPage":{"@id":"https:\/\/www.delexodo.com.ar\/?p=11509#primaryimage"},"image":{"@id":"https:\/\/www.delexodo.com.ar\/?p=11509#primaryimage"},"thumbnailUrl":"https:\/\/www.delexodo.com.ar\/wp-content\/uploads\/2025\/03\/Coversatorio-mesa1.jpg","datePublished":"2025-03-07T22:42:21+00:00","dateModified":"2025-03-07T23:27:07+00:00","breadcrumb":{"@id":"https:\/\/www.delexodo.com.ar\/?p=11509#breadcrumb"},"inLanguage":"es","potentialAction":[{"@type":"ReadAction","target":["https:\/\/www.delexodo.com.ar\/?p=11509"]}]},{"@type":"ImageObject","inLanguage":"es","@id":"https:\/\/www.delexodo.com.ar\/?p=11509#primaryimage","url":"https:\/\/www.delexodo.com.ar\/wp-content\/uploads\/2025\/03\/Coversatorio-mesa1.jpg","contentUrl":"https:\/\/www.delexodo.com.ar\/wp-content\/uploads\/2025\/03\/Coversatorio-mesa1.jpg","width":900,"height":600},{"@type":"BreadcrumbList","@id":"https:\/\/www.delexodo.com.ar\/?p=11509#breadcrumb","itemListElement":[{"@type":"ListItem","position":1,"name":"Portada","item":"https:\/\/www.delexodo.com.ar\/"},{"@type":"ListItem","position":2,"name":"Conversatorio y jornada de prevenci\u00f3n de suicidios"}]},{"@type":"WebSite","@id":"https:\/\/www.delexodo.com.ar\/#website","url":"https:\/\/www.delexodo.com.ar\/","name":"Del \u00c9xodo Nogoy\u00e1","description":"El Portal de Noticias de la Regi\u00f3n","publisher":{"@id":"https:\/\/www.delexodo.com.ar\/#organization"},"potentialAction":[{"@type":"SearchAction","target":{"@type":"EntryPoint","urlTemplate":"https:\/\/www.delexodo.com.ar\/?s={search_term_string}"},"query-input":{"@type":"PropertyValueSpecification","valueRequired":true,"valueName":"search_term_string"}}],"inLanguage":"es"},{"@type":"Organization","@id":"https:\/\/www.delexodo.com.ar\/#organization","name":"Del \u00c9xodo Nogoy\u00e1","url":"https:\/\/www.delexodo.com.ar\/","logo":{"@type":"ImageObject","inLanguage":"es","@id":"https:\/\/www.delexodo.com.ar\/#\/schema\/logo\/image\/","url":"https:\/\/www.delexodo.com.ar\/wp-content\/uploads\/2024\/10\/cropped-cropped-LOGO24.png","contentUrl":"https:\/\/www.delexodo.com.ar\/wp-content\/uploads\/2024\/10\/cropped-cropped-LOGO24.png","width":512,"height":349,"caption":"Del \u00c9xodo Nogoy\u00e1"},"image":{"@id":"https:\/\/www.delexodo.com.ar\/#\/schema\/logo\/image\/"}},{"@type":"Person","@id":"https:\/\/www.delexodo.com.ar\/#\/schema\/person\/bbed37f7da8e938660b34f2013ba449d","name":"admin","image":{"@type":"ImageObject","inLanguage":"es","@id":"https:\/\/www.delexodo.com.ar\/#\/schema\/person\/image\/","url":"https:\/\/secure.gravatar.com\/avatar\/6b1558d1b6df085f1901bd5bd98523d7?s=96&d=mm&r=g","contentUrl":"https:\/\/secure.gravatar.com\/avatar\/6b1558d1b6df085f1901bd5bd98523d7?s=96&d=mm&r=g","caption":"admin"},"url":"https:\/\/www.delexodo.com.ar\/?author=1"}]}},"_links":{"self":[{"href":"https:\/\/www.delexodo.com.ar\/index.php?rest_route=\/wp\/v2\/posts\/11509","targetHints":{"allow":["GET"]}}],"collection":[{"href":"https:\/\/www.delexodo.com.ar\/index.php?rest_route=\/wp\/v2\/posts"}],"about":[{"href":"https:\/\/www.delexodo.com.ar\/index.php?rest_route=\/wp\/v2\/types\/post"}],"author":[{"embeddable":true,"href":"https:\/\/www.delexodo.com.ar\/index.php?rest_route=\/wp\/v2\/users\/1"}],"replies":[{"embeddable":true,"href":"https:\/\/www.delexodo.com.ar\/index.php?rest_route=%2Fwp%2Fv2%2Fcomments&post=11509"}],"version-history":[{"count":3,"href":"https:\/\/www.delexodo.com.ar\/index.php?rest_route=\/wp\/v2\/posts\/11509\/revisions"}],"predecessor-version":[{"id":11515,"href":"https:\/\/www.delexodo.com.ar\/index.php?rest_route=\/wp\/v2\/posts\/11509\/revisions\/11515"}],"wp:featuredmedia":[{"embeddable":true,"href":"https:\/\/www.delexodo.com.ar\/index.php?rest_route=\/wp\/v2\/media\/11510"}],"wp:attachment":[{"href":"https:\/\/www.delexodo.com.ar\/index.php?rest_route=%2Fwp%2Fv2%2Fmedia&parent=11509"}],"wp:term":[{"taxonomy":"category","embeddable":true,"href":"https:\/\/www.delexodo.com.ar\/index.php?rest_route=%2Fwp%2Fv2%2Fcategories&post=11509"},{"taxonomy":"post_tag","embeddable":true,"href":"https:\/\/www.delexodo.com.ar\/index.php?rest_route=%2Fwp%2Fv2%2Ftags&post=11509"}],"curies":[{"name":"wp","href":"https:\/\/api.w.org\/{rel}","templated":true}]}}