{"id":11414,"date":"2025-01-30T19:25:22","date_gmt":"2025-01-30T22:25:22","guid":{"rendered":"https:\/\/www.delexodo.com.ar\/?p=11414"},"modified":"2025-01-30T19:26:04","modified_gmt":"2025-01-30T22:26:04","slug":"intervencion-del-iosper-brindaron-estado-de-situacion-y-reafirmaron-la-defensa-de-los-derechos-de-los-afiliados","status":"publish","type":"post","link":"https:\/\/www.delexodo.com.ar\/?p=11414","title":{"rendered":"Intervenci\u00f3n del Iosper: brindaron estado de situaci\u00f3n y reafirmaron la \u00abdefensa de los derechos de los afiliados\u00bb"},"content":{"rendered":"\n<p><strong><em>El equipo interventor del Instituto de la Obra Social de Entre R\u00edos (Iosper) brind\u00f3 detalles respecto a varios temas: negociaciones con la Federaci\u00f3n M\u00e9dica, el pago a cuidadores domiciliarios y el trabajo en generar nuevos convenios y actualizar nomencladores con distintos sectores. Resaltaron que \u00abcon cortes de servicio no vamos a negociar\u00bb.<\/em><\/strong><\/p>\n\n\n\n<figure class=\"wp-block-embed is-type-video is-provider-youtube wp-block-embed-youtube wp-embed-aspect-16-9 wp-has-aspect-ratio\"><div class=\"wp-block-embed__wrapper\">\n<iframe loading=\"lazy\" title=\"Intervenci\u00f3n del Iosper  brindaron estado de situaci\u00f3n y reafirmaron la defensa de los derechos de l\" width=\"500\" height=\"281\" src=\"https:\/\/www.youtube.com\/embed\/UFC2NpWbh3c?feature=oembed\" frameborder=\"0\" allow=\"accelerometer; autoplay; clipboard-write; encrypted-media; gyroscope; picture-in-picture; web-share\" referrerpolicy=\"strict-origin-when-cross-origin\" allowfullscreen><\/iframe>\n<\/div><\/figure>\n\n\n\n<p>Este jueves en conferencia de prensa, el interventor del Iosper, Mariano Gallegos calific\u00f3 al comunicado de la Federaci\u00f3n M\u00e9dica de Entre R\u00edos (Femer) como <strong><em>\u00abuna desagradable sorpresa\u00bb<\/em><\/strong> y llam\u00f3 a <em>\u00abla reflexi\u00f3n de las autoridades de la entidad, que se sienten en una mesa de negociaci\u00f3n sabiendo que son prestadores de salud y no con una pol\u00edtica de apriete para cobrar\u00bb<\/em>.<\/p>\n\n\n\n<p><em>\u00abLes dijimos que les \u00edbamos a pagar hasta el \u00faltimo centavo y pedimos facilidades para hacerlo\u00bb<\/em>, explic\u00f3 el interventor y se\u00f1al\u00f3: <em>\u00abEsto de tener a como rehenes a los afiliados, cortar porque no les abonamos no va m\u00e1s porque son cuestiones de salud y le dije al presidente de la Femer que en estas condiciones de cortes de servicio no vamos a negociar, si levantan el corte me voy a sentar a tratar de buscar una soluci\u00f3n\u00bb<\/em>.<\/p>\n\n\n\n<p>En cuanto a la atenci\u00f3n m\u00e9dica Gallegos brind\u00f3 tranquilidad a los afiliados: <em>\u00abHay muchos m\u00e1s m\u00e9dicos que los de Femer, garantizamos la atenci\u00f3n en los sanatorios y cl\u00ednicas, tenemos convenio con la Fundaci\u00f3n Sanidad Ej\u00e9rcito Argentino (Fusea) y tambi\u00e9n con particulares\u00bb<\/em>.<\/p>\n\n\n\n<p>En este marco el interventor expuso: <em>\u00abCuando llegamos hab\u00eda muchos prestadores a la cola, que ten\u00edan 90 d\u00edas de deuda, otros cobraban en 30, un anticipo a 15, nos pareci\u00f3 injusto y estamos tratando de que haya algo justo y que todos los prestadores cobren en el mismo plazo\u00bb<\/em>.<\/p>\n\n\n\n<h3 class=\"wp-block-heading\"><strong>Auditor\u00edas<\/strong><\/h3>\n\n\n\n<p>Respecto al estado de situaci\u00f3n que el equipo interventor encontr\u00f3 al asumir la obra social, Gallegos manifest\u00f3: <em>\u00abNos encontramos con una obra social en una situaci\u00f3n econ\u00f3mica y financiera extremadamente m\u00e1s grave de lo que esper\u00e1bamos, y ahora estamos abocados a ordenar esa situaci\u00f3n. Tenemos varios informes y situaciones que estamos manejando internamente, seguramente van a formar parte de una evaluaci\u00f3n con especialistas porque una denuncia es institucionalmente grave pero, en caso de que los elementos que tenemos se concluyan de que son convincentes, no vamos a tener problemas en hacer las denuncias correspondientes\u00bb<\/em>.\u00a0<\/p>\n\n\n\n<p>Afirm\u00f3 que tienen directivas claras del gobernador Rogelio Frigerio de que todo lo que se haga debe comunicarse, <em>\u00abqueremos transparencia, y por eso lo hacemos de cara a los afiliados, a los entrerrianos\u00bb<\/em>, subray\u00f3.<\/p>\n\n\n\n<h3 class=\"wp-block-heading\"><strong>Cuidadores domiciliarios<\/strong><\/h3>\n\n\n\n<p>Por otra parte, la sub interventora Marina Alegre, inform\u00f3 que uno de los temas que est\u00e1n abordando es la situaci\u00f3n de alrededor de 2.000 cuidadores domiciliarios, a quienes se les comprometi\u00f3 el pago adeudado del mes de noviembre entre este viernes y la semana entrante. Adem\u00e1s, se comprometi\u00f3 a futuro para que no pase m\u00e1s de un mes sin que los cuidadores reciban sus pagos, destacando la particularidad de los mismos, ya que para ellos estos pagos representan su <em><strong>\u00absueldo del d\u00eda a d\u00eda\u00bb<\/strong><\/em>.<\/p>\n\n\n\n<p>La sub interventora dijo que tambi\u00e9n se est\u00e1 trabajando en la regularizaci\u00f3n de pagos, incluyendo \u00f3pticas, y en establecer de ahora en m\u00e1s una pol\u00edtica de pagos justa, donde todos cobren en el mismo plazo, evitando que algunos cobren anticipos mientras otros esperan 90 d\u00edas. <em>\u00abAs\u00ed es nuestra din\u00e1mica de trabajo, abarca en paralelo lo atrasado para poder regularizar y lo futuro, un trabajo que hacemos junto con ellos\u00bb<\/em>, remarc\u00f3 Alegre. A su vez, manifest\u00f3 que se est\u00e1 abordando la situaci\u00f3n de pat\u00f3logos, odont\u00f3logos y psic\u00f3logos, entre otros, para recuperar el funcionamiento de prestaciones que no estaban activas previamente.<\/p>\n\n\n\n<h3 class=\"wp-block-heading\"><strong>Actualizaci\u00f3n de las coberturas<\/strong><\/h3>\n\n\n\n<p>Alegre cont\u00f3 que esta semana se emiti\u00f3 un mail a las \u00f3pticas para poder comenzar a regularizar los pagos adeudados por parte de la obra social y lograr convenios a futuro. <em>\u00abCon todos los prestadores nos manejamos de la misma manera: Nos encontramos a resolver la deuda que se tiene de acuerdo a la particularidad de cada uno, en paralelo empezamos a trabajar con ellos c\u00f3mo va a ser el nuevo nomenclador y de qu\u00e9 manera continuar\u00e1n las prestaciones\u00bb<\/em>, explic\u00f3 la subinterventora.<\/p>\n\n\n\n<p><em>\u00abHay nomencladores que deben ser actualizados porque figuran pr\u00e1cticas que ya no existen, otras que se est\u00e1n dando y no est\u00e1n registradas, eso lo trabajamos con distintas asociaciones cient\u00edficas y con los prestadores\u00bb<\/em>, resalt\u00f3.<\/p>\n","protected":false},"excerpt":{"rendered":"<p>El equipo interventor del Instituto de la Obra Social de Entre R\u00edos (Iosper) brind\u00f3 detalles respecto a varios temas: negociaciones&hellip;<\/p>\n","protected":false},"author":1,"featured_media":11415,"comment_status":"closed","ping_status":"closed","sticky":false,"template":"","format":"standard","meta":{"_joinchat":[],"footnotes":""},"categories":[352],"tags":[345],"class_list":["post-11414","post","type-post","status-publish","format-standard","has-post-thumbnail","hentry","category-salud","tag-destacar"],"yoast_head":"<!-- This site is optimized with the Yoast SEO plugin v25.1 - https:\/\/yoast.com\/wordpress\/plugins\/seo\/ -->\n<title>Intervenci\u00f3n del Iosper: brindaron estado de situaci\u00f3n y reafirmaron la &quot;defensa de los derechos de los afiliados&quot; - Del \u00c9xodo Nogoy\u00e1<\/title>\n<meta name=\"robots\" content=\"index, follow, max-snippet:-1, max-image-preview:large, max-video-preview:-1\" \/>\n<link rel=\"canonical\" href=\"https:\/\/www.delexodo.com.ar\/?p=11414\" \/>\n<meta property=\"og:locale\" content=\"es_ES\" \/>\n<meta property=\"og:type\" content=\"article\" \/>\n<meta property=\"og:title\" content=\"Intervenci\u00f3n del Iosper: brindaron estado de situaci\u00f3n y reafirmaron la &quot;defensa de los derechos de los afiliados&quot; - Del \u00c9xodo Nogoy\u00e1\" \/>\n<meta property=\"og:description\" content=\"El equipo interventor del Instituto de la Obra Social de Entre R\u00edos (Iosper) brind\u00f3 detalles respecto a varios temas: negociaciones&hellip;\" \/>\n<meta property=\"og:url\" content=\"https:\/\/www.delexodo.com.ar\/?p=11414\" \/>\n<meta property=\"og:site_name\" content=\"Del \u00c9xodo Nogoy\u00e1\" \/>\n<meta property=\"article:published_time\" content=\"2025-01-30T22:25:22+00:00\" \/>\n<meta property=\"article:modified_time\" content=\"2025-01-30T22:26:04+00:00\" \/>\n<meta property=\"og:image\" content=\"https:\/\/www.delexodo.com.ar\/wp-content\/uploads\/2025\/01\/IOSPER-Interventores.jpg\" \/>\n\t<meta property=\"og:image:width\" content=\"900\" \/>\n\t<meta property=\"og:image:height\" content=\"600\" \/>\n\t<meta property=\"og:image:type\" content=\"image\/jpeg\" \/>\n<meta name=\"author\" content=\"admin\" \/>\n<meta name=\"twitter:card\" content=\"summary_large_image\" \/>\n<meta name=\"twitter:label1\" content=\"Escrito por\" \/>\n\t<meta name=\"twitter:data1\" content=\"admin\" \/>\n\t<meta name=\"twitter:label2\" content=\"Tiempo de lectura\" \/>\n\t<meta name=\"twitter:data2\" content=\"4 minutos\" \/>\n<script type=\"application\/ld+json\" class=\"yoast-schema-graph\">{\"@context\":\"https:\/\/schema.org\",\"@graph\":[{\"@type\":\"Article\",\"@id\":\"https:\/\/www.delexodo.com.ar\/?p=11414#article\",\"isPartOf\":{\"@id\":\"https:\/\/www.delexodo.com.ar\/?p=11414\"},\"author\":{\"name\":\"admin\",\"@id\":\"https:\/\/www.delexodo.com.ar\/#\/schema\/person\/bbed37f7da8e938660b34f2013ba449d\"},\"headline\":\"Intervenci\u00f3n del Iosper: brindaron estado de situaci\u00f3n y reafirmaron la \u00abdefensa de los derechos de los afiliados\u00bb\",\"datePublished\":\"2025-01-30T22:25:22+00:00\",\"dateModified\":\"2025-01-30T22:26:04+00:00\",\"mainEntityOfPage\":{\"@id\":\"https:\/\/www.delexodo.com.ar\/?p=11414\"},\"wordCount\":792,\"publisher\":{\"@id\":\"https:\/\/www.delexodo.com.ar\/#organization\"},\"image\":{\"@id\":\"https:\/\/www.delexodo.com.ar\/?p=11414#primaryimage\"},\"thumbnailUrl\":\"https:\/\/www.delexodo.com.ar\/wp-content\/uploads\/2025\/01\/IOSPER-Interventores.jpg\",\"keywords\":[\"destacar\"],\"articleSection\":[\"Salud\"],\"inLanguage\":\"es\"},{\"@type\":\"WebPage\",\"@id\":\"https:\/\/www.delexodo.com.ar\/?p=11414\",\"url\":\"https:\/\/www.delexodo.com.ar\/?p=11414\",\"name\":\"Intervenci\u00f3n del Iosper: brindaron estado de situaci\u00f3n y reafirmaron la \\\"defensa de los derechos de los afiliados\\\" - Del \u00c9xodo Nogoy\u00e1\",\"isPartOf\":{\"@id\":\"https:\/\/www.delexodo.com.ar\/#website\"},\"primaryImageOfPage\":{\"@id\":\"https:\/\/www.delexodo.com.ar\/?p=11414#primaryimage\"},\"image\":{\"@id\":\"https:\/\/www.delexodo.com.ar\/?p=11414#primaryimage\"},\"thumbnailUrl\":\"https:\/\/www.delexodo.com.ar\/wp-content\/uploads\/2025\/01\/IOSPER-Interventores.jpg\",\"datePublished\":\"2025-01-30T22:25:22+00:00\",\"dateModified\":\"2025-01-30T22:26:04+00:00\",\"breadcrumb\":{\"@id\":\"https:\/\/www.delexodo.com.ar\/?p=11414#breadcrumb\"},\"inLanguage\":\"es\",\"potentialAction\":[{\"@type\":\"ReadAction\",\"target\":[\"https:\/\/www.delexodo.com.ar\/?p=11414\"]}]},{\"@type\":\"ImageObject\",\"inLanguage\":\"es\",\"@id\":\"https:\/\/www.delexodo.com.ar\/?p=11414#primaryimage\",\"url\":\"https:\/\/www.delexodo.com.ar\/wp-content\/uploads\/2025\/01\/IOSPER-Interventores.jpg\",\"contentUrl\":\"https:\/\/www.delexodo.com.ar\/wp-content\/uploads\/2025\/01\/IOSPER-Interventores.jpg\",\"width\":900,\"height\":600},{\"@type\":\"BreadcrumbList\",\"@id\":\"https:\/\/www.delexodo.com.ar\/?p=11414#breadcrumb\",\"itemListElement\":[{\"@type\":\"ListItem\",\"position\":1,\"name\":\"Portada\",\"item\":\"https:\/\/www.delexodo.com.ar\/\"},{\"@type\":\"ListItem\",\"position\":2,\"name\":\"Intervenci\u00f3n del Iosper: brindaron estado de situaci\u00f3n y reafirmaron la \u00abdefensa de los derechos de los afiliados\u00bb\"}]},{\"@type\":\"WebSite\",\"@id\":\"https:\/\/www.delexodo.com.ar\/#website\",\"url\":\"https:\/\/www.delexodo.com.ar\/\",\"name\":\"Del \u00c9xodo Nogoy\u00e1\",\"description\":\"El Portal de Noticias de la Regi\u00f3n\",\"publisher\":{\"@id\":\"https:\/\/www.delexodo.com.ar\/#organization\"},\"potentialAction\":[{\"@type\":\"SearchAction\",\"target\":{\"@type\":\"EntryPoint\",\"urlTemplate\":\"https:\/\/www.delexodo.com.ar\/?s={search_term_string}\"},\"query-input\":{\"@type\":\"PropertyValueSpecification\",\"valueRequired\":true,\"valueName\":\"search_term_string\"}}],\"inLanguage\":\"es\"},{\"@type\":\"Organization\",\"@id\":\"https:\/\/www.delexodo.com.ar\/#organization\",\"name\":\"Del \u00c9xodo Nogoy\u00e1\",\"url\":\"https:\/\/www.delexodo.com.ar\/\",\"logo\":{\"@type\":\"ImageObject\",\"inLanguage\":\"es\",\"@id\":\"https:\/\/www.delexodo.com.ar\/#\/schema\/logo\/image\/\",\"url\":\"https:\/\/www.delexodo.com.ar\/wp-content\/uploads\/2024\/10\/cropped-cropped-LOGO24.png\",\"contentUrl\":\"https:\/\/www.delexodo.com.ar\/wp-content\/uploads\/2024\/10\/cropped-cropped-LOGO24.png\",\"width\":512,\"height\":349,\"caption\":\"Del \u00c9xodo Nogoy\u00e1\"},\"image\":{\"@id\":\"https:\/\/www.delexodo.com.ar\/#\/schema\/logo\/image\/\"}},{\"@type\":\"Person\",\"@id\":\"https:\/\/www.delexodo.com.ar\/#\/schema\/person\/bbed37f7da8e938660b34f2013ba449d\",\"name\":\"admin\",\"image\":{\"@type\":\"ImageObject\",\"inLanguage\":\"es\",\"@id\":\"https:\/\/www.delexodo.com.ar\/#\/schema\/person\/image\/\",\"url\":\"https:\/\/secure.gravatar.com\/avatar\/6b1558d1b6df085f1901bd5bd98523d7?s=96&d=mm&r=g\",\"contentUrl\":\"https:\/\/secure.gravatar.com\/avatar\/6b1558d1b6df085f1901bd5bd98523d7?s=96&d=mm&r=g\",\"caption\":\"admin\"},\"url\":\"https:\/\/www.delexodo.com.ar\/?author=1\"}]}<\/script>\n<!-- \/ Yoast SEO plugin. -->","yoast_head_json":{"title":"Intervenci\u00f3n del Iosper: brindaron estado de situaci\u00f3n y reafirmaron la \"defensa de los derechos de los afiliados\" - Del \u00c9xodo Nogoy\u00e1","robots":{"index":"index","follow":"follow","max-snippet":"max-snippet:-1","max-image-preview":"max-image-preview:large","max-video-preview":"max-video-preview:-1"},"canonical":"https:\/\/www.delexodo.com.ar\/?p=11414","og_locale":"es_ES","og_type":"article","og_title":"Intervenci\u00f3n del Iosper: brindaron estado de situaci\u00f3n y reafirmaron la \"defensa de los derechos de los afiliados\" - Del \u00c9xodo Nogoy\u00e1","og_description":"El equipo interventor del Instituto de la Obra Social de Entre R\u00edos (Iosper) brind\u00f3 detalles respecto a varios temas: negociaciones&hellip;","og_url":"https:\/\/www.delexodo.com.ar\/?p=11414","og_site_name":"Del \u00c9xodo Nogoy\u00e1","article_published_time":"2025-01-30T22:25:22+00:00","article_modified_time":"2025-01-30T22:26:04+00:00","og_image":[{"width":900,"height":600,"url":"https:\/\/www.delexodo.com.ar\/wp-content\/uploads\/2025\/01\/IOSPER-Interventores.jpg","type":"image\/jpeg"}],"author":"admin","twitter_card":"summary_large_image","twitter_misc":{"Escrito por":"admin","Tiempo de lectura":"4 minutos"},"schema":{"@context":"https:\/\/schema.org","@graph":[{"@type":"Article","@id":"https:\/\/www.delexodo.com.ar\/?p=11414#article","isPartOf":{"@id":"https:\/\/www.delexodo.com.ar\/?p=11414"},"author":{"name":"admin","@id":"https:\/\/www.delexodo.com.ar\/#\/schema\/person\/bbed37f7da8e938660b34f2013ba449d"},"headline":"Intervenci\u00f3n del Iosper: brindaron estado de situaci\u00f3n y reafirmaron la \u00abdefensa de los derechos de los afiliados\u00bb","datePublished":"2025-01-30T22:25:22+00:00","dateModified":"2025-01-30T22:26:04+00:00","mainEntityOfPage":{"@id":"https:\/\/www.delexodo.com.ar\/?p=11414"},"wordCount":792,"publisher":{"@id":"https:\/\/www.delexodo.com.ar\/#organization"},"image":{"@id":"https:\/\/www.delexodo.com.ar\/?p=11414#primaryimage"},"thumbnailUrl":"https:\/\/www.delexodo.com.ar\/wp-content\/uploads\/2025\/01\/IOSPER-Interventores.jpg","keywords":["destacar"],"articleSection":["Salud"],"inLanguage":"es"},{"@type":"WebPage","@id":"https:\/\/www.delexodo.com.ar\/?p=11414","url":"https:\/\/www.delexodo.com.ar\/?p=11414","name":"Intervenci\u00f3n del Iosper: brindaron estado de situaci\u00f3n y reafirmaron la \"defensa de los derechos de los afiliados\" - Del \u00c9xodo Nogoy\u00e1","isPartOf":{"@id":"https:\/\/www.delexodo.com.ar\/#website"},"primaryImageOfPage":{"@id":"https:\/\/www.delexodo.com.ar\/?p=11414#primaryimage"},"image":{"@id":"https:\/\/www.delexodo.com.ar\/?p=11414#primaryimage"},"thumbnailUrl":"https:\/\/www.delexodo.com.ar\/wp-content\/uploads\/2025\/01\/IOSPER-Interventores.jpg","datePublished":"2025-01-30T22:25:22+00:00","dateModified":"2025-01-30T22:26:04+00:00","breadcrumb":{"@id":"https:\/\/www.delexodo.com.ar\/?p=11414#breadcrumb"},"inLanguage":"es","potentialAction":[{"@type":"ReadAction","target":["https:\/\/www.delexodo.com.ar\/?p=11414"]}]},{"@type":"ImageObject","inLanguage":"es","@id":"https:\/\/www.delexodo.com.ar\/?p=11414#primaryimage","url":"https:\/\/www.delexodo.com.ar\/wp-content\/uploads\/2025\/01\/IOSPER-Interventores.jpg","contentUrl":"https:\/\/www.delexodo.com.ar\/wp-content\/uploads\/2025\/01\/IOSPER-Interventores.jpg","width":900,"height":600},{"@type":"BreadcrumbList","@id":"https:\/\/www.delexodo.com.ar\/?p=11414#breadcrumb","itemListElement":[{"@type":"ListItem","position":1,"name":"Portada","item":"https:\/\/www.delexodo.com.ar\/"},{"@type":"ListItem","position":2,"name":"Intervenci\u00f3n del Iosper: brindaron estado de situaci\u00f3n y reafirmaron la \u00abdefensa de los derechos de los afiliados\u00bb"}]},{"@type":"WebSite","@id":"https:\/\/www.delexodo.com.ar\/#website","url":"https:\/\/www.delexodo.com.ar\/","name":"Del \u00c9xodo Nogoy\u00e1","description":"El Portal de Noticias de la Regi\u00f3n","publisher":{"@id":"https:\/\/www.delexodo.com.ar\/#organization"},"potentialAction":[{"@type":"SearchAction","target":{"@type":"EntryPoint","urlTemplate":"https:\/\/www.delexodo.com.ar\/?s={search_term_string}"},"query-input":{"@type":"PropertyValueSpecification","valueRequired":true,"valueName":"search_term_string"}}],"inLanguage":"es"},{"@type":"Organization","@id":"https:\/\/www.delexodo.com.ar\/#organization","name":"Del \u00c9xodo Nogoy\u00e1","url":"https:\/\/www.delexodo.com.ar\/","logo":{"@type":"ImageObject","inLanguage":"es","@id":"https:\/\/www.delexodo.com.ar\/#\/schema\/logo\/image\/","url":"https:\/\/www.delexodo.com.ar\/wp-content\/uploads\/2024\/10\/cropped-cropped-LOGO24.png","contentUrl":"https:\/\/www.delexodo.com.ar\/wp-content\/uploads\/2024\/10\/cropped-cropped-LOGO24.png","width":512,"height":349,"caption":"Del \u00c9xodo Nogoy\u00e1"},"image":{"@id":"https:\/\/www.delexodo.com.ar\/#\/schema\/logo\/image\/"}},{"@type":"Person","@id":"https:\/\/www.delexodo.com.ar\/#\/schema\/person\/bbed37f7da8e938660b34f2013ba449d","name":"admin","image":{"@type":"ImageObject","inLanguage":"es","@id":"https:\/\/www.delexodo.com.ar\/#\/schema\/person\/image\/","url":"https:\/\/secure.gravatar.com\/avatar\/6b1558d1b6df085f1901bd5bd98523d7?s=96&d=mm&r=g","contentUrl":"https:\/\/secure.gravatar.com\/avatar\/6b1558d1b6df085f1901bd5bd98523d7?s=96&d=mm&r=g","caption":"admin"},"url":"https:\/\/www.delexodo.com.ar\/?author=1"}]}},"_links":{"self":[{"href":"https:\/\/www.delexodo.com.ar\/index.php?rest_route=\/wp\/v2\/posts\/11414","targetHints":{"allow":["GET"]}}],"collection":[{"href":"https:\/\/www.delexodo.com.ar\/index.php?rest_route=\/wp\/v2\/posts"}],"about":[{"href":"https:\/\/www.delexodo.com.ar\/index.php?rest_route=\/wp\/v2\/types\/post"}],"author":[{"embeddable":true,"href":"https:\/\/www.delexodo.com.ar\/index.php?rest_route=\/wp\/v2\/users\/1"}],"replies":[{"embeddable":true,"href":"https:\/\/www.delexodo.com.ar\/index.php?rest_route=%2Fwp%2Fv2%2Fcomments&post=11414"}],"version-history":[{"count":2,"href":"https:\/\/www.delexodo.com.ar\/index.php?rest_route=\/wp\/v2\/posts\/11414\/revisions"}],"predecessor-version":[{"id":11418,"href":"https:\/\/www.delexodo.com.ar\/index.php?rest_route=\/wp\/v2\/posts\/11414\/revisions\/11418"}],"wp:featuredmedia":[{"embeddable":true,"href":"https:\/\/www.delexodo.com.ar\/index.php?rest_route=\/wp\/v2\/media\/11415"}],"wp:attachment":[{"href":"https:\/\/www.delexodo.com.ar\/index.php?rest_route=%2Fwp%2Fv2%2Fmedia&parent=11414"}],"wp:term":[{"taxonomy":"category","embeddable":true,"href":"https:\/\/www.delexodo.com.ar\/index.php?rest_route=%2Fwp%2Fv2%2Fcategories&post=11414"},{"taxonomy":"post_tag","embeddable":true,"href":"https:\/\/www.delexodo.com.ar\/index.php?rest_route=%2Fwp%2Fv2%2Ftags&post=11414"}],"curies":[{"name":"wp","href":"https:\/\/api.w.org\/{rel}","templated":true}]}}