{"id":11409,"date":"2025-01-30T16:31:43","date_gmt":"2025-01-30T19:31:43","guid":{"rendered":"https:\/\/www.delexodo.com.ar\/?p=11409"},"modified":"2025-01-30T16:55:44","modified_gmt":"2025-01-30T19:55:44","slug":"nueva-tecnologia-y-equipamiento-para-las-fuerzas-policiales","status":"publish","type":"post","link":"https:\/\/www.delexodo.com.ar\/?p=11409","title":{"rendered":"Nueva tecnolog\u00eda y equipamiento para las fuerzas policiales"},"content":{"rendered":"\n<p><strong><em>El gobernador Rogelio Frigerio y el ministro de Seguridad y Justicia, N\u00e9stor Roncaglia, presentaron nuevos equipos y recursos destinados a fortalecer la seguridad en Entre R\u00edos. Se trata de seis veh\u00edculos, dos motos, fusiles, cascos, escudos, tres drones y cuatro visores nocturnos.<\/em><\/strong><\/p>\n\n\n\n<figure class=\"wp-block-embed is-type-video is-provider-youtube wp-block-embed-youtube wp-embed-aspect-16-9 wp-has-aspect-ratio\"><div class=\"wp-block-embed__wrapper\">\n<iframe loading=\"lazy\" title=\"Nueva tecnolog\u00eda y equipamiento para las fuerzas policiales\" width=\"500\" height=\"281\" src=\"https:\/\/www.youtube.com\/embed\/DQTF5IlZFxw?feature=oembed\" frameborder=\"0\" allow=\"accelerometer; autoplay; clipboard-write; encrypted-media; gyroscope; picture-in-picture; web-share\" referrerpolicy=\"strict-origin-when-cross-origin\" allowfullscreen><\/iframe>\n<\/div><\/figure>\n\n\n\n<p>Los nuevos equipamientos para la Polic\u00eda de Entre R\u00edos se presentaron en plaza Lucio Norberto Mansilla de Paran\u00e1. Se trata de una inversi\u00f3n, realizada con fondos propios, que demuestra el compromiso del gobierno provincial para garantizar la tranquilidad de los ciudadanos.<\/p>\n\n\n\n<p><em>\u00abHoy es un d\u00eda muy especial, estamos presentando a una nueva agrupaci\u00f3n comando de nuestra Polic\u00eda de Entre R\u00edos, que es el Grupo de Acci\u00f3n Inmediata. Se crea para casos urgentes y especiales en los barrios m\u00e1s conflictivos que tenemos en la provincia y que se trasladar\u00e1 adonde se lo requiera. Es la primera l\u00ednea y est\u00e1 entrenado para eso\u00bb<\/em>, describi\u00f3 Frigerio, al hacer uso de la palabra.<\/p>\n\n\n<div class=\"wp-block-image\">\n<figure class=\"alignleft size-full is-resized\"><img loading=\"lazy\" decoding=\"async\" width=\"600\" height=\"400\" src=\"https:\/\/www.delexodo.com.ar\/wp-content\/uploads\/2025\/01\/Equipamiento-policial-presenta.jpg\" alt=\"\" class=\"wp-image-11411\" style=\"width:319px;height:auto\" srcset=\"https:\/\/www.delexodo.com.ar\/wp-content\/uploads\/2025\/01\/Equipamiento-policial-presenta.jpg 600w, https:\/\/www.delexodo.com.ar\/wp-content\/uploads\/2025\/01\/Equipamiento-policial-presenta-300x200.jpg 300w\" sizes=\"auto, (max-width: 600px) 100vw, 600px\" \/><\/figure><\/div>\n\n\n<p>Argument\u00f3 la inversi\u00f3n sosteniendo que <em>\u00abforma parte de nuestra obligaci\u00f3n como gobierno, como Estado, de cuidar a los entrerrianos y eso va de la mano con cuidar a los que nos cuidan\u00bb. \u00abPorque nuestra Polic\u00eda, la mejor de la Argentina, siempre lo digo con mucho orgullo, nos viene cuidando a los entrerrianos desde siempre. Pero la pol\u00edtica no cuidaba a nuestra Polic\u00eda y eso est\u00e1 cambiando, esperemos, para siempre\u00bb<\/em>, dese\u00f3.<\/p>\n\n\n\n<p>Al enumerar los nuevos instrumentos adquiridos, de los que dijo son \u00abherramientas para proteger a la sociedad de la delincuencia\u00bb, el gobernador agreg\u00f3: <em>\u00abReci\u00e9n compar\u00e1bamos lo que es el viejo armamento de los grupos especiales con estas nuevas armas que ha adquirido la Polic\u00eda y, claramente, hay un abismo de diferencia\u00bb<\/em>.<\/p>\n\n\n\n<p>En cuanto a los objetivos del GDI y a la forma en que contribuir\u00e1 a brindar mayor seguridad, el ministro Roncaglia expres\u00f3: <em>\u00abSiempre hablamos con el jefe de la Polic\u00eda (Claudio Gonz\u00e1lez) de una fuerza de proximidad, que trabaje en los barrios m\u00e1s vulnerables, donde la gente es muy buena pero el medio geogr\u00e1fico brinda condiciones para delinquir, vender droga o para que haya conflictos intrafamiliares. Entonces, donde detectemos esto, el grupo ir\u00e1 a cuidar al vecino, colaborando con las departamentales, la Guardia de Infanter\u00eda y los grupos especiales\u00bb<\/em>.<\/p>\n\n\n\n<h2 class=\"wp-block-heading\"><strong>Las adquisiciones<\/strong><\/h2>\n\n\n<div class=\"wp-block-image\">\n<figure class=\"aligncenter size-full is-resized\"><img loading=\"lazy\" decoding=\"async\" width=\"600\" height=\"400\" src=\"https:\/\/www.delexodo.com.ar\/wp-content\/uploads\/2025\/01\/Equipamiento-policial.jpg\" alt=\"\" class=\"wp-image-11412\" style=\"width:447px;height:auto\" srcset=\"https:\/\/www.delexodo.com.ar\/wp-content\/uploads\/2025\/01\/Equipamiento-policial.jpg 600w, https:\/\/www.delexodo.com.ar\/wp-content\/uploads\/2025\/01\/Equipamiento-policial-300x200.jpg 300w\" sizes=\"auto, (max-width: 600px) 100vw, 600px\" \/><\/figure><\/div>\n\n\n<p>Durante el encuentro, adem\u00e1s de la presentaci\u00f3n del nuevo Grupo de Acci\u00f3n Inmediata (GDI), equipado con veh\u00edculos y tecnolog\u00eda de \u00faltima generaci\u00f3n, la Direcci\u00f3n General de Prevenci\u00f3n de Delitos Rurales tambi\u00e9n expuso nuevos equipos para combatir el abigeato y otros delitos en zonas rurales, como visores nocturnos y drones, que permitir\u00e1n una vigilancia m\u00e1s efectiva y la detecci\u00f3n temprana de actividades il\u00edcitas.<\/p>\n\n\n\n<p>Por su parte, la Direcci\u00f3n General de Prevenci\u00f3n y Seguridad Vial mostr\u00f3 los nuevos veh\u00edculos y equipos adquiridos para reforzar los controles en las rutas y garantizar la seguridad de los conductores y peatones. En tanto que la Direcci\u00f3n General de Investigaciones e Inteligencia Criminal present\u00f3 drones de \u00faltima generaci\u00f3n equipados con c\u00e1maras de alta resoluci\u00f3n y sistemas de geolocalizaci\u00f3n, herramientas fundamentales para la investigaci\u00f3n de delitos complejos.<\/p>\n","protected":false},"excerpt":{"rendered":"<p>El gobernador Rogelio Frigerio y el ministro de Seguridad y Justicia, N\u00e9stor Roncaglia, presentaron nuevos equipos y recursos destinados a&hellip;<\/p>\n","protected":false},"author":1,"featured_media":11410,"comment_status":"closed","ping_status":"closed","sticky":false,"template":"","format":"standard","meta":{"_joinchat":[],"footnotes":""},"categories":[350],"tags":[345],"class_list":["post-11409","post","type-post","status-publish","format-standard","has-post-thumbnail","hentry","category-policiales","tag-destacar"],"yoast_head":"<!-- This site is optimized with the Yoast SEO plugin v25.1 - https:\/\/yoast.com\/wordpress\/plugins\/seo\/ -->\n<title>Nueva tecnolog\u00eda y equipamiento para las fuerzas policiales - Del \u00c9xodo Nogoy\u00e1<\/title>\n<meta name=\"robots\" content=\"index, follow, max-snippet:-1, max-image-preview:large, max-video-preview:-1\" \/>\n<link rel=\"canonical\" href=\"https:\/\/www.delexodo.com.ar\/?p=11409\" \/>\n<meta property=\"og:locale\" content=\"es_ES\" \/>\n<meta property=\"og:type\" content=\"article\" \/>\n<meta property=\"og:title\" content=\"Nueva tecnolog\u00eda y equipamiento para las fuerzas policiales - Del \u00c9xodo Nogoy\u00e1\" \/>\n<meta property=\"og:description\" content=\"El gobernador Rogelio Frigerio y el ministro de Seguridad y Justicia, N\u00e9stor Roncaglia, presentaron nuevos equipos y recursos destinados a&hellip;\" \/>\n<meta property=\"og:url\" content=\"https:\/\/www.delexodo.com.ar\/?p=11409\" \/>\n<meta property=\"og:site_name\" content=\"Del \u00c9xodo Nogoy\u00e1\" \/>\n<meta property=\"article:published_time\" content=\"2025-01-30T19:31:43+00:00\" \/>\n<meta property=\"article:modified_time\" content=\"2025-01-30T19:55:44+00:00\" \/>\n<meta property=\"og:image\" content=\"https:\/\/www.delexodo.com.ar\/wp-content\/uploads\/2025\/01\/Equipamiento-policial-Portada.jpg\" \/>\n\t<meta property=\"og:image:width\" content=\"900\" \/>\n\t<meta property=\"og:image:height\" content=\"600\" \/>\n\t<meta property=\"og:image:type\" content=\"image\/jpeg\" \/>\n<meta name=\"author\" content=\"admin\" \/>\n<meta name=\"twitter:card\" content=\"summary_large_image\" \/>\n<meta name=\"twitter:label1\" content=\"Escrito por\" \/>\n\t<meta name=\"twitter:data1\" content=\"admin\" \/>\n\t<meta name=\"twitter:label2\" content=\"Tiempo de lectura\" \/>\n\t<meta name=\"twitter:data2\" content=\"3 minutos\" \/>\n<script type=\"application\/ld+json\" class=\"yoast-schema-graph\">{\"@context\":\"https:\/\/schema.org\",\"@graph\":[{\"@type\":\"Article\",\"@id\":\"https:\/\/www.delexodo.com.ar\/?p=11409#article\",\"isPartOf\":{\"@id\":\"https:\/\/www.delexodo.com.ar\/?p=11409\"},\"author\":{\"name\":\"admin\",\"@id\":\"https:\/\/www.delexodo.com.ar\/#\/schema\/person\/bbed37f7da8e938660b34f2013ba449d\"},\"headline\":\"Nueva tecnolog\u00eda y equipamiento para las fuerzas policiales\",\"datePublished\":\"2025-01-30T19:31:43+00:00\",\"dateModified\":\"2025-01-30T19:55:44+00:00\",\"mainEntityOfPage\":{\"@id\":\"https:\/\/www.delexodo.com.ar\/?p=11409\"},\"wordCount\":558,\"publisher\":{\"@id\":\"https:\/\/www.delexodo.com.ar\/#organization\"},\"image\":{\"@id\":\"https:\/\/www.delexodo.com.ar\/?p=11409#primaryimage\"},\"thumbnailUrl\":\"https:\/\/www.delexodo.com.ar\/wp-content\/uploads\/2025\/01\/Equipamiento-policial-Portada.jpg\",\"keywords\":[\"destacar\"],\"articleSection\":[\"Policiales\"],\"inLanguage\":\"es\"},{\"@type\":\"WebPage\",\"@id\":\"https:\/\/www.delexodo.com.ar\/?p=11409\",\"url\":\"https:\/\/www.delexodo.com.ar\/?p=11409\",\"name\":\"Nueva tecnolog\u00eda y equipamiento para las fuerzas policiales - Del \u00c9xodo Nogoy\u00e1\",\"isPartOf\":{\"@id\":\"https:\/\/www.delexodo.com.ar\/#website\"},\"primaryImageOfPage\":{\"@id\":\"https:\/\/www.delexodo.com.ar\/?p=11409#primaryimage\"},\"image\":{\"@id\":\"https:\/\/www.delexodo.com.ar\/?p=11409#primaryimage\"},\"thumbnailUrl\":\"https:\/\/www.delexodo.com.ar\/wp-content\/uploads\/2025\/01\/Equipamiento-policial-Portada.jpg\",\"datePublished\":\"2025-01-30T19:31:43+00:00\",\"dateModified\":\"2025-01-30T19:55:44+00:00\",\"breadcrumb\":{\"@id\":\"https:\/\/www.delexodo.com.ar\/?p=11409#breadcrumb\"},\"inLanguage\":\"es\",\"potentialAction\":[{\"@type\":\"ReadAction\",\"target\":[\"https:\/\/www.delexodo.com.ar\/?p=11409\"]}]},{\"@type\":\"ImageObject\",\"inLanguage\":\"es\",\"@id\":\"https:\/\/www.delexodo.com.ar\/?p=11409#primaryimage\",\"url\":\"https:\/\/www.delexodo.com.ar\/wp-content\/uploads\/2025\/01\/Equipamiento-policial-Portada.jpg\",\"contentUrl\":\"https:\/\/www.delexodo.com.ar\/wp-content\/uploads\/2025\/01\/Equipamiento-policial-Portada.jpg\",\"width\":900,\"height\":600},{\"@type\":\"BreadcrumbList\",\"@id\":\"https:\/\/www.delexodo.com.ar\/?p=11409#breadcrumb\",\"itemListElement\":[{\"@type\":\"ListItem\",\"position\":1,\"name\":\"Portada\",\"item\":\"https:\/\/www.delexodo.com.ar\/\"},{\"@type\":\"ListItem\",\"position\":2,\"name\":\"Nueva tecnolog\u00eda y equipamiento para las fuerzas policiales\"}]},{\"@type\":\"WebSite\",\"@id\":\"https:\/\/www.delexodo.com.ar\/#website\",\"url\":\"https:\/\/www.delexodo.com.ar\/\",\"name\":\"Del \u00c9xodo Nogoy\u00e1\",\"description\":\"El Portal de Noticias de la Regi\u00f3n\",\"publisher\":{\"@id\":\"https:\/\/www.delexodo.com.ar\/#organization\"},\"potentialAction\":[{\"@type\":\"SearchAction\",\"target\":{\"@type\":\"EntryPoint\",\"urlTemplate\":\"https:\/\/www.delexodo.com.ar\/?s={search_term_string}\"},\"query-input\":{\"@type\":\"PropertyValueSpecification\",\"valueRequired\":true,\"valueName\":\"search_term_string\"}}],\"inLanguage\":\"es\"},{\"@type\":\"Organization\",\"@id\":\"https:\/\/www.delexodo.com.ar\/#organization\",\"name\":\"Del \u00c9xodo Nogoy\u00e1\",\"url\":\"https:\/\/www.delexodo.com.ar\/\",\"logo\":{\"@type\":\"ImageObject\",\"inLanguage\":\"es\",\"@id\":\"https:\/\/www.delexodo.com.ar\/#\/schema\/logo\/image\/\",\"url\":\"https:\/\/www.delexodo.com.ar\/wp-content\/uploads\/2024\/10\/cropped-cropped-LOGO24.png\",\"contentUrl\":\"https:\/\/www.delexodo.com.ar\/wp-content\/uploads\/2024\/10\/cropped-cropped-LOGO24.png\",\"width\":512,\"height\":349,\"caption\":\"Del \u00c9xodo Nogoy\u00e1\"},\"image\":{\"@id\":\"https:\/\/www.delexodo.com.ar\/#\/schema\/logo\/image\/\"}},{\"@type\":\"Person\",\"@id\":\"https:\/\/www.delexodo.com.ar\/#\/schema\/person\/bbed37f7da8e938660b34f2013ba449d\",\"name\":\"admin\",\"image\":{\"@type\":\"ImageObject\",\"inLanguage\":\"es\",\"@id\":\"https:\/\/www.delexodo.com.ar\/#\/schema\/person\/image\/\",\"url\":\"https:\/\/secure.gravatar.com\/avatar\/6b1558d1b6df085f1901bd5bd98523d7?s=96&d=mm&r=g\",\"contentUrl\":\"https:\/\/secure.gravatar.com\/avatar\/6b1558d1b6df085f1901bd5bd98523d7?s=96&d=mm&r=g\",\"caption\":\"admin\"},\"url\":\"https:\/\/www.delexodo.com.ar\/?author=1\"}]}<\/script>\n<!-- \/ Yoast SEO plugin. -->","yoast_head_json":{"title":"Nueva tecnolog\u00eda y equipamiento para las fuerzas policiales - Del \u00c9xodo Nogoy\u00e1","robots":{"index":"index","follow":"follow","max-snippet":"max-snippet:-1","max-image-preview":"max-image-preview:large","max-video-preview":"max-video-preview:-1"},"canonical":"https:\/\/www.delexodo.com.ar\/?p=11409","og_locale":"es_ES","og_type":"article","og_title":"Nueva tecnolog\u00eda y equipamiento para las fuerzas policiales - Del \u00c9xodo Nogoy\u00e1","og_description":"El gobernador Rogelio Frigerio y el ministro de Seguridad y Justicia, N\u00e9stor Roncaglia, presentaron nuevos equipos y recursos destinados a&hellip;","og_url":"https:\/\/www.delexodo.com.ar\/?p=11409","og_site_name":"Del \u00c9xodo Nogoy\u00e1","article_published_time":"2025-01-30T19:31:43+00:00","article_modified_time":"2025-01-30T19:55:44+00:00","og_image":[{"width":900,"height":600,"url":"https:\/\/www.delexodo.com.ar\/wp-content\/uploads\/2025\/01\/Equipamiento-policial-Portada.jpg","type":"image\/jpeg"}],"author":"admin","twitter_card":"summary_large_image","twitter_misc":{"Escrito por":"admin","Tiempo de lectura":"3 minutos"},"schema":{"@context":"https:\/\/schema.org","@graph":[{"@type":"Article","@id":"https:\/\/www.delexodo.com.ar\/?p=11409#article","isPartOf":{"@id":"https:\/\/www.delexodo.com.ar\/?p=11409"},"author":{"name":"admin","@id":"https:\/\/www.delexodo.com.ar\/#\/schema\/person\/bbed37f7da8e938660b34f2013ba449d"},"headline":"Nueva tecnolog\u00eda y equipamiento para las fuerzas policiales","datePublished":"2025-01-30T19:31:43+00:00","dateModified":"2025-01-30T19:55:44+00:00","mainEntityOfPage":{"@id":"https:\/\/www.delexodo.com.ar\/?p=11409"},"wordCount":558,"publisher":{"@id":"https:\/\/www.delexodo.com.ar\/#organization"},"image":{"@id":"https:\/\/www.delexodo.com.ar\/?p=11409#primaryimage"},"thumbnailUrl":"https:\/\/www.delexodo.com.ar\/wp-content\/uploads\/2025\/01\/Equipamiento-policial-Portada.jpg","keywords":["destacar"],"articleSection":["Policiales"],"inLanguage":"es"},{"@type":"WebPage","@id":"https:\/\/www.delexodo.com.ar\/?p=11409","url":"https:\/\/www.delexodo.com.ar\/?p=11409","name":"Nueva tecnolog\u00eda y equipamiento para las fuerzas policiales - Del \u00c9xodo Nogoy\u00e1","isPartOf":{"@id":"https:\/\/www.delexodo.com.ar\/#website"},"primaryImageOfPage":{"@id":"https:\/\/www.delexodo.com.ar\/?p=11409#primaryimage"},"image":{"@id":"https:\/\/www.delexodo.com.ar\/?p=11409#primaryimage"},"thumbnailUrl":"https:\/\/www.delexodo.com.ar\/wp-content\/uploads\/2025\/01\/Equipamiento-policial-Portada.jpg","datePublished":"2025-01-30T19:31:43+00:00","dateModified":"2025-01-30T19:55:44+00:00","breadcrumb":{"@id":"https:\/\/www.delexodo.com.ar\/?p=11409#breadcrumb"},"inLanguage":"es","potentialAction":[{"@type":"ReadAction","target":["https:\/\/www.delexodo.com.ar\/?p=11409"]}]},{"@type":"ImageObject","inLanguage":"es","@id":"https:\/\/www.delexodo.com.ar\/?p=11409#primaryimage","url":"https:\/\/www.delexodo.com.ar\/wp-content\/uploads\/2025\/01\/Equipamiento-policial-Portada.jpg","contentUrl":"https:\/\/www.delexodo.com.ar\/wp-content\/uploads\/2025\/01\/Equipamiento-policial-Portada.jpg","width":900,"height":600},{"@type":"BreadcrumbList","@id":"https:\/\/www.delexodo.com.ar\/?p=11409#breadcrumb","itemListElement":[{"@type":"ListItem","position":1,"name":"Portada","item":"https:\/\/www.delexodo.com.ar\/"},{"@type":"ListItem","position":2,"name":"Nueva tecnolog\u00eda y equipamiento para las fuerzas policiales"}]},{"@type":"WebSite","@id":"https:\/\/www.delexodo.com.ar\/#website","url":"https:\/\/www.delexodo.com.ar\/","name":"Del \u00c9xodo Nogoy\u00e1","description":"El Portal de Noticias de la Regi\u00f3n","publisher":{"@id":"https:\/\/www.delexodo.com.ar\/#organization"},"potentialAction":[{"@type":"SearchAction","target":{"@type":"EntryPoint","urlTemplate":"https:\/\/www.delexodo.com.ar\/?s={search_term_string}"},"query-input":{"@type":"PropertyValueSpecification","valueRequired":true,"valueName":"search_term_string"}}],"inLanguage":"es"},{"@type":"Organization","@id":"https:\/\/www.delexodo.com.ar\/#organization","name":"Del \u00c9xodo Nogoy\u00e1","url":"https:\/\/www.delexodo.com.ar\/","logo":{"@type":"ImageObject","inLanguage":"es","@id":"https:\/\/www.delexodo.com.ar\/#\/schema\/logo\/image\/","url":"https:\/\/www.delexodo.com.ar\/wp-content\/uploads\/2024\/10\/cropped-cropped-LOGO24.png","contentUrl":"https:\/\/www.delexodo.com.ar\/wp-content\/uploads\/2024\/10\/cropped-cropped-LOGO24.png","width":512,"height":349,"caption":"Del \u00c9xodo Nogoy\u00e1"},"image":{"@id":"https:\/\/www.delexodo.com.ar\/#\/schema\/logo\/image\/"}},{"@type":"Person","@id":"https:\/\/www.delexodo.com.ar\/#\/schema\/person\/bbed37f7da8e938660b34f2013ba449d","name":"admin","image":{"@type":"ImageObject","inLanguage":"es","@id":"https:\/\/www.delexodo.com.ar\/#\/schema\/person\/image\/","url":"https:\/\/secure.gravatar.com\/avatar\/6b1558d1b6df085f1901bd5bd98523d7?s=96&d=mm&r=g","contentUrl":"https:\/\/secure.gravatar.com\/avatar\/6b1558d1b6df085f1901bd5bd98523d7?s=96&d=mm&r=g","caption":"admin"},"url":"https:\/\/www.delexodo.com.ar\/?author=1"}]}},"_links":{"self":[{"href":"https:\/\/www.delexodo.com.ar\/index.php?rest_route=\/wp\/v2\/posts\/11409","targetHints":{"allow":["GET"]}}],"collection":[{"href":"https:\/\/www.delexodo.com.ar\/index.php?rest_route=\/wp\/v2\/posts"}],"about":[{"href":"https:\/\/www.delexodo.com.ar\/index.php?rest_route=\/wp\/v2\/types\/post"}],"author":[{"embeddable":true,"href":"https:\/\/www.delexodo.com.ar\/index.php?rest_route=\/wp\/v2\/users\/1"}],"replies":[{"embeddable":true,"href":"https:\/\/www.delexodo.com.ar\/index.php?rest_route=%2Fwp%2Fv2%2Fcomments&post=11409"}],"version-history":[{"count":1,"href":"https:\/\/www.delexodo.com.ar\/index.php?rest_route=\/wp\/v2\/posts\/11409\/revisions"}],"predecessor-version":[{"id":11413,"href":"https:\/\/www.delexodo.com.ar\/index.php?rest_route=\/wp\/v2\/posts\/11409\/revisions\/11413"}],"wp:featuredmedia":[{"embeddable":true,"href":"https:\/\/www.delexodo.com.ar\/index.php?rest_route=\/wp\/v2\/media\/11410"}],"wp:attachment":[{"href":"https:\/\/www.delexodo.com.ar\/index.php?rest_route=%2Fwp%2Fv2%2Fmedia&parent=11409"}],"wp:term":[{"taxonomy":"category","embeddable":true,"href":"https:\/\/www.delexodo.com.ar\/index.php?rest_route=%2Fwp%2Fv2%2Fcategories&post=11409"},{"taxonomy":"post_tag","embeddable":true,"href":"https:\/\/www.delexodo.com.ar\/index.php?rest_route=%2Fwp%2Fv2%2Ftags&post=11409"}],"curies":[{"name":"wp","href":"https:\/\/api.w.org\/{rel}","templated":true}]}}