{"id":11279,"date":"2024-12-05T17:29:38","date_gmt":"2024-12-05T20:29:38","guid":{"rendered":"https:\/\/www.delexodo.com.ar\/?p=11279"},"modified":"2024-12-05T17:33:18","modified_gmt":"2024-12-05T20:33:18","slug":"frigerio-trato-en-gabinete-el-inicio-de-los-proximos-tramos-del-plan-de-recuperacion-de-la-trama-vial-en-la-provincia","status":"publish","type":"post","link":"https:\/\/www.delexodo.com.ar\/?p=11279","title":{"rendered":"Frigerio trat\u00f3 en gabinete el inicio de los pr\u00f3ximos tramos del plan de recuperaci\u00f3n de la trama vial en la provincia"},"content":{"rendered":"\n<p><strong><em>El gobernador Rogelio Frigerio reuni\u00f3 este mi\u00e9rcoles nuevamente a su gabinete para avanzar sobre temas de gesti\u00f3n. El principal fue el comienzo de los pr\u00f3ximos tramos del plan de recuperaci\u00f3n de la trama vial en la provincia que iniciar\u00e1 la semana pr\u00f3xima.<\/em><\/strong><\/p>\n\n\n\n<figure class=\"wp-block-embed is-type-video is-provider-youtube wp-block-embed-youtube wp-embed-aspect-16-9 wp-has-aspect-ratio\"><div class=\"wp-block-embed__wrapper\">\n<iframe loading=\"lazy\" title=\"Frigerio trat\u00f3 en gabinete el inicio del plan de recuperaci\u00f3n de la trama vial en la provincia\" width=\"500\" height=\"281\" src=\"https:\/\/www.youtube.com\/embed\/9MnjrvcIPl8?feature=oembed\" frameborder=\"0\" allow=\"accelerometer; autoplay; clipboard-write; encrypted-media; gyroscope; picture-in-picture; web-share\" referrerpolicy=\"strict-origin-when-cross-origin\" allowfullscreen><\/iframe>\n<\/div><\/figure>\n\n\n\n<p>Al t\u00e9rmino del encuentro que se desarroll\u00f3 en Casa de Gobierno, y del que participaron la vicegobernadora Alicia Aluani, y el presidente de la C\u00e1mara de Diputados, Gustavo Hein; el ministro de Planeamiento, Infraestructura y Servicios, Dar\u00edo Schneider, precis\u00f3 que en lo que respecta a su cartera dialogaron y coordinaron sobre lo que comenzar\u00e1 la semana pr\u00f3xima: <strong>\u00abEl plan de recuperaci\u00f3n de la trama vial en la provincia de Entre R\u00edos\u00bb<\/strong>.<\/p>\n\n\n\n<p>En ese sentido, adelant\u00f3 que \u00abentre lunes o martes comienza el trabajo de lo que denominamos Grupo 1 de rutas que incluye la N\u00b011, la N\u00b016, la N\u00b026, la N\u00b020, la N\u00b045, y la N\u00b0 51\u00bb. <em>\u00abVamos a estar llegando a la ruta N\u00b020 para firmar el inicio de obra en un sector que est\u00e1 muy complicado y que genera much\u00edsimos inconvenientes al tr\u00e1nsito y que es pr\u00f3xima a Gualeguaych\u00fa\u00bb<\/em>, indic\u00f3.<\/p>\n\n\n\n<p><em>\u00abEste es el comienzo del plan vial que se anunci\u00f3 en su momento\u00bb, record\u00f3 el ministro, y detall\u00f3: \u00abSe va a trabajar sobre la recuperaci\u00f3n de la trama vial con bacheos profundos y adem\u00e1s sobre se\u00f1alizaci\u00f3n vial horizontal y vertical que tambi\u00e9n es fundamental y necesaria para generar seguridad\u00bb<\/em>. Adem\u00e1s agreg\u00f3 que <em>\u00abeste primer grupo de obras prev\u00e9 intervenir 469 kil\u00f3metros de camino\u00bb<\/em>.<\/p>\n\n\n\n<p>Finalmente, se refiri\u00f3 al estado de las rutas de la provincia, <em>\u00absabemos en el estado en que est\u00e1n y por eso han sido una prioridad para este a\u00f1o y para el Presupuesto 2025\u00bb<\/em>. <em>\u00abY vamos a estar trabajando mucho en este tema\u00bb<\/em>, concluy\u00f3 el ministro.<\/p>\n\n\n\n<figure class=\"wp-block-gallery has-nested-images columns-default is-cropped wp-block-gallery-1 is-layout-flex wp-block-gallery-is-layout-flex\">\n<figure class=\"wp-block-image size-large\"><a href=\"https:\/\/portal.entrerios.gov.ar\/inicio\" target=\"_blank\" rel=\"noreferrer noopener\"><img decoding=\"async\" data-id=\"11275\" src=\"https:\/\/www.delexodo.com.ar\/wp-content\/uploads\/2024\/12\/HOY-INFRAESTRUCTURA-955x100-1.gif\" alt=\"\" class=\"wp-image-11275\"\/><\/a><\/figure>\n<\/figure>\n\n\n\n<p><\/p>\n","protected":false},"excerpt":{"rendered":"<p>El gobernador Rogelio Frigerio reuni\u00f3 este mi\u00e9rcoles nuevamente a su gabinete para avanzar sobre temas de gesti\u00f3n. El principal fue&hellip;<\/p>\n","protected":false},"author":1,"featured_media":11280,"comment_status":"closed","ping_status":"closed","sticky":false,"template":"","format":"standard","meta":{"_joinchat":[],"footnotes":""},"categories":[349],"tags":[345],"class_list":["post-11279","post","type-post","status-publish","format-standard","has-post-thumbnail","hentry","category-politica","tag-destacar"],"yoast_head":"<!-- This site is optimized with the Yoast SEO plugin v25.1 - https:\/\/yoast.com\/wordpress\/plugins\/seo\/ -->\n<title>Frigerio trat\u00f3 en gabinete el inicio de los pr\u00f3ximos tramos del plan de recuperaci\u00f3n de la trama vial en la provincia - Del \u00c9xodo Nogoy\u00e1<\/title>\n<meta name=\"robots\" content=\"index, follow, max-snippet:-1, max-image-preview:large, max-video-preview:-1\" \/>\n<link rel=\"canonical\" href=\"https:\/\/www.delexodo.com.ar\/?p=11279\" \/>\n<meta property=\"og:locale\" content=\"es_ES\" \/>\n<meta property=\"og:type\" content=\"article\" \/>\n<meta property=\"og:title\" content=\"Frigerio trat\u00f3 en gabinete el inicio de los pr\u00f3ximos tramos del plan de recuperaci\u00f3n de la trama vial en la provincia - Del \u00c9xodo Nogoy\u00e1\" \/>\n<meta property=\"og:description\" content=\"El gobernador Rogelio Frigerio reuni\u00f3 este mi\u00e9rcoles nuevamente a su gabinete para avanzar sobre temas de gesti\u00f3n. El principal fue&hellip;\" \/>\n<meta property=\"og:url\" content=\"https:\/\/www.delexodo.com.ar\/?p=11279\" \/>\n<meta property=\"og:site_name\" content=\"Del \u00c9xodo Nogoy\u00e1\" \/>\n<meta property=\"article:published_time\" content=\"2024-12-05T20:29:38+00:00\" \/>\n<meta property=\"article:modified_time\" content=\"2024-12-05T20:33:18+00:00\" \/>\n<meta property=\"og:image\" content=\"https:\/\/www.delexodo.com.ar\/wp-content\/uploads\/2024\/12\/Frigerio-Gabinete.jpg\" \/>\n\t<meta property=\"og:image:width\" content=\"900\" \/>\n\t<meta property=\"og:image:height\" content=\"600\" \/>\n\t<meta property=\"og:image:type\" content=\"image\/jpeg\" \/>\n<meta name=\"author\" content=\"admin\" \/>\n<meta name=\"twitter:card\" content=\"summary_large_image\" \/>\n<meta name=\"twitter:label1\" content=\"Escrito por\" \/>\n\t<meta name=\"twitter:data1\" content=\"admin\" \/>\n\t<meta name=\"twitter:label2\" content=\"Tiempo de lectura\" \/>\n\t<meta name=\"twitter:data2\" content=\"2 minutos\" \/>\n<script type=\"application\/ld+json\" class=\"yoast-schema-graph\">{\"@context\":\"https:\/\/schema.org\",\"@graph\":[{\"@type\":\"Article\",\"@id\":\"https:\/\/www.delexodo.com.ar\/?p=11279#article\",\"isPartOf\":{\"@id\":\"https:\/\/www.delexodo.com.ar\/?p=11279\"},\"author\":{\"name\":\"admin\",\"@id\":\"https:\/\/www.delexodo.com.ar\/#\/schema\/person\/bbed37f7da8e938660b34f2013ba449d\"},\"headline\":\"Frigerio trat\u00f3 en gabinete el inicio de los pr\u00f3ximos tramos del plan de recuperaci\u00f3n de la trama vial en la provincia\",\"datePublished\":\"2024-12-05T20:29:38+00:00\",\"dateModified\":\"2024-12-05T20:33:18+00:00\",\"mainEntityOfPage\":{\"@id\":\"https:\/\/www.delexodo.com.ar\/?p=11279\"},\"wordCount\":341,\"publisher\":{\"@id\":\"https:\/\/www.delexodo.com.ar\/#organization\"},\"image\":{\"@id\":\"https:\/\/www.delexodo.com.ar\/?p=11279#primaryimage\"},\"thumbnailUrl\":\"https:\/\/www.delexodo.com.ar\/wp-content\/uploads\/2024\/12\/Frigerio-Gabinete.jpg\",\"keywords\":[\"destacar\"],\"articleSection\":[\"Politica\"],\"inLanguage\":\"es\"},{\"@type\":\"WebPage\",\"@id\":\"https:\/\/www.delexodo.com.ar\/?p=11279\",\"url\":\"https:\/\/www.delexodo.com.ar\/?p=11279\",\"name\":\"Frigerio trat\u00f3 en gabinete el inicio de los pr\u00f3ximos tramos del plan de recuperaci\u00f3n de la trama vial en la provincia - Del \u00c9xodo Nogoy\u00e1\",\"isPartOf\":{\"@id\":\"https:\/\/www.delexodo.com.ar\/#website\"},\"primaryImageOfPage\":{\"@id\":\"https:\/\/www.delexodo.com.ar\/?p=11279#primaryimage\"},\"image\":{\"@id\":\"https:\/\/www.delexodo.com.ar\/?p=11279#primaryimage\"},\"thumbnailUrl\":\"https:\/\/www.delexodo.com.ar\/wp-content\/uploads\/2024\/12\/Frigerio-Gabinete.jpg\",\"datePublished\":\"2024-12-05T20:29:38+00:00\",\"dateModified\":\"2024-12-05T20:33:18+00:00\",\"breadcrumb\":{\"@id\":\"https:\/\/www.delexodo.com.ar\/?p=11279#breadcrumb\"},\"inLanguage\":\"es\",\"potentialAction\":[{\"@type\":\"ReadAction\",\"target\":[\"https:\/\/www.delexodo.com.ar\/?p=11279\"]}]},{\"@type\":\"ImageObject\",\"inLanguage\":\"es\",\"@id\":\"https:\/\/www.delexodo.com.ar\/?p=11279#primaryimage\",\"url\":\"https:\/\/www.delexodo.com.ar\/wp-content\/uploads\/2024\/12\/Frigerio-Gabinete.jpg\",\"contentUrl\":\"https:\/\/www.delexodo.com.ar\/wp-content\/uploads\/2024\/12\/Frigerio-Gabinete.jpg\",\"width\":900,\"height\":600},{\"@type\":\"BreadcrumbList\",\"@id\":\"https:\/\/www.delexodo.com.ar\/?p=11279#breadcrumb\",\"itemListElement\":[{\"@type\":\"ListItem\",\"position\":1,\"name\":\"Portada\",\"item\":\"https:\/\/www.delexodo.com.ar\/\"},{\"@type\":\"ListItem\",\"position\":2,\"name\":\"Frigerio trat\u00f3 en gabinete el inicio de los pr\u00f3ximos tramos del plan de recuperaci\u00f3n de la trama vial en la provincia\"}]},{\"@type\":\"WebSite\",\"@id\":\"https:\/\/www.delexodo.com.ar\/#website\",\"url\":\"https:\/\/www.delexodo.com.ar\/\",\"name\":\"Del \u00c9xodo Nogoy\u00e1\",\"description\":\"El Portal de Noticias de la Regi\u00f3n\",\"publisher\":{\"@id\":\"https:\/\/www.delexodo.com.ar\/#organization\"},\"potentialAction\":[{\"@type\":\"SearchAction\",\"target\":{\"@type\":\"EntryPoint\",\"urlTemplate\":\"https:\/\/www.delexodo.com.ar\/?s={search_term_string}\"},\"query-input\":{\"@type\":\"PropertyValueSpecification\",\"valueRequired\":true,\"valueName\":\"search_term_string\"}}],\"inLanguage\":\"es\"},{\"@type\":\"Organization\",\"@id\":\"https:\/\/www.delexodo.com.ar\/#organization\",\"name\":\"Del \u00c9xodo Nogoy\u00e1\",\"url\":\"https:\/\/www.delexodo.com.ar\/\",\"logo\":{\"@type\":\"ImageObject\",\"inLanguage\":\"es\",\"@id\":\"https:\/\/www.delexodo.com.ar\/#\/schema\/logo\/image\/\",\"url\":\"https:\/\/www.delexodo.com.ar\/wp-content\/uploads\/2024\/10\/cropped-cropped-LOGO24.png\",\"contentUrl\":\"https:\/\/www.delexodo.com.ar\/wp-content\/uploads\/2024\/10\/cropped-cropped-LOGO24.png\",\"width\":512,\"height\":349,\"caption\":\"Del \u00c9xodo Nogoy\u00e1\"},\"image\":{\"@id\":\"https:\/\/www.delexodo.com.ar\/#\/schema\/logo\/image\/\"}},{\"@type\":\"Person\",\"@id\":\"https:\/\/www.delexodo.com.ar\/#\/schema\/person\/bbed37f7da8e938660b34f2013ba449d\",\"name\":\"admin\",\"image\":{\"@type\":\"ImageObject\",\"inLanguage\":\"es\",\"@id\":\"https:\/\/www.delexodo.com.ar\/#\/schema\/person\/image\/\",\"url\":\"https:\/\/secure.gravatar.com\/avatar\/6b1558d1b6df085f1901bd5bd98523d7?s=96&d=mm&r=g\",\"contentUrl\":\"https:\/\/secure.gravatar.com\/avatar\/6b1558d1b6df085f1901bd5bd98523d7?s=96&d=mm&r=g\",\"caption\":\"admin\"},\"url\":\"https:\/\/www.delexodo.com.ar\/?author=1\"}]}<\/script>\n<!-- \/ Yoast SEO plugin. -->","yoast_head_json":{"title":"Frigerio trat\u00f3 en gabinete el inicio de los pr\u00f3ximos tramos del plan de recuperaci\u00f3n de la trama vial en la provincia - Del \u00c9xodo Nogoy\u00e1","robots":{"index":"index","follow":"follow","max-snippet":"max-snippet:-1","max-image-preview":"max-image-preview:large","max-video-preview":"max-video-preview:-1"},"canonical":"https:\/\/www.delexodo.com.ar\/?p=11279","og_locale":"es_ES","og_type":"article","og_title":"Frigerio trat\u00f3 en gabinete el inicio de los pr\u00f3ximos tramos del plan de recuperaci\u00f3n de la trama vial en la provincia - Del \u00c9xodo Nogoy\u00e1","og_description":"El gobernador Rogelio Frigerio reuni\u00f3 este mi\u00e9rcoles nuevamente a su gabinete para avanzar sobre temas de gesti\u00f3n. El principal fue&hellip;","og_url":"https:\/\/www.delexodo.com.ar\/?p=11279","og_site_name":"Del \u00c9xodo Nogoy\u00e1","article_published_time":"2024-12-05T20:29:38+00:00","article_modified_time":"2024-12-05T20:33:18+00:00","og_image":[{"width":900,"height":600,"url":"https:\/\/www.delexodo.com.ar\/wp-content\/uploads\/2024\/12\/Frigerio-Gabinete.jpg","type":"image\/jpeg"}],"author":"admin","twitter_card":"summary_large_image","twitter_misc":{"Escrito por":"admin","Tiempo de lectura":"2 minutos"},"schema":{"@context":"https:\/\/schema.org","@graph":[{"@type":"Article","@id":"https:\/\/www.delexodo.com.ar\/?p=11279#article","isPartOf":{"@id":"https:\/\/www.delexodo.com.ar\/?p=11279"},"author":{"name":"admin","@id":"https:\/\/www.delexodo.com.ar\/#\/schema\/person\/bbed37f7da8e938660b34f2013ba449d"},"headline":"Frigerio trat\u00f3 en gabinete el inicio de los pr\u00f3ximos tramos del plan de recuperaci\u00f3n de la trama vial en la provincia","datePublished":"2024-12-05T20:29:38+00:00","dateModified":"2024-12-05T20:33:18+00:00","mainEntityOfPage":{"@id":"https:\/\/www.delexodo.com.ar\/?p=11279"},"wordCount":341,"publisher":{"@id":"https:\/\/www.delexodo.com.ar\/#organization"},"image":{"@id":"https:\/\/www.delexodo.com.ar\/?p=11279#primaryimage"},"thumbnailUrl":"https:\/\/www.delexodo.com.ar\/wp-content\/uploads\/2024\/12\/Frigerio-Gabinete.jpg","keywords":["destacar"],"articleSection":["Politica"],"inLanguage":"es"},{"@type":"WebPage","@id":"https:\/\/www.delexodo.com.ar\/?p=11279","url":"https:\/\/www.delexodo.com.ar\/?p=11279","name":"Frigerio trat\u00f3 en gabinete el inicio de los pr\u00f3ximos tramos del plan de recuperaci\u00f3n de la trama vial en la provincia - Del \u00c9xodo Nogoy\u00e1","isPartOf":{"@id":"https:\/\/www.delexodo.com.ar\/#website"},"primaryImageOfPage":{"@id":"https:\/\/www.delexodo.com.ar\/?p=11279#primaryimage"},"image":{"@id":"https:\/\/www.delexodo.com.ar\/?p=11279#primaryimage"},"thumbnailUrl":"https:\/\/www.delexodo.com.ar\/wp-content\/uploads\/2024\/12\/Frigerio-Gabinete.jpg","datePublished":"2024-12-05T20:29:38+00:00","dateModified":"2024-12-05T20:33:18+00:00","breadcrumb":{"@id":"https:\/\/www.delexodo.com.ar\/?p=11279#breadcrumb"},"inLanguage":"es","potentialAction":[{"@type":"ReadAction","target":["https:\/\/www.delexodo.com.ar\/?p=11279"]}]},{"@type":"ImageObject","inLanguage":"es","@id":"https:\/\/www.delexodo.com.ar\/?p=11279#primaryimage","url":"https:\/\/www.delexodo.com.ar\/wp-content\/uploads\/2024\/12\/Frigerio-Gabinete.jpg","contentUrl":"https:\/\/www.delexodo.com.ar\/wp-content\/uploads\/2024\/12\/Frigerio-Gabinete.jpg","width":900,"height":600},{"@type":"BreadcrumbList","@id":"https:\/\/www.delexodo.com.ar\/?p=11279#breadcrumb","itemListElement":[{"@type":"ListItem","position":1,"name":"Portada","item":"https:\/\/www.delexodo.com.ar\/"},{"@type":"ListItem","position":2,"name":"Frigerio trat\u00f3 en gabinete el inicio de los pr\u00f3ximos tramos del plan de recuperaci\u00f3n de la trama vial en la provincia"}]},{"@type":"WebSite","@id":"https:\/\/www.delexodo.com.ar\/#website","url":"https:\/\/www.delexodo.com.ar\/","name":"Del \u00c9xodo Nogoy\u00e1","description":"El Portal de Noticias de la Regi\u00f3n","publisher":{"@id":"https:\/\/www.delexodo.com.ar\/#organization"},"potentialAction":[{"@type":"SearchAction","target":{"@type":"EntryPoint","urlTemplate":"https:\/\/www.delexodo.com.ar\/?s={search_term_string}"},"query-input":{"@type":"PropertyValueSpecification","valueRequired":true,"valueName":"search_term_string"}}],"inLanguage":"es"},{"@type":"Organization","@id":"https:\/\/www.delexodo.com.ar\/#organization","name":"Del \u00c9xodo Nogoy\u00e1","url":"https:\/\/www.delexodo.com.ar\/","logo":{"@type":"ImageObject","inLanguage":"es","@id":"https:\/\/www.delexodo.com.ar\/#\/schema\/logo\/image\/","url":"https:\/\/www.delexodo.com.ar\/wp-content\/uploads\/2024\/10\/cropped-cropped-LOGO24.png","contentUrl":"https:\/\/www.delexodo.com.ar\/wp-content\/uploads\/2024\/10\/cropped-cropped-LOGO24.png","width":512,"height":349,"caption":"Del \u00c9xodo Nogoy\u00e1"},"image":{"@id":"https:\/\/www.delexodo.com.ar\/#\/schema\/logo\/image\/"}},{"@type":"Person","@id":"https:\/\/www.delexodo.com.ar\/#\/schema\/person\/bbed37f7da8e938660b34f2013ba449d","name":"admin","image":{"@type":"ImageObject","inLanguage":"es","@id":"https:\/\/www.delexodo.com.ar\/#\/schema\/person\/image\/","url":"https:\/\/secure.gravatar.com\/avatar\/6b1558d1b6df085f1901bd5bd98523d7?s=96&d=mm&r=g","contentUrl":"https:\/\/secure.gravatar.com\/avatar\/6b1558d1b6df085f1901bd5bd98523d7?s=96&d=mm&r=g","caption":"admin"},"url":"https:\/\/www.delexodo.com.ar\/?author=1"}]}},"_links":{"self":[{"href":"https:\/\/www.delexodo.com.ar\/index.php?rest_route=\/wp\/v2\/posts\/11279","targetHints":{"allow":["GET"]}}],"collection":[{"href":"https:\/\/www.delexodo.com.ar\/index.php?rest_route=\/wp\/v2\/posts"}],"about":[{"href":"https:\/\/www.delexodo.com.ar\/index.php?rest_route=\/wp\/v2\/types\/post"}],"author":[{"embeddable":true,"href":"https:\/\/www.delexodo.com.ar\/index.php?rest_route=\/wp\/v2\/users\/1"}],"replies":[{"embeddable":true,"href":"https:\/\/www.delexodo.com.ar\/index.php?rest_route=%2Fwp%2Fv2%2Fcomments&post=11279"}],"version-history":[{"count":2,"href":"https:\/\/www.delexodo.com.ar\/index.php?rest_route=\/wp\/v2\/posts\/11279\/revisions"}],"predecessor-version":[{"id":11282,"href":"https:\/\/www.delexodo.com.ar\/index.php?rest_route=\/wp\/v2\/posts\/11279\/revisions\/11282"}],"wp:featuredmedia":[{"embeddable":true,"href":"https:\/\/www.delexodo.com.ar\/index.php?rest_route=\/wp\/v2\/media\/11280"}],"wp:attachment":[{"href":"https:\/\/www.delexodo.com.ar\/index.php?rest_route=%2Fwp%2Fv2%2Fmedia&parent=11279"}],"wp:term":[{"taxonomy":"category","embeddable":true,"href":"https:\/\/www.delexodo.com.ar\/index.php?rest_route=%2Fwp%2Fv2%2Fcategories&post=11279"},{"taxonomy":"post_tag","embeddable":true,"href":"https:\/\/www.delexodo.com.ar\/index.php?rest_route=%2Fwp%2Fv2%2Ftags&post=11279"}],"curies":[{"name":"wp","href":"https:\/\/api.w.org\/{rel}","templated":true}]}}