{"id":11237,"date":"2024-11-25T17:33:24","date_gmt":"2024-11-25T20:33:24","guid":{"rendered":"https:\/\/www.delexodo.com.ar\/?p=11237"},"modified":"2024-11-25T17:33:45","modified_gmt":"2024-11-25T20:33:45","slug":"esta-semana-habra-audiencias-publicas-para-cargos-en-la-justicia","status":"publish","type":"post","link":"https:\/\/www.delexodo.com.ar\/?p=11237","title":{"rendered":"Esta semana habr\u00e1 audiencias p\u00fablicas para cargos en la Justicia"},"content":{"rendered":"\n<p><em><strong>Este martes y mi\u00e9rcoles se realizar\u00e1n cuatro audiencias p\u00fablicas en el recinto de la Honorable C\u00e1mara de Senadores. Las mismas son convocadas por la Comisi\u00f3n de Asuntos Constitucionales y Acuerdos, en el marco de lo que establece la Constituci\u00f3n Provincial y el art\u00edculo 19 del Reglamento del Senado Entrerriano.<\/strong><\/em><\/p>\n\n\n\n<p><strong>Cronograma de Audiencias:<\/strong><\/p>\n\n\n\n<p><strong><em>Martes 26\/11<\/em><\/strong><\/p>\n\n\n\n<p>09:30 | Dr. Mariano Budasoff, aspirante a juez de Garant\u00eda N\u00b07 de la Ciudad de Paran\u00e1. Expediente N\u00b0 15.055.<br>10:00 | Dr. Pablo Zoff, aspirante a juez de Garant\u00eda N\u00b08 de la Ciudad de Paran\u00e1. Expediente N\u00b0 15.056.<br>10:30 | Dr. Mauricio Guerrero, aspirante a juez de Garant\u00eda N\u00b01 de la Ciudad de Concordia. Expediente N\u00b0 15.057.<br>11:00 | Dra. Mar\u00eda Ser\u00f3, aspirante a juez de Garant\u00eda N\u00b04 de la Ciudad de Concordia. Expediente N\u00b0 15.059.<br>11:30 | Dra. Susana Firpo, aspirante a juez de Garant\u00eda N\u00b03 de la Ciudad de Paran\u00e1. Expediente N\u00b0 15.054.<\/p>\n\n\n\n<p><em><strong>Mi\u00e9rcoles 27\/11<\/strong><\/em><\/p>\n\n\n\n<p>09:30\u00a0 | Dr. Francisco Ledesma, aspirante a juez de Garant\u00eda N\u00b03 de la Ciudad de Concordia. Expediente N\u00b0 15.058.<br>10:00\u00a0 | Dra. Nadia Benedetti, aspirante a juez de Garant\u00eda y Transici\u00f3n de la Ciudad de Villaguay. Expediente N\u00b0 15.062.<br><strong><em>10:30 | Dr. Oscar Rossi, aspirante a juez de Garant\u00eda y Transici\u00f3n de la Ciudad de Nogoy\u00e1. Expediente N\u00b0 15.078.<\/em><\/strong><br>11:00\u00a0 | Dr. Jorge Tito, aspirante a defensor de Casaci\u00f3n Penal de la ciudad de Concordia. Expediente N\u00b0 15.110.<br>11:30\u00a0 | Dr. Jes\u00fas Penayo Amaya, aspirante a juez de Garant\u00eda y Transici\u00f3n de la Ciudad de Col\u00f3n. Expediente N\u00b0 15.060.<\/p>\n\n\n<div class=\"wp-block-image\">\n<figure class=\"aligncenter size-large\"><img loading=\"lazy\" decoding=\"async\" width=\"1024\" height=\"231\" src=\"https:\/\/www.delexodo.com.ar\/wp-content\/uploads\/2024\/02\/SENADO-ER-24-1024x231.png\" alt=\"\" class=\"wp-image-10161\" srcset=\"https:\/\/www.delexodo.com.ar\/wp-content\/uploads\/2024\/02\/SENADO-ER-24-1024x231.png 1024w, https:\/\/www.delexodo.com.ar\/wp-content\/uploads\/2024\/02\/SENADO-ER-24-300x68.png 300w, https:\/\/www.delexodo.com.ar\/wp-content\/uploads\/2024\/02\/SENADO-ER-24-768x173.png 768w, https:\/\/www.delexodo.com.ar\/wp-content\/uploads\/2024\/02\/SENADO-ER-24.png 1421w\" sizes=\"auto, (max-width: 1024px) 100vw, 1024px\" \/><\/figure><\/div>\n\n\n<p><\/p>\n","protected":false},"excerpt":{"rendered":"<p>Este martes y mi\u00e9rcoles se realizar\u00e1n cuatro audiencias p\u00fablicas en el recinto de la Honorable C\u00e1mara de Senadores. Las mismas&hellip;<\/p>\n","protected":false},"author":1,"featured_media":10682,"comment_status":"closed","ping_status":"closed","sticky":false,"template":"","format":"standard","meta":{"_joinchat":[],"footnotes":""},"categories":[349],"tags":[345],"class_list":["post-11237","post","type-post","status-publish","format-standard","has-post-thumbnail","hentry","category-politica","tag-destacar"],"yoast_head":"<!-- This site is optimized with the Yoast SEO plugin v25.1 - https:\/\/yoast.com\/wordpress\/plugins\/seo\/ -->\n<title>Esta semana habr\u00e1 audiencias p\u00fablicas para cargos en la Justicia - Del \u00c9xodo Nogoy\u00e1<\/title>\n<meta name=\"robots\" content=\"index, follow, max-snippet:-1, max-image-preview:large, max-video-preview:-1\" \/>\n<link rel=\"canonical\" href=\"https:\/\/www.delexodo.com.ar\/?p=11237\" \/>\n<meta property=\"og:locale\" content=\"es_ES\" \/>\n<meta property=\"og:type\" content=\"article\" \/>\n<meta property=\"og:title\" content=\"Esta semana habr\u00e1 audiencias p\u00fablicas para cargos en la Justicia - Del \u00c9xodo Nogoy\u00e1\" \/>\n<meta property=\"og:description\" content=\"Este martes y mi\u00e9rcoles se realizar\u00e1n cuatro audiencias p\u00fablicas en el recinto de la Honorable C\u00e1mara de Senadores. Las mismas&hellip;\" \/>\n<meta property=\"og:url\" content=\"https:\/\/www.delexodo.com.ar\/?p=11237\" \/>\n<meta property=\"og:site_name\" content=\"Del \u00c9xodo Nogoy\u00e1\" \/>\n<meta property=\"article:published_time\" content=\"2024-11-25T20:33:24+00:00\" \/>\n<meta property=\"article:modified_time\" content=\"2024-11-25T20:33:45+00:00\" \/>\n<meta property=\"og:image\" content=\"https:\/\/www.delexodo.com.ar\/wp-content\/uploads\/2024\/07\/SENADO-RECINTO.jpeg\" \/>\n\t<meta property=\"og:image:width\" content=\"860\" \/>\n\t<meta property=\"og:image:height\" content=\"573\" \/>\n\t<meta property=\"og:image:type\" content=\"image\/jpeg\" \/>\n<meta name=\"author\" content=\"admin\" \/>\n<meta name=\"twitter:card\" content=\"summary_large_image\" \/>\n<meta name=\"twitter:label1\" content=\"Escrito por\" \/>\n\t<meta name=\"twitter:data1\" content=\"admin\" \/>\n\t<meta name=\"twitter:label2\" content=\"Tiempo de lectura\" \/>\n\t<meta name=\"twitter:data2\" content=\"2 minutos\" \/>\n<script type=\"application\/ld+json\" class=\"yoast-schema-graph\">{\"@context\":\"https:\/\/schema.org\",\"@graph\":[{\"@type\":\"Article\",\"@id\":\"https:\/\/www.delexodo.com.ar\/?p=11237#article\",\"isPartOf\":{\"@id\":\"https:\/\/www.delexodo.com.ar\/?p=11237\"},\"author\":{\"name\":\"admin\",\"@id\":\"https:\/\/www.delexodo.com.ar\/#\/schema\/person\/bbed37f7da8e938660b34f2013ba449d\"},\"headline\":\"Esta semana habr\u00e1 audiencias p\u00fablicas para cargos en la Justicia\",\"datePublished\":\"2024-11-25T20:33:24+00:00\",\"dateModified\":\"2024-11-25T20:33:45+00:00\",\"mainEntityOfPage\":{\"@id\":\"https:\/\/www.delexodo.com.ar\/?p=11237\"},\"wordCount\":252,\"publisher\":{\"@id\":\"https:\/\/www.delexodo.com.ar\/#organization\"},\"image\":{\"@id\":\"https:\/\/www.delexodo.com.ar\/?p=11237#primaryimage\"},\"thumbnailUrl\":\"https:\/\/www.delexodo.com.ar\/wp-content\/uploads\/2024\/07\/SENADO-RECINTO.jpeg\",\"keywords\":[\"destacar\"],\"articleSection\":[\"Politica\"],\"inLanguage\":\"es\"},{\"@type\":\"WebPage\",\"@id\":\"https:\/\/www.delexodo.com.ar\/?p=11237\",\"url\":\"https:\/\/www.delexodo.com.ar\/?p=11237\",\"name\":\"Esta semana habr\u00e1 audiencias p\u00fablicas para cargos en la Justicia - Del \u00c9xodo Nogoy\u00e1\",\"isPartOf\":{\"@id\":\"https:\/\/www.delexodo.com.ar\/#website\"},\"primaryImageOfPage\":{\"@id\":\"https:\/\/www.delexodo.com.ar\/?p=11237#primaryimage\"},\"image\":{\"@id\":\"https:\/\/www.delexodo.com.ar\/?p=11237#primaryimage\"},\"thumbnailUrl\":\"https:\/\/www.delexodo.com.ar\/wp-content\/uploads\/2024\/07\/SENADO-RECINTO.jpeg\",\"datePublished\":\"2024-11-25T20:33:24+00:00\",\"dateModified\":\"2024-11-25T20:33:45+00:00\",\"breadcrumb\":{\"@id\":\"https:\/\/www.delexodo.com.ar\/?p=11237#breadcrumb\"},\"inLanguage\":\"es\",\"potentialAction\":[{\"@type\":\"ReadAction\",\"target\":[\"https:\/\/www.delexodo.com.ar\/?p=11237\"]}]},{\"@type\":\"ImageObject\",\"inLanguage\":\"es\",\"@id\":\"https:\/\/www.delexodo.com.ar\/?p=11237#primaryimage\",\"url\":\"https:\/\/www.delexodo.com.ar\/wp-content\/uploads\/2024\/07\/SENADO-RECINTO.jpeg\",\"contentUrl\":\"https:\/\/www.delexodo.com.ar\/wp-content\/uploads\/2024\/07\/SENADO-RECINTO.jpeg\",\"width\":860,\"height\":573},{\"@type\":\"BreadcrumbList\",\"@id\":\"https:\/\/www.delexodo.com.ar\/?p=11237#breadcrumb\",\"itemListElement\":[{\"@type\":\"ListItem\",\"position\":1,\"name\":\"Portada\",\"item\":\"https:\/\/www.delexodo.com.ar\/\"},{\"@type\":\"ListItem\",\"position\":2,\"name\":\"Esta semana habr\u00e1 audiencias p\u00fablicas para cargos en la Justicia\"}]},{\"@type\":\"WebSite\",\"@id\":\"https:\/\/www.delexodo.com.ar\/#website\",\"url\":\"https:\/\/www.delexodo.com.ar\/\",\"name\":\"Del \u00c9xodo Nogoy\u00e1\",\"description\":\"El Portal de Noticias de la Regi\u00f3n\",\"publisher\":{\"@id\":\"https:\/\/www.delexodo.com.ar\/#organization\"},\"potentialAction\":[{\"@type\":\"SearchAction\",\"target\":{\"@type\":\"EntryPoint\",\"urlTemplate\":\"https:\/\/www.delexodo.com.ar\/?s={search_term_string}\"},\"query-input\":{\"@type\":\"PropertyValueSpecification\",\"valueRequired\":true,\"valueName\":\"search_term_string\"}}],\"inLanguage\":\"es\"},{\"@type\":\"Organization\",\"@id\":\"https:\/\/www.delexodo.com.ar\/#organization\",\"name\":\"Del \u00c9xodo Nogoy\u00e1\",\"url\":\"https:\/\/www.delexodo.com.ar\/\",\"logo\":{\"@type\":\"ImageObject\",\"inLanguage\":\"es\",\"@id\":\"https:\/\/www.delexodo.com.ar\/#\/schema\/logo\/image\/\",\"url\":\"https:\/\/www.delexodo.com.ar\/wp-content\/uploads\/2024\/10\/cropped-cropped-LOGO24.png\",\"contentUrl\":\"https:\/\/www.delexodo.com.ar\/wp-content\/uploads\/2024\/10\/cropped-cropped-LOGO24.png\",\"width\":512,\"height\":349,\"caption\":\"Del \u00c9xodo Nogoy\u00e1\"},\"image\":{\"@id\":\"https:\/\/www.delexodo.com.ar\/#\/schema\/logo\/image\/\"}},{\"@type\":\"Person\",\"@id\":\"https:\/\/www.delexodo.com.ar\/#\/schema\/person\/bbed37f7da8e938660b34f2013ba449d\",\"name\":\"admin\",\"image\":{\"@type\":\"ImageObject\",\"inLanguage\":\"es\",\"@id\":\"https:\/\/www.delexodo.com.ar\/#\/schema\/person\/image\/\",\"url\":\"https:\/\/secure.gravatar.com\/avatar\/6b1558d1b6df085f1901bd5bd98523d7?s=96&d=mm&r=g\",\"contentUrl\":\"https:\/\/secure.gravatar.com\/avatar\/6b1558d1b6df085f1901bd5bd98523d7?s=96&d=mm&r=g\",\"caption\":\"admin\"},\"url\":\"https:\/\/www.delexodo.com.ar\/?author=1\"}]}<\/script>\n<!-- \/ Yoast SEO plugin. -->","yoast_head_json":{"title":"Esta semana habr\u00e1 audiencias p\u00fablicas para cargos en la Justicia - Del \u00c9xodo Nogoy\u00e1","robots":{"index":"index","follow":"follow","max-snippet":"max-snippet:-1","max-image-preview":"max-image-preview:large","max-video-preview":"max-video-preview:-1"},"canonical":"https:\/\/www.delexodo.com.ar\/?p=11237","og_locale":"es_ES","og_type":"article","og_title":"Esta semana habr\u00e1 audiencias p\u00fablicas para cargos en la Justicia - Del \u00c9xodo Nogoy\u00e1","og_description":"Este martes y mi\u00e9rcoles se realizar\u00e1n cuatro audiencias p\u00fablicas en el recinto de la Honorable C\u00e1mara de Senadores. Las mismas&hellip;","og_url":"https:\/\/www.delexodo.com.ar\/?p=11237","og_site_name":"Del \u00c9xodo Nogoy\u00e1","article_published_time":"2024-11-25T20:33:24+00:00","article_modified_time":"2024-11-25T20:33:45+00:00","og_image":[{"width":860,"height":573,"url":"https:\/\/www.delexodo.com.ar\/wp-content\/uploads\/2024\/07\/SENADO-RECINTO.jpeg","type":"image\/jpeg"}],"author":"admin","twitter_card":"summary_large_image","twitter_misc":{"Escrito por":"admin","Tiempo de lectura":"2 minutos"},"schema":{"@context":"https:\/\/schema.org","@graph":[{"@type":"Article","@id":"https:\/\/www.delexodo.com.ar\/?p=11237#article","isPartOf":{"@id":"https:\/\/www.delexodo.com.ar\/?p=11237"},"author":{"name":"admin","@id":"https:\/\/www.delexodo.com.ar\/#\/schema\/person\/bbed37f7da8e938660b34f2013ba449d"},"headline":"Esta semana habr\u00e1 audiencias p\u00fablicas para cargos en la Justicia","datePublished":"2024-11-25T20:33:24+00:00","dateModified":"2024-11-25T20:33:45+00:00","mainEntityOfPage":{"@id":"https:\/\/www.delexodo.com.ar\/?p=11237"},"wordCount":252,"publisher":{"@id":"https:\/\/www.delexodo.com.ar\/#organization"},"image":{"@id":"https:\/\/www.delexodo.com.ar\/?p=11237#primaryimage"},"thumbnailUrl":"https:\/\/www.delexodo.com.ar\/wp-content\/uploads\/2024\/07\/SENADO-RECINTO.jpeg","keywords":["destacar"],"articleSection":["Politica"],"inLanguage":"es"},{"@type":"WebPage","@id":"https:\/\/www.delexodo.com.ar\/?p=11237","url":"https:\/\/www.delexodo.com.ar\/?p=11237","name":"Esta semana habr\u00e1 audiencias p\u00fablicas para cargos en la Justicia - Del \u00c9xodo Nogoy\u00e1","isPartOf":{"@id":"https:\/\/www.delexodo.com.ar\/#website"},"primaryImageOfPage":{"@id":"https:\/\/www.delexodo.com.ar\/?p=11237#primaryimage"},"image":{"@id":"https:\/\/www.delexodo.com.ar\/?p=11237#primaryimage"},"thumbnailUrl":"https:\/\/www.delexodo.com.ar\/wp-content\/uploads\/2024\/07\/SENADO-RECINTO.jpeg","datePublished":"2024-11-25T20:33:24+00:00","dateModified":"2024-11-25T20:33:45+00:00","breadcrumb":{"@id":"https:\/\/www.delexodo.com.ar\/?p=11237#breadcrumb"},"inLanguage":"es","potentialAction":[{"@type":"ReadAction","target":["https:\/\/www.delexodo.com.ar\/?p=11237"]}]},{"@type":"ImageObject","inLanguage":"es","@id":"https:\/\/www.delexodo.com.ar\/?p=11237#primaryimage","url":"https:\/\/www.delexodo.com.ar\/wp-content\/uploads\/2024\/07\/SENADO-RECINTO.jpeg","contentUrl":"https:\/\/www.delexodo.com.ar\/wp-content\/uploads\/2024\/07\/SENADO-RECINTO.jpeg","width":860,"height":573},{"@type":"BreadcrumbList","@id":"https:\/\/www.delexodo.com.ar\/?p=11237#breadcrumb","itemListElement":[{"@type":"ListItem","position":1,"name":"Portada","item":"https:\/\/www.delexodo.com.ar\/"},{"@type":"ListItem","position":2,"name":"Esta semana habr\u00e1 audiencias p\u00fablicas para cargos en la Justicia"}]},{"@type":"WebSite","@id":"https:\/\/www.delexodo.com.ar\/#website","url":"https:\/\/www.delexodo.com.ar\/","name":"Del \u00c9xodo Nogoy\u00e1","description":"El Portal de Noticias de la Regi\u00f3n","publisher":{"@id":"https:\/\/www.delexodo.com.ar\/#organization"},"potentialAction":[{"@type":"SearchAction","target":{"@type":"EntryPoint","urlTemplate":"https:\/\/www.delexodo.com.ar\/?s={search_term_string}"},"query-input":{"@type":"PropertyValueSpecification","valueRequired":true,"valueName":"search_term_string"}}],"inLanguage":"es"},{"@type":"Organization","@id":"https:\/\/www.delexodo.com.ar\/#organization","name":"Del \u00c9xodo Nogoy\u00e1","url":"https:\/\/www.delexodo.com.ar\/","logo":{"@type":"ImageObject","inLanguage":"es","@id":"https:\/\/www.delexodo.com.ar\/#\/schema\/logo\/image\/","url":"https:\/\/www.delexodo.com.ar\/wp-content\/uploads\/2024\/10\/cropped-cropped-LOGO24.png","contentUrl":"https:\/\/www.delexodo.com.ar\/wp-content\/uploads\/2024\/10\/cropped-cropped-LOGO24.png","width":512,"height":349,"caption":"Del \u00c9xodo Nogoy\u00e1"},"image":{"@id":"https:\/\/www.delexodo.com.ar\/#\/schema\/logo\/image\/"}},{"@type":"Person","@id":"https:\/\/www.delexodo.com.ar\/#\/schema\/person\/bbed37f7da8e938660b34f2013ba449d","name":"admin","image":{"@type":"ImageObject","inLanguage":"es","@id":"https:\/\/www.delexodo.com.ar\/#\/schema\/person\/image\/","url":"https:\/\/secure.gravatar.com\/avatar\/6b1558d1b6df085f1901bd5bd98523d7?s=96&d=mm&r=g","contentUrl":"https:\/\/secure.gravatar.com\/avatar\/6b1558d1b6df085f1901bd5bd98523d7?s=96&d=mm&r=g","caption":"admin"},"url":"https:\/\/www.delexodo.com.ar\/?author=1"}]}},"_links":{"self":[{"href":"https:\/\/www.delexodo.com.ar\/index.php?rest_route=\/wp\/v2\/posts\/11237","targetHints":{"allow":["GET"]}}],"collection":[{"href":"https:\/\/www.delexodo.com.ar\/index.php?rest_route=\/wp\/v2\/posts"}],"about":[{"href":"https:\/\/www.delexodo.com.ar\/index.php?rest_route=\/wp\/v2\/types\/post"}],"author":[{"embeddable":true,"href":"https:\/\/www.delexodo.com.ar\/index.php?rest_route=\/wp\/v2\/users\/1"}],"replies":[{"embeddable":true,"href":"https:\/\/www.delexodo.com.ar\/index.php?rest_route=%2Fwp%2Fv2%2Fcomments&post=11237"}],"version-history":[{"count":1,"href":"https:\/\/www.delexodo.com.ar\/index.php?rest_route=\/wp\/v2\/posts\/11237\/revisions"}],"predecessor-version":[{"id":11238,"href":"https:\/\/www.delexodo.com.ar\/index.php?rest_route=\/wp\/v2\/posts\/11237\/revisions\/11238"}],"wp:featuredmedia":[{"embeddable":true,"href":"https:\/\/www.delexodo.com.ar\/index.php?rest_route=\/wp\/v2\/media\/10682"}],"wp:attachment":[{"href":"https:\/\/www.delexodo.com.ar\/index.php?rest_route=%2Fwp%2Fv2%2Fmedia&parent=11237"}],"wp:term":[{"taxonomy":"category","embeddable":true,"href":"https:\/\/www.delexodo.com.ar\/index.php?rest_route=%2Fwp%2Fv2%2Fcategories&post=11237"},{"taxonomy":"post_tag","embeddable":true,"href":"https:\/\/www.delexodo.com.ar\/index.php?rest_route=%2Fwp%2Fv2%2Ftags&post=11237"}],"curies":[{"name":"wp","href":"https:\/\/api.w.org\/{rel}","templated":true}]}}