{"id":11206,"date":"2024-11-14T10:55:16","date_gmt":"2024-11-14T13:55:16","guid":{"rendered":"https:\/\/www.delexodo.com.ar\/?p=11206"},"modified":"2024-11-15T20:54:48","modified_gmt":"2024-11-15T23:54:48","slug":"el-senado-sanciono-la-ley-de-acceso-a-la-informacion-publica-y-la-eliminacion-de-gastos-reservados","status":"publish","type":"post","link":"https:\/\/www.delexodo.com.ar\/?p=11206","title":{"rendered":"El Senado sancion\u00f3 la ley de Acceso a la Informaci\u00f3n P\u00fablica y la eliminaci\u00f3n de Gastos Reservados"},"content":{"rendered":"\n<p><strong><em>Este mi\u00e9rcoles se realiz\u00f3 la 17\u00ba Sesi\u00f3n Ordinaria correspondiente al 145\u00ba Per\u00edodo Legislativo presidida por la vicegobernadora y presidente de la C\u00e1mara de Senadores, Alicia Aluani. En la oportunidad los senadores sancionaron la ley el Acceso a la Informaci\u00f3n P\u00fablica, y adem\u00e1s, el proyecto de derogaci\u00f3n de gastos reservados.<\/em><\/strong><\/p>\n\n\n\n<h3 class=\"wp-block-heading\"><strong>Ley de Acceso a la Informaci\u00f3n P\u00fablica<\/strong><\/h3>\n\n\n\n<p>Este mi\u00e9rcoles en la Honorable C\u00e1mara de Senadores el cuerpo legislativo sancion\u00f3 el proyecto por el que se crea el R\u00e9gimen Legal de Acceso a la Informaci\u00f3n P\u00fablica, que ya contaba con media sanci\u00f3n de la Honorable C\u00e1mara de Diputados y dictamen favorable de la Comisi\u00f3n de Legislaci\u00f3n General. Este proyecto, de autor\u00eda del Poder Ejecutivo, tiene por objetivo <em>\u201cgarantizar el efectivo ejercicio del derecho informal y gratuito a la informaci\u00f3n p\u00fablica, completa, veraz, adecuada y oportuna, promoviendo la participaci\u00f3n ciudadana y la transparencia p\u00fablica\u201d<\/em>.<\/p>\n\n\n\n<p>Al respecto, el senador Jaime Benedetti (Gualeguaych\u00fa \u2013 Juntos Por Entre R\u00edos) manifest\u00f3 que fue redactado <em>\u201cde acuerdo a los principios que establece nuestra Constituci\u00f3n Provincial en el art\u00edculo 13\u201d <\/em>que detalla que <em>\u201cla informaci\u00f3n p\u00fablica debe cumplir ciertos principios obligatorios, entre ellos la gratuidad de esta informaci\u00f3n, que a su vez debe ser completa, veraz, adecuada y oportuna\u201d<\/em> e hizo menci\u00f3n a que desde el Gobierno Provincial exist\u00eda<em> \u201cun decreto del a\u00f1o 2005, donde se hab\u00eda establecido una reglamentaci\u00f3n del acceso a la informaci\u00f3n p\u00fablica, que fue tomado tambi\u00e9n como base para esta ley pero que se refer\u00eda exclusivamente al Poder Ejecutivo\u201d y que este nuevo texto \u201cviene a extender los alcances de la obligaci\u00f3n de la informaci\u00f3n p\u00fablica respecto tambi\u00e9n del Poder Legislativo y del Poder Judicial\u201d<\/em>.<\/p>\n\n\n\n<p>Luego, expres\u00f3: <em>\u201cCuando en una sociedad hay pocos que saben mucho y muchos que saben poco, se puede dar el abuso de poder y as\u00ed degenerar la forma democr\u00e1tica de gobierno a otras no deseadas. Estamos hoy dando un paso trascendental respecto de este derecho que sirve para el funcionamiento adecuado de nuestra democracia\u201d<\/em>.<\/p>\n\n\n\n<h3 class=\"wp-block-heading\"><strong>Derogaci\u00f3n de la Ley de Gastos Reservados<\/strong><\/h3>\n\n\n\n<p>Los senadores adem\u00e1s sancionaron el proyecto de ley de autor\u00eda del Poder Ejecutivo por el que se deroga la Ley N\u00b0 10.533 de Gastos Reservados, que <em>\u201cproh\u00edbe la existencia de cr\u00e9ditos destinados a gastos reservados, secretos y\/o confidenciales y\/o clasificados; en ning\u00fan caso la informaci\u00f3n sobre un cr\u00e9dito presupuestario podr\u00e1 ser declarada secreta o confidencial; o ser eximida de su rendici\u00f3n ante los organismos de control\u201d<\/em>.<\/p>\n\n\n<div class=\"wp-block-image\">\n<figure class=\"alignleft size-full is-resized\"><img loading=\"lazy\" decoding=\"async\" width=\"600\" height=\"400\" src=\"https:\/\/www.delexodo.com.ar\/wp-content\/uploads\/2024\/11\/Senado-Vergara-Diamante.jpg\" alt=\"\" class=\"wp-image-11209\" style=\"width:283px;height:auto\" srcset=\"https:\/\/www.delexodo.com.ar\/wp-content\/uploads\/2024\/11\/Senado-Vergara-Diamante.jpg 600w, https:\/\/www.delexodo.com.ar\/wp-content\/uploads\/2024\/11\/Senado-Vergara-Diamante-300x200.jpg 300w\" sizes=\"auto, (max-width: 600px) 100vw, 600px\" \/><\/figure><\/div>\n\n\n<p>Al respecto, el senador Gustavo Vergara (Diamante \u2013 Juntos por Entre R\u00edos) explic\u00f3 que: <em>\u201cEsta decisi\u00f3n del Poder Ejecutivo Provincial de derogar una ley que establec\u00eda la utilizaci\u00f3n de gastos reservados, implica gastos que no tienen la debida publicaci\u00f3n ni tampoco la debida rendici\u00f3n entre los organismos de control, si bien lo hemos dicho y acordado en la Comisi\u00f3n, el monto de cr\u00e9dito presupuestario disponible no es de significaci\u00f3n, creemos que sigue un buen mensaje hacia la comunidad que espera del Estado en general una mejor transparencia y un mejor acceso a la informaci\u00f3n\u201d<\/em>.<\/p>\n\n\n\n<p><em>\u201cCon esta ley estamos derogando una ley que es muy nueva, que es la Ley 1533 que del a\u00f1o 2017, tiene apenas siete a\u00f1os, pero tambi\u00e9n estamos disponiendo que no puede haber ning\u00fan tipo de falta de informaci\u00f3n sobre cr\u00e9ditos presupuestarios, tampoco se puede determinar ning\u00fan tipo de secreto sobre informaci\u00f3n de car\u00e1cter p\u00fablico, con lo cual creemos que estamos tambi\u00e9n cumpliendo con una de las premisas que estableci\u00f3 nuestro gobernador Rogelio Frigerio\u201d<\/em>, remarc\u00f3.<\/p>\n\n\n\n<h3 class=\"wp-block-heading\"><strong>Proyectos a Diputados<\/strong><\/h3>\n\n\n<div class=\"wp-block-image\">\n<figure class=\"alignright size-full is-resized\"><img loading=\"lazy\" decoding=\"async\" width=\"600\" height=\"400\" src=\"https:\/\/www.delexodo.com.ar\/wp-content\/uploads\/2024\/11\/Senado-Dalmolin-Federancion.jpg\" alt=\"\" class=\"wp-image-11210\" style=\"width:302px;height:auto\" srcset=\"https:\/\/www.delexodo.com.ar\/wp-content\/uploads\/2024\/11\/Senado-Dalmolin-Federancion.jpg 600w, https:\/\/www.delexodo.com.ar\/wp-content\/uploads\/2024\/11\/Senado-Dalmolin-Federancion-300x200.jpg 300w\" sizes=\"auto, (max-width: 600px) 100vw, 600px\" \/><\/figure><\/div>\n\n\n<p>El cuerpo del Senado aprob\u00f3 el proyecto de ley de autor\u00eda del Poder Ejecutivo por el que se modifica la Ley N\u00b0 9.622 y modificatorias (T.O. 2022), a ra\u00edz de lo recientemente dispuesto en el orden nacional por la Ley N\u00b0 27.743, denominada <strong>\u201cMedidas Fiscales Paliativas y Relevantes\u201d<\/strong>, y continuar\u00e1 su tratamiento en la Honorable C\u00e1mara de Diputados. Al respecto, el senador Rub\u00e9n Dal Mol\u00edn (Federaci\u00f3n \u2013 Juntos por Entre R\u00edos), indic\u00f3 que se trata de <em>\u201cun proyecto de ley relacionado con la modificaci\u00f3n de nuestra Ley Impositiva 9.622, y las modificaciones de la ley nacional\u201d<\/em>, y record\u00f3 que <em>\u201cesta C\u00e1mara ya trat\u00f3, hace mucho tiempo, lo referido al T\u00edtulo 1, a blanqueo del R\u00e9gimen de Regularizaci\u00f3n de Activos\u201d<\/em>.<\/p>\n\n\n\n<p>Por otro lado, Dal Mol\u00edn explic\u00f3 que <em>\u201clos art\u00edculos 87 y 88 de dicha disposici\u00f3n nacional, que refieren a las categor\u00edas de R\u00e9gimen Simplificado de Peque\u00f1os Contribuyentes -el Monotributo como lo conocemos nosotros- definen categor\u00edas de contribuyentes en funci\u00f3n de ingresos brutos anuales y las magnitudes que corresponden. Estos cambios determinan la necesidad de modificar nuestra legislaci\u00f3n, dado que en los art\u00edculos 184 y 185 de nuestro C\u00f3digo Fiscal, referido a los contribuyentes entrerrianos, el impuesto para dichos art\u00edculos queda comprendido en las mismas categor\u00edas adheridas o categorizadas en el r\u00e9gimen simplificado. Se agregan entonces, en el art\u00edculo 1 de este proyecto de ley, categor\u00edas I, J y K, se actualizan los montos del impuesto, que deben ingresar en nuestra ATER; y por el art\u00edculo 2\u00ba y 3\u00ba, tambi\u00e9n un pedido que nos realizaron, la norma que hoy aprobamos trata de homologar con el nivel nacional y a partir de ahora las actualizaciones futuras, y por eso modificamos y sustituimos el art\u00edculo 44 y 45 de la ley en el art\u00edculo 9.622\u201d<\/em>.<\/p>\n\n\n\n<p>Adem\u00e1s, el cuerpo aprob\u00f3 el proyecto devuelto en revisi\u00f3n a la Honorable C\u00e1mara de Diputados por el que se crea la Ley de R\u00e9gimen Legal de Transici\u00f3n del Gobierno Provincial.<\/p>\n\n\n\n<h3 class=\"wp-block-heading\"><strong>Sobre tablas<\/strong><\/h3>\n\n\n\n<p>Los legisladores trataron sobre tablas y aprobaron el proyecto del Poder Ejecutivo por el que se modifica el Reglamento General de la Polic\u00eda, que cont\u00f3 con modificaciones del proyecto original.<\/p>\n\n\n<div class=\"wp-block-image\">\n<figure class=\"alignleft size-full is-resized\"><img loading=\"lazy\" decoding=\"async\" width=\"600\" height=\"400\" src=\"https:\/\/www.delexodo.com.ar\/wp-content\/uploads\/2024\/11\/SENADO-Dr-CAVAGNA.jpg\" alt=\"\" class=\"wp-image-11207\" style=\"width:323px;height:auto\" srcset=\"https:\/\/www.delexodo.com.ar\/wp-content\/uploads\/2024\/11\/SENADO-Dr-CAVAGNA.jpg 600w, https:\/\/www.delexodo.com.ar\/wp-content\/uploads\/2024\/11\/SENADO-Dr-CAVAGNA-300x200.jpg 300w\" sizes=\"auto, (max-width: 600px) 100vw, 600px\" \/><\/figure><\/div>\n\n\n<p>Al respecto, el <strong>senador Rafael Cavagna (Nogoy\u00e1 \u2013 Juntos por Entre R\u00edos)<\/strong>, expres\u00f3 que <em>\u201cesta herramienta solicitada por el Ejecutivo viene a dinamizar la territorialidad necesaria que tiene que tener la fuerza policial para cumplir con su labor. Espec\u00edficamente en una primera parte se adopta la normativa al nuevo Ministerio de Seguridad y Justicia que se crea o que la aprobamos en su oportunidad con la nueva org\u00e1nica. Y despu\u00e9s destacar tambi\u00e9n la creaci\u00f3n de dos direcciones departamentales, tanto del Uruguay como de la costa del Paran\u00e1\u201d. Adem\u00e1s, el senador afirm\u00f3: \u201cNosotros ahora tenemos tambi\u00e9n la tarea de controlar que se cumpla esto que le estamos dando, este instrumento, justamente porque la seguridad de todos los entrerrianos es una competencia claramente de la polic\u00eda, pero nos tiene que interesar absolutamente a todos\u201d<\/em>.<\/p>\n\n\n\n<p>Adem\u00e1s, se aprob\u00f3 el Proyecto de Declaraci\u00f3n de Inter\u00e9s Legislativo por el 114\u00b0 aniversario de la localidad de Ibicuy. Por su parte, el senador Hern\u00e1n M\u00e9ndez (Islas del Ibicuy \u2013 Juntos por Entre R\u00edos), destac\u00f3 que <em>\u201cesta fecha conmemora la fundaci\u00f3n del pueblo, que fue aprobada por el gobernador Pr\u00f3coro Crespo en 1910\u201d y agreg\u00f3 que: \u201cIbicuy es conocida por su belleza natural, con paisajes de \u00e1lamos, sauces y su rica historia cultural. Pueblo de cantores, escritores, pintores y grandes deportistas\u201d<\/em>.<\/p>\n\n\n\n<p>Finalmente los senadores aprobaron el proyecto del Poder Ejecutivo por el que se modifican las leyes 11.155 y 11.156.<\/p>\n\n\n\n<h3 class=\"wp-block-heading\"><strong>Homenajes<\/strong><\/h3>\n\n\n\n<p>Al turno de los homenajes, quien tom\u00f3 la palabra en primer lugar fue la senadora Gladys Dom\u00ednguez (Feliciano \u2013 M\u00e1s Para Entre R\u00edos) para recordar a Ra\u00fal Balbi, periodista recientemente fallecido.<\/p>\n\n\n\n<p>Luego el senador Mart\u00edn Oliva (Uruguay \u2013 M\u00e1s Para Entre R\u00edos) hizo una evocaci\u00f3n al 172\u00ba aniversario de la Hist\u00f3rica Defensa de Concepci\u00f3n del Uruguay que se cumplir\u00e1 el pr\u00f3ximo 21 de noviembre, un acontecimiento fundamental para el desarrollo del primer Congreso Constituyente que redact\u00f3 la primera Constituci\u00f3n Nacional.<\/p>\n\n\n\n<p>Por \u00faltimo, la senadora Nancy Miranda (Federal \u2013 M\u00e1s Para Entre R\u00edos) manifest\u00f3 su reconocimiento a los enfermeros de la provincia, en el marco de la celebraci\u00f3n del D\u00eda de la Enfermer\u00eda el pr\u00f3ximo 21 del corriente; y record\u00f3 a Roberto Olier, ex dirigente justicialista que falleci\u00f3 hace pocos d\u00edas.<\/p>\n\n\n\n<h3 class=\"wp-block-heading\"><strong>Cambios en Comisi\u00f3n<\/strong><\/h3>\n\n\n\n<p>El senador y presidente de su bloque, Mart\u00edn Oliva, propuso a la senadora Nancy Miranda para presidir la Comisi\u00f3n de Asuntos Constitucionales y Acuerdo por el resto del per\u00edodo de Sesiones Ordinarias.<\/p>\n\n\n<div class=\"wp-block-image\">\n<figure class=\"aligncenter size-large\"><img loading=\"lazy\" decoding=\"async\" width=\"1024\" height=\"231\" src=\"https:\/\/www.delexodo.com.ar\/wp-content\/uploads\/2024\/02\/SENADO-ER-24-1024x231.png\" alt=\"\" class=\"wp-image-10161\" srcset=\"https:\/\/www.delexodo.com.ar\/wp-content\/uploads\/2024\/02\/SENADO-ER-24-1024x231.png 1024w, https:\/\/www.delexodo.com.ar\/wp-content\/uploads\/2024\/02\/SENADO-ER-24-300x68.png 300w, https:\/\/www.delexodo.com.ar\/wp-content\/uploads\/2024\/02\/SENADO-ER-24-768x173.png 768w, https:\/\/www.delexodo.com.ar\/wp-content\/uploads\/2024\/02\/SENADO-ER-24.png 1421w\" sizes=\"auto, (max-width: 1024px) 100vw, 1024px\" \/><\/figure><\/div>","protected":false},"excerpt":{"rendered":"<p>Este mi\u00e9rcoles se realiz\u00f3 la 17\u00ba Sesi\u00f3n Ordinaria correspondiente al 145\u00ba Per\u00edodo Legislativo presidida por la vicegobernadora y presidente de&hellip;<\/p>\n","protected":false},"author":1,"featured_media":11208,"comment_status":"closed","ping_status":"closed","sticky":false,"template":"","format":"standard","meta":{"_joinchat":[],"footnotes":""},"categories":[349],"tags":[345],"class_list":["post-11206","post","type-post","status-publish","format-standard","has-post-thumbnail","hentry","category-politica","tag-destacar"],"yoast_head":"<!-- This site is optimized with the Yoast SEO plugin v25.1 - https:\/\/yoast.com\/wordpress\/plugins\/seo\/ -->\n<title>El Senado sancion\u00f3 la ley de Acceso a la Informaci\u00f3n P\u00fablica y la eliminaci\u00f3n de Gastos Reservados - Del \u00c9xodo Nogoy\u00e1<\/title>\n<meta name=\"robots\" content=\"index, follow, max-snippet:-1, max-image-preview:large, max-video-preview:-1\" \/>\n<link rel=\"canonical\" href=\"https:\/\/www.delexodo.com.ar\/?p=11206\" \/>\n<meta property=\"og:locale\" content=\"es_ES\" \/>\n<meta property=\"og:type\" content=\"article\" \/>\n<meta property=\"og:title\" content=\"El Senado sancion\u00f3 la ley de Acceso a la Informaci\u00f3n P\u00fablica y la eliminaci\u00f3n de Gastos Reservados - Del \u00c9xodo Nogoy\u00e1\" \/>\n<meta property=\"og:description\" content=\"Este mi\u00e9rcoles se realiz\u00f3 la 17\u00ba Sesi\u00f3n Ordinaria correspondiente al 145\u00ba Per\u00edodo Legislativo presidida por la vicegobernadora y presidente de&hellip;\" \/>\n<meta property=\"og:url\" content=\"https:\/\/www.delexodo.com.ar\/?p=11206\" \/>\n<meta property=\"og:site_name\" content=\"Del \u00c9xodo Nogoy\u00e1\" \/>\n<meta property=\"article:published_time\" content=\"2024-11-14T13:55:16+00:00\" \/>\n<meta property=\"article:modified_time\" content=\"2024-11-15T23:54:48+00:00\" \/>\n<meta property=\"og:image\" content=\"https:\/\/www.delexodo.com.ar\/wp-content\/uploads\/2024\/11\/SENADO-RECINTO-portada.jpg\" \/>\n\t<meta property=\"og:image:width\" content=\"900\" \/>\n\t<meta property=\"og:image:height\" content=\"600\" \/>\n\t<meta property=\"og:image:type\" content=\"image\/jpeg\" \/>\n<meta name=\"author\" content=\"admin\" \/>\n<meta name=\"twitter:card\" content=\"summary_large_image\" \/>\n<meta name=\"twitter:label1\" content=\"Escrito por\" \/>\n\t<meta name=\"twitter:data1\" content=\"admin\" \/>\n\t<meta name=\"twitter:label2\" content=\"Tiempo de lectura\" \/>\n\t<meta name=\"twitter:data2\" content=\"8 minutos\" \/>\n<script type=\"application\/ld+json\" class=\"yoast-schema-graph\">{\"@context\":\"https:\/\/schema.org\",\"@graph\":[{\"@type\":\"Article\",\"@id\":\"https:\/\/www.delexodo.com.ar\/?p=11206#article\",\"isPartOf\":{\"@id\":\"https:\/\/www.delexodo.com.ar\/?p=11206\"},\"author\":{\"name\":\"admin\",\"@id\":\"https:\/\/www.delexodo.com.ar\/#\/schema\/person\/bbed37f7da8e938660b34f2013ba449d\"},\"headline\":\"El Senado sancion\u00f3 la ley de Acceso a la Informaci\u00f3n P\u00fablica y la eliminaci\u00f3n de Gastos Reservados\",\"datePublished\":\"2024-11-14T13:55:16+00:00\",\"dateModified\":\"2024-11-15T23:54:48+00:00\",\"mainEntityOfPage\":{\"@id\":\"https:\/\/www.delexodo.com.ar\/?p=11206\"},\"wordCount\":1457,\"publisher\":{\"@id\":\"https:\/\/www.delexodo.com.ar\/#organization\"},\"image\":{\"@id\":\"https:\/\/www.delexodo.com.ar\/?p=11206#primaryimage\"},\"thumbnailUrl\":\"https:\/\/www.delexodo.com.ar\/wp-content\/uploads\/2024\/11\/SENADO-RECINTO-portada.jpg\",\"keywords\":[\"destacar\"],\"articleSection\":[\"Politica\"],\"inLanguage\":\"es\"},{\"@type\":\"WebPage\",\"@id\":\"https:\/\/www.delexodo.com.ar\/?p=11206\",\"url\":\"https:\/\/www.delexodo.com.ar\/?p=11206\",\"name\":\"El Senado sancion\u00f3 la ley de Acceso a la Informaci\u00f3n P\u00fablica y la eliminaci\u00f3n de Gastos Reservados - Del \u00c9xodo Nogoy\u00e1\",\"isPartOf\":{\"@id\":\"https:\/\/www.delexodo.com.ar\/#website\"},\"primaryImageOfPage\":{\"@id\":\"https:\/\/www.delexodo.com.ar\/?p=11206#primaryimage\"},\"image\":{\"@id\":\"https:\/\/www.delexodo.com.ar\/?p=11206#primaryimage\"},\"thumbnailUrl\":\"https:\/\/www.delexodo.com.ar\/wp-content\/uploads\/2024\/11\/SENADO-RECINTO-portada.jpg\",\"datePublished\":\"2024-11-14T13:55:16+00:00\",\"dateModified\":\"2024-11-15T23:54:48+00:00\",\"breadcrumb\":{\"@id\":\"https:\/\/www.delexodo.com.ar\/?p=11206#breadcrumb\"},\"inLanguage\":\"es\",\"potentialAction\":[{\"@type\":\"ReadAction\",\"target\":[\"https:\/\/www.delexodo.com.ar\/?p=11206\"]}]},{\"@type\":\"ImageObject\",\"inLanguage\":\"es\",\"@id\":\"https:\/\/www.delexodo.com.ar\/?p=11206#primaryimage\",\"url\":\"https:\/\/www.delexodo.com.ar\/wp-content\/uploads\/2024\/11\/SENADO-RECINTO-portada.jpg\",\"contentUrl\":\"https:\/\/www.delexodo.com.ar\/wp-content\/uploads\/2024\/11\/SENADO-RECINTO-portada.jpg\",\"width\":900,\"height\":600},{\"@type\":\"BreadcrumbList\",\"@id\":\"https:\/\/www.delexodo.com.ar\/?p=11206#breadcrumb\",\"itemListElement\":[{\"@type\":\"ListItem\",\"position\":1,\"name\":\"Portada\",\"item\":\"https:\/\/www.delexodo.com.ar\/\"},{\"@type\":\"ListItem\",\"position\":2,\"name\":\"El Senado sancion\u00f3 la ley de Acceso a la Informaci\u00f3n P\u00fablica y la eliminaci\u00f3n de Gastos Reservados\"}]},{\"@type\":\"WebSite\",\"@id\":\"https:\/\/www.delexodo.com.ar\/#website\",\"url\":\"https:\/\/www.delexodo.com.ar\/\",\"name\":\"Del \u00c9xodo Nogoy\u00e1\",\"description\":\"El Portal de Noticias de la Regi\u00f3n\",\"publisher\":{\"@id\":\"https:\/\/www.delexodo.com.ar\/#organization\"},\"potentialAction\":[{\"@type\":\"SearchAction\",\"target\":{\"@type\":\"EntryPoint\",\"urlTemplate\":\"https:\/\/www.delexodo.com.ar\/?s={search_term_string}\"},\"query-input\":{\"@type\":\"PropertyValueSpecification\",\"valueRequired\":true,\"valueName\":\"search_term_string\"}}],\"inLanguage\":\"es\"},{\"@type\":\"Organization\",\"@id\":\"https:\/\/www.delexodo.com.ar\/#organization\",\"name\":\"Del \u00c9xodo Nogoy\u00e1\",\"url\":\"https:\/\/www.delexodo.com.ar\/\",\"logo\":{\"@type\":\"ImageObject\",\"inLanguage\":\"es\",\"@id\":\"https:\/\/www.delexodo.com.ar\/#\/schema\/logo\/image\/\",\"url\":\"https:\/\/www.delexodo.com.ar\/wp-content\/uploads\/2024\/10\/cropped-cropped-LOGO24.png\",\"contentUrl\":\"https:\/\/www.delexodo.com.ar\/wp-content\/uploads\/2024\/10\/cropped-cropped-LOGO24.png\",\"width\":512,\"height\":349,\"caption\":\"Del \u00c9xodo Nogoy\u00e1\"},\"image\":{\"@id\":\"https:\/\/www.delexodo.com.ar\/#\/schema\/logo\/image\/\"}},{\"@type\":\"Person\",\"@id\":\"https:\/\/www.delexodo.com.ar\/#\/schema\/person\/bbed37f7da8e938660b34f2013ba449d\",\"name\":\"admin\",\"image\":{\"@type\":\"ImageObject\",\"inLanguage\":\"es\",\"@id\":\"https:\/\/www.delexodo.com.ar\/#\/schema\/person\/image\/\",\"url\":\"https:\/\/secure.gravatar.com\/avatar\/6b1558d1b6df085f1901bd5bd98523d7?s=96&d=mm&r=g\",\"contentUrl\":\"https:\/\/secure.gravatar.com\/avatar\/6b1558d1b6df085f1901bd5bd98523d7?s=96&d=mm&r=g\",\"caption\":\"admin\"},\"url\":\"https:\/\/www.delexodo.com.ar\/?author=1\"}]}<\/script>\n<!-- \/ Yoast SEO plugin. -->","yoast_head_json":{"title":"El Senado sancion\u00f3 la ley de Acceso a la Informaci\u00f3n P\u00fablica y la eliminaci\u00f3n de Gastos Reservados - Del \u00c9xodo Nogoy\u00e1","robots":{"index":"index","follow":"follow","max-snippet":"max-snippet:-1","max-image-preview":"max-image-preview:large","max-video-preview":"max-video-preview:-1"},"canonical":"https:\/\/www.delexodo.com.ar\/?p=11206","og_locale":"es_ES","og_type":"article","og_title":"El Senado sancion\u00f3 la ley de Acceso a la Informaci\u00f3n P\u00fablica y la eliminaci\u00f3n de Gastos Reservados - Del \u00c9xodo Nogoy\u00e1","og_description":"Este mi\u00e9rcoles se realiz\u00f3 la 17\u00ba Sesi\u00f3n Ordinaria correspondiente al 145\u00ba Per\u00edodo Legislativo presidida por la vicegobernadora y presidente de&hellip;","og_url":"https:\/\/www.delexodo.com.ar\/?p=11206","og_site_name":"Del \u00c9xodo Nogoy\u00e1","article_published_time":"2024-11-14T13:55:16+00:00","article_modified_time":"2024-11-15T23:54:48+00:00","og_image":[{"width":900,"height":600,"url":"https:\/\/www.delexodo.com.ar\/wp-content\/uploads\/2024\/11\/SENADO-RECINTO-portada.jpg","type":"image\/jpeg"}],"author":"admin","twitter_card":"summary_large_image","twitter_misc":{"Escrito por":"admin","Tiempo de lectura":"8 minutos"},"schema":{"@context":"https:\/\/schema.org","@graph":[{"@type":"Article","@id":"https:\/\/www.delexodo.com.ar\/?p=11206#article","isPartOf":{"@id":"https:\/\/www.delexodo.com.ar\/?p=11206"},"author":{"name":"admin","@id":"https:\/\/www.delexodo.com.ar\/#\/schema\/person\/bbed37f7da8e938660b34f2013ba449d"},"headline":"El Senado sancion\u00f3 la ley de Acceso a la Informaci\u00f3n P\u00fablica y la eliminaci\u00f3n de Gastos Reservados","datePublished":"2024-11-14T13:55:16+00:00","dateModified":"2024-11-15T23:54:48+00:00","mainEntityOfPage":{"@id":"https:\/\/www.delexodo.com.ar\/?p=11206"},"wordCount":1457,"publisher":{"@id":"https:\/\/www.delexodo.com.ar\/#organization"},"image":{"@id":"https:\/\/www.delexodo.com.ar\/?p=11206#primaryimage"},"thumbnailUrl":"https:\/\/www.delexodo.com.ar\/wp-content\/uploads\/2024\/11\/SENADO-RECINTO-portada.jpg","keywords":["destacar"],"articleSection":["Politica"],"inLanguage":"es"},{"@type":"WebPage","@id":"https:\/\/www.delexodo.com.ar\/?p=11206","url":"https:\/\/www.delexodo.com.ar\/?p=11206","name":"El Senado sancion\u00f3 la ley de Acceso a la Informaci\u00f3n P\u00fablica y la eliminaci\u00f3n de Gastos Reservados - Del \u00c9xodo Nogoy\u00e1","isPartOf":{"@id":"https:\/\/www.delexodo.com.ar\/#website"},"primaryImageOfPage":{"@id":"https:\/\/www.delexodo.com.ar\/?p=11206#primaryimage"},"image":{"@id":"https:\/\/www.delexodo.com.ar\/?p=11206#primaryimage"},"thumbnailUrl":"https:\/\/www.delexodo.com.ar\/wp-content\/uploads\/2024\/11\/SENADO-RECINTO-portada.jpg","datePublished":"2024-11-14T13:55:16+00:00","dateModified":"2024-11-15T23:54:48+00:00","breadcrumb":{"@id":"https:\/\/www.delexodo.com.ar\/?p=11206#breadcrumb"},"inLanguage":"es","potentialAction":[{"@type":"ReadAction","target":["https:\/\/www.delexodo.com.ar\/?p=11206"]}]},{"@type":"ImageObject","inLanguage":"es","@id":"https:\/\/www.delexodo.com.ar\/?p=11206#primaryimage","url":"https:\/\/www.delexodo.com.ar\/wp-content\/uploads\/2024\/11\/SENADO-RECINTO-portada.jpg","contentUrl":"https:\/\/www.delexodo.com.ar\/wp-content\/uploads\/2024\/11\/SENADO-RECINTO-portada.jpg","width":900,"height":600},{"@type":"BreadcrumbList","@id":"https:\/\/www.delexodo.com.ar\/?p=11206#breadcrumb","itemListElement":[{"@type":"ListItem","position":1,"name":"Portada","item":"https:\/\/www.delexodo.com.ar\/"},{"@type":"ListItem","position":2,"name":"El Senado sancion\u00f3 la ley de Acceso a la Informaci\u00f3n P\u00fablica y la eliminaci\u00f3n de Gastos Reservados"}]},{"@type":"WebSite","@id":"https:\/\/www.delexodo.com.ar\/#website","url":"https:\/\/www.delexodo.com.ar\/","name":"Del \u00c9xodo Nogoy\u00e1","description":"El Portal de Noticias de la Regi\u00f3n","publisher":{"@id":"https:\/\/www.delexodo.com.ar\/#organization"},"potentialAction":[{"@type":"SearchAction","target":{"@type":"EntryPoint","urlTemplate":"https:\/\/www.delexodo.com.ar\/?s={search_term_string}"},"query-input":{"@type":"PropertyValueSpecification","valueRequired":true,"valueName":"search_term_string"}}],"inLanguage":"es"},{"@type":"Organization","@id":"https:\/\/www.delexodo.com.ar\/#organization","name":"Del \u00c9xodo Nogoy\u00e1","url":"https:\/\/www.delexodo.com.ar\/","logo":{"@type":"ImageObject","inLanguage":"es","@id":"https:\/\/www.delexodo.com.ar\/#\/schema\/logo\/image\/","url":"https:\/\/www.delexodo.com.ar\/wp-content\/uploads\/2024\/10\/cropped-cropped-LOGO24.png","contentUrl":"https:\/\/www.delexodo.com.ar\/wp-content\/uploads\/2024\/10\/cropped-cropped-LOGO24.png","width":512,"height":349,"caption":"Del \u00c9xodo Nogoy\u00e1"},"image":{"@id":"https:\/\/www.delexodo.com.ar\/#\/schema\/logo\/image\/"}},{"@type":"Person","@id":"https:\/\/www.delexodo.com.ar\/#\/schema\/person\/bbed37f7da8e938660b34f2013ba449d","name":"admin","image":{"@type":"ImageObject","inLanguage":"es","@id":"https:\/\/www.delexodo.com.ar\/#\/schema\/person\/image\/","url":"https:\/\/secure.gravatar.com\/avatar\/6b1558d1b6df085f1901bd5bd98523d7?s=96&d=mm&r=g","contentUrl":"https:\/\/secure.gravatar.com\/avatar\/6b1558d1b6df085f1901bd5bd98523d7?s=96&d=mm&r=g","caption":"admin"},"url":"https:\/\/www.delexodo.com.ar\/?author=1"}]}},"_links":{"self":[{"href":"https:\/\/www.delexodo.com.ar\/index.php?rest_route=\/wp\/v2\/posts\/11206","targetHints":{"allow":["GET"]}}],"collection":[{"href":"https:\/\/www.delexodo.com.ar\/index.php?rest_route=\/wp\/v2\/posts"}],"about":[{"href":"https:\/\/www.delexodo.com.ar\/index.php?rest_route=\/wp\/v2\/types\/post"}],"author":[{"embeddable":true,"href":"https:\/\/www.delexodo.com.ar\/index.php?rest_route=\/wp\/v2\/users\/1"}],"replies":[{"embeddable":true,"href":"https:\/\/www.delexodo.com.ar\/index.php?rest_route=%2Fwp%2Fv2%2Fcomments&post=11206"}],"version-history":[{"count":2,"href":"https:\/\/www.delexodo.com.ar\/index.php?rest_route=\/wp\/v2\/posts\/11206\/revisions"}],"predecessor-version":[{"id":11214,"href":"https:\/\/www.delexodo.com.ar\/index.php?rest_route=\/wp\/v2\/posts\/11206\/revisions\/11214"}],"wp:featuredmedia":[{"embeddable":true,"href":"https:\/\/www.delexodo.com.ar\/index.php?rest_route=\/wp\/v2\/media\/11208"}],"wp:attachment":[{"href":"https:\/\/www.delexodo.com.ar\/index.php?rest_route=%2Fwp%2Fv2%2Fmedia&parent=11206"}],"wp:term":[{"taxonomy":"category","embeddable":true,"href":"https:\/\/www.delexodo.com.ar\/index.php?rest_route=%2Fwp%2Fv2%2Fcategories&post=11206"},{"taxonomy":"post_tag","embeddable":true,"href":"https:\/\/www.delexodo.com.ar\/index.php?rest_route=%2Fwp%2Fv2%2Ftags&post=11206"}],"curies":[{"name":"wp","href":"https:\/\/api.w.org\/{rel}","templated":true}]}}