{"id":11195,"date":"2024-11-12T19:43:44","date_gmt":"2024-11-12T22:43:44","guid":{"rendered":"https:\/\/www.delexodo.com.ar\/?p=11195"},"modified":"2024-11-15T20:57:39","modified_gmt":"2024-11-15T23:57:39","slug":"nogoya-el-iconico-hotel-luz-reinicia-sus-actividades","status":"publish","type":"post","link":"https:\/\/www.delexodo.com.ar\/?p=11195","title":{"rendered":"Nogoy\u00e1: El ic\u00f3nico Hotel Luz reinicia sus actividades"},"content":{"rendered":"\n<p><strong><em>A m\u00e1s de 6 a\u00f1os de su cierre, el ic\u00f3nico Hotel Luz por ahora, reinicia sus actividades con una nueva propuesta gastron\u00f3mica para disfrutar desde este verano. La zona a inaugurarse ser\u00e1 bautizada con el nombre de \u201cPASIONARIA\u201d<\/em><\/strong><\/p>\n\n\n\n<blockquote class=\"wp-block-quote is-layout-flow wp-block-quote-is-layout-flow\">\n<p><a href=\"https:\/\/www.delexodo.com.ar\/?p=2679\" target=\"_blank\" rel=\"noreferrer noopener\">EL \u00daLTIMO APAG\u00d3 LA LUZ \u2013 CERRANDO PUERTAS A MEDIO SIGLO DE HISTORIA<\/a><\/p>\n\n\n<div class=\"wp-block-image\">\n<figure class=\"alignleft size-full is-resized\"><img loading=\"lazy\" decoding=\"async\" width=\"320\" height=\"320\" src=\"https:\/\/www.delexodo.com.ar\/wp-content\/uploads\/2024\/11\/PASIONARIA-CAFE-BISTRO-HOTEL-LUZ.jpg\" alt=\"\" class=\"wp-image-11196\" style=\"width:238px;height:auto\" srcset=\"https:\/\/www.delexodo.com.ar\/wp-content\/uploads\/2024\/11\/PASIONARIA-CAFE-BISTRO-HOTEL-LUZ.jpg 320w, https:\/\/www.delexodo.com.ar\/wp-content\/uploads\/2024\/11\/PASIONARIA-CAFE-BISTRO-HOTEL-LUZ-300x300.jpg 300w, https:\/\/www.delexodo.com.ar\/wp-content\/uploads\/2024\/11\/PASIONARIA-CAFE-BISTRO-HOTEL-LUZ-150x150.jpg 150w\" sizes=\"auto, (max-width: 320px) 100vw, 320px\" \/><\/figure><\/div><\/blockquote>\n\n\n\n<p>Durante estos largos a\u00f1os el hotel, referente y todo un s\u00edmbolo de la ciudad de Nogoy\u00e1 permaneci\u00f3 cerrado. Siempre se habl\u00f3 del hotel como un \u00edcono fundamental de esta localidad y de todo lo que ocasionaba el permanecer cerrado. Desde entonces hubo promesas de reabrir a noticias de venta del inmueble, pero finalmente se anuncia la noticia m\u00e1s esperada: a mediados de noviembre llega el gran d\u00eda de inicio de nuevas actividades y ahora el hotel se prepara para recibir visitantes en <strong><em>\u201cPasionaria\u201d<\/em><\/strong> su nuevo espacio gastron\u00f3mico, lo que se convertir\u00e1 en el primer paso hasta que llegue la apertura total del hotel.<\/p>\n\n\n\n<figure class=\"wp-block-gallery has-nested-images columns-default is-cropped wp-block-gallery-1 is-layout-flex wp-block-gallery-is-layout-flex\">\n<figure class=\"wp-block-image size-large\"><img loading=\"lazy\" decoding=\"async\" width=\"768\" height=\"1024\" data-id=\"11197\" src=\"https:\/\/www.delexodo.com.ar\/wp-content\/uploads\/2024\/11\/HOTEL-LUZ-.-PASTELERIA-768x1024.jpg\" alt=\"\" class=\"wp-image-11197\" srcset=\"https:\/\/www.delexodo.com.ar\/wp-content\/uploads\/2024\/11\/HOTEL-LUZ-.-PASTELERIA-768x1024.jpg 768w, https:\/\/www.delexodo.com.ar\/wp-content\/uploads\/2024\/11\/HOTEL-LUZ-.-PASTELERIA-225x300.jpg 225w, https:\/\/www.delexodo.com.ar\/wp-content\/uploads\/2024\/11\/HOTEL-LUZ-.-PASTELERIA-1152x1536.jpg 1152w, https:\/\/www.delexodo.com.ar\/wp-content\/uploads\/2024\/11\/HOTEL-LUZ-.-PASTELERIA.jpg 1200w\" sizes=\"auto, (max-width: 768px) 100vw, 768px\" \/><\/figure>\n\n\n\n<figure class=\"wp-block-image size-large\"><img loading=\"lazy\" decoding=\"async\" width=\"768\" height=\"1024\" data-id=\"11198\" src=\"https:\/\/www.delexodo.com.ar\/wp-content\/uploads\/2024\/11\/HOTEL-LUZ-PLATO-PASTAS-768x1024.jpg\" alt=\"\" class=\"wp-image-11198\" srcset=\"https:\/\/www.delexodo.com.ar\/wp-content\/uploads\/2024\/11\/HOTEL-LUZ-PLATO-PASTAS-768x1024.jpg 768w, https:\/\/www.delexodo.com.ar\/wp-content\/uploads\/2024\/11\/HOTEL-LUZ-PLATO-PASTAS-225x300.jpg 225w, https:\/\/www.delexodo.com.ar\/wp-content\/uploads\/2024\/11\/HOTEL-LUZ-PLATO-PASTAS.jpg 960w\" sizes=\"auto, (max-width: 768px) 100vw, 768px\" \/><\/figure>\n\n\n\n<figure class=\"wp-block-image size-large\"><img loading=\"lazy\" decoding=\"async\" width=\"768\" height=\"1024\" data-id=\"11199\" src=\"https:\/\/www.delexodo.com.ar\/wp-content\/uploads\/2024\/11\/HOTEL-LUZ-PIZZA-768x1024.jpg\" alt=\"\" class=\"wp-image-11199\" srcset=\"https:\/\/www.delexodo.com.ar\/wp-content\/uploads\/2024\/11\/HOTEL-LUZ-PIZZA-768x1024.jpg 768w, https:\/\/www.delexodo.com.ar\/wp-content\/uploads\/2024\/11\/HOTEL-LUZ-PIZZA-225x300.jpg 225w, https:\/\/www.delexodo.com.ar\/wp-content\/uploads\/2024\/11\/HOTEL-LUZ-PIZZA.jpg 960w\" sizes=\"auto, (max-width: 768px) 100vw, 768px\" \/><\/figure>\n<\/figure>\n\n\n\n<p>El s\u00e1bado 16 de noviembre abrir\u00e1 sus puertas al p\u00fablico el \u00e1rea gastron\u00f3mica, como un primer paso de una reapertura escalonada: <em>\u201cEl hotel sigue en obra. Sin embargo, mientras se continua reparando el exterior y avanzan los trabajos en las habitaciones de la planta alta, obra que se prev\u00e9 terminarla aproximadamente entre marzo y abril de 2025, inauguraremos el servicio de bar, cafeter\u00eda, pasteler\u00eda y restaurant bistr\u00f3, que funcionar\u00e1 desde las 8 de la ma\u00f1ana hasta la medianoche\u201d<\/em><\/p>\n","protected":false},"excerpt":{"rendered":"<p>A m\u00e1s de 6 a\u00f1os de su cierre, el ic\u00f3nico Hotel Luz por ahora, reinicia sus actividades con una nueva&hellip;<\/p>\n","protected":false},"author":3,"featured_media":2680,"comment_status":"closed","ping_status":"closed","sticky":false,"template":"","format":"standard","meta":{"_joinchat":[],"footnotes":""},"categories":[1],"tags":[345],"class_list":["post-11195","post","type-post","status-publish","format-standard","has-post-thumbnail","hentry","category-sincategoria","tag-destacar"],"yoast_head":"<!-- This site is optimized with the Yoast SEO plugin v25.1 - https:\/\/yoast.com\/wordpress\/plugins\/seo\/ -->\n<title>Nogoy\u00e1: El ic\u00f3nico Hotel Luz reinicia sus actividades - Del \u00c9xodo Nogoy\u00e1<\/title>\n<meta name=\"robots\" content=\"index, follow, max-snippet:-1, max-image-preview:large, max-video-preview:-1\" \/>\n<link rel=\"canonical\" href=\"https:\/\/www.delexodo.com.ar\/?p=11195\" \/>\n<meta property=\"og:locale\" content=\"es_ES\" \/>\n<meta property=\"og:type\" content=\"article\" \/>\n<meta property=\"og:title\" content=\"Nogoy\u00e1: El ic\u00f3nico Hotel Luz reinicia sus actividades - Del \u00c9xodo Nogoy\u00e1\" \/>\n<meta property=\"og:description\" content=\"A m\u00e1s de 6 a\u00f1os de su cierre, el ic\u00f3nico Hotel Luz por ahora, reinicia sus actividades con una nueva&hellip;\" \/>\n<meta property=\"og:url\" content=\"https:\/\/www.delexodo.com.ar\/?p=11195\" \/>\n<meta property=\"og:site_name\" content=\"Del \u00c9xodo Nogoy\u00e1\" \/>\n<meta property=\"article:author\" content=\"@gustarce\" \/>\n<meta property=\"article:published_time\" content=\"2024-11-12T22:43:44+00:00\" \/>\n<meta property=\"article:modified_time\" content=\"2024-11-15T23:57:39+00:00\" \/>\n<meta property=\"og:image\" content=\"https:\/\/www.delexodo.com.ar\/wp-content\/uploads\/2019\/05\/EL-\u00daLTIMO-APAG\u00d3-LA-LUZ.jpg\" \/>\n\t<meta property=\"og:image:width\" content=\"750\" \/>\n\t<meta property=\"og:image:height\" content=\"563\" \/>\n\t<meta property=\"og:image:type\" content=\"image\/jpeg\" \/>\n<meta name=\"author\" content=\"Gustavo Arce\" \/>\n<meta name=\"twitter:card\" content=\"summary_large_image\" \/>\n<meta name=\"twitter:creator\" content=\"@tatooarce\" \/>\n<meta name=\"twitter:label1\" content=\"Escrito por\" \/>\n\t<meta name=\"twitter:data1\" content=\"Gustavo Arce\" \/>\n\t<meta name=\"twitter:label2\" content=\"Tiempo de lectura\" \/>\n\t<meta name=\"twitter:data2\" content=\"2 minutos\" \/>\n<script type=\"application\/ld+json\" class=\"yoast-schema-graph\">{\"@context\":\"https:\/\/schema.org\",\"@graph\":[{\"@type\":\"Article\",\"@id\":\"https:\/\/www.delexodo.com.ar\/?p=11195#article\",\"isPartOf\":{\"@id\":\"https:\/\/www.delexodo.com.ar\/?p=11195\"},\"author\":{\"name\":\"Gustavo Arce\",\"@id\":\"https:\/\/www.delexodo.com.ar\/#\/schema\/person\/86b2026773662c2192398e0740d05231\"},\"headline\":\"Nogoy\u00e1: El ic\u00f3nico Hotel Luz reinicia sus actividades\",\"datePublished\":\"2024-11-12T22:43:44+00:00\",\"dateModified\":\"2024-11-15T23:57:39+00:00\",\"mainEntityOfPage\":{\"@id\":\"https:\/\/www.delexodo.com.ar\/?p=11195\"},\"wordCount\":251,\"publisher\":{\"@id\":\"https:\/\/www.delexodo.com.ar\/#organization\"},\"image\":{\"@id\":\"https:\/\/www.delexodo.com.ar\/?p=11195#primaryimage\"},\"thumbnailUrl\":\"https:\/\/www.delexodo.com.ar\/wp-content\/uploads\/2019\/05\/EL-\u00daLTIMO-APAG\u00d3-LA-LUZ.jpg\",\"keywords\":[\"destacar\"],\"articleSection\":[\"Nogoya\"],\"inLanguage\":\"es\"},{\"@type\":\"WebPage\",\"@id\":\"https:\/\/www.delexodo.com.ar\/?p=11195\",\"url\":\"https:\/\/www.delexodo.com.ar\/?p=11195\",\"name\":\"Nogoy\u00e1: El ic\u00f3nico Hotel Luz reinicia sus actividades - Del \u00c9xodo Nogoy\u00e1\",\"isPartOf\":{\"@id\":\"https:\/\/www.delexodo.com.ar\/#website\"},\"primaryImageOfPage\":{\"@id\":\"https:\/\/www.delexodo.com.ar\/?p=11195#primaryimage\"},\"image\":{\"@id\":\"https:\/\/www.delexodo.com.ar\/?p=11195#primaryimage\"},\"thumbnailUrl\":\"https:\/\/www.delexodo.com.ar\/wp-content\/uploads\/2019\/05\/EL-\u00daLTIMO-APAG\u00d3-LA-LUZ.jpg\",\"datePublished\":\"2024-11-12T22:43:44+00:00\",\"dateModified\":\"2024-11-15T23:57:39+00:00\",\"breadcrumb\":{\"@id\":\"https:\/\/www.delexodo.com.ar\/?p=11195#breadcrumb\"},\"inLanguage\":\"es\",\"potentialAction\":[{\"@type\":\"ReadAction\",\"target\":[\"https:\/\/www.delexodo.com.ar\/?p=11195\"]}]},{\"@type\":\"ImageObject\",\"inLanguage\":\"es\",\"@id\":\"https:\/\/www.delexodo.com.ar\/?p=11195#primaryimage\",\"url\":\"https:\/\/www.delexodo.com.ar\/wp-content\/uploads\/2019\/05\/EL-\u00daLTIMO-APAG\u00d3-LA-LUZ.jpg\",\"contentUrl\":\"https:\/\/www.delexodo.com.ar\/wp-content\/uploads\/2019\/05\/EL-\u00daLTIMO-APAG\u00d3-LA-LUZ.jpg\",\"width\":750,\"height\":563},{\"@type\":\"BreadcrumbList\",\"@id\":\"https:\/\/www.delexodo.com.ar\/?p=11195#breadcrumb\",\"itemListElement\":[{\"@type\":\"ListItem\",\"position\":1,\"name\":\"Portada\",\"item\":\"https:\/\/www.delexodo.com.ar\/\"},{\"@type\":\"ListItem\",\"position\":2,\"name\":\"Nogoy\u00e1: El ic\u00f3nico Hotel Luz reinicia sus actividades\"}]},{\"@type\":\"WebSite\",\"@id\":\"https:\/\/www.delexodo.com.ar\/#website\",\"url\":\"https:\/\/www.delexodo.com.ar\/\",\"name\":\"Del \u00c9xodo Nogoy\u00e1\",\"description\":\"El Portal de Noticias de la Regi\u00f3n\",\"publisher\":{\"@id\":\"https:\/\/www.delexodo.com.ar\/#organization\"},\"potentialAction\":[{\"@type\":\"SearchAction\",\"target\":{\"@type\":\"EntryPoint\",\"urlTemplate\":\"https:\/\/www.delexodo.com.ar\/?s={search_term_string}\"},\"query-input\":{\"@type\":\"PropertyValueSpecification\",\"valueRequired\":true,\"valueName\":\"search_term_string\"}}],\"inLanguage\":\"es\"},{\"@type\":\"Organization\",\"@id\":\"https:\/\/www.delexodo.com.ar\/#organization\",\"name\":\"Del \u00c9xodo Nogoy\u00e1\",\"url\":\"https:\/\/www.delexodo.com.ar\/\",\"logo\":{\"@type\":\"ImageObject\",\"inLanguage\":\"es\",\"@id\":\"https:\/\/www.delexodo.com.ar\/#\/schema\/logo\/image\/\",\"url\":\"https:\/\/www.delexodo.com.ar\/wp-content\/uploads\/2024\/10\/cropped-cropped-LOGO24.png\",\"contentUrl\":\"https:\/\/www.delexodo.com.ar\/wp-content\/uploads\/2024\/10\/cropped-cropped-LOGO24.png\",\"width\":512,\"height\":349,\"caption\":\"Del \u00c9xodo Nogoy\u00e1\"},\"image\":{\"@id\":\"https:\/\/www.delexodo.com.ar\/#\/schema\/logo\/image\/\"}},{\"@type\":\"Person\",\"@id\":\"https:\/\/www.delexodo.com.ar\/#\/schema\/person\/86b2026773662c2192398e0740d05231\",\"name\":\"Gustavo Arce\",\"image\":{\"@type\":\"ImageObject\",\"inLanguage\":\"es\",\"@id\":\"https:\/\/www.delexodo.com.ar\/#\/schema\/person\/image\/\",\"url\":\"https:\/\/secure.gravatar.com\/avatar\/60efc2ac6136ec0ac6f85427121c601f?s=96&d=mm&r=g\",\"contentUrl\":\"https:\/\/secure.gravatar.com\/avatar\/60efc2ac6136ec0ac6f85427121c601f?s=96&d=mm&r=g\",\"caption\":\"Gustavo Arce\"},\"sameAs\":[\"@gustarce\",\"@gustavoarce\",\"https:\/\/x.com\/@tatooarce\"],\"url\":\"https:\/\/www.delexodo.com.ar\/?author=3\"}]}<\/script>\n<!-- \/ Yoast SEO plugin. -->","yoast_head_json":{"title":"Nogoy\u00e1: El ic\u00f3nico Hotel Luz reinicia sus actividades - Del \u00c9xodo Nogoy\u00e1","robots":{"index":"index","follow":"follow","max-snippet":"max-snippet:-1","max-image-preview":"max-image-preview:large","max-video-preview":"max-video-preview:-1"},"canonical":"https:\/\/www.delexodo.com.ar\/?p=11195","og_locale":"es_ES","og_type":"article","og_title":"Nogoy\u00e1: El ic\u00f3nico Hotel Luz reinicia sus actividades - Del \u00c9xodo Nogoy\u00e1","og_description":"A m\u00e1s de 6 a\u00f1os de su cierre, el ic\u00f3nico Hotel Luz por ahora, reinicia sus actividades con una nueva&hellip;","og_url":"https:\/\/www.delexodo.com.ar\/?p=11195","og_site_name":"Del \u00c9xodo Nogoy\u00e1","article_author":"@gustarce","article_published_time":"2024-11-12T22:43:44+00:00","article_modified_time":"2024-11-15T23:57:39+00:00","og_image":[{"width":750,"height":563,"url":"https:\/\/www.delexodo.com.ar\/wp-content\/uploads\/2019\/05\/EL-\u00daLTIMO-APAG\u00d3-LA-LUZ.jpg","type":"image\/jpeg"}],"author":"Gustavo Arce","twitter_card":"summary_large_image","twitter_creator":"@tatooarce","twitter_misc":{"Escrito por":"Gustavo Arce","Tiempo de lectura":"2 minutos"},"schema":{"@context":"https:\/\/schema.org","@graph":[{"@type":"Article","@id":"https:\/\/www.delexodo.com.ar\/?p=11195#article","isPartOf":{"@id":"https:\/\/www.delexodo.com.ar\/?p=11195"},"author":{"name":"Gustavo Arce","@id":"https:\/\/www.delexodo.com.ar\/#\/schema\/person\/86b2026773662c2192398e0740d05231"},"headline":"Nogoy\u00e1: El ic\u00f3nico Hotel Luz reinicia sus actividades","datePublished":"2024-11-12T22:43:44+00:00","dateModified":"2024-11-15T23:57:39+00:00","mainEntityOfPage":{"@id":"https:\/\/www.delexodo.com.ar\/?p=11195"},"wordCount":251,"publisher":{"@id":"https:\/\/www.delexodo.com.ar\/#organization"},"image":{"@id":"https:\/\/www.delexodo.com.ar\/?p=11195#primaryimage"},"thumbnailUrl":"https:\/\/www.delexodo.com.ar\/wp-content\/uploads\/2019\/05\/EL-\u00daLTIMO-APAG\u00d3-LA-LUZ.jpg","keywords":["destacar"],"articleSection":["Nogoya"],"inLanguage":"es"},{"@type":"WebPage","@id":"https:\/\/www.delexodo.com.ar\/?p=11195","url":"https:\/\/www.delexodo.com.ar\/?p=11195","name":"Nogoy\u00e1: El ic\u00f3nico Hotel Luz reinicia sus actividades - Del \u00c9xodo Nogoy\u00e1","isPartOf":{"@id":"https:\/\/www.delexodo.com.ar\/#website"},"primaryImageOfPage":{"@id":"https:\/\/www.delexodo.com.ar\/?p=11195#primaryimage"},"image":{"@id":"https:\/\/www.delexodo.com.ar\/?p=11195#primaryimage"},"thumbnailUrl":"https:\/\/www.delexodo.com.ar\/wp-content\/uploads\/2019\/05\/EL-\u00daLTIMO-APAG\u00d3-LA-LUZ.jpg","datePublished":"2024-11-12T22:43:44+00:00","dateModified":"2024-11-15T23:57:39+00:00","breadcrumb":{"@id":"https:\/\/www.delexodo.com.ar\/?p=11195#breadcrumb"},"inLanguage":"es","potentialAction":[{"@type":"ReadAction","target":["https:\/\/www.delexodo.com.ar\/?p=11195"]}]},{"@type":"ImageObject","inLanguage":"es","@id":"https:\/\/www.delexodo.com.ar\/?p=11195#primaryimage","url":"https:\/\/www.delexodo.com.ar\/wp-content\/uploads\/2019\/05\/EL-\u00daLTIMO-APAG\u00d3-LA-LUZ.jpg","contentUrl":"https:\/\/www.delexodo.com.ar\/wp-content\/uploads\/2019\/05\/EL-\u00daLTIMO-APAG\u00d3-LA-LUZ.jpg","width":750,"height":563},{"@type":"BreadcrumbList","@id":"https:\/\/www.delexodo.com.ar\/?p=11195#breadcrumb","itemListElement":[{"@type":"ListItem","position":1,"name":"Portada","item":"https:\/\/www.delexodo.com.ar\/"},{"@type":"ListItem","position":2,"name":"Nogoy\u00e1: El ic\u00f3nico Hotel Luz reinicia sus actividades"}]},{"@type":"WebSite","@id":"https:\/\/www.delexodo.com.ar\/#website","url":"https:\/\/www.delexodo.com.ar\/","name":"Del \u00c9xodo Nogoy\u00e1","description":"El Portal de Noticias de la Regi\u00f3n","publisher":{"@id":"https:\/\/www.delexodo.com.ar\/#organization"},"potentialAction":[{"@type":"SearchAction","target":{"@type":"EntryPoint","urlTemplate":"https:\/\/www.delexodo.com.ar\/?s={search_term_string}"},"query-input":{"@type":"PropertyValueSpecification","valueRequired":true,"valueName":"search_term_string"}}],"inLanguage":"es"},{"@type":"Organization","@id":"https:\/\/www.delexodo.com.ar\/#organization","name":"Del \u00c9xodo Nogoy\u00e1","url":"https:\/\/www.delexodo.com.ar\/","logo":{"@type":"ImageObject","inLanguage":"es","@id":"https:\/\/www.delexodo.com.ar\/#\/schema\/logo\/image\/","url":"https:\/\/www.delexodo.com.ar\/wp-content\/uploads\/2024\/10\/cropped-cropped-LOGO24.png","contentUrl":"https:\/\/www.delexodo.com.ar\/wp-content\/uploads\/2024\/10\/cropped-cropped-LOGO24.png","width":512,"height":349,"caption":"Del \u00c9xodo Nogoy\u00e1"},"image":{"@id":"https:\/\/www.delexodo.com.ar\/#\/schema\/logo\/image\/"}},{"@type":"Person","@id":"https:\/\/www.delexodo.com.ar\/#\/schema\/person\/86b2026773662c2192398e0740d05231","name":"Gustavo Arce","image":{"@type":"ImageObject","inLanguage":"es","@id":"https:\/\/www.delexodo.com.ar\/#\/schema\/person\/image\/","url":"https:\/\/secure.gravatar.com\/avatar\/60efc2ac6136ec0ac6f85427121c601f?s=96&d=mm&r=g","contentUrl":"https:\/\/secure.gravatar.com\/avatar\/60efc2ac6136ec0ac6f85427121c601f?s=96&d=mm&r=g","caption":"Gustavo Arce"},"sameAs":["@gustarce","@gustavoarce","https:\/\/x.com\/@tatooarce"],"url":"https:\/\/www.delexodo.com.ar\/?author=3"}]}},"_links":{"self":[{"href":"https:\/\/www.delexodo.com.ar\/index.php?rest_route=\/wp\/v2\/posts\/11195","targetHints":{"allow":["GET"]}}],"collection":[{"href":"https:\/\/www.delexodo.com.ar\/index.php?rest_route=\/wp\/v2\/posts"}],"about":[{"href":"https:\/\/www.delexodo.com.ar\/index.php?rest_route=\/wp\/v2\/types\/post"}],"author":[{"embeddable":true,"href":"https:\/\/www.delexodo.com.ar\/index.php?rest_route=\/wp\/v2\/users\/3"}],"replies":[{"embeddable":true,"href":"https:\/\/www.delexodo.com.ar\/index.php?rest_route=%2Fwp%2Fv2%2Fcomments&post=11195"}],"version-history":[{"count":1,"href":"https:\/\/www.delexodo.com.ar\/index.php?rest_route=\/wp\/v2\/posts\/11195\/revisions"}],"predecessor-version":[{"id":11200,"href":"https:\/\/www.delexodo.com.ar\/index.php?rest_route=\/wp\/v2\/posts\/11195\/revisions\/11200"}],"wp:featuredmedia":[{"embeddable":true,"href":"https:\/\/www.delexodo.com.ar\/index.php?rest_route=\/wp\/v2\/media\/2680"}],"wp:attachment":[{"href":"https:\/\/www.delexodo.com.ar\/index.php?rest_route=%2Fwp%2Fv2%2Fmedia&parent=11195"}],"wp:term":[{"taxonomy":"category","embeddable":true,"href":"https:\/\/www.delexodo.com.ar\/index.php?rest_route=%2Fwp%2Fv2%2Fcategories&post=11195"},{"taxonomy":"post_tag","embeddable":true,"href":"https:\/\/www.delexodo.com.ar\/index.php?rest_route=%2Fwp%2Fv2%2Ftags&post=11195"}],"curies":[{"name":"wp","href":"https:\/\/api.w.org\/{rel}","templated":true}]}}