{"id":10806,"date":"2024-09-24T22:09:35","date_gmt":"2024-09-25T01:09:35","guid":{"rendered":"https:\/\/www.delexodo.com.ar\/?p=10806"},"modified":"2024-10-11T19:31:55","modified_gmt":"2024-10-11T22:31:55","slug":"condenaron-a-8-anos-y-seis-meses-de-prision-efectiva-al-abusador-de-menores-en-nogoya","status":"publish","type":"post","link":"https:\/\/www.delexodo.com.ar\/?p=10806","title":{"rendered":"Condenaron a 8 a\u00f1os y seis meses de prisi\u00f3n efectiva al abusador de menores en Nogoy\u00e1"},"content":{"rendered":"\n<p><strong><em>Se conoci\u00f3 el adelanto del veredicto y la sentencia para un abusador de menores de la ciudad de Nogoy\u00e1.<\/em><\/strong><\/p>\n\n\n\n<p>Desde el Tribunal de Juicios y Apelaciones de Gualeguay a cargo del Dr. TORTUL, en la Sala de Audiencias del edificio de Tribunales de esa ciudad, y a los fines de la lectura del veredicto en el marco del legajo caratulado<br>\u00abTULA E.R.D. S\/ ABUSO SEXUAL\u00bb, del A\u00f1o 2024, elevado a Juicio por el Juzgado de Garant\u00edas de Nogoy\u00e1 y en el ADELANTO DEL VEREDICTO hicieron conocer la SENTENCIA donde se  declar\u00f3 a TULA, <strong>autor penalmente responsable de la comisi\u00f3n de los delitos de abuso sexual simple reiterado en concurso real con abuso sexual con acceso carnal en grado de tentativa y abuso sexual simple reiterado<\/strong> en perjuicio de las ni\u00f1as menores de edad y en consecuencia <strong>CONDENARLO a la PENA de OCHO A\u00d1OS Y SEIS MESES DE PRISION A CUMPLIR EN FORMA EFECTIVA, CON MAS ACCESORIAS LEGALES<\/strong>.<\/p>\n\n\n\n<p>Asimismo se dispuso medida restrictiva a fin de salvaguardar la integridad de las v\u00edctimas y se contin\u00fae con la medida de restricci\u00f3n de contacto sea por v\u00eda directa o indirecta, verbal, escrito por cualquier medio, WhatsApp, Facebook, Instagram, \u00f3 cualquier red social y de abstenerse el imputado de realizar cualquier tipo de acto molesto o agresivo a las ni\u00f1as v\u00edctimas y a su grupo familiar conviviente, como as\u00ed tambi\u00e9n la prohibici\u00f3n de acercamiento a una distancia inferior a los 200 metros de sus domicilios y la obligaci\u00f3n de presentarse semanalmente a la Jefatura Departamental Nogoy\u00e1.<\/p>\n\n\n\n<p>Se espera que la sentencia quede firme a efecto de efectivizar la medida de prisi\u00f3n como as\u00ed las disposiciones contenidas en la Ley Provincial N\u00ba 10.016 ordenando la extracci\u00f3n del patr\u00f3n gen\u00e9tico del condenado y su posterior inclusi\u00f3n en el Registro Provincial de Datos Gen\u00e9ticos que funciona en el \u00e1mbito del Servicio de Gen\u00e9tica Forense dependiente del Superior Tribunal de Justicia de la Provincia de Entre R\u00edos.<\/p>\n\n\n\n<p>En los considerandos del adelanto de sentencia mencionan <em><strong>\u00abTrat\u00e1ndose de una persona capaz, no habi\u00e9ndose observado la existencia de eximentes, teniendo en cuenta la naturaleza de los hechos abusivos de naturaleza sexual acreditados, la condici\u00f3n y edad de las v\u00edctimas, su vulnerabilidad, modalidad comisiva, la extensi\u00f3n del da\u00f1o provocado como dem\u00e1s circunstancias que hacen a una culpabilidad de acto, a partir tambi\u00e9n del aprovechamiento por parte del autor de la asimetr\u00eda de g\u00e9nero y de poder con que manten\u00eda conforme ese v\u00ednculo previo que hab\u00eda generado con las j\u00f3venes\u00bb<\/strong><\/em><\/p>\n","protected":false},"excerpt":{"rendered":"<p>Se conoci\u00f3 el adelanto del veredicto y la sentencia para un abusador de menores de la ciudad de Nogoy\u00e1. Desde&hellip;<\/p>\n","protected":false},"author":3,"featured_media":10807,"comment_status":"closed","ping_status":"closed","sticky":false,"template":"","format":"standard","meta":{"_joinchat":[],"footnotes":""},"categories":[1],"tags":[345],"class_list":["post-10806","post","type-post","status-publish","format-standard","has-post-thumbnail","hentry","category-sincategoria","tag-destacar"],"yoast_head":"<!-- This site is optimized with the Yoast SEO plugin v25.1 - https:\/\/yoast.com\/wordpress\/plugins\/seo\/ -->\n<title>Condenaron a 8 a\u00f1os y seis meses de prisi\u00f3n efectiva al abusador de menores en Nogoy\u00e1 - Del \u00c9xodo Nogoy\u00e1<\/title>\n<meta name=\"robots\" content=\"index, follow, max-snippet:-1, max-image-preview:large, max-video-preview:-1\" \/>\n<link rel=\"canonical\" href=\"https:\/\/www.delexodo.com.ar\/?p=10806\" \/>\n<meta property=\"og:locale\" content=\"es_ES\" \/>\n<meta property=\"og:type\" content=\"article\" \/>\n<meta property=\"og:title\" content=\"Condenaron a 8 a\u00f1os y seis meses de prisi\u00f3n efectiva al abusador de menores en Nogoy\u00e1 - Del \u00c9xodo Nogoy\u00e1\" \/>\n<meta property=\"og:description\" content=\"Se conoci\u00f3 el adelanto del veredicto y la sentencia para un abusador de menores de la ciudad de Nogoy\u00e1. Desde&hellip;\" \/>\n<meta property=\"og:url\" content=\"https:\/\/www.delexodo.com.ar\/?p=10806\" \/>\n<meta property=\"og:site_name\" content=\"Del \u00c9xodo Nogoy\u00e1\" \/>\n<meta property=\"article:author\" content=\"@gustarce\" \/>\n<meta property=\"article:published_time\" content=\"2024-09-25T01:09:35+00:00\" \/>\n<meta property=\"article:modified_time\" content=\"2024-10-11T22:31:55+00:00\" \/>\n<meta property=\"og:image\" content=\"https:\/\/www.delexodo.com.ar\/wp-content\/uploads\/2024\/09\/Juicio-y-Apelaciones-Gualeguay.jpg\" \/>\n\t<meta property=\"og:image:width\" content=\"1280\" \/>\n\t<meta property=\"og:image:height\" content=\"831\" \/>\n\t<meta property=\"og:image:type\" content=\"image\/jpeg\" \/>\n<meta name=\"author\" content=\"Gustavo Arce\" \/>\n<meta name=\"twitter:card\" content=\"summary_large_image\" \/>\n<meta name=\"twitter:creator\" content=\"@tatooarce\" \/>\n<meta name=\"twitter:label1\" content=\"Escrito por\" \/>\n\t<meta name=\"twitter:data1\" content=\"Gustavo Arce\" \/>\n\t<meta name=\"twitter:label2\" content=\"Tiempo de lectura\" \/>\n\t<meta name=\"twitter:data2\" content=\"2 minutos\" \/>\n<script type=\"application\/ld+json\" class=\"yoast-schema-graph\">{\"@context\":\"https:\/\/schema.org\",\"@graph\":[{\"@type\":\"Article\",\"@id\":\"https:\/\/www.delexodo.com.ar\/?p=10806#article\",\"isPartOf\":{\"@id\":\"https:\/\/www.delexodo.com.ar\/?p=10806\"},\"author\":{\"name\":\"Gustavo Arce\",\"@id\":\"https:\/\/www.delexodo.com.ar\/#\/schema\/person\/86b2026773662c2192398e0740d05231\"},\"headline\":\"Condenaron a 8 a\u00f1os y seis meses de prisi\u00f3n efectiva al abusador de menores en Nogoy\u00e1\",\"datePublished\":\"2024-09-25T01:09:35+00:00\",\"dateModified\":\"2024-10-11T22:31:55+00:00\",\"mainEntityOfPage\":{\"@id\":\"https:\/\/www.delexodo.com.ar\/?p=10806\"},\"wordCount\":459,\"publisher\":{\"@id\":\"https:\/\/www.delexodo.com.ar\/#organization\"},\"image\":{\"@id\":\"https:\/\/www.delexodo.com.ar\/?p=10806#primaryimage\"},\"thumbnailUrl\":\"https:\/\/www.delexodo.com.ar\/wp-content\/uploads\/2024\/09\/Juicio-y-Apelaciones-Gualeguay.jpg\",\"keywords\":[\"destacar\"],\"articleSection\":[\"Nogoya\"],\"inLanguage\":\"es\"},{\"@type\":\"WebPage\",\"@id\":\"https:\/\/www.delexodo.com.ar\/?p=10806\",\"url\":\"https:\/\/www.delexodo.com.ar\/?p=10806\",\"name\":\"Condenaron a 8 a\u00f1os y seis meses de prisi\u00f3n efectiva al abusador de menores en Nogoy\u00e1 - Del \u00c9xodo Nogoy\u00e1\",\"isPartOf\":{\"@id\":\"https:\/\/www.delexodo.com.ar\/#website\"},\"primaryImageOfPage\":{\"@id\":\"https:\/\/www.delexodo.com.ar\/?p=10806#primaryimage\"},\"image\":{\"@id\":\"https:\/\/www.delexodo.com.ar\/?p=10806#primaryimage\"},\"thumbnailUrl\":\"https:\/\/www.delexodo.com.ar\/wp-content\/uploads\/2024\/09\/Juicio-y-Apelaciones-Gualeguay.jpg\",\"datePublished\":\"2024-09-25T01:09:35+00:00\",\"dateModified\":\"2024-10-11T22:31:55+00:00\",\"breadcrumb\":{\"@id\":\"https:\/\/www.delexodo.com.ar\/?p=10806#breadcrumb\"},\"inLanguage\":\"es\",\"potentialAction\":[{\"@type\":\"ReadAction\",\"target\":[\"https:\/\/www.delexodo.com.ar\/?p=10806\"]}]},{\"@type\":\"ImageObject\",\"inLanguage\":\"es\",\"@id\":\"https:\/\/www.delexodo.com.ar\/?p=10806#primaryimage\",\"url\":\"https:\/\/www.delexodo.com.ar\/wp-content\/uploads\/2024\/09\/Juicio-y-Apelaciones-Gualeguay.jpg\",\"contentUrl\":\"https:\/\/www.delexodo.com.ar\/wp-content\/uploads\/2024\/09\/Juicio-y-Apelaciones-Gualeguay.jpg\",\"width\":1280,\"height\":831},{\"@type\":\"BreadcrumbList\",\"@id\":\"https:\/\/www.delexodo.com.ar\/?p=10806#breadcrumb\",\"itemListElement\":[{\"@type\":\"ListItem\",\"position\":1,\"name\":\"Portada\",\"item\":\"https:\/\/www.delexodo.com.ar\/\"},{\"@type\":\"ListItem\",\"position\":2,\"name\":\"Condenaron a 8 a\u00f1os y seis meses de prisi\u00f3n efectiva al abusador de menores en Nogoy\u00e1\"}]},{\"@type\":\"WebSite\",\"@id\":\"https:\/\/www.delexodo.com.ar\/#website\",\"url\":\"https:\/\/www.delexodo.com.ar\/\",\"name\":\"Del \u00c9xodo Nogoy\u00e1\",\"description\":\"El Portal de Noticias de la Regi\u00f3n\",\"publisher\":{\"@id\":\"https:\/\/www.delexodo.com.ar\/#organization\"},\"potentialAction\":[{\"@type\":\"SearchAction\",\"target\":{\"@type\":\"EntryPoint\",\"urlTemplate\":\"https:\/\/www.delexodo.com.ar\/?s={search_term_string}\"},\"query-input\":{\"@type\":\"PropertyValueSpecification\",\"valueRequired\":true,\"valueName\":\"search_term_string\"}}],\"inLanguage\":\"es\"},{\"@type\":\"Organization\",\"@id\":\"https:\/\/www.delexodo.com.ar\/#organization\",\"name\":\"Del \u00c9xodo Nogoy\u00e1\",\"url\":\"https:\/\/www.delexodo.com.ar\/\",\"logo\":{\"@type\":\"ImageObject\",\"inLanguage\":\"es\",\"@id\":\"https:\/\/www.delexodo.com.ar\/#\/schema\/logo\/image\/\",\"url\":\"https:\/\/www.delexodo.com.ar\/wp-content\/uploads\/2024\/10\/cropped-cropped-LOGO24.png\",\"contentUrl\":\"https:\/\/www.delexodo.com.ar\/wp-content\/uploads\/2024\/10\/cropped-cropped-LOGO24.png\",\"width\":512,\"height\":349,\"caption\":\"Del \u00c9xodo Nogoy\u00e1\"},\"image\":{\"@id\":\"https:\/\/www.delexodo.com.ar\/#\/schema\/logo\/image\/\"}},{\"@type\":\"Person\",\"@id\":\"https:\/\/www.delexodo.com.ar\/#\/schema\/person\/86b2026773662c2192398e0740d05231\",\"name\":\"Gustavo Arce\",\"image\":{\"@type\":\"ImageObject\",\"inLanguage\":\"es\",\"@id\":\"https:\/\/www.delexodo.com.ar\/#\/schema\/person\/image\/\",\"url\":\"https:\/\/secure.gravatar.com\/avatar\/60efc2ac6136ec0ac6f85427121c601f?s=96&d=mm&r=g\",\"contentUrl\":\"https:\/\/secure.gravatar.com\/avatar\/60efc2ac6136ec0ac6f85427121c601f?s=96&d=mm&r=g\",\"caption\":\"Gustavo Arce\"},\"sameAs\":[\"@gustarce\",\"@gustavoarce\",\"https:\/\/x.com\/@tatooarce\"],\"url\":\"https:\/\/www.delexodo.com.ar\/?author=3\"}]}<\/script>\n<!-- \/ Yoast SEO plugin. -->","yoast_head_json":{"title":"Condenaron a 8 a\u00f1os y seis meses de prisi\u00f3n efectiva al abusador de menores en Nogoy\u00e1 - Del \u00c9xodo Nogoy\u00e1","robots":{"index":"index","follow":"follow","max-snippet":"max-snippet:-1","max-image-preview":"max-image-preview:large","max-video-preview":"max-video-preview:-1"},"canonical":"https:\/\/www.delexodo.com.ar\/?p=10806","og_locale":"es_ES","og_type":"article","og_title":"Condenaron a 8 a\u00f1os y seis meses de prisi\u00f3n efectiva al abusador de menores en Nogoy\u00e1 - Del \u00c9xodo Nogoy\u00e1","og_description":"Se conoci\u00f3 el adelanto del veredicto y la sentencia para un abusador de menores de la ciudad de Nogoy\u00e1. Desde&hellip;","og_url":"https:\/\/www.delexodo.com.ar\/?p=10806","og_site_name":"Del \u00c9xodo Nogoy\u00e1","article_author":"@gustarce","article_published_time":"2024-09-25T01:09:35+00:00","article_modified_time":"2024-10-11T22:31:55+00:00","og_image":[{"width":1280,"height":831,"url":"https:\/\/www.delexodo.com.ar\/wp-content\/uploads\/2024\/09\/Juicio-y-Apelaciones-Gualeguay.jpg","type":"image\/jpeg"}],"author":"Gustavo Arce","twitter_card":"summary_large_image","twitter_creator":"@tatooarce","twitter_misc":{"Escrito por":"Gustavo Arce","Tiempo de lectura":"2 minutos"},"schema":{"@context":"https:\/\/schema.org","@graph":[{"@type":"Article","@id":"https:\/\/www.delexodo.com.ar\/?p=10806#article","isPartOf":{"@id":"https:\/\/www.delexodo.com.ar\/?p=10806"},"author":{"name":"Gustavo Arce","@id":"https:\/\/www.delexodo.com.ar\/#\/schema\/person\/86b2026773662c2192398e0740d05231"},"headline":"Condenaron a 8 a\u00f1os y seis meses de prisi\u00f3n efectiva al abusador de menores en Nogoy\u00e1","datePublished":"2024-09-25T01:09:35+00:00","dateModified":"2024-10-11T22:31:55+00:00","mainEntityOfPage":{"@id":"https:\/\/www.delexodo.com.ar\/?p=10806"},"wordCount":459,"publisher":{"@id":"https:\/\/www.delexodo.com.ar\/#organization"},"image":{"@id":"https:\/\/www.delexodo.com.ar\/?p=10806#primaryimage"},"thumbnailUrl":"https:\/\/www.delexodo.com.ar\/wp-content\/uploads\/2024\/09\/Juicio-y-Apelaciones-Gualeguay.jpg","keywords":["destacar"],"articleSection":["Nogoya"],"inLanguage":"es"},{"@type":"WebPage","@id":"https:\/\/www.delexodo.com.ar\/?p=10806","url":"https:\/\/www.delexodo.com.ar\/?p=10806","name":"Condenaron a 8 a\u00f1os y seis meses de prisi\u00f3n efectiva al abusador de menores en Nogoy\u00e1 - Del \u00c9xodo Nogoy\u00e1","isPartOf":{"@id":"https:\/\/www.delexodo.com.ar\/#website"},"primaryImageOfPage":{"@id":"https:\/\/www.delexodo.com.ar\/?p=10806#primaryimage"},"image":{"@id":"https:\/\/www.delexodo.com.ar\/?p=10806#primaryimage"},"thumbnailUrl":"https:\/\/www.delexodo.com.ar\/wp-content\/uploads\/2024\/09\/Juicio-y-Apelaciones-Gualeguay.jpg","datePublished":"2024-09-25T01:09:35+00:00","dateModified":"2024-10-11T22:31:55+00:00","breadcrumb":{"@id":"https:\/\/www.delexodo.com.ar\/?p=10806#breadcrumb"},"inLanguage":"es","potentialAction":[{"@type":"ReadAction","target":["https:\/\/www.delexodo.com.ar\/?p=10806"]}]},{"@type":"ImageObject","inLanguage":"es","@id":"https:\/\/www.delexodo.com.ar\/?p=10806#primaryimage","url":"https:\/\/www.delexodo.com.ar\/wp-content\/uploads\/2024\/09\/Juicio-y-Apelaciones-Gualeguay.jpg","contentUrl":"https:\/\/www.delexodo.com.ar\/wp-content\/uploads\/2024\/09\/Juicio-y-Apelaciones-Gualeguay.jpg","width":1280,"height":831},{"@type":"BreadcrumbList","@id":"https:\/\/www.delexodo.com.ar\/?p=10806#breadcrumb","itemListElement":[{"@type":"ListItem","position":1,"name":"Portada","item":"https:\/\/www.delexodo.com.ar\/"},{"@type":"ListItem","position":2,"name":"Condenaron a 8 a\u00f1os y seis meses de prisi\u00f3n efectiva al abusador de menores en Nogoy\u00e1"}]},{"@type":"WebSite","@id":"https:\/\/www.delexodo.com.ar\/#website","url":"https:\/\/www.delexodo.com.ar\/","name":"Del \u00c9xodo Nogoy\u00e1","description":"El Portal de Noticias de la Regi\u00f3n","publisher":{"@id":"https:\/\/www.delexodo.com.ar\/#organization"},"potentialAction":[{"@type":"SearchAction","target":{"@type":"EntryPoint","urlTemplate":"https:\/\/www.delexodo.com.ar\/?s={search_term_string}"},"query-input":{"@type":"PropertyValueSpecification","valueRequired":true,"valueName":"search_term_string"}}],"inLanguage":"es"},{"@type":"Organization","@id":"https:\/\/www.delexodo.com.ar\/#organization","name":"Del \u00c9xodo Nogoy\u00e1","url":"https:\/\/www.delexodo.com.ar\/","logo":{"@type":"ImageObject","inLanguage":"es","@id":"https:\/\/www.delexodo.com.ar\/#\/schema\/logo\/image\/","url":"https:\/\/www.delexodo.com.ar\/wp-content\/uploads\/2024\/10\/cropped-cropped-LOGO24.png","contentUrl":"https:\/\/www.delexodo.com.ar\/wp-content\/uploads\/2024\/10\/cropped-cropped-LOGO24.png","width":512,"height":349,"caption":"Del \u00c9xodo Nogoy\u00e1"},"image":{"@id":"https:\/\/www.delexodo.com.ar\/#\/schema\/logo\/image\/"}},{"@type":"Person","@id":"https:\/\/www.delexodo.com.ar\/#\/schema\/person\/86b2026773662c2192398e0740d05231","name":"Gustavo Arce","image":{"@type":"ImageObject","inLanguage":"es","@id":"https:\/\/www.delexodo.com.ar\/#\/schema\/person\/image\/","url":"https:\/\/secure.gravatar.com\/avatar\/60efc2ac6136ec0ac6f85427121c601f?s=96&d=mm&r=g","contentUrl":"https:\/\/secure.gravatar.com\/avatar\/60efc2ac6136ec0ac6f85427121c601f?s=96&d=mm&r=g","caption":"Gustavo Arce"},"sameAs":["@gustarce","@gustavoarce","https:\/\/x.com\/@tatooarce"],"url":"https:\/\/www.delexodo.com.ar\/?author=3"}]}},"_links":{"self":[{"href":"https:\/\/www.delexodo.com.ar\/index.php?rest_route=\/wp\/v2\/posts\/10806","targetHints":{"allow":["GET"]}}],"collection":[{"href":"https:\/\/www.delexodo.com.ar\/index.php?rest_route=\/wp\/v2\/posts"}],"about":[{"href":"https:\/\/www.delexodo.com.ar\/index.php?rest_route=\/wp\/v2\/types\/post"}],"author":[{"embeddable":true,"href":"https:\/\/www.delexodo.com.ar\/index.php?rest_route=\/wp\/v2\/users\/3"}],"replies":[{"embeddable":true,"href":"https:\/\/www.delexodo.com.ar\/index.php?rest_route=%2Fwp%2Fv2%2Fcomments&post=10806"}],"version-history":[{"count":0,"href":"https:\/\/www.delexodo.com.ar\/index.php?rest_route=\/wp\/v2\/posts\/10806\/revisions"}],"wp:featuredmedia":[{"embeddable":true,"href":"https:\/\/www.delexodo.com.ar\/index.php?rest_route=\/wp\/v2\/media\/10807"}],"wp:attachment":[{"href":"https:\/\/www.delexodo.com.ar\/index.php?rest_route=%2Fwp%2Fv2%2Fmedia&parent=10806"}],"wp:term":[{"taxonomy":"category","embeddable":true,"href":"https:\/\/www.delexodo.com.ar\/index.php?rest_route=%2Fwp%2Fv2%2Fcategories&post=10806"},{"taxonomy":"post_tag","embeddable":true,"href":"https:\/\/www.delexodo.com.ar\/index.php?rest_route=%2Fwp%2Fv2%2Ftags&post=10806"}],"curies":[{"name":"wp","href":"https:\/\/api.w.org\/{rel}","templated":true}]}}