{"id":10798,"date":"2024-09-24T17:39:22","date_gmt":"2024-09-24T20:39:22","guid":{"rendered":"https:\/\/www.delexodo.com.ar\/?p=10798"},"modified":"2024-10-11T19:33:15","modified_gmt":"2024-10-11T22:33:15","slug":"conflicto-docente-frigerio-anuncio-los-aumentos-que-pagara-a-los-docentes","status":"publish","type":"post","link":"https:\/\/www.delexodo.com.ar\/?p=10798","title":{"rendered":"Conflicto Docente: Frigerio anunci\u00f3 los aumentos que pagar\u00e1 a los docentes"},"content":{"rendered":"\n<p><em><strong><strong>Ante un nuevo rechazo de los gremios a la \u00faltima oferta salarial que hizo la provincia, el gobernador Rogelio Frigerio tom\u00f3 la decisi\u00f3n de restituir por decreto el Fondo de Incentivo Docente y el \u00edtem Conectividad, a los fines de recomponer la p\u00e9rdida que sufrieron los trabajadores en su bolsillo tras la quita del Fonid nacional.<\/strong><\/strong><\/em><\/p>\n\n\n\n<figure class=\"wp-block-embed is-type-video is-provider-youtube wp-block-embed-youtube wp-embed-aspect-16-9 wp-has-aspect-ratio\"><div class=\"wp-block-embed__wrapper\">\n<iframe loading=\"lazy\" title=\"La provincia restituir\u00e1 por decreto el Fondo de Incentivo Docente y la Conectividad ALTA\" width=\"500\" height=\"281\" src=\"https:\/\/www.youtube.com\/embed\/IP6M21-w13o?feature=oembed\" frameborder=\"0\" allow=\"accelerometer; autoplay; clipboard-write; encrypted-media; gyroscope; picture-in-picture; web-share\" referrerpolicy=\"strict-origin-when-cross-origin\" allowfullscreen><\/iframe>\n<\/div><\/figure>\n\n\n\n<div class=\"wp-block-image\"><figure class=\"aligncenter size-large\"><img loading=\"lazy\" decoding=\"async\" width=\"1024\" height=\"107\" src=\"https:\/\/www.delexodo.com.ar\/wp-content\/uploads\/2024\/09\/ER-Industria-Banners_955x100-05-1024x107.png\" alt=\"\" class=\"wp-image-10783\" srcset=\"https:\/\/www.delexodo.com.ar\/wp-content\/uploads\/2024\/09\/ER-Industria-Banners_955x100-05-1024x107.png 1024w, https:\/\/www.delexodo.com.ar\/wp-content\/uploads\/2024\/09\/ER-Industria-Banners_955x100-05-300x31.png 300w, https:\/\/www.delexodo.com.ar\/wp-content\/uploads\/2024\/09\/ER-Industria-Banners_955x100-05-768x80.png 768w, https:\/\/www.delexodo.com.ar\/wp-content\/uploads\/2024\/09\/ER-Industria-Banners_955x100-05-1536x161.png 1536w, https:\/\/www.delexodo.com.ar\/wp-content\/uploads\/2024\/09\/ER-Industria-Banners_955x100-05-2048x215.png 2048w\" sizes=\"auto, (max-width: 1024px) 100vw, 1024px\" \/><\/figure><\/div>\n\n\n\n<p>As\u00ed lo anunci\u00f3 este martes en una conferencia de prensa realizada en Casa de Gobierno, acompa\u00f1ado de la presidente del Consejo General de Educaci\u00f3n, Alicia Fregonese, y del ministro de Hacienda y Finanzas, Julio Panceri.<\/p>\n\n\n\n<p><em><strong>\u00abNecesitamos ante todo que los estudiantes est\u00e9n en las aulas, tenemos que buscar el equilibrio con los estudiantes en el aula\u00bb<\/strong><\/em>, dijo el mandatario.&nbsp;<\/p>\n\n\n\n<p>Asimismo, plante\u00f3 que, como lo pidieron los gremios, no va a haber aumentos no remunerativos. <em>\u00abEn esta l\u00ednea vamos a recomponer el atraso salarial acordado con ellos del 6,55 por ciento durante los pr\u00f3ximos tres meses, remunerativos. Vamos a sostener la cobertura contra la inflaci\u00f3n; va a haber una actualizaci\u00f3n mes a mes seg\u00fan el \u00cdndice de Precios al Consumidor, como lo venimos haciendo desde junio\u00bb<\/em>.&nbsp;<\/p>\n\n\n\n<p>Tambi\u00e9n, agreg\u00f3, <em>\u00abvamos a aumentar la movilidad docente llevando el tope de distancia a los 80 kil\u00f3metros. Vamos a instalar e implementar una cl\u00e1usula que garantice que el salario m\u00ednimo de bolsillo para un cargo docente sea de al menos un 10 por ciento, siempre por encima de la canasta b\u00e1sica del consumo para un hogar de cuatro integrantes seg\u00fan datos del Indec\u00bb<\/em>, continu\u00f3.&nbsp;<\/p>\n\n\n\n<p><em>\u00abEl m\u00ednimo para un docente con cargo de media jornada que reci\u00e9n se inicia va a ser de 563.000 pesos de bolsillo\u00bb, dijo luego el mandatario y grafic\u00f3 que \u00abese mismo docente cobr\u00f3 en el mes de diciembre pasado 276.000 pesos; es decir, aumentamos un 104 por ciento mientras que la inflaci\u00f3n acumulada en ese mismo periodo fue del 102 por ciento. En otras palabras: en el peor momento de la historia, aumentamos ese cargo m\u00ednimo m\u00e1s que la inflaci\u00f3n\u00bb<\/em>, subray\u00f3.<\/p>\n\n\n\n<p>Al mismo tiempo, comunic\u00f3 que se instrumentar\u00e1 <em>\u00abuna declaraci\u00f3n jurada, que van a completar los docentes que vayan a dar clases, porque vamos a respetar el derecho a huelga, pero tambi\u00e9n queremos reconocer a los docentes que s\u00ed cumplen con su tarea\u00bb<\/em>. A la vez, se descontar\u00e1n los d\u00edas de paro a los docentes que adhieran a las medidas de fuerza dispuesta por los gremios, porque <strong><em>\u00abesta discusi\u00f3n no puede tener de rehenes a los alumnos\u00bb<\/em><\/strong>.<\/p>\n\n\n\n<div class=\"wp-block-image\"><figure class=\"alignleft size-large is-resized\"><img loading=\"lazy\" decoding=\"async\" src=\"https:\/\/www.delexodo.com.ar\/wp-content\/uploads\/2024\/09\/Frigerio-Docentes-1024x576.jpg\" alt=\"\" class=\"wp-image-10800\" width=\"269\" height=\"151\" srcset=\"https:\/\/www.delexodo.com.ar\/wp-content\/uploads\/2024\/09\/Frigerio-Docentes-1024x576.jpg 1024w, https:\/\/www.delexodo.com.ar\/wp-content\/uploads\/2024\/09\/Frigerio-Docentes-300x169.jpg 300w, https:\/\/www.delexodo.com.ar\/wp-content\/uploads\/2024\/09\/Frigerio-Docentes-768x432.jpg 768w, https:\/\/www.delexodo.com.ar\/wp-content\/uploads\/2024\/09\/Frigerio-Docentes.jpg 1366w\" sizes=\"auto, (max-width: 269px) 100vw, 269px\" \/><\/figure><\/div>\n\n\n\n<p>Luego, asegur\u00f3 que <em>\u00abestamos dando lo m\u00e1ximo que financieramente la provincia puede dar, no tenemos nada que ocultar. Vamos a continuar apostando al di\u00e1logo serio y responsable con los gremios, como lo hacemos desde el primer d\u00eda. Pero como nuestra prioridad son los alumnos y los docentes, no podemos permitir que las negociaciones se ti\u00f1an de discusiones ideol\u00f3gicas, ni que las internas gremiales tomen de rehenes a los docentes. Es por eso que vamos a proponer que, a partir de ahora, las negociaciones sean abiertas a los medios. Porque las arcas p\u00fablicas son de todos los entrerrianos y todos tienen derecho a conocer de primera mano qu\u00e9 se discute y c\u00f3mo, sobre los recursos de todos\u00bb,<\/em> subray\u00f3.<\/p>\n\n\n\n<p>Afirm\u00f3 que la educaci\u00f3n es un tema de <em><strong>\u00ababsoluta prioridad\u00bb<\/strong><\/em> en su gesti\u00f3n, lo cual no puede ser de otra manera <em>\u00aben una provincia donde s\u00f3lo 16 de cada 100 estudiantes terminan la secundaria en tiempo y forma, donde la mitad pr\u00e1cticamente de los estudiantes del secundario abandonan en segundo a\u00f1o la escuela, donde los estudiantes de primaria no comprenden lo que leen y tenemos una sobreedad de m\u00e1s del 38 por ciento en el primer a\u00f1o del secundario\u00bb<\/em>.<\/p>\n\n\n\n<p><em>\u00abSabemos que falta mucho, pero los docentes van a estar mejor que el a\u00f1o pasado, lo que es mucho decir teniendo en cuenta que el Estado provincial recibe hoy un 20 por ciento menos de recursos que en el a\u00f1o 2023. Es un momento muy complejo, pero los estudiantes no pueden pagar las consecuencias de d\u00e9cadas en las que se hicieron mal las cosas\u00bb<\/em>, concluy\u00f3.<\/p>\n","protected":false},"excerpt":{"rendered":"<p>Ante un nuevo rechazo de los gremios a la \u00faltima oferta salarial que hizo la provincia, el gobernador Rogelio Frigerio&hellip;<\/p>\n","protected":false},"author":1,"featured_media":10799,"comment_status":"closed","ping_status":"closed","sticky":false,"template":"","format":"standard","meta":{"_joinchat":[],"footnotes":""},"categories":[349],"tags":[345],"class_list":["post-10798","post","type-post","status-publish","format-standard","has-post-thumbnail","hentry","category-politica","tag-destacar"],"yoast_head":"<!-- This site is optimized with the Yoast SEO plugin v25.1 - https:\/\/yoast.com\/wordpress\/plugins\/seo\/ -->\n<title>Conflicto Docente: Frigerio anunci\u00f3 los aumentos que pagar\u00e1 a los docentes - Del \u00c9xodo Nogoy\u00e1<\/title>\n<meta name=\"robots\" content=\"index, follow, max-snippet:-1, max-image-preview:large, max-video-preview:-1\" \/>\n<link rel=\"canonical\" href=\"https:\/\/www.delexodo.com.ar\/?p=10798\" \/>\n<meta property=\"og:locale\" content=\"es_ES\" \/>\n<meta property=\"og:type\" content=\"article\" \/>\n<meta property=\"og:title\" content=\"Conflicto Docente: Frigerio anunci\u00f3 los aumentos que pagar\u00e1 a los docentes - Del \u00c9xodo Nogoy\u00e1\" \/>\n<meta property=\"og:description\" content=\"Ante un nuevo rechazo de los gremios a la \u00faltima oferta salarial que hizo la provincia, el gobernador Rogelio Frigerio&hellip;\" \/>\n<meta property=\"og:url\" content=\"https:\/\/www.delexodo.com.ar\/?p=10798\" \/>\n<meta property=\"og:site_name\" content=\"Del \u00c9xodo Nogoy\u00e1\" \/>\n<meta property=\"article:published_time\" content=\"2024-09-24T20:39:22+00:00\" \/>\n<meta property=\"article:modified_time\" content=\"2024-10-11T22:33:15+00:00\" \/>\n<meta property=\"og:image\" content=\"https:\/\/www.delexodo.com.ar\/wp-content\/uploads\/2024\/09\/Frigerio-Prensa-Docentes.jpg\" \/>\n\t<meta property=\"og:image:width\" content=\"1366\" \/>\n\t<meta property=\"og:image:height\" content=\"768\" \/>\n\t<meta property=\"og:image:type\" content=\"image\/jpeg\" \/>\n<meta name=\"author\" content=\"admin\" \/>\n<meta name=\"twitter:card\" content=\"summary_large_image\" \/>\n<meta name=\"twitter:label1\" content=\"Escrito por\" \/>\n\t<meta name=\"twitter:data1\" content=\"admin\" \/>\n\t<meta name=\"twitter:label2\" content=\"Tiempo de lectura\" \/>\n\t<meta name=\"twitter:data2\" content=\"4 minutos\" \/>\n<script type=\"application\/ld+json\" class=\"yoast-schema-graph\">{\"@context\":\"https:\/\/schema.org\",\"@graph\":[{\"@type\":\"Article\",\"@id\":\"https:\/\/www.delexodo.com.ar\/?p=10798#article\",\"isPartOf\":{\"@id\":\"https:\/\/www.delexodo.com.ar\/?p=10798\"},\"author\":{\"name\":\"admin\",\"@id\":\"https:\/\/www.delexodo.com.ar\/#\/schema\/person\/bbed37f7da8e938660b34f2013ba449d\"},\"headline\":\"Conflicto Docente: Frigerio anunci\u00f3 los aumentos que pagar\u00e1 a los docentes\",\"datePublished\":\"2024-09-24T20:39:22+00:00\",\"dateModified\":\"2024-10-11T22:33:15+00:00\",\"mainEntityOfPage\":{\"@id\":\"https:\/\/www.delexodo.com.ar\/?p=10798\"},\"wordCount\":719,\"publisher\":{\"@id\":\"https:\/\/www.delexodo.com.ar\/#organization\"},\"image\":{\"@id\":\"https:\/\/www.delexodo.com.ar\/?p=10798#primaryimage\"},\"thumbnailUrl\":\"https:\/\/www.delexodo.com.ar\/wp-content\/uploads\/2024\/09\/Frigerio-Prensa-Docentes.jpg\",\"keywords\":[\"destacar\"],\"articleSection\":[\"Politica\"],\"inLanguage\":\"es\"},{\"@type\":\"WebPage\",\"@id\":\"https:\/\/www.delexodo.com.ar\/?p=10798\",\"url\":\"https:\/\/www.delexodo.com.ar\/?p=10798\",\"name\":\"Conflicto Docente: Frigerio anunci\u00f3 los aumentos que pagar\u00e1 a los docentes - Del \u00c9xodo Nogoy\u00e1\",\"isPartOf\":{\"@id\":\"https:\/\/www.delexodo.com.ar\/#website\"},\"primaryImageOfPage\":{\"@id\":\"https:\/\/www.delexodo.com.ar\/?p=10798#primaryimage\"},\"image\":{\"@id\":\"https:\/\/www.delexodo.com.ar\/?p=10798#primaryimage\"},\"thumbnailUrl\":\"https:\/\/www.delexodo.com.ar\/wp-content\/uploads\/2024\/09\/Frigerio-Prensa-Docentes.jpg\",\"datePublished\":\"2024-09-24T20:39:22+00:00\",\"dateModified\":\"2024-10-11T22:33:15+00:00\",\"breadcrumb\":{\"@id\":\"https:\/\/www.delexodo.com.ar\/?p=10798#breadcrumb\"},\"inLanguage\":\"es\",\"potentialAction\":[{\"@type\":\"ReadAction\",\"target\":[\"https:\/\/www.delexodo.com.ar\/?p=10798\"]}]},{\"@type\":\"ImageObject\",\"inLanguage\":\"es\",\"@id\":\"https:\/\/www.delexodo.com.ar\/?p=10798#primaryimage\",\"url\":\"https:\/\/www.delexodo.com.ar\/wp-content\/uploads\/2024\/09\/Frigerio-Prensa-Docentes.jpg\",\"contentUrl\":\"https:\/\/www.delexodo.com.ar\/wp-content\/uploads\/2024\/09\/Frigerio-Prensa-Docentes.jpg\",\"width\":1366,\"height\":768},{\"@type\":\"BreadcrumbList\",\"@id\":\"https:\/\/www.delexodo.com.ar\/?p=10798#breadcrumb\",\"itemListElement\":[{\"@type\":\"ListItem\",\"position\":1,\"name\":\"Portada\",\"item\":\"https:\/\/www.delexodo.com.ar\/\"},{\"@type\":\"ListItem\",\"position\":2,\"name\":\"Conflicto Docente: Frigerio anunci\u00f3 los aumentos que pagar\u00e1 a los docentes\"}]},{\"@type\":\"WebSite\",\"@id\":\"https:\/\/www.delexodo.com.ar\/#website\",\"url\":\"https:\/\/www.delexodo.com.ar\/\",\"name\":\"Del \u00c9xodo Nogoy\u00e1\",\"description\":\"El Portal de Noticias de la Regi\u00f3n\",\"publisher\":{\"@id\":\"https:\/\/www.delexodo.com.ar\/#organization\"},\"potentialAction\":[{\"@type\":\"SearchAction\",\"target\":{\"@type\":\"EntryPoint\",\"urlTemplate\":\"https:\/\/www.delexodo.com.ar\/?s={search_term_string}\"},\"query-input\":{\"@type\":\"PropertyValueSpecification\",\"valueRequired\":true,\"valueName\":\"search_term_string\"}}],\"inLanguage\":\"es\"},{\"@type\":\"Organization\",\"@id\":\"https:\/\/www.delexodo.com.ar\/#organization\",\"name\":\"Del \u00c9xodo Nogoy\u00e1\",\"url\":\"https:\/\/www.delexodo.com.ar\/\",\"logo\":{\"@type\":\"ImageObject\",\"inLanguage\":\"es\",\"@id\":\"https:\/\/www.delexodo.com.ar\/#\/schema\/logo\/image\/\",\"url\":\"https:\/\/www.delexodo.com.ar\/wp-content\/uploads\/2024\/10\/cropped-cropped-LOGO24.png\",\"contentUrl\":\"https:\/\/www.delexodo.com.ar\/wp-content\/uploads\/2024\/10\/cropped-cropped-LOGO24.png\",\"width\":512,\"height\":349,\"caption\":\"Del \u00c9xodo Nogoy\u00e1\"},\"image\":{\"@id\":\"https:\/\/www.delexodo.com.ar\/#\/schema\/logo\/image\/\"}},{\"@type\":\"Person\",\"@id\":\"https:\/\/www.delexodo.com.ar\/#\/schema\/person\/bbed37f7da8e938660b34f2013ba449d\",\"name\":\"admin\",\"image\":{\"@type\":\"ImageObject\",\"inLanguage\":\"es\",\"@id\":\"https:\/\/www.delexodo.com.ar\/#\/schema\/person\/image\/\",\"url\":\"https:\/\/secure.gravatar.com\/avatar\/6b1558d1b6df085f1901bd5bd98523d7?s=96&d=mm&r=g\",\"contentUrl\":\"https:\/\/secure.gravatar.com\/avatar\/6b1558d1b6df085f1901bd5bd98523d7?s=96&d=mm&r=g\",\"caption\":\"admin\"},\"url\":\"https:\/\/www.delexodo.com.ar\/?author=1\"}]}<\/script>\n<!-- \/ Yoast SEO plugin. -->","yoast_head_json":{"title":"Conflicto Docente: Frigerio anunci\u00f3 los aumentos que pagar\u00e1 a los docentes - Del \u00c9xodo Nogoy\u00e1","robots":{"index":"index","follow":"follow","max-snippet":"max-snippet:-1","max-image-preview":"max-image-preview:large","max-video-preview":"max-video-preview:-1"},"canonical":"https:\/\/www.delexodo.com.ar\/?p=10798","og_locale":"es_ES","og_type":"article","og_title":"Conflicto Docente: Frigerio anunci\u00f3 los aumentos que pagar\u00e1 a los docentes - Del \u00c9xodo Nogoy\u00e1","og_description":"Ante un nuevo rechazo de los gremios a la \u00faltima oferta salarial que hizo la provincia, el gobernador Rogelio Frigerio&hellip;","og_url":"https:\/\/www.delexodo.com.ar\/?p=10798","og_site_name":"Del \u00c9xodo Nogoy\u00e1","article_published_time":"2024-09-24T20:39:22+00:00","article_modified_time":"2024-10-11T22:33:15+00:00","og_image":[{"width":1366,"height":768,"url":"https:\/\/www.delexodo.com.ar\/wp-content\/uploads\/2024\/09\/Frigerio-Prensa-Docentes.jpg","type":"image\/jpeg"}],"author":"admin","twitter_card":"summary_large_image","twitter_misc":{"Escrito por":"admin","Tiempo de lectura":"4 minutos"},"schema":{"@context":"https:\/\/schema.org","@graph":[{"@type":"Article","@id":"https:\/\/www.delexodo.com.ar\/?p=10798#article","isPartOf":{"@id":"https:\/\/www.delexodo.com.ar\/?p=10798"},"author":{"name":"admin","@id":"https:\/\/www.delexodo.com.ar\/#\/schema\/person\/bbed37f7da8e938660b34f2013ba449d"},"headline":"Conflicto Docente: Frigerio anunci\u00f3 los aumentos que pagar\u00e1 a los docentes","datePublished":"2024-09-24T20:39:22+00:00","dateModified":"2024-10-11T22:33:15+00:00","mainEntityOfPage":{"@id":"https:\/\/www.delexodo.com.ar\/?p=10798"},"wordCount":719,"publisher":{"@id":"https:\/\/www.delexodo.com.ar\/#organization"},"image":{"@id":"https:\/\/www.delexodo.com.ar\/?p=10798#primaryimage"},"thumbnailUrl":"https:\/\/www.delexodo.com.ar\/wp-content\/uploads\/2024\/09\/Frigerio-Prensa-Docentes.jpg","keywords":["destacar"],"articleSection":["Politica"],"inLanguage":"es"},{"@type":"WebPage","@id":"https:\/\/www.delexodo.com.ar\/?p=10798","url":"https:\/\/www.delexodo.com.ar\/?p=10798","name":"Conflicto Docente: Frigerio anunci\u00f3 los aumentos que pagar\u00e1 a los docentes - Del \u00c9xodo Nogoy\u00e1","isPartOf":{"@id":"https:\/\/www.delexodo.com.ar\/#website"},"primaryImageOfPage":{"@id":"https:\/\/www.delexodo.com.ar\/?p=10798#primaryimage"},"image":{"@id":"https:\/\/www.delexodo.com.ar\/?p=10798#primaryimage"},"thumbnailUrl":"https:\/\/www.delexodo.com.ar\/wp-content\/uploads\/2024\/09\/Frigerio-Prensa-Docentes.jpg","datePublished":"2024-09-24T20:39:22+00:00","dateModified":"2024-10-11T22:33:15+00:00","breadcrumb":{"@id":"https:\/\/www.delexodo.com.ar\/?p=10798#breadcrumb"},"inLanguage":"es","potentialAction":[{"@type":"ReadAction","target":["https:\/\/www.delexodo.com.ar\/?p=10798"]}]},{"@type":"ImageObject","inLanguage":"es","@id":"https:\/\/www.delexodo.com.ar\/?p=10798#primaryimage","url":"https:\/\/www.delexodo.com.ar\/wp-content\/uploads\/2024\/09\/Frigerio-Prensa-Docentes.jpg","contentUrl":"https:\/\/www.delexodo.com.ar\/wp-content\/uploads\/2024\/09\/Frigerio-Prensa-Docentes.jpg","width":1366,"height":768},{"@type":"BreadcrumbList","@id":"https:\/\/www.delexodo.com.ar\/?p=10798#breadcrumb","itemListElement":[{"@type":"ListItem","position":1,"name":"Portada","item":"https:\/\/www.delexodo.com.ar\/"},{"@type":"ListItem","position":2,"name":"Conflicto Docente: Frigerio anunci\u00f3 los aumentos que pagar\u00e1 a los docentes"}]},{"@type":"WebSite","@id":"https:\/\/www.delexodo.com.ar\/#website","url":"https:\/\/www.delexodo.com.ar\/","name":"Del \u00c9xodo Nogoy\u00e1","description":"El Portal de Noticias de la Regi\u00f3n","publisher":{"@id":"https:\/\/www.delexodo.com.ar\/#organization"},"potentialAction":[{"@type":"SearchAction","target":{"@type":"EntryPoint","urlTemplate":"https:\/\/www.delexodo.com.ar\/?s={search_term_string}"},"query-input":{"@type":"PropertyValueSpecification","valueRequired":true,"valueName":"search_term_string"}}],"inLanguage":"es"},{"@type":"Organization","@id":"https:\/\/www.delexodo.com.ar\/#organization","name":"Del \u00c9xodo Nogoy\u00e1","url":"https:\/\/www.delexodo.com.ar\/","logo":{"@type":"ImageObject","inLanguage":"es","@id":"https:\/\/www.delexodo.com.ar\/#\/schema\/logo\/image\/","url":"https:\/\/www.delexodo.com.ar\/wp-content\/uploads\/2024\/10\/cropped-cropped-LOGO24.png","contentUrl":"https:\/\/www.delexodo.com.ar\/wp-content\/uploads\/2024\/10\/cropped-cropped-LOGO24.png","width":512,"height":349,"caption":"Del \u00c9xodo Nogoy\u00e1"},"image":{"@id":"https:\/\/www.delexodo.com.ar\/#\/schema\/logo\/image\/"}},{"@type":"Person","@id":"https:\/\/www.delexodo.com.ar\/#\/schema\/person\/bbed37f7da8e938660b34f2013ba449d","name":"admin","image":{"@type":"ImageObject","inLanguage":"es","@id":"https:\/\/www.delexodo.com.ar\/#\/schema\/person\/image\/","url":"https:\/\/secure.gravatar.com\/avatar\/6b1558d1b6df085f1901bd5bd98523d7?s=96&d=mm&r=g","contentUrl":"https:\/\/secure.gravatar.com\/avatar\/6b1558d1b6df085f1901bd5bd98523d7?s=96&d=mm&r=g","caption":"admin"},"url":"https:\/\/www.delexodo.com.ar\/?author=1"}]}},"_links":{"self":[{"href":"https:\/\/www.delexodo.com.ar\/index.php?rest_route=\/wp\/v2\/posts\/10798","targetHints":{"allow":["GET"]}}],"collection":[{"href":"https:\/\/www.delexodo.com.ar\/index.php?rest_route=\/wp\/v2\/posts"}],"about":[{"href":"https:\/\/www.delexodo.com.ar\/index.php?rest_route=\/wp\/v2\/types\/post"}],"author":[{"embeddable":true,"href":"https:\/\/www.delexodo.com.ar\/index.php?rest_route=\/wp\/v2\/users\/1"}],"replies":[{"embeddable":true,"href":"https:\/\/www.delexodo.com.ar\/index.php?rest_route=%2Fwp%2Fv2%2Fcomments&post=10798"}],"version-history":[{"count":0,"href":"https:\/\/www.delexodo.com.ar\/index.php?rest_route=\/wp\/v2\/posts\/10798\/revisions"}],"wp:featuredmedia":[{"embeddable":true,"href":"https:\/\/www.delexodo.com.ar\/index.php?rest_route=\/wp\/v2\/media\/10799"}],"wp:attachment":[{"href":"https:\/\/www.delexodo.com.ar\/index.php?rest_route=%2Fwp%2Fv2%2Fmedia&parent=10798"}],"wp:term":[{"taxonomy":"category","embeddable":true,"href":"https:\/\/www.delexodo.com.ar\/index.php?rest_route=%2Fwp%2Fv2%2Fcategories&post=10798"},{"taxonomy":"post_tag","embeddable":true,"href":"https:\/\/www.delexodo.com.ar\/index.php?rest_route=%2Fwp%2Fv2%2Ftags&post=10798"}],"curies":[{"name":"wp","href":"https:\/\/api.w.org\/{rel}","templated":true}]}}