{"id":10788,"date":"2024-09-17T16:55:48","date_gmt":"2024-09-17T19:55:48","guid":{"rendered":"https:\/\/www.delexodo.com.ar\/?p=10788"},"modified":"2024-10-11T19:33:28","modified_gmt":"2024-10-11T22:33:28","slug":"el-gobierno-elevo-una-nueva-propuesta-de-recomposicion-salarial-a-los-docentes","status":"publish","type":"post","link":"https:\/\/www.delexodo.com.ar\/?p=10788","title":{"rendered":"El gobierno elev\u00f3 una nueva propuesta de recomposici\u00f3n salarial a los docentes"},"content":{"rendered":"\n<p><strong><em>En la cuarta audiencia establecida por la Justicia, a fin de garantizar el dictado de clases en la provincia, el Poder Ejecutivo provincial present\u00f3 una propuesta de recomposici\u00f3n salarial que compensa la p\u00e9rdida del poder adquisitivo debido a la inflaci\u00f3n y otros \u00edtems. Las categor\u00edas abordadas son de car\u00e1cter remunerativo, tal cual lo solicitaron los gremios.<\/em><\/strong><\/p>\n\n\n\n<figure class=\"wp-block-embed is-type-video is-provider-youtube wp-block-embed-youtube wp-embed-aspect-16-9 wp-has-aspect-ratio\"><div class=\"wp-block-embed__wrapper\">\n<iframe loading=\"lazy\" title=\"El gobierno elev\u00f3 una nueva propuesta de recomposici\u00f3n salarial a los docentes\" width=\"500\" height=\"281\" src=\"https:\/\/www.youtube.com\/embed\/15hFUC_UjNQ?feature=oembed\" frameborder=\"0\" allow=\"accelerometer; autoplay; clipboard-write; encrypted-media; gyroscope; picture-in-picture; web-share\" referrerpolicy=\"strict-origin-when-cross-origin\" allowfullscreen><\/iframe>\n<\/div><\/figure>\n\n\n\n<p>La oferta fue presentada por el secretario General del Consejo General de Educaci\u00f3n (CGE), Conrado Lamboglia, junto al prosecretario de ese organismo, Bruno Frizzo, y consiste en un aumento para los meses de septiembre, octubre, noviembre y diciembre de 2024 &nbsp;igual al \u00cdndice de Precios al Consumidor (IPC) del mes inmediato anterior. Es decir que, una vez conocida la inflaci\u00f3n se aplica el porcentaje para que mes a mes se vaya generando ese aumento.<\/p>\n\n\n\n<p>Adem\u00e1s contempla dos pagos de 3,275 por ciento con los salarios de septiembre de 2024 y octubre de 2024. Todos los c\u00e1lculos tienen como base el mes de junio de este a\u00f1o, y son de car\u00e1cter remunerativo, en virtud de compensar las p\u00e9rdidas ocurridas en el primer semestre por la ca\u00edda del Fonid y el desfasaje producido entre pautas e inflaci\u00f3n.<\/p>\n\n\n\n<p>Tras el encuentro, Frizzo salud\u00f3 a profesores y psicopedagogos en su d\u00eda, y brind\u00f3 detalles de la audiencia. \u00abCumplimos con el compromiso de este gobierno y trajimos una propuesta en sinton\u00eda con las demandas de los gremios y que se ajusta a las posibilidades de la provincia, para intentar recomponer la p\u00e9rdida del salario docente en lo que va del a\u00f1o\u00bb, se\u00f1al\u00f3. En cuanto a la propuesta de recuperaci\u00f3n de saberes realizada por los gremios, el funcionario remarc\u00f3 que \u00abno est\u00e1 en duda\u00bb y que ese tema ya qued\u00f3 saldado en la audiencia pasada. &nbsp;<\/p>\n\n\n\n<p>El secretario general del CGE, Conrado Lamboglia, manifest\u00f3 que lo planteado <em>\u00abes una recomposici\u00f3n sobre lo perdido durante el primer semestre, que incluye tambi\u00e9n el Fonid, con car\u00e1cter remunerativo, que es lo que plantearon los gremios\u00bb<\/em>.<\/p>\n\n\n\n<p>Tambi\u00e9n se incluye en la propuesta una cl\u00e1usula de revisi\u00f3n para que al final del semestre, evaluando el IPC del mismo, se aplique el pago de la diferencia con los haberes de enero de 2025. Otra cl\u00e1usula garantiza que el salario m\u00ednimo de bolsillo para un maestro de grado tendr\u00e1 un piso de un 10 por ciento por encima de la canasta b\u00e1sica alimentaria para un hogar de cuatro integrantes que publica mensualmente el Indec, tomando para referencia el valor arrojado en el mes inmediato anterior. Por \u00faltimo, se ofrece un aumento del tope en el c\u00f3digo 029 para cubrir hasta 80 Km en la distancia de traslado.<\/p>\n\n\n\n<p>En la audiencia presidida por la jueza Mar\u00eda Alejandra Abud, qued\u00f3 establecido que se pasa a un cuarto intermedio para el viernes 20 a las 17 horas donde se dejar\u00e1 sentada la postura gremial a la oferta.<\/p>\n\n\n\n<p>Representando a los docentes estuvieron presentes el secretario general de la Asociaci\u00f3n Gremial del Magisterio de Entre R\u00edos (Agmer), Marcelo Pagani; el secretario adjunto de la Asociaci\u00f3n del Magisterio de Ense\u00f1anza T\u00e9cnica (AMET) Entre R\u00edos, Carlos Varela; y la secretaria general del Sindicato Argentino de Docentes Privados (Sadop), Alejandra Frank.<\/p>\n","protected":false},"excerpt":{"rendered":"<p>En la cuarta audiencia establecida por la Justicia, a fin de garantizar el dictado de clases en la provincia, el&hellip;<\/p>\n","protected":false},"author":1,"featured_media":10789,"comment_status":"closed","ping_status":"closed","sticky":false,"template":"","format":"standard","meta":{"_joinchat":[],"footnotes":""},"categories":[349],"tags":[345],"class_list":["post-10788","post","type-post","status-publish","format-standard","has-post-thumbnail","hentry","category-politica","tag-destacar"],"yoast_head":"<!-- This site is optimized with the Yoast SEO plugin v25.1 - https:\/\/yoast.com\/wordpress\/plugins\/seo\/ -->\n<title>El gobierno elev\u00f3 una nueva propuesta de recomposici\u00f3n salarial a los docentes - Del \u00c9xodo Nogoy\u00e1<\/title>\n<meta name=\"robots\" content=\"index, follow, max-snippet:-1, max-image-preview:large, max-video-preview:-1\" \/>\n<link rel=\"canonical\" href=\"https:\/\/www.delexodo.com.ar\/?p=10788\" \/>\n<meta property=\"og:locale\" content=\"es_ES\" \/>\n<meta property=\"og:type\" content=\"article\" \/>\n<meta property=\"og:title\" content=\"El gobierno elev\u00f3 una nueva propuesta de recomposici\u00f3n salarial a los docentes - Del \u00c9xodo Nogoy\u00e1\" \/>\n<meta property=\"og:description\" content=\"En la cuarta audiencia establecida por la Justicia, a fin de garantizar el dictado de clases en la provincia, el&hellip;\" \/>\n<meta property=\"og:url\" content=\"https:\/\/www.delexodo.com.ar\/?p=10788\" \/>\n<meta property=\"og:site_name\" content=\"Del \u00c9xodo Nogoy\u00e1\" \/>\n<meta property=\"article:published_time\" content=\"2024-09-17T19:55:48+00:00\" \/>\n<meta property=\"article:modified_time\" content=\"2024-10-11T22:33:28+00:00\" \/>\n<meta property=\"og:image\" content=\"https:\/\/www.delexodo.com.ar\/wp-content\/uploads\/2024\/09\/GOBIERNO-DOCENTES-scaled.jpg\" \/>\n\t<meta property=\"og:image:width\" content=\"2560\" \/>\n\t<meta property=\"og:image:height\" content=\"1703\" \/>\n\t<meta property=\"og:image:type\" content=\"image\/jpeg\" \/>\n<meta name=\"author\" content=\"admin\" \/>\n<meta name=\"twitter:card\" content=\"summary_large_image\" \/>\n<meta name=\"twitter:label1\" content=\"Escrito por\" \/>\n\t<meta name=\"twitter:data1\" content=\"admin\" \/>\n\t<meta name=\"twitter:label2\" content=\"Tiempo de lectura\" \/>\n\t<meta name=\"twitter:data2\" content=\"3 minutos\" \/>\n<script type=\"application\/ld+json\" class=\"yoast-schema-graph\">{\"@context\":\"https:\/\/schema.org\",\"@graph\":[{\"@type\":\"Article\",\"@id\":\"https:\/\/www.delexodo.com.ar\/?p=10788#article\",\"isPartOf\":{\"@id\":\"https:\/\/www.delexodo.com.ar\/?p=10788\"},\"author\":{\"name\":\"admin\",\"@id\":\"https:\/\/www.delexodo.com.ar\/#\/schema\/person\/bbed37f7da8e938660b34f2013ba449d\"},\"headline\":\"El gobierno elev\u00f3 una nueva propuesta de recomposici\u00f3n salarial a los docentes\",\"datePublished\":\"2024-09-17T19:55:48+00:00\",\"dateModified\":\"2024-10-11T22:33:28+00:00\",\"mainEntityOfPage\":{\"@id\":\"https:\/\/www.delexodo.com.ar\/?p=10788\"},\"wordCount\":566,\"publisher\":{\"@id\":\"https:\/\/www.delexodo.com.ar\/#organization\"},\"image\":{\"@id\":\"https:\/\/www.delexodo.com.ar\/?p=10788#primaryimage\"},\"thumbnailUrl\":\"https:\/\/www.delexodo.com.ar\/wp-content\/uploads\/2024\/09\/GOBIERNO-DOCENTES-scaled.jpg\",\"keywords\":[\"destacar\"],\"articleSection\":[\"Politica\"],\"inLanguage\":\"es\"},{\"@type\":\"WebPage\",\"@id\":\"https:\/\/www.delexodo.com.ar\/?p=10788\",\"url\":\"https:\/\/www.delexodo.com.ar\/?p=10788\",\"name\":\"El gobierno elev\u00f3 una nueva propuesta de recomposici\u00f3n salarial a los docentes - Del \u00c9xodo Nogoy\u00e1\",\"isPartOf\":{\"@id\":\"https:\/\/www.delexodo.com.ar\/#website\"},\"primaryImageOfPage\":{\"@id\":\"https:\/\/www.delexodo.com.ar\/?p=10788#primaryimage\"},\"image\":{\"@id\":\"https:\/\/www.delexodo.com.ar\/?p=10788#primaryimage\"},\"thumbnailUrl\":\"https:\/\/www.delexodo.com.ar\/wp-content\/uploads\/2024\/09\/GOBIERNO-DOCENTES-scaled.jpg\",\"datePublished\":\"2024-09-17T19:55:48+00:00\",\"dateModified\":\"2024-10-11T22:33:28+00:00\",\"breadcrumb\":{\"@id\":\"https:\/\/www.delexodo.com.ar\/?p=10788#breadcrumb\"},\"inLanguage\":\"es\",\"potentialAction\":[{\"@type\":\"ReadAction\",\"target\":[\"https:\/\/www.delexodo.com.ar\/?p=10788\"]}]},{\"@type\":\"ImageObject\",\"inLanguage\":\"es\",\"@id\":\"https:\/\/www.delexodo.com.ar\/?p=10788#primaryimage\",\"url\":\"https:\/\/www.delexodo.com.ar\/wp-content\/uploads\/2024\/09\/GOBIERNO-DOCENTES-scaled.jpg\",\"contentUrl\":\"https:\/\/www.delexodo.com.ar\/wp-content\/uploads\/2024\/09\/GOBIERNO-DOCENTES-scaled.jpg\",\"width\":2560,\"height\":1703},{\"@type\":\"BreadcrumbList\",\"@id\":\"https:\/\/www.delexodo.com.ar\/?p=10788#breadcrumb\",\"itemListElement\":[{\"@type\":\"ListItem\",\"position\":1,\"name\":\"Portada\",\"item\":\"https:\/\/www.delexodo.com.ar\/\"},{\"@type\":\"ListItem\",\"position\":2,\"name\":\"El gobierno elev\u00f3 una nueva propuesta de recomposici\u00f3n salarial a los docentes\"}]},{\"@type\":\"WebSite\",\"@id\":\"https:\/\/www.delexodo.com.ar\/#website\",\"url\":\"https:\/\/www.delexodo.com.ar\/\",\"name\":\"Del \u00c9xodo Nogoy\u00e1\",\"description\":\"El Portal de Noticias de la Regi\u00f3n\",\"publisher\":{\"@id\":\"https:\/\/www.delexodo.com.ar\/#organization\"},\"potentialAction\":[{\"@type\":\"SearchAction\",\"target\":{\"@type\":\"EntryPoint\",\"urlTemplate\":\"https:\/\/www.delexodo.com.ar\/?s={search_term_string}\"},\"query-input\":{\"@type\":\"PropertyValueSpecification\",\"valueRequired\":true,\"valueName\":\"search_term_string\"}}],\"inLanguage\":\"es\"},{\"@type\":\"Organization\",\"@id\":\"https:\/\/www.delexodo.com.ar\/#organization\",\"name\":\"Del \u00c9xodo Nogoy\u00e1\",\"url\":\"https:\/\/www.delexodo.com.ar\/\",\"logo\":{\"@type\":\"ImageObject\",\"inLanguage\":\"es\",\"@id\":\"https:\/\/www.delexodo.com.ar\/#\/schema\/logo\/image\/\",\"url\":\"https:\/\/www.delexodo.com.ar\/wp-content\/uploads\/2024\/10\/cropped-cropped-LOGO24.png\",\"contentUrl\":\"https:\/\/www.delexodo.com.ar\/wp-content\/uploads\/2024\/10\/cropped-cropped-LOGO24.png\",\"width\":512,\"height\":349,\"caption\":\"Del \u00c9xodo Nogoy\u00e1\"},\"image\":{\"@id\":\"https:\/\/www.delexodo.com.ar\/#\/schema\/logo\/image\/\"}},{\"@type\":\"Person\",\"@id\":\"https:\/\/www.delexodo.com.ar\/#\/schema\/person\/bbed37f7da8e938660b34f2013ba449d\",\"name\":\"admin\",\"image\":{\"@type\":\"ImageObject\",\"inLanguage\":\"es\",\"@id\":\"https:\/\/www.delexodo.com.ar\/#\/schema\/person\/image\/\",\"url\":\"https:\/\/secure.gravatar.com\/avatar\/6b1558d1b6df085f1901bd5bd98523d7?s=96&d=mm&r=g\",\"contentUrl\":\"https:\/\/secure.gravatar.com\/avatar\/6b1558d1b6df085f1901bd5bd98523d7?s=96&d=mm&r=g\",\"caption\":\"admin\"},\"url\":\"https:\/\/www.delexodo.com.ar\/?author=1\"}]}<\/script>\n<!-- \/ Yoast SEO plugin. -->","yoast_head_json":{"title":"El gobierno elev\u00f3 una nueva propuesta de recomposici\u00f3n salarial a los docentes - Del \u00c9xodo Nogoy\u00e1","robots":{"index":"index","follow":"follow","max-snippet":"max-snippet:-1","max-image-preview":"max-image-preview:large","max-video-preview":"max-video-preview:-1"},"canonical":"https:\/\/www.delexodo.com.ar\/?p=10788","og_locale":"es_ES","og_type":"article","og_title":"El gobierno elev\u00f3 una nueva propuesta de recomposici\u00f3n salarial a los docentes - Del \u00c9xodo Nogoy\u00e1","og_description":"En la cuarta audiencia establecida por la Justicia, a fin de garantizar el dictado de clases en la provincia, el&hellip;","og_url":"https:\/\/www.delexodo.com.ar\/?p=10788","og_site_name":"Del \u00c9xodo Nogoy\u00e1","article_published_time":"2024-09-17T19:55:48+00:00","article_modified_time":"2024-10-11T22:33:28+00:00","og_image":[{"width":2560,"height":1703,"url":"https:\/\/www.delexodo.com.ar\/wp-content\/uploads\/2024\/09\/GOBIERNO-DOCENTES-scaled.jpg","type":"image\/jpeg"}],"author":"admin","twitter_card":"summary_large_image","twitter_misc":{"Escrito por":"admin","Tiempo de lectura":"3 minutos"},"schema":{"@context":"https:\/\/schema.org","@graph":[{"@type":"Article","@id":"https:\/\/www.delexodo.com.ar\/?p=10788#article","isPartOf":{"@id":"https:\/\/www.delexodo.com.ar\/?p=10788"},"author":{"name":"admin","@id":"https:\/\/www.delexodo.com.ar\/#\/schema\/person\/bbed37f7da8e938660b34f2013ba449d"},"headline":"El gobierno elev\u00f3 una nueva propuesta de recomposici\u00f3n salarial a los docentes","datePublished":"2024-09-17T19:55:48+00:00","dateModified":"2024-10-11T22:33:28+00:00","mainEntityOfPage":{"@id":"https:\/\/www.delexodo.com.ar\/?p=10788"},"wordCount":566,"publisher":{"@id":"https:\/\/www.delexodo.com.ar\/#organization"},"image":{"@id":"https:\/\/www.delexodo.com.ar\/?p=10788#primaryimage"},"thumbnailUrl":"https:\/\/www.delexodo.com.ar\/wp-content\/uploads\/2024\/09\/GOBIERNO-DOCENTES-scaled.jpg","keywords":["destacar"],"articleSection":["Politica"],"inLanguage":"es"},{"@type":"WebPage","@id":"https:\/\/www.delexodo.com.ar\/?p=10788","url":"https:\/\/www.delexodo.com.ar\/?p=10788","name":"El gobierno elev\u00f3 una nueva propuesta de recomposici\u00f3n salarial a los docentes - Del \u00c9xodo Nogoy\u00e1","isPartOf":{"@id":"https:\/\/www.delexodo.com.ar\/#website"},"primaryImageOfPage":{"@id":"https:\/\/www.delexodo.com.ar\/?p=10788#primaryimage"},"image":{"@id":"https:\/\/www.delexodo.com.ar\/?p=10788#primaryimage"},"thumbnailUrl":"https:\/\/www.delexodo.com.ar\/wp-content\/uploads\/2024\/09\/GOBIERNO-DOCENTES-scaled.jpg","datePublished":"2024-09-17T19:55:48+00:00","dateModified":"2024-10-11T22:33:28+00:00","breadcrumb":{"@id":"https:\/\/www.delexodo.com.ar\/?p=10788#breadcrumb"},"inLanguage":"es","potentialAction":[{"@type":"ReadAction","target":["https:\/\/www.delexodo.com.ar\/?p=10788"]}]},{"@type":"ImageObject","inLanguage":"es","@id":"https:\/\/www.delexodo.com.ar\/?p=10788#primaryimage","url":"https:\/\/www.delexodo.com.ar\/wp-content\/uploads\/2024\/09\/GOBIERNO-DOCENTES-scaled.jpg","contentUrl":"https:\/\/www.delexodo.com.ar\/wp-content\/uploads\/2024\/09\/GOBIERNO-DOCENTES-scaled.jpg","width":2560,"height":1703},{"@type":"BreadcrumbList","@id":"https:\/\/www.delexodo.com.ar\/?p=10788#breadcrumb","itemListElement":[{"@type":"ListItem","position":1,"name":"Portada","item":"https:\/\/www.delexodo.com.ar\/"},{"@type":"ListItem","position":2,"name":"El gobierno elev\u00f3 una nueva propuesta de recomposici\u00f3n salarial a los docentes"}]},{"@type":"WebSite","@id":"https:\/\/www.delexodo.com.ar\/#website","url":"https:\/\/www.delexodo.com.ar\/","name":"Del \u00c9xodo Nogoy\u00e1","description":"El Portal de Noticias de la Regi\u00f3n","publisher":{"@id":"https:\/\/www.delexodo.com.ar\/#organization"},"potentialAction":[{"@type":"SearchAction","target":{"@type":"EntryPoint","urlTemplate":"https:\/\/www.delexodo.com.ar\/?s={search_term_string}"},"query-input":{"@type":"PropertyValueSpecification","valueRequired":true,"valueName":"search_term_string"}}],"inLanguage":"es"},{"@type":"Organization","@id":"https:\/\/www.delexodo.com.ar\/#organization","name":"Del \u00c9xodo Nogoy\u00e1","url":"https:\/\/www.delexodo.com.ar\/","logo":{"@type":"ImageObject","inLanguage":"es","@id":"https:\/\/www.delexodo.com.ar\/#\/schema\/logo\/image\/","url":"https:\/\/www.delexodo.com.ar\/wp-content\/uploads\/2024\/10\/cropped-cropped-LOGO24.png","contentUrl":"https:\/\/www.delexodo.com.ar\/wp-content\/uploads\/2024\/10\/cropped-cropped-LOGO24.png","width":512,"height":349,"caption":"Del \u00c9xodo Nogoy\u00e1"},"image":{"@id":"https:\/\/www.delexodo.com.ar\/#\/schema\/logo\/image\/"}},{"@type":"Person","@id":"https:\/\/www.delexodo.com.ar\/#\/schema\/person\/bbed37f7da8e938660b34f2013ba449d","name":"admin","image":{"@type":"ImageObject","inLanguage":"es","@id":"https:\/\/www.delexodo.com.ar\/#\/schema\/person\/image\/","url":"https:\/\/secure.gravatar.com\/avatar\/6b1558d1b6df085f1901bd5bd98523d7?s=96&d=mm&r=g","contentUrl":"https:\/\/secure.gravatar.com\/avatar\/6b1558d1b6df085f1901bd5bd98523d7?s=96&d=mm&r=g","caption":"admin"},"url":"https:\/\/www.delexodo.com.ar\/?author=1"}]}},"_links":{"self":[{"href":"https:\/\/www.delexodo.com.ar\/index.php?rest_route=\/wp\/v2\/posts\/10788","targetHints":{"allow":["GET"]}}],"collection":[{"href":"https:\/\/www.delexodo.com.ar\/index.php?rest_route=\/wp\/v2\/posts"}],"about":[{"href":"https:\/\/www.delexodo.com.ar\/index.php?rest_route=\/wp\/v2\/types\/post"}],"author":[{"embeddable":true,"href":"https:\/\/www.delexodo.com.ar\/index.php?rest_route=\/wp\/v2\/users\/1"}],"replies":[{"embeddable":true,"href":"https:\/\/www.delexodo.com.ar\/index.php?rest_route=%2Fwp%2Fv2%2Fcomments&post=10788"}],"version-history":[{"count":0,"href":"https:\/\/www.delexodo.com.ar\/index.php?rest_route=\/wp\/v2\/posts\/10788\/revisions"}],"wp:featuredmedia":[{"embeddable":true,"href":"https:\/\/www.delexodo.com.ar\/index.php?rest_route=\/wp\/v2\/media\/10789"}],"wp:attachment":[{"href":"https:\/\/www.delexodo.com.ar\/index.php?rest_route=%2Fwp%2Fv2%2Fmedia&parent=10788"}],"wp:term":[{"taxonomy":"category","embeddable":true,"href":"https:\/\/www.delexodo.com.ar\/index.php?rest_route=%2Fwp%2Fv2%2Fcategories&post=10788"},{"taxonomy":"post_tag","embeddable":true,"href":"https:\/\/www.delexodo.com.ar\/index.php?rest_route=%2Fwp%2Fv2%2Ftags&post=10788"}],"curies":[{"name":"wp","href":"https:\/\/api.w.org\/{rel}","templated":true}]}}