{"id":10772,"date":"2024-09-08T19:04:58","date_gmt":"2024-09-08T22:04:58","guid":{"rendered":"https:\/\/www.delexodo.com.ar\/?p=10772"},"modified":"2024-10-11T19:37:01","modified_gmt":"2024-10-11T22:37:01","slug":"cuando-vengan-tiempos-mejores-va-a-ser-de-la-mano-del-campo-argentino","status":"publish","type":"post","link":"https:\/\/www.delexodo.com.ar\/?p=10772","title":{"rendered":"\u00abCuando vengan tiempos mejores va a ser de la mano del campo argentino\u00bb"},"content":{"rendered":"\n<p><strong><em>El gobernador Rogelio Frigerio particip\u00f3 este s\u00e1bado de la inauguraci\u00f3n de la exposici\u00f3n anual de la Sociedad Rural de Gualeguay. \u00abHoy no es tiempo de cosechar, sino de ordenar, transparentar y sembrar para cuando vengan tiempos mejores; y eso ser\u00e1 de la mano del campo argentino que ha traccionado la recuperaci\u00f3n de nuestra econom\u00eda\u00bb, asegur\u00f3.<\/em><\/strong><\/p>\n\n\n\n<figure class=\"wp-block-embed is-type-video is-provider-youtube wp-block-embed-youtube wp-embed-aspect-16-9 wp-has-aspect-ratio\"><div class=\"wp-block-embed__wrapper\">\n<iframe loading=\"lazy\" title=\"Frigerio: &quot;Cuando vengan tiempos mejores va a ser de la mano del campo argentino&quot;\" width=\"500\" height=\"281\" src=\"https:\/\/www.youtube.com\/embed\/BLqTUkYOR2s?feature=oembed\" frameborder=\"0\" allow=\"accelerometer; autoplay; clipboard-write; encrypted-media; gyroscope; picture-in-picture; web-share\" referrerpolicy=\"strict-origin-when-cross-origin\" allowfullscreen><\/iframe>\n<\/div><\/figure>\n\n\n\n<p>Junto al presidente de la Sociedad Rural, Justo Garc\u00eda, y a la intendenta Dora Bogdan, en la 61\u00ba Muestra Comercial e Industrial y la 80\u00ba Exposici\u00f3n de Reproductores, organizada por la Sociedad Rural, el gobernador dijo que el compromiso de esta gesti\u00f3n es <strong>\u00abestar cerca, presente\u00bb<\/strong>; y asegur\u00f3 que <em>\u00abse siente parte de un equipo que promueve la producci\u00f3n, el trabajo, el esfuerzo, el m\u00e9rito en la provincia de Entre R\u00edos, del que formamos parte todos los que estamos ac\u00e1\u00bb<\/em>.&nbsp;<br>&nbsp;<br>Record\u00f3 que al principio de esta gesti\u00f3n acompa\u00f1\u00f3 a la Mesa de Enlace <em>\u00abcuando tuvieron la mala idea de querer aumentar las retenciones al campo y nos opusimos, le hicimos frente espalda con espalda a esa que era una mala idea, e hicimos entender al gobierno nacional que ese no era el camino\u00bb<\/em>.<br><br>El mandatario precis\u00f3 que<em> \u00abtrabajamos con decisi\u00f3n pol\u00edtica, destinando recursos concretos al arreglo de los caminos de la producci\u00f3n. Estamos con much\u00edsimo esfuerzo tambi\u00e9n poniendo recursos para subsidiar cr\u00e9ditos que necesita el sector productivo para salir adelante\u00bb<\/em>.<br><br>Puntualiz\u00f3 que <em>\u00abcada vez que alguien toca el campo, que alguien plantea cuestiones absurdas referentes al sector m\u00e1s competitivo y m\u00e1s productivo que tiene la Argentina, me est\u00e1n tocando a m\u00ed. No s\u00f3lo como productor, sino tambi\u00e9n como gobernador de una provincia eminentemente agroindustrial\u00bb<\/em>.<\/p>\n\n\n\n<div class=\"wp-block-image\"><figure class=\"alignleft size-large is-resized\"><img loading=\"lazy\" decoding=\"async\" src=\"https:\/\/www.delexodo.com.ar\/wp-content\/uploads\/2024\/09\/FRIGERIO-SR-GUALEGUAY-STAND-1024x683.jpg\" alt=\"\" class=\"wp-image-10774\" width=\"267\" height=\"178\" srcset=\"https:\/\/www.delexodo.com.ar\/wp-content\/uploads\/2024\/09\/FRIGERIO-SR-GUALEGUAY-STAND-1024x683.jpg 1024w, https:\/\/www.delexodo.com.ar\/wp-content\/uploads\/2024\/09\/FRIGERIO-SR-GUALEGUAY-STAND-300x200.jpg 300w, https:\/\/www.delexodo.com.ar\/wp-content\/uploads\/2024\/09\/FRIGERIO-SR-GUALEGUAY-STAND-768x512.jpg 768w, https:\/\/www.delexodo.com.ar\/wp-content\/uploads\/2024\/09\/FRIGERIO-SR-GUALEGUAY-STAND-1536x1024.jpg 1536w, https:\/\/www.delexodo.com.ar\/wp-content\/uploads\/2024\/09\/FRIGERIO-SR-GUALEGUAY-STAND.jpg 1920w\" sizes=\"auto, (max-width: 267px) 100vw, 267px\" \/><\/figure><\/div>\n\n\n\n<p>Desde el predio de La Rural, se refiri\u00f3 al sector:<em> \u00abSepan que van a encontrar siempre en m\u00ed, en este gobernador y en todo el equipo, alguien que los va a escuchar, que los va a comprender como seguramente durante muchas d\u00e9cadas no los han comprendido. Y alguien que va a hacer todos los esfuerzos que est\u00e9n a nuestro alcance para resolver problemas concretos. Estoy seguro que vamos a salir adelante\u00bb<\/em>.<\/p>\n\n\n\n<p>En tanto, el presidente de la Sociedad Rural, Justo Garc\u00eda, valor\u00f3 las medidas del gobierno provincial, a pesar de <em>\u00abla gran limitante de recursos, y por destinar el 50 por ciento del impuesto inmobiliario a la red de caminos rurales, al igual que designar funcionarios que conocen la realidad de nuestra producci\u00f3n. Esperamos que se traduzca en mejoras tangibles y sustanciales en los pr\u00f3ximos meses<\/em>\u00ab.<\/p>\n\n\n\n<div class=\"wp-block-image\"><figure class=\"alignright size-large is-resized\"><img loading=\"lazy\" decoding=\"async\" src=\"https:\/\/www.delexodo.com.ar\/wp-content\/uploads\/2024\/09\/FRIGERIO-SR-GUALEGUAY-1024x683.jpg\" alt=\"\" class=\"wp-image-10775\" width=\"287\" height=\"191\" srcset=\"https:\/\/www.delexodo.com.ar\/wp-content\/uploads\/2024\/09\/FRIGERIO-SR-GUALEGUAY-1024x683.jpg 1024w, https:\/\/www.delexodo.com.ar\/wp-content\/uploads\/2024\/09\/FRIGERIO-SR-GUALEGUAY-300x200.jpg 300w, https:\/\/www.delexodo.com.ar\/wp-content\/uploads\/2024\/09\/FRIGERIO-SR-GUALEGUAY-768x512.jpg 768w, https:\/\/www.delexodo.com.ar\/wp-content\/uploads\/2024\/09\/FRIGERIO-SR-GUALEGUAY-1536x1024.jpg 1536w, https:\/\/www.delexodo.com.ar\/wp-content\/uploads\/2024\/09\/FRIGERIO-SR-GUALEGUAY.jpg 1920w\" sizes=\"auto, (max-width: 287px) 100vw, 287px\" \/><\/figure><\/div>\n\n\n\n<p>Por su parte, la intendenta Dora Bogdan dio la bienvenida al gobernador: <em>\u00abPara nosotros es un honor que hoy nos est\u00e9 acompa\u00f1ando, hac\u00eda m\u00e1s de 20 a\u00f1os que no ten\u00edamos un gobernador en est\u00e1 expo\u00bb<\/em>. Aunque dijo que para ella <em>\u00abno es sorpresa, porque esta responsabilidad siempre la ha tenido el gobernador; ha sido un hombre de palabra, las veces que recurr\u00ed en b\u00fasqueda de su acompa\u00f1amiento, no es necesario que yo se lo pida porque \u00e9l est\u00e1 presente\u00bb<\/em>.<br>&nbsp;<br>De la ceremonia tambi\u00e9n participaron el vicepresidente de Confederaciones Rurales Argentinas (CRA), Jos\u00e9 Colombatto; el presidente de la Federaci\u00f3n de Asociaciones Rurales de Entre R\u00edos (Farer), Nicasio Tito; el secretario de Agricultura, Ganader\u00eda y Pesca de Entre R\u00edos, Ra\u00fal Boc-ho; y legisladores provinciales y nacionales, entre otros.<\/p>\n","protected":false},"excerpt":{"rendered":"<p>El gobernador Rogelio Frigerio particip\u00f3 este s\u00e1bado de la inauguraci\u00f3n de la exposici\u00f3n anual de la Sociedad Rural de Gualeguay.&hellip;<\/p>\n","protected":false},"author":1,"featured_media":10773,"comment_status":"closed","ping_status":"closed","sticky":false,"template":"","format":"standard","meta":{"_joinchat":[],"footnotes":""},"categories":[351,349],"tags":[345],"class_list":["post-10772","post","type-post","status-publish","format-standard","has-post-thumbnail","hentry","category-el-campo","category-politica","tag-destacar"],"yoast_head":"<!-- This site is optimized with the Yoast SEO plugin v25.1 - https:\/\/yoast.com\/wordpress\/plugins\/seo\/ -->\n<title>&quot;Cuando vengan tiempos mejores va a ser de la mano del campo argentino&quot; - Del \u00c9xodo Nogoy\u00e1<\/title>\n<meta name=\"robots\" content=\"index, follow, max-snippet:-1, max-image-preview:large, max-video-preview:-1\" \/>\n<link rel=\"canonical\" href=\"https:\/\/www.delexodo.com.ar\/?p=10772\" \/>\n<meta property=\"og:locale\" content=\"es_ES\" \/>\n<meta property=\"og:type\" content=\"article\" \/>\n<meta property=\"og:title\" content=\"&quot;Cuando vengan tiempos mejores va a ser de la mano del campo argentino&quot; - Del \u00c9xodo Nogoy\u00e1\" \/>\n<meta property=\"og:description\" content=\"El gobernador Rogelio Frigerio particip\u00f3 este s\u00e1bado de la inauguraci\u00f3n de la exposici\u00f3n anual de la Sociedad Rural de Gualeguay.&hellip;\" \/>\n<meta property=\"og:url\" content=\"https:\/\/www.delexodo.com.ar\/?p=10772\" \/>\n<meta property=\"og:site_name\" content=\"Del \u00c9xodo Nogoy\u00e1\" \/>\n<meta property=\"article:published_time\" content=\"2024-09-08T22:04:58+00:00\" \/>\n<meta property=\"article:modified_time\" content=\"2024-10-11T22:37:01+00:00\" \/>\n<meta property=\"og:image\" content=\"https:\/\/www.delexodo.com.ar\/wp-content\/uploads\/2024\/09\/FRIGERIO-SR-GUALEGUAY-PALCO.jpg\" \/>\n\t<meta property=\"og:image:width\" content=\"1920\" \/>\n\t<meta property=\"og:image:height\" content=\"1280\" \/>\n\t<meta property=\"og:image:type\" content=\"image\/jpeg\" \/>\n<meta name=\"author\" content=\"admin\" \/>\n<meta name=\"twitter:card\" content=\"summary_large_image\" \/>\n<meta name=\"twitter:label1\" content=\"Escrito por\" \/>\n\t<meta name=\"twitter:data1\" content=\"admin\" \/>\n\t<meta name=\"twitter:label2\" content=\"Tiempo de lectura\" \/>\n\t<meta name=\"twitter:data2\" content=\"3 minutos\" \/>\n<script type=\"application\/ld+json\" class=\"yoast-schema-graph\">{\"@context\":\"https:\/\/schema.org\",\"@graph\":[{\"@type\":\"Article\",\"@id\":\"https:\/\/www.delexodo.com.ar\/?p=10772#article\",\"isPartOf\":{\"@id\":\"https:\/\/www.delexodo.com.ar\/?p=10772\"},\"author\":{\"name\":\"admin\",\"@id\":\"https:\/\/www.delexodo.com.ar\/#\/schema\/person\/bbed37f7da8e938660b34f2013ba449d\"},\"headline\":\"\u00abCuando vengan tiempos mejores va a ser de la mano del campo argentino\u00bb\",\"datePublished\":\"2024-09-08T22:04:58+00:00\",\"dateModified\":\"2024-10-11T22:37:01+00:00\",\"mainEntityOfPage\":{\"@id\":\"https:\/\/www.delexodo.com.ar\/?p=10772\"},\"wordCount\":592,\"publisher\":{\"@id\":\"https:\/\/www.delexodo.com.ar\/#organization\"},\"image\":{\"@id\":\"https:\/\/www.delexodo.com.ar\/?p=10772#primaryimage\"},\"thumbnailUrl\":\"https:\/\/www.delexodo.com.ar\/wp-content\/uploads\/2024\/09\/FRIGERIO-SR-GUALEGUAY-PALCO.jpg\",\"keywords\":[\"destacar\"],\"articleSection\":[\"El Campo\",\"Politica\"],\"inLanguage\":\"es\"},{\"@type\":\"WebPage\",\"@id\":\"https:\/\/www.delexodo.com.ar\/?p=10772\",\"url\":\"https:\/\/www.delexodo.com.ar\/?p=10772\",\"name\":\"\\\"Cuando vengan tiempos mejores va a ser de la mano del campo argentino\\\" - Del \u00c9xodo Nogoy\u00e1\",\"isPartOf\":{\"@id\":\"https:\/\/www.delexodo.com.ar\/#website\"},\"primaryImageOfPage\":{\"@id\":\"https:\/\/www.delexodo.com.ar\/?p=10772#primaryimage\"},\"image\":{\"@id\":\"https:\/\/www.delexodo.com.ar\/?p=10772#primaryimage\"},\"thumbnailUrl\":\"https:\/\/www.delexodo.com.ar\/wp-content\/uploads\/2024\/09\/FRIGERIO-SR-GUALEGUAY-PALCO.jpg\",\"datePublished\":\"2024-09-08T22:04:58+00:00\",\"dateModified\":\"2024-10-11T22:37:01+00:00\",\"breadcrumb\":{\"@id\":\"https:\/\/www.delexodo.com.ar\/?p=10772#breadcrumb\"},\"inLanguage\":\"es\",\"potentialAction\":[{\"@type\":\"ReadAction\",\"target\":[\"https:\/\/www.delexodo.com.ar\/?p=10772\"]}]},{\"@type\":\"ImageObject\",\"inLanguage\":\"es\",\"@id\":\"https:\/\/www.delexodo.com.ar\/?p=10772#primaryimage\",\"url\":\"https:\/\/www.delexodo.com.ar\/wp-content\/uploads\/2024\/09\/FRIGERIO-SR-GUALEGUAY-PALCO.jpg\",\"contentUrl\":\"https:\/\/www.delexodo.com.ar\/wp-content\/uploads\/2024\/09\/FRIGERIO-SR-GUALEGUAY-PALCO.jpg\",\"width\":1920,\"height\":1280},{\"@type\":\"BreadcrumbList\",\"@id\":\"https:\/\/www.delexodo.com.ar\/?p=10772#breadcrumb\",\"itemListElement\":[{\"@type\":\"ListItem\",\"position\":1,\"name\":\"Portada\",\"item\":\"https:\/\/www.delexodo.com.ar\/\"},{\"@type\":\"ListItem\",\"position\":2,\"name\":\"\u00abCuando vengan tiempos mejores va a ser de la mano del campo argentino\u00bb\"}]},{\"@type\":\"WebSite\",\"@id\":\"https:\/\/www.delexodo.com.ar\/#website\",\"url\":\"https:\/\/www.delexodo.com.ar\/\",\"name\":\"Del \u00c9xodo Nogoy\u00e1\",\"description\":\"El Portal de Noticias de la Regi\u00f3n\",\"publisher\":{\"@id\":\"https:\/\/www.delexodo.com.ar\/#organization\"},\"potentialAction\":[{\"@type\":\"SearchAction\",\"target\":{\"@type\":\"EntryPoint\",\"urlTemplate\":\"https:\/\/www.delexodo.com.ar\/?s={search_term_string}\"},\"query-input\":{\"@type\":\"PropertyValueSpecification\",\"valueRequired\":true,\"valueName\":\"search_term_string\"}}],\"inLanguage\":\"es\"},{\"@type\":\"Organization\",\"@id\":\"https:\/\/www.delexodo.com.ar\/#organization\",\"name\":\"Del \u00c9xodo Nogoy\u00e1\",\"url\":\"https:\/\/www.delexodo.com.ar\/\",\"logo\":{\"@type\":\"ImageObject\",\"inLanguage\":\"es\",\"@id\":\"https:\/\/www.delexodo.com.ar\/#\/schema\/logo\/image\/\",\"url\":\"https:\/\/www.delexodo.com.ar\/wp-content\/uploads\/2024\/10\/cropped-cropped-LOGO24.png\",\"contentUrl\":\"https:\/\/www.delexodo.com.ar\/wp-content\/uploads\/2024\/10\/cropped-cropped-LOGO24.png\",\"width\":512,\"height\":349,\"caption\":\"Del \u00c9xodo Nogoy\u00e1\"},\"image\":{\"@id\":\"https:\/\/www.delexodo.com.ar\/#\/schema\/logo\/image\/\"}},{\"@type\":\"Person\",\"@id\":\"https:\/\/www.delexodo.com.ar\/#\/schema\/person\/bbed37f7da8e938660b34f2013ba449d\",\"name\":\"admin\",\"image\":{\"@type\":\"ImageObject\",\"inLanguage\":\"es\",\"@id\":\"https:\/\/www.delexodo.com.ar\/#\/schema\/person\/image\/\",\"url\":\"https:\/\/secure.gravatar.com\/avatar\/6b1558d1b6df085f1901bd5bd98523d7?s=96&d=mm&r=g\",\"contentUrl\":\"https:\/\/secure.gravatar.com\/avatar\/6b1558d1b6df085f1901bd5bd98523d7?s=96&d=mm&r=g\",\"caption\":\"admin\"},\"url\":\"https:\/\/www.delexodo.com.ar\/?author=1\"}]}<\/script>\n<!-- \/ Yoast SEO plugin. -->","yoast_head_json":{"title":"\"Cuando vengan tiempos mejores va a ser de la mano del campo argentino\" - Del \u00c9xodo Nogoy\u00e1","robots":{"index":"index","follow":"follow","max-snippet":"max-snippet:-1","max-image-preview":"max-image-preview:large","max-video-preview":"max-video-preview:-1"},"canonical":"https:\/\/www.delexodo.com.ar\/?p=10772","og_locale":"es_ES","og_type":"article","og_title":"\"Cuando vengan tiempos mejores va a ser de la mano del campo argentino\" - Del \u00c9xodo Nogoy\u00e1","og_description":"El gobernador Rogelio Frigerio particip\u00f3 este s\u00e1bado de la inauguraci\u00f3n de la exposici\u00f3n anual de la Sociedad Rural de Gualeguay.&hellip;","og_url":"https:\/\/www.delexodo.com.ar\/?p=10772","og_site_name":"Del \u00c9xodo Nogoy\u00e1","article_published_time":"2024-09-08T22:04:58+00:00","article_modified_time":"2024-10-11T22:37:01+00:00","og_image":[{"width":1920,"height":1280,"url":"https:\/\/www.delexodo.com.ar\/wp-content\/uploads\/2024\/09\/FRIGERIO-SR-GUALEGUAY-PALCO.jpg","type":"image\/jpeg"}],"author":"admin","twitter_card":"summary_large_image","twitter_misc":{"Escrito por":"admin","Tiempo de lectura":"3 minutos"},"schema":{"@context":"https:\/\/schema.org","@graph":[{"@type":"Article","@id":"https:\/\/www.delexodo.com.ar\/?p=10772#article","isPartOf":{"@id":"https:\/\/www.delexodo.com.ar\/?p=10772"},"author":{"name":"admin","@id":"https:\/\/www.delexodo.com.ar\/#\/schema\/person\/bbed37f7da8e938660b34f2013ba449d"},"headline":"\u00abCuando vengan tiempos mejores va a ser de la mano del campo argentino\u00bb","datePublished":"2024-09-08T22:04:58+00:00","dateModified":"2024-10-11T22:37:01+00:00","mainEntityOfPage":{"@id":"https:\/\/www.delexodo.com.ar\/?p=10772"},"wordCount":592,"publisher":{"@id":"https:\/\/www.delexodo.com.ar\/#organization"},"image":{"@id":"https:\/\/www.delexodo.com.ar\/?p=10772#primaryimage"},"thumbnailUrl":"https:\/\/www.delexodo.com.ar\/wp-content\/uploads\/2024\/09\/FRIGERIO-SR-GUALEGUAY-PALCO.jpg","keywords":["destacar"],"articleSection":["El Campo","Politica"],"inLanguage":"es"},{"@type":"WebPage","@id":"https:\/\/www.delexodo.com.ar\/?p=10772","url":"https:\/\/www.delexodo.com.ar\/?p=10772","name":"\"Cuando vengan tiempos mejores va a ser de la mano del campo argentino\" - Del \u00c9xodo Nogoy\u00e1","isPartOf":{"@id":"https:\/\/www.delexodo.com.ar\/#website"},"primaryImageOfPage":{"@id":"https:\/\/www.delexodo.com.ar\/?p=10772#primaryimage"},"image":{"@id":"https:\/\/www.delexodo.com.ar\/?p=10772#primaryimage"},"thumbnailUrl":"https:\/\/www.delexodo.com.ar\/wp-content\/uploads\/2024\/09\/FRIGERIO-SR-GUALEGUAY-PALCO.jpg","datePublished":"2024-09-08T22:04:58+00:00","dateModified":"2024-10-11T22:37:01+00:00","breadcrumb":{"@id":"https:\/\/www.delexodo.com.ar\/?p=10772#breadcrumb"},"inLanguage":"es","potentialAction":[{"@type":"ReadAction","target":["https:\/\/www.delexodo.com.ar\/?p=10772"]}]},{"@type":"ImageObject","inLanguage":"es","@id":"https:\/\/www.delexodo.com.ar\/?p=10772#primaryimage","url":"https:\/\/www.delexodo.com.ar\/wp-content\/uploads\/2024\/09\/FRIGERIO-SR-GUALEGUAY-PALCO.jpg","contentUrl":"https:\/\/www.delexodo.com.ar\/wp-content\/uploads\/2024\/09\/FRIGERIO-SR-GUALEGUAY-PALCO.jpg","width":1920,"height":1280},{"@type":"BreadcrumbList","@id":"https:\/\/www.delexodo.com.ar\/?p=10772#breadcrumb","itemListElement":[{"@type":"ListItem","position":1,"name":"Portada","item":"https:\/\/www.delexodo.com.ar\/"},{"@type":"ListItem","position":2,"name":"\u00abCuando vengan tiempos mejores va a ser de la mano del campo argentino\u00bb"}]},{"@type":"WebSite","@id":"https:\/\/www.delexodo.com.ar\/#website","url":"https:\/\/www.delexodo.com.ar\/","name":"Del \u00c9xodo Nogoy\u00e1","description":"El Portal de Noticias de la Regi\u00f3n","publisher":{"@id":"https:\/\/www.delexodo.com.ar\/#organization"},"potentialAction":[{"@type":"SearchAction","target":{"@type":"EntryPoint","urlTemplate":"https:\/\/www.delexodo.com.ar\/?s={search_term_string}"},"query-input":{"@type":"PropertyValueSpecification","valueRequired":true,"valueName":"search_term_string"}}],"inLanguage":"es"},{"@type":"Organization","@id":"https:\/\/www.delexodo.com.ar\/#organization","name":"Del \u00c9xodo Nogoy\u00e1","url":"https:\/\/www.delexodo.com.ar\/","logo":{"@type":"ImageObject","inLanguage":"es","@id":"https:\/\/www.delexodo.com.ar\/#\/schema\/logo\/image\/","url":"https:\/\/www.delexodo.com.ar\/wp-content\/uploads\/2024\/10\/cropped-cropped-LOGO24.png","contentUrl":"https:\/\/www.delexodo.com.ar\/wp-content\/uploads\/2024\/10\/cropped-cropped-LOGO24.png","width":512,"height":349,"caption":"Del \u00c9xodo Nogoy\u00e1"},"image":{"@id":"https:\/\/www.delexodo.com.ar\/#\/schema\/logo\/image\/"}},{"@type":"Person","@id":"https:\/\/www.delexodo.com.ar\/#\/schema\/person\/bbed37f7da8e938660b34f2013ba449d","name":"admin","image":{"@type":"ImageObject","inLanguage":"es","@id":"https:\/\/www.delexodo.com.ar\/#\/schema\/person\/image\/","url":"https:\/\/secure.gravatar.com\/avatar\/6b1558d1b6df085f1901bd5bd98523d7?s=96&d=mm&r=g","contentUrl":"https:\/\/secure.gravatar.com\/avatar\/6b1558d1b6df085f1901bd5bd98523d7?s=96&d=mm&r=g","caption":"admin"},"url":"https:\/\/www.delexodo.com.ar\/?author=1"}]}},"_links":{"self":[{"href":"https:\/\/www.delexodo.com.ar\/index.php?rest_route=\/wp\/v2\/posts\/10772","targetHints":{"allow":["GET"]}}],"collection":[{"href":"https:\/\/www.delexodo.com.ar\/index.php?rest_route=\/wp\/v2\/posts"}],"about":[{"href":"https:\/\/www.delexodo.com.ar\/index.php?rest_route=\/wp\/v2\/types\/post"}],"author":[{"embeddable":true,"href":"https:\/\/www.delexodo.com.ar\/index.php?rest_route=\/wp\/v2\/users\/1"}],"replies":[{"embeddable":true,"href":"https:\/\/www.delexodo.com.ar\/index.php?rest_route=%2Fwp%2Fv2%2Fcomments&post=10772"}],"version-history":[{"count":0,"href":"https:\/\/www.delexodo.com.ar\/index.php?rest_route=\/wp\/v2\/posts\/10772\/revisions"}],"wp:featuredmedia":[{"embeddable":true,"href":"https:\/\/www.delexodo.com.ar\/index.php?rest_route=\/wp\/v2\/media\/10773"}],"wp:attachment":[{"href":"https:\/\/www.delexodo.com.ar\/index.php?rest_route=%2Fwp%2Fv2%2Fmedia&parent=10772"}],"wp:term":[{"taxonomy":"category","embeddable":true,"href":"https:\/\/www.delexodo.com.ar\/index.php?rest_route=%2Fwp%2Fv2%2Fcategories&post=10772"},{"taxonomy":"post_tag","embeddable":true,"href":"https:\/\/www.delexodo.com.ar\/index.php?rest_route=%2Fwp%2Fv2%2Ftags&post=10772"}],"curies":[{"name":"wp","href":"https:\/\/api.w.org\/{rel}","templated":true}]}}