{"id":10744,"date":"2024-08-20T21:46:56","date_gmt":"2024-08-21T00:46:56","guid":{"rendered":"https:\/\/www.delexodo.com.ar\/?p=10744"},"modified":"2024-10-11T19:38:24","modified_gmt":"2024-10-11T22:38:24","slug":"el-senado-aprobo-los-pliegos-del-cge-y-el-acuerdo-a-tepsich-para-el-stj","status":"publish","type":"post","link":"https:\/\/www.delexodo.com.ar\/?p=10744","title":{"rendered":"El Senado aprob\u00f3 los pliegos del CGE y el acuerdo a Tepsich para el STJ"},"content":{"rendered":"\n<p><strong><em>Presidida por la vicegobernadora y presidente de la C\u00e1mara de Senadores, Alicia Aluani, se celebr\u00f3 este martes la 12\u00aa Sesi\u00f3n Ordinaria correspondiente al 145\u00ba Per\u00edodo Legislativo.<\/em><\/strong><\/p>\n\n\n\n<div class=\"wp-block-image\"><figure class=\"alignright size-large is-resized\"><img loading=\"lazy\" decoding=\"async\" src=\"https:\/\/www.delexodo.com.ar\/wp-content\/uploads\/2024\/08\/SENADO-ALUANI-1-1024x683.jpg\" alt=\"\" class=\"wp-image-10748\" width=\"229\" height=\"153\"\/><\/figure><\/div>\n\n\n\n<p>La vicegobernadora y presidente del Cuerpo, Alicia Aluani, presidi\u00f3 la duod\u00e9cima sesi\u00f3n ordinaria, correspondiente al 145\u00ba Per\u00edodo Legislativo. Estuvo asistida por el secretario de C\u00e1mara de Senadores, Sergio Avero y por la prosecretaria, Sara Foletto.<\/p>\n\n\n\n<h3 class=\"wp-block-heading\"><strong>Cargos en el CGE<\/strong><\/h3>\n\n\n\n<p>El Pleno aprob\u00f3 por unanimidad los pedidos de acuerdo para cubrir cargos en el Consejo General de Educaci\u00f3n (CGE) de funcionarios que est\u00e1n en ejercicio: de directora general de Escuelas de Entre R\u00edos, Alicia Mar\u00eda Fregonese; y de las vocales Carla Soledad Dur\u00e9 y Elsa Chapuis. En tanto, por mayor\u00eda se aprob\u00f3 el pliego de Santiago Sergio Adolfo Laumann para cubrir el cargo tambi\u00e9n de vocal en el CGE.<\/p>\n\n\n\n<p>Al respecto, el senador Juan Pablo Cosso (Villaguay \u2013 Frente M\u00e1s para Entre R\u00edos) pidi\u00f3 la palabra para fundamentar cada uno de los expedientes y dar lectura a los despachos de comisi\u00f3n. Luego, el senador Rafael Cavagna (Nogoy\u00e1 \u2013 Frente Juntos por Entre R\u00edos) explic\u00f3 el procedimiento y acot\u00f3: \u201cSe ha trabajado en el cumplimiento y en el contralor que nos exige la normativa\u201d.<\/p>\n\n\n\n<p>Cabe mencionar que la Comisi\u00f3n de Asuntos Constitucionales y Acuerdos emiti\u00f3 dos dict\u00e1menes, uno por la mayor\u00eda y otro por la minor\u00eda. El desacuerdo se centr\u00f3 en el vocal Laumann, quien recibi\u00f3 impugnaciones que aducen cuestiones ideol\u00f3gicas relacionadas al negacionismo sobre cr\u00edmenes de la \u00faltima dictadura c\u00edvico militar en Argentina.<\/p>\n\n\n\n<figure class=\"wp-block-audio\"><audio controls src=\"https:\/\/www.delexodo.com.ar\/wp-content\/uploads\/2024\/08\/Cavagna-Pliego-CGE.mp3\"><\/audio><figcaption>Dr. Rafael Cavagna<\/figcaption><\/figure>\n\n\n\n<div class=\"wp-block-image\"><figure class=\"alignleft size-large is-resized\"><img loading=\"lazy\" decoding=\"async\" src=\"https:\/\/www.delexodo.com.ar\/wp-content\/uploads\/2024\/08\/CAVAGNA-SENADO-1024x683.jpg\" alt=\"\" class=\"wp-image-10746\" width=\"252\" height=\"168\" srcset=\"https:\/\/www.delexodo.com.ar\/wp-content\/uploads\/2024\/08\/CAVAGNA-SENADO-1024x683.jpg 1024w, https:\/\/www.delexodo.com.ar\/wp-content\/uploads\/2024\/08\/CAVAGNA-SENADO-300x200.jpg 300w, https:\/\/www.delexodo.com.ar\/wp-content\/uploads\/2024\/08\/CAVAGNA-SENADO-768x512.jpg 768w, https:\/\/www.delexodo.com.ar\/wp-content\/uploads\/2024\/08\/CAVAGNA-SENADO-1536x1024.jpg 1536w, https:\/\/www.delexodo.com.ar\/wp-content\/uploads\/2024\/08\/CAVAGNA-SENADO.jpg 1620w\" sizes=\"auto, (max-width: 252px) 100vw, 252px\" \/><\/figure><\/div>\n\n\n\n<p><br>Los firmantes de mayor\u00eda fueron los senadores: Jaime Pedro Benedetti (Gualeguaych\u00fa- Frente Juntos por Entre R\u00edos), Gustavo Vergara (Diamante- Frente Juntos por Entre R\u00edos), Rafael Cavagna (Nogoy\u00e1- Frente Juntos por Entre R\u00edos) y Nancy Miranda (Federal- Frente M\u00e1s para Entre R\u00edos). Los firmantes de minor\u00eda: Juan Pablo Cosso (Villaguay- Frente M\u00e1s para Entre R\u00edos) y Patricia D\u00edaz (La Paz- Frente M\u00e1s para Entre R\u00edos). Se aclar\u00f3 en el recinto que el senador Marcelo Berthet (San Salvador- Frente M\u00e1s para Entre R\u00edos) no suscribi\u00f3 el despacho.<\/p>\n\n\n\n<p>Tras la lectura de los dos dict\u00e1menes, se someti\u00f3 la votaci\u00f3n al Pleno y quedaron aprobados los pedidos de acuerdo.<\/p>\n\n\n\n<h3 class=\"wp-block-heading\"><strong>Acuerdo para el STJ<\/strong><\/h3>\n\n\n\n<p>Seguidamente, los legisladores aprobaron el pedido de acuerdo para cubrir el cargo de vocal de la Sala N\u00b02 en lo Civil y Comercial del Superior Tribunal de Justicia de Entre R\u00edos, al postulante Carlos Federico Tepsich. Sobre este tema, hizo uso de la palabra el senador por el Departamento Villaguay y expres\u00f3: \u201cHemos llevado a cabo nuevamente el procedimiento que marca nuestro reglamento interno y tambi\u00e9n hemos verificado que la propuesta se encuadra en el art\u00edculo 193 de la Constituci\u00f3n Provincial, indica que los miembros del Superior Tribunal de Justicia ser\u00e1n designados de la forma establecida en el 103 y en el 175 inciso 16 para este caso\u201d, aclar\u00f3 Juan Pablo Cosso.<\/p>\n\n\n\n<h3 class=\"wp-block-heading\"><strong>Proyectos enviados por Diputados<\/strong><\/h3>\n\n\n\n<p>Los senadores trataron el proyecto de Ley de autor\u00eda de la diputada Romero y los diputados Lena, Rogel, Gallay, L\u00f3pez, Streitenberger, V\u00e1zquez, Rossi, Aranda, Maier, Bentos, Godein, Taborda, Laner, Rastelli y P\u00e9rez, por el que se declara en la provincia de Entre R\u00edos, que el a\u00f1o 2024, es el \u201cA\u00f1o del Trig\u00e9simo Aniversario de la Reforma de la Constituci\u00f3n Nacional\u201d. Ser\u00e1 girado a la Comisi\u00f3n de Legislaci\u00f3n General.<br>Tambi\u00e9n el proyecto de Ley de autor\u00eda de la diputada Lena y los diputados Taborda, Maier, Streitenberger, Rastelli, Gallay, Rossi, Godein, P\u00e9rez, Rogel, Romero V\u00e1zquez y L\u00f3pez por el que se declara al Colegio Nacional de Paran\u00e1, ubicado en la ciudad de Paran\u00e1. Ser\u00e1 girado a la Comisi\u00f3n de Legislaci\u00f3n General.<\/p>\n\n\n\n<p>Se dio tratamiento y se gir\u00f3 a la Comisi\u00f3n de Educaci\u00f3n, Ciencia y Tecnolog\u00eda, el proyecto de Ley de autor\u00eda de la diputada Lena y los diputados Bentos, Rastelli, Taborda, Gallay, P\u00e9rez, L\u00f3pez, Aranda, Romero y Rossi, por el que se crea el Programa Provincial de Educaci\u00f3n Financiera para mujeres en el \u00e1mbito del Ministerio de Desarrollo Econ\u00f3mico de la provincia de Entre R\u00edos.<\/p>\n\n\n\n<h3 class=\"wp-block-heading\"><strong>Proyectos de Senadores<\/strong><\/h3>\n\n\n\n<p>Luego, se trat\u00f3 el proyecto de Ley de autor\u00eda del senador Rafael Cavagna (Nogoy\u00e1- Frente Juntos por Entre R\u00edos), por el que se crea el R\u00e9gimen de Consorcios Camineros, cuya autoridad de aplicaci\u00f3n de la presente ley ser\u00e1 la Direcci\u00f3n Provincial de Vialidad, en cumplimiento de lo establecido por el Art\u00edculo 4\u00ba Inciso \u201cll\u201d de la Ley N\u00ba 2936. Se gir\u00f3 a la Comisi\u00f3n de Legislaci\u00f3n General y la Comisi\u00f3n de Hidrov\u00eda, Puertos y Transportes Multimodales.<br>Y el proyecto de Ley de autor\u00eda de la senadora Claudia Silva (Paran\u00e1- Frente M\u00e1s para Entre R\u00edos), por la que se declara Fiesta Provincial a la actual \u201cFiesta del Guiso\u201d, que se realiza en la localidad de \u201cEl Pingo- Pueblo San Juli\u00e1n\u201d, Departamento Paran\u00e1.&nbsp; Se gir\u00f3 a la Comisi\u00f3n de Mercosur, Turismo y Deportes.<\/p>\n\n\n\n<h3 class=\"wp-block-heading\"><strong>Otros proyectos<\/strong><\/h3>\n\n\n\n<p>En el recinto, adem\u00e1s, se dio tratamiento y aprobaci\u00f3n al proyecto de ley de autor\u00eda del Poder Ejecutivo, que autoriza al Superior Gobierno de la Provincia de Entre R\u00edos a ceder a favor de la Municipalidad de Villa Paranacito los derechos posesorios sobre un inmueble ubicado en la ciudad. El senador Rub\u00e9n M\u00e9ndez (Islas del Ibicuy-Frente Juntos por Entre R\u00edos) pidi\u00f3 la palabra para su fundamentaci\u00f3n.<\/p>\n\n\n\n<p>Asimismo, los legisladores provinciales dieron tratamiento sobre tablas a ocho proyectos de Declaraci\u00f3n. Luego, se aprob\u00f3 el proyecto de Declaraci\u00f3n de autor\u00eda de los senadores Gustavo Vergara (Diamante- Frente Juntos por Entre R\u00edos) y Martin Oliva (Uruguay- Frente M\u00e1s para Entre R\u00edos) por el que se declara de inter\u00e9s el 30\u00baAniversario de la Reforma de la Constituci\u00f3n Nacional (Agosto de 1994) y homenaje a los convencionales constituyentes que representaron a Entre R\u00edos.<\/p>\n\n\n\n<h3 class=\"wp-block-heading\"><strong>Homenajes<\/strong><\/h3>\n\n\n\n<p>Al turno de los homenajes, el senador Martin Oliva evoc\u00f3 el 30\u00ba Aniversario de la Reforma de la Constituci\u00f3n Nacional. Por su parte, el senador Jaime Pedro Benedetti adhiri\u00f3 al homenaje realizado por su par preopinarte. En tanto, la senadora Patria D\u00edaz, record\u00f3 que el 18 de agosto se celebr\u00f3 el D\u00eda de la Patrona Santa Elena.<\/p>\n\n\n\n<div class=\"wp-block-image\"><figure class=\"aligncenter size-large\"><img loading=\"lazy\" decoding=\"async\" width=\"1024\" height=\"231\" src=\"https:\/\/www.delexodo.com.ar\/wp-content\/uploads\/2024\/02\/SENADO-ER-24-1024x231.png\" alt=\"\" class=\"wp-image-10161\" srcset=\"https:\/\/www.delexodo.com.ar\/wp-content\/uploads\/2024\/02\/SENADO-ER-24-1024x231.png 1024w, https:\/\/www.delexodo.com.ar\/wp-content\/uploads\/2024\/02\/SENADO-ER-24-300x68.png 300w, https:\/\/www.delexodo.com.ar\/wp-content\/uploads\/2024\/02\/SENADO-ER-24-768x173.png 768w, https:\/\/www.delexodo.com.ar\/wp-content\/uploads\/2024\/02\/SENADO-ER-24.png 1421w\" sizes=\"auto, (max-width: 1024px) 100vw, 1024px\" \/><\/figure><\/div>\n","protected":false},"excerpt":{"rendered":"<p>Presidida por la vicegobernadora y presidente de la C\u00e1mara de Senadores, Alicia Aluani, se celebr\u00f3 este martes la 12\u00aa Sesi\u00f3n&hellip;<\/p>\n","protected":false},"author":1,"featured_media":10745,"comment_status":"closed","ping_status":"closed","sticky":false,"template":"","format":"standard","meta":{"_joinchat":[],"footnotes":""},"categories":[349],"tags":[345],"class_list":["post-10744","post","type-post","status-publish","format-standard","has-post-thumbnail","hentry","category-politica","tag-destacar"],"yoast_head":"<!-- This site is optimized with the Yoast SEO plugin v25.1 - https:\/\/yoast.com\/wordpress\/plugins\/seo\/ -->\n<title>El Senado aprob\u00f3 los pliegos del CGE y el acuerdo a Tepsich para el STJ - Del \u00c9xodo Nogoy\u00e1<\/title>\n<meta name=\"robots\" content=\"index, follow, max-snippet:-1, max-image-preview:large, max-video-preview:-1\" \/>\n<link rel=\"canonical\" href=\"https:\/\/www.delexodo.com.ar\/?p=10744\" \/>\n<meta property=\"og:locale\" content=\"es_ES\" \/>\n<meta property=\"og:type\" content=\"article\" \/>\n<meta property=\"og:title\" content=\"El Senado aprob\u00f3 los pliegos del CGE y el acuerdo a Tepsich para el STJ - Del \u00c9xodo Nogoy\u00e1\" \/>\n<meta property=\"og:description\" content=\"Presidida por la vicegobernadora y presidente de la C\u00e1mara de Senadores, Alicia Aluani, se celebr\u00f3 este martes la 12\u00aa Sesi\u00f3n&hellip;\" \/>\n<meta property=\"og:url\" content=\"https:\/\/www.delexodo.com.ar\/?p=10744\" \/>\n<meta property=\"og:site_name\" content=\"Del \u00c9xodo Nogoy\u00e1\" \/>\n<meta property=\"article:published_time\" content=\"2024-08-21T00:46:56+00:00\" \/>\n<meta property=\"article:modified_time\" content=\"2024-10-11T22:38:24+00:00\" \/>\n<meta property=\"og:image\" content=\"https:\/\/www.delexodo.com.ar\/wp-content\/uploads\/2024\/08\/SENADO-20-08.jpeg\" \/>\n\t<meta property=\"og:image:width\" content=\"1599\" \/>\n\t<meta property=\"og:image:height\" content=\"1066\" \/>\n\t<meta property=\"og:image:type\" content=\"image\/jpeg\" \/>\n<meta name=\"author\" content=\"admin\" \/>\n<meta name=\"twitter:card\" content=\"summary_large_image\" \/>\n<meta name=\"twitter:label1\" content=\"Escrito por\" \/>\n\t<meta name=\"twitter:data1\" content=\"admin\" \/>\n\t<meta name=\"twitter:label2\" content=\"Tiempo de lectura\" \/>\n\t<meta name=\"twitter:data2\" content=\"5 minutos\" \/>\n<script type=\"application\/ld+json\" class=\"yoast-schema-graph\">{\"@context\":\"https:\/\/schema.org\",\"@graph\":[{\"@type\":\"Article\",\"@id\":\"https:\/\/www.delexodo.com.ar\/?p=10744#article\",\"isPartOf\":{\"@id\":\"https:\/\/www.delexodo.com.ar\/?p=10744\"},\"author\":{\"name\":\"admin\",\"@id\":\"https:\/\/www.delexodo.com.ar\/#\/schema\/person\/bbed37f7da8e938660b34f2013ba449d\"},\"headline\":\"El Senado aprob\u00f3 los pliegos del CGE y el acuerdo a Tepsich para el STJ\",\"datePublished\":\"2024-08-21T00:46:56+00:00\",\"dateModified\":\"2024-10-11T22:38:24+00:00\",\"mainEntityOfPage\":{\"@id\":\"https:\/\/www.delexodo.com.ar\/?p=10744\"},\"wordCount\":1103,\"publisher\":{\"@id\":\"https:\/\/www.delexodo.com.ar\/#organization\"},\"image\":{\"@id\":\"https:\/\/www.delexodo.com.ar\/?p=10744#primaryimage\"},\"thumbnailUrl\":\"https:\/\/www.delexodo.com.ar\/wp-content\/uploads\/2024\/08\/SENADO-20-08.jpeg\",\"keywords\":[\"destacar\"],\"articleSection\":[\"Politica\"],\"inLanguage\":\"es\"},{\"@type\":\"WebPage\",\"@id\":\"https:\/\/www.delexodo.com.ar\/?p=10744\",\"url\":\"https:\/\/www.delexodo.com.ar\/?p=10744\",\"name\":\"El Senado aprob\u00f3 los pliegos del CGE y el acuerdo a Tepsich para el STJ - Del \u00c9xodo Nogoy\u00e1\",\"isPartOf\":{\"@id\":\"https:\/\/www.delexodo.com.ar\/#website\"},\"primaryImageOfPage\":{\"@id\":\"https:\/\/www.delexodo.com.ar\/?p=10744#primaryimage\"},\"image\":{\"@id\":\"https:\/\/www.delexodo.com.ar\/?p=10744#primaryimage\"},\"thumbnailUrl\":\"https:\/\/www.delexodo.com.ar\/wp-content\/uploads\/2024\/08\/SENADO-20-08.jpeg\",\"datePublished\":\"2024-08-21T00:46:56+00:00\",\"dateModified\":\"2024-10-11T22:38:24+00:00\",\"breadcrumb\":{\"@id\":\"https:\/\/www.delexodo.com.ar\/?p=10744#breadcrumb\"},\"inLanguage\":\"es\",\"potentialAction\":[{\"@type\":\"ReadAction\",\"target\":[\"https:\/\/www.delexodo.com.ar\/?p=10744\"]}]},{\"@type\":\"ImageObject\",\"inLanguage\":\"es\",\"@id\":\"https:\/\/www.delexodo.com.ar\/?p=10744#primaryimage\",\"url\":\"https:\/\/www.delexodo.com.ar\/wp-content\/uploads\/2024\/08\/SENADO-20-08.jpeg\",\"contentUrl\":\"https:\/\/www.delexodo.com.ar\/wp-content\/uploads\/2024\/08\/SENADO-20-08.jpeg\",\"width\":1599,\"height\":1066},{\"@type\":\"BreadcrumbList\",\"@id\":\"https:\/\/www.delexodo.com.ar\/?p=10744#breadcrumb\",\"itemListElement\":[{\"@type\":\"ListItem\",\"position\":1,\"name\":\"Portada\",\"item\":\"https:\/\/www.delexodo.com.ar\/\"},{\"@type\":\"ListItem\",\"position\":2,\"name\":\"El Senado aprob\u00f3 los pliegos del CGE y el acuerdo a Tepsich para el STJ\"}]},{\"@type\":\"WebSite\",\"@id\":\"https:\/\/www.delexodo.com.ar\/#website\",\"url\":\"https:\/\/www.delexodo.com.ar\/\",\"name\":\"Del \u00c9xodo Nogoy\u00e1\",\"description\":\"El Portal de Noticias de la Regi\u00f3n\",\"publisher\":{\"@id\":\"https:\/\/www.delexodo.com.ar\/#organization\"},\"potentialAction\":[{\"@type\":\"SearchAction\",\"target\":{\"@type\":\"EntryPoint\",\"urlTemplate\":\"https:\/\/www.delexodo.com.ar\/?s={search_term_string}\"},\"query-input\":{\"@type\":\"PropertyValueSpecification\",\"valueRequired\":true,\"valueName\":\"search_term_string\"}}],\"inLanguage\":\"es\"},{\"@type\":\"Organization\",\"@id\":\"https:\/\/www.delexodo.com.ar\/#organization\",\"name\":\"Del \u00c9xodo Nogoy\u00e1\",\"url\":\"https:\/\/www.delexodo.com.ar\/\",\"logo\":{\"@type\":\"ImageObject\",\"inLanguage\":\"es\",\"@id\":\"https:\/\/www.delexodo.com.ar\/#\/schema\/logo\/image\/\",\"url\":\"https:\/\/www.delexodo.com.ar\/wp-content\/uploads\/2024\/10\/cropped-cropped-LOGO24.png\",\"contentUrl\":\"https:\/\/www.delexodo.com.ar\/wp-content\/uploads\/2024\/10\/cropped-cropped-LOGO24.png\",\"width\":512,\"height\":349,\"caption\":\"Del \u00c9xodo Nogoy\u00e1\"},\"image\":{\"@id\":\"https:\/\/www.delexodo.com.ar\/#\/schema\/logo\/image\/\"}},{\"@type\":\"Person\",\"@id\":\"https:\/\/www.delexodo.com.ar\/#\/schema\/person\/bbed37f7da8e938660b34f2013ba449d\",\"name\":\"admin\",\"image\":{\"@type\":\"ImageObject\",\"inLanguage\":\"es\",\"@id\":\"https:\/\/www.delexodo.com.ar\/#\/schema\/person\/image\/\",\"url\":\"https:\/\/secure.gravatar.com\/avatar\/6b1558d1b6df085f1901bd5bd98523d7?s=96&d=mm&r=g\",\"contentUrl\":\"https:\/\/secure.gravatar.com\/avatar\/6b1558d1b6df085f1901bd5bd98523d7?s=96&d=mm&r=g\",\"caption\":\"admin\"},\"url\":\"https:\/\/www.delexodo.com.ar\/?author=1\"}]}<\/script>\n<!-- \/ Yoast SEO plugin. -->","yoast_head_json":{"title":"El Senado aprob\u00f3 los pliegos del CGE y el acuerdo a Tepsich para el STJ - Del \u00c9xodo Nogoy\u00e1","robots":{"index":"index","follow":"follow","max-snippet":"max-snippet:-1","max-image-preview":"max-image-preview:large","max-video-preview":"max-video-preview:-1"},"canonical":"https:\/\/www.delexodo.com.ar\/?p=10744","og_locale":"es_ES","og_type":"article","og_title":"El Senado aprob\u00f3 los pliegos del CGE y el acuerdo a Tepsich para el STJ - Del \u00c9xodo Nogoy\u00e1","og_description":"Presidida por la vicegobernadora y presidente de la C\u00e1mara de Senadores, Alicia Aluani, se celebr\u00f3 este martes la 12\u00aa Sesi\u00f3n&hellip;","og_url":"https:\/\/www.delexodo.com.ar\/?p=10744","og_site_name":"Del \u00c9xodo Nogoy\u00e1","article_published_time":"2024-08-21T00:46:56+00:00","article_modified_time":"2024-10-11T22:38:24+00:00","og_image":[{"width":1599,"height":1066,"url":"https:\/\/www.delexodo.com.ar\/wp-content\/uploads\/2024\/08\/SENADO-20-08.jpeg","type":"image\/jpeg"}],"author":"admin","twitter_card":"summary_large_image","twitter_misc":{"Escrito por":"admin","Tiempo de lectura":"5 minutos"},"schema":{"@context":"https:\/\/schema.org","@graph":[{"@type":"Article","@id":"https:\/\/www.delexodo.com.ar\/?p=10744#article","isPartOf":{"@id":"https:\/\/www.delexodo.com.ar\/?p=10744"},"author":{"name":"admin","@id":"https:\/\/www.delexodo.com.ar\/#\/schema\/person\/bbed37f7da8e938660b34f2013ba449d"},"headline":"El Senado aprob\u00f3 los pliegos del CGE y el acuerdo a Tepsich para el STJ","datePublished":"2024-08-21T00:46:56+00:00","dateModified":"2024-10-11T22:38:24+00:00","mainEntityOfPage":{"@id":"https:\/\/www.delexodo.com.ar\/?p=10744"},"wordCount":1103,"publisher":{"@id":"https:\/\/www.delexodo.com.ar\/#organization"},"image":{"@id":"https:\/\/www.delexodo.com.ar\/?p=10744#primaryimage"},"thumbnailUrl":"https:\/\/www.delexodo.com.ar\/wp-content\/uploads\/2024\/08\/SENADO-20-08.jpeg","keywords":["destacar"],"articleSection":["Politica"],"inLanguage":"es"},{"@type":"WebPage","@id":"https:\/\/www.delexodo.com.ar\/?p=10744","url":"https:\/\/www.delexodo.com.ar\/?p=10744","name":"El Senado aprob\u00f3 los pliegos del CGE y el acuerdo a Tepsich para el STJ - Del \u00c9xodo Nogoy\u00e1","isPartOf":{"@id":"https:\/\/www.delexodo.com.ar\/#website"},"primaryImageOfPage":{"@id":"https:\/\/www.delexodo.com.ar\/?p=10744#primaryimage"},"image":{"@id":"https:\/\/www.delexodo.com.ar\/?p=10744#primaryimage"},"thumbnailUrl":"https:\/\/www.delexodo.com.ar\/wp-content\/uploads\/2024\/08\/SENADO-20-08.jpeg","datePublished":"2024-08-21T00:46:56+00:00","dateModified":"2024-10-11T22:38:24+00:00","breadcrumb":{"@id":"https:\/\/www.delexodo.com.ar\/?p=10744#breadcrumb"},"inLanguage":"es","potentialAction":[{"@type":"ReadAction","target":["https:\/\/www.delexodo.com.ar\/?p=10744"]}]},{"@type":"ImageObject","inLanguage":"es","@id":"https:\/\/www.delexodo.com.ar\/?p=10744#primaryimage","url":"https:\/\/www.delexodo.com.ar\/wp-content\/uploads\/2024\/08\/SENADO-20-08.jpeg","contentUrl":"https:\/\/www.delexodo.com.ar\/wp-content\/uploads\/2024\/08\/SENADO-20-08.jpeg","width":1599,"height":1066},{"@type":"BreadcrumbList","@id":"https:\/\/www.delexodo.com.ar\/?p=10744#breadcrumb","itemListElement":[{"@type":"ListItem","position":1,"name":"Portada","item":"https:\/\/www.delexodo.com.ar\/"},{"@type":"ListItem","position":2,"name":"El Senado aprob\u00f3 los pliegos del CGE y el acuerdo a Tepsich para el STJ"}]},{"@type":"WebSite","@id":"https:\/\/www.delexodo.com.ar\/#website","url":"https:\/\/www.delexodo.com.ar\/","name":"Del \u00c9xodo Nogoy\u00e1","description":"El Portal de Noticias de la Regi\u00f3n","publisher":{"@id":"https:\/\/www.delexodo.com.ar\/#organization"},"potentialAction":[{"@type":"SearchAction","target":{"@type":"EntryPoint","urlTemplate":"https:\/\/www.delexodo.com.ar\/?s={search_term_string}"},"query-input":{"@type":"PropertyValueSpecification","valueRequired":true,"valueName":"search_term_string"}}],"inLanguage":"es"},{"@type":"Organization","@id":"https:\/\/www.delexodo.com.ar\/#organization","name":"Del \u00c9xodo Nogoy\u00e1","url":"https:\/\/www.delexodo.com.ar\/","logo":{"@type":"ImageObject","inLanguage":"es","@id":"https:\/\/www.delexodo.com.ar\/#\/schema\/logo\/image\/","url":"https:\/\/www.delexodo.com.ar\/wp-content\/uploads\/2024\/10\/cropped-cropped-LOGO24.png","contentUrl":"https:\/\/www.delexodo.com.ar\/wp-content\/uploads\/2024\/10\/cropped-cropped-LOGO24.png","width":512,"height":349,"caption":"Del \u00c9xodo Nogoy\u00e1"},"image":{"@id":"https:\/\/www.delexodo.com.ar\/#\/schema\/logo\/image\/"}},{"@type":"Person","@id":"https:\/\/www.delexodo.com.ar\/#\/schema\/person\/bbed37f7da8e938660b34f2013ba449d","name":"admin","image":{"@type":"ImageObject","inLanguage":"es","@id":"https:\/\/www.delexodo.com.ar\/#\/schema\/person\/image\/","url":"https:\/\/secure.gravatar.com\/avatar\/6b1558d1b6df085f1901bd5bd98523d7?s=96&d=mm&r=g","contentUrl":"https:\/\/secure.gravatar.com\/avatar\/6b1558d1b6df085f1901bd5bd98523d7?s=96&d=mm&r=g","caption":"admin"},"url":"https:\/\/www.delexodo.com.ar\/?author=1"}]}},"_links":{"self":[{"href":"https:\/\/www.delexodo.com.ar\/index.php?rest_route=\/wp\/v2\/posts\/10744","targetHints":{"allow":["GET"]}}],"collection":[{"href":"https:\/\/www.delexodo.com.ar\/index.php?rest_route=\/wp\/v2\/posts"}],"about":[{"href":"https:\/\/www.delexodo.com.ar\/index.php?rest_route=\/wp\/v2\/types\/post"}],"author":[{"embeddable":true,"href":"https:\/\/www.delexodo.com.ar\/index.php?rest_route=\/wp\/v2\/users\/1"}],"replies":[{"embeddable":true,"href":"https:\/\/www.delexodo.com.ar\/index.php?rest_route=%2Fwp%2Fv2%2Fcomments&post=10744"}],"version-history":[{"count":0,"href":"https:\/\/www.delexodo.com.ar\/index.php?rest_route=\/wp\/v2\/posts\/10744\/revisions"}],"wp:featuredmedia":[{"embeddable":true,"href":"https:\/\/www.delexodo.com.ar\/index.php?rest_route=\/wp\/v2\/media\/10745"}],"wp:attachment":[{"href":"https:\/\/www.delexodo.com.ar\/index.php?rest_route=%2Fwp%2Fv2%2Fmedia&parent=10744"}],"wp:term":[{"taxonomy":"category","embeddable":true,"href":"https:\/\/www.delexodo.com.ar\/index.php?rest_route=%2Fwp%2Fv2%2Fcategories&post=10744"},{"taxonomy":"post_tag","embeddable":true,"href":"https:\/\/www.delexodo.com.ar\/index.php?rest_route=%2Fwp%2Fv2%2Ftags&post=10744"}],"curies":[{"name":"wp","href":"https:\/\/api.w.org\/{rel}","templated":true}]}}