{"id":10734,"date":"2024-08-13T23:16:30","date_gmt":"2024-08-14T02:16:30","guid":{"rendered":"https:\/\/www.delexodo.com.ar\/?p=10734"},"modified":"2024-10-11T19:38:38","modified_gmt":"2024-10-11T22:38:38","slug":"entre-rios-el-gobierno-provincial-aumentara-por-decreto-el-salario-a-los-docentes","status":"publish","type":"post","link":"https:\/\/www.delexodo.com.ar\/?p=10734","title":{"rendered":"Entre R\u00edos: El Gobierno provincial aumentar\u00e1 por decreto el salario a los docentes"},"content":{"rendered":"\n<p><strong><em>Ante la negativa de gremios docentes a las cuatro ofertas ya realizadas en paritarias, fue anunciado en conferencia de prensa por el ministro de Gobierno y Trabajo, Manuel Troncoso.<\/em><\/strong><\/p>\n\n\n\n<p>Se elevar\u00e1 el salario m\u00ednimo docente a 450.000 pesos, aumento del 5 por ciento para el mes de julio, se igualar\u00e1 la inflaci\u00f3n para agosto y una suma fija no remunerativa de 120.000 pesos en tres cuotas.<\/p>\n\n\n\n<p>Troncoso inst\u00f3 a los gremios a <strong><em>\u00abcesar con las medidas de fuerza y levantar los paros, y llam\u00f3 a la razonabilidad y la responsabilidad\u00bb<\/em><\/strong>. Tambi\u00e9n afirm\u00f3 que si no se levantan los paros <em>\u00abse evaluar\u00e1 pedir la conciliaci\u00f3n obligatoria ante la justicia\u00bb<\/em>, y record\u00f3 que <em>\u00abd\u00eda de paro, d\u00eda que se descuenta, d\u00eda que se pierde, d\u00eda que se recupera. Si es necesario estirar el ciclo lectivo a enero, se har\u00e1\u00bb<\/em>.<\/p>\n\n\n\n<p>Adem\u00e1s, el ministro tambi\u00e9n sostuvo: <em>\u00abNo podemos permitir que, tanto los chicos como los docentes no sindicalizados sigan siendo rehenes de algunos gremios\u00bb<\/em>. Agreg\u00f3 que en tanto, <em>\u00abATE y UPCN aceptaron un aumento de estas caracter\u00edsticas y que los docentes UDA tambi\u00e9n aceptaron. No se explica c\u00f3mo luego de cuatro propuestas haya gremios que sigan sin aceptar, sin dar explicaciones.&nbsp; Esto nos lleva a dar el aumento por decreto, no queremos que docentes sean v\u00edctimas y se queden sin aumento salarial por la negativa de algunos sectores sindicales\u00bb<\/em>.<\/p>\n\n\n\n<p>Por su parte, el secretario de Finanzas, Uriel Brubpacher marc\u00f3 el dif\u00edcil contexto graficando que <em>\u00abestamos peor que en pandemia, con una ca\u00edda en \u00faltimo bimestre de 20 puntos en los ingresos con respecto al mismo mes de 2023\u00bb<\/em>. Valor\u00f3 que <em>\u00abel gobierno mantuvo abiertas las paritarias; dio aumento en enero cuando nunca antes hab\u00eda ocurrido y que incluso nunca se alter\u00f3 el cronograma de pago con el costo que ello acarrea\u00bb<\/em>.&nbsp;<\/p>\n\n\n\n<p>El ministro Troncoso destac\u00f3 que esta <em>\u00abes la manera de poner m\u00e1s dinero en el bolsillo del trabajador y m\u00e1s r\u00e1pido\u00bb<\/em> y ejemplific\u00f3 con que <em>\u00abel mes que viene aquellos que cobran la m\u00ednima van a tener un aumento del 29 por ciento, ya que pasar\u00e1n de un m\u00ednimo de 379.000 pesos a 490.000 pesos, contando la suma fija\u00bb<\/em>.&nbsp;<\/p>\n\n\n\n<h2 class=\"wp-block-heading\"><strong>El aumento salarial en detalle:<\/strong><\/h2>\n\n\n\n<p><strong>-Aumento del m\u00ednimo docente a un 18,7 por ciento, el que llegar\u00e1 a 450.000 pesos.<\/strong><\/p>\n\n\n\n<p><strong>-Aumento del 5 por ciento para el mes de julio.<\/strong><\/p>\n\n\n\n<p><strong>-Aumento igual a la inflaci\u00f3n para el mes de agosto<\/strong><\/p>\n\n\n\n<p><strong>-Pago de una suma fija no remunerativa de 120.000 pesos en tres cuotas iguales.<\/strong><\/p>\n\n\n\n<p><strong>-Se liquidar\u00e1 por complementaria.<\/strong><\/p>\n\n\n\n<p><strong>-Convocatoria a la mesa t\u00e9cnica con gremios docentes y del escalaf\u00f3n general para la recomposici\u00f3n del primer semestre.<\/strong><\/p>\n","protected":false},"excerpt":{"rendered":"<p>Ante la negativa de gremios docentes a las cuatro ofertas ya realizadas en paritarias, fue anunciado en conferencia de prensa&hellip;<\/p>\n","protected":false},"author":1,"featured_media":10735,"comment_status":"closed","ping_status":"closed","sticky":false,"template":"","format":"standard","meta":{"_joinchat":[],"footnotes":""},"categories":[349],"tags":[345],"class_list":["post-10734","post","type-post","status-publish","format-standard","has-post-thumbnail","hentry","category-politica","tag-destacar"],"yoast_head":"<!-- This site is optimized with the Yoast SEO plugin v25.1 - https:\/\/yoast.com\/wordpress\/plugins\/seo\/ -->\n<title>Entre R\u00edos: El Gobierno provincial aumentar\u00e1 por decreto el salario a los docentes - Del \u00c9xodo Nogoy\u00e1<\/title>\n<meta name=\"robots\" content=\"index, follow, max-snippet:-1, max-image-preview:large, max-video-preview:-1\" \/>\n<link rel=\"canonical\" href=\"https:\/\/www.delexodo.com.ar\/?p=10734\" \/>\n<meta property=\"og:locale\" content=\"es_ES\" \/>\n<meta property=\"og:type\" content=\"article\" \/>\n<meta property=\"og:title\" content=\"Entre R\u00edos: El Gobierno provincial aumentar\u00e1 por decreto el salario a los docentes - Del \u00c9xodo Nogoy\u00e1\" \/>\n<meta property=\"og:description\" content=\"Ante la negativa de gremios docentes a las cuatro ofertas ya realizadas en paritarias, fue anunciado en conferencia de prensa&hellip;\" \/>\n<meta property=\"og:url\" content=\"https:\/\/www.delexodo.com.ar\/?p=10734\" \/>\n<meta property=\"og:site_name\" content=\"Del \u00c9xodo Nogoy\u00e1\" \/>\n<meta property=\"article:published_time\" content=\"2024-08-14T02:16:30+00:00\" \/>\n<meta property=\"article:modified_time\" content=\"2024-10-11T22:38:38+00:00\" \/>\n<meta property=\"og:image\" content=\"https:\/\/www.delexodo.com.ar\/wp-content\/uploads\/2024\/08\/Troncoso-Paritaria.jpg\" \/>\n\t<meta property=\"og:image:width\" content=\"730\" \/>\n\t<meta property=\"og:image:height\" content=\"482\" \/>\n\t<meta property=\"og:image:type\" content=\"image\/jpeg\" \/>\n<meta name=\"author\" content=\"admin\" \/>\n<meta name=\"twitter:card\" content=\"summary_large_image\" \/>\n<meta name=\"twitter:label1\" content=\"Escrito por\" \/>\n\t<meta name=\"twitter:data1\" content=\"admin\" \/>\n\t<meta name=\"twitter:label2\" content=\"Tiempo de lectura\" \/>\n\t<meta name=\"twitter:data2\" content=\"2 minutos\" \/>\n<script type=\"application\/ld+json\" class=\"yoast-schema-graph\">{\"@context\":\"https:\/\/schema.org\",\"@graph\":[{\"@type\":\"Article\",\"@id\":\"https:\/\/www.delexodo.com.ar\/?p=10734#article\",\"isPartOf\":{\"@id\":\"https:\/\/www.delexodo.com.ar\/?p=10734\"},\"author\":{\"name\":\"admin\",\"@id\":\"https:\/\/www.delexodo.com.ar\/#\/schema\/person\/bbed37f7da8e938660b34f2013ba449d\"},\"headline\":\"Entre R\u00edos: El Gobierno provincial aumentar\u00e1 por decreto el salario a los docentes\",\"datePublished\":\"2024-08-14T02:16:30+00:00\",\"dateModified\":\"2024-10-11T22:38:38+00:00\",\"mainEntityOfPage\":{\"@id\":\"https:\/\/www.delexodo.com.ar\/?p=10734\"},\"wordCount\":465,\"publisher\":{\"@id\":\"https:\/\/www.delexodo.com.ar\/#organization\"},\"image\":{\"@id\":\"https:\/\/www.delexodo.com.ar\/?p=10734#primaryimage\"},\"thumbnailUrl\":\"https:\/\/www.delexodo.com.ar\/wp-content\/uploads\/2024\/08\/Troncoso-Paritaria.jpg\",\"keywords\":[\"destacar\"],\"articleSection\":[\"Politica\"],\"inLanguage\":\"es\"},{\"@type\":\"WebPage\",\"@id\":\"https:\/\/www.delexodo.com.ar\/?p=10734\",\"url\":\"https:\/\/www.delexodo.com.ar\/?p=10734\",\"name\":\"Entre R\u00edos: El Gobierno provincial aumentar\u00e1 por decreto el salario a los docentes - Del \u00c9xodo Nogoy\u00e1\",\"isPartOf\":{\"@id\":\"https:\/\/www.delexodo.com.ar\/#website\"},\"primaryImageOfPage\":{\"@id\":\"https:\/\/www.delexodo.com.ar\/?p=10734#primaryimage\"},\"image\":{\"@id\":\"https:\/\/www.delexodo.com.ar\/?p=10734#primaryimage\"},\"thumbnailUrl\":\"https:\/\/www.delexodo.com.ar\/wp-content\/uploads\/2024\/08\/Troncoso-Paritaria.jpg\",\"datePublished\":\"2024-08-14T02:16:30+00:00\",\"dateModified\":\"2024-10-11T22:38:38+00:00\",\"breadcrumb\":{\"@id\":\"https:\/\/www.delexodo.com.ar\/?p=10734#breadcrumb\"},\"inLanguage\":\"es\",\"potentialAction\":[{\"@type\":\"ReadAction\",\"target\":[\"https:\/\/www.delexodo.com.ar\/?p=10734\"]}]},{\"@type\":\"ImageObject\",\"inLanguage\":\"es\",\"@id\":\"https:\/\/www.delexodo.com.ar\/?p=10734#primaryimage\",\"url\":\"https:\/\/www.delexodo.com.ar\/wp-content\/uploads\/2024\/08\/Troncoso-Paritaria.jpg\",\"contentUrl\":\"https:\/\/www.delexodo.com.ar\/wp-content\/uploads\/2024\/08\/Troncoso-Paritaria.jpg\",\"width\":730,\"height\":482},{\"@type\":\"BreadcrumbList\",\"@id\":\"https:\/\/www.delexodo.com.ar\/?p=10734#breadcrumb\",\"itemListElement\":[{\"@type\":\"ListItem\",\"position\":1,\"name\":\"Portada\",\"item\":\"https:\/\/www.delexodo.com.ar\/\"},{\"@type\":\"ListItem\",\"position\":2,\"name\":\"Entre R\u00edos: El Gobierno provincial aumentar\u00e1 por decreto el salario a los docentes\"}]},{\"@type\":\"WebSite\",\"@id\":\"https:\/\/www.delexodo.com.ar\/#website\",\"url\":\"https:\/\/www.delexodo.com.ar\/\",\"name\":\"Del \u00c9xodo Nogoy\u00e1\",\"description\":\"El Portal de Noticias de la Regi\u00f3n\",\"publisher\":{\"@id\":\"https:\/\/www.delexodo.com.ar\/#organization\"},\"potentialAction\":[{\"@type\":\"SearchAction\",\"target\":{\"@type\":\"EntryPoint\",\"urlTemplate\":\"https:\/\/www.delexodo.com.ar\/?s={search_term_string}\"},\"query-input\":{\"@type\":\"PropertyValueSpecification\",\"valueRequired\":true,\"valueName\":\"search_term_string\"}}],\"inLanguage\":\"es\"},{\"@type\":\"Organization\",\"@id\":\"https:\/\/www.delexodo.com.ar\/#organization\",\"name\":\"Del \u00c9xodo Nogoy\u00e1\",\"url\":\"https:\/\/www.delexodo.com.ar\/\",\"logo\":{\"@type\":\"ImageObject\",\"inLanguage\":\"es\",\"@id\":\"https:\/\/www.delexodo.com.ar\/#\/schema\/logo\/image\/\",\"url\":\"https:\/\/www.delexodo.com.ar\/wp-content\/uploads\/2024\/10\/cropped-cropped-LOGO24.png\",\"contentUrl\":\"https:\/\/www.delexodo.com.ar\/wp-content\/uploads\/2024\/10\/cropped-cropped-LOGO24.png\",\"width\":512,\"height\":349,\"caption\":\"Del \u00c9xodo Nogoy\u00e1\"},\"image\":{\"@id\":\"https:\/\/www.delexodo.com.ar\/#\/schema\/logo\/image\/\"}},{\"@type\":\"Person\",\"@id\":\"https:\/\/www.delexodo.com.ar\/#\/schema\/person\/bbed37f7da8e938660b34f2013ba449d\",\"name\":\"admin\",\"image\":{\"@type\":\"ImageObject\",\"inLanguage\":\"es\",\"@id\":\"https:\/\/www.delexodo.com.ar\/#\/schema\/person\/image\/\",\"url\":\"https:\/\/secure.gravatar.com\/avatar\/6b1558d1b6df085f1901bd5bd98523d7?s=96&d=mm&r=g\",\"contentUrl\":\"https:\/\/secure.gravatar.com\/avatar\/6b1558d1b6df085f1901bd5bd98523d7?s=96&d=mm&r=g\",\"caption\":\"admin\"},\"url\":\"https:\/\/www.delexodo.com.ar\/?author=1\"}]}<\/script>\n<!-- \/ Yoast SEO plugin. -->","yoast_head_json":{"title":"Entre R\u00edos: El Gobierno provincial aumentar\u00e1 por decreto el salario a los docentes - Del \u00c9xodo Nogoy\u00e1","robots":{"index":"index","follow":"follow","max-snippet":"max-snippet:-1","max-image-preview":"max-image-preview:large","max-video-preview":"max-video-preview:-1"},"canonical":"https:\/\/www.delexodo.com.ar\/?p=10734","og_locale":"es_ES","og_type":"article","og_title":"Entre R\u00edos: El Gobierno provincial aumentar\u00e1 por decreto el salario a los docentes - Del \u00c9xodo Nogoy\u00e1","og_description":"Ante la negativa de gremios docentes a las cuatro ofertas ya realizadas en paritarias, fue anunciado en conferencia de prensa&hellip;","og_url":"https:\/\/www.delexodo.com.ar\/?p=10734","og_site_name":"Del \u00c9xodo Nogoy\u00e1","article_published_time":"2024-08-14T02:16:30+00:00","article_modified_time":"2024-10-11T22:38:38+00:00","og_image":[{"width":730,"height":482,"url":"https:\/\/www.delexodo.com.ar\/wp-content\/uploads\/2024\/08\/Troncoso-Paritaria.jpg","type":"image\/jpeg"}],"author":"admin","twitter_card":"summary_large_image","twitter_misc":{"Escrito por":"admin","Tiempo de lectura":"2 minutos"},"schema":{"@context":"https:\/\/schema.org","@graph":[{"@type":"Article","@id":"https:\/\/www.delexodo.com.ar\/?p=10734#article","isPartOf":{"@id":"https:\/\/www.delexodo.com.ar\/?p=10734"},"author":{"name":"admin","@id":"https:\/\/www.delexodo.com.ar\/#\/schema\/person\/bbed37f7da8e938660b34f2013ba449d"},"headline":"Entre R\u00edos: El Gobierno provincial aumentar\u00e1 por decreto el salario a los docentes","datePublished":"2024-08-14T02:16:30+00:00","dateModified":"2024-10-11T22:38:38+00:00","mainEntityOfPage":{"@id":"https:\/\/www.delexodo.com.ar\/?p=10734"},"wordCount":465,"publisher":{"@id":"https:\/\/www.delexodo.com.ar\/#organization"},"image":{"@id":"https:\/\/www.delexodo.com.ar\/?p=10734#primaryimage"},"thumbnailUrl":"https:\/\/www.delexodo.com.ar\/wp-content\/uploads\/2024\/08\/Troncoso-Paritaria.jpg","keywords":["destacar"],"articleSection":["Politica"],"inLanguage":"es"},{"@type":"WebPage","@id":"https:\/\/www.delexodo.com.ar\/?p=10734","url":"https:\/\/www.delexodo.com.ar\/?p=10734","name":"Entre R\u00edos: El Gobierno provincial aumentar\u00e1 por decreto el salario a los docentes - Del \u00c9xodo Nogoy\u00e1","isPartOf":{"@id":"https:\/\/www.delexodo.com.ar\/#website"},"primaryImageOfPage":{"@id":"https:\/\/www.delexodo.com.ar\/?p=10734#primaryimage"},"image":{"@id":"https:\/\/www.delexodo.com.ar\/?p=10734#primaryimage"},"thumbnailUrl":"https:\/\/www.delexodo.com.ar\/wp-content\/uploads\/2024\/08\/Troncoso-Paritaria.jpg","datePublished":"2024-08-14T02:16:30+00:00","dateModified":"2024-10-11T22:38:38+00:00","breadcrumb":{"@id":"https:\/\/www.delexodo.com.ar\/?p=10734#breadcrumb"},"inLanguage":"es","potentialAction":[{"@type":"ReadAction","target":["https:\/\/www.delexodo.com.ar\/?p=10734"]}]},{"@type":"ImageObject","inLanguage":"es","@id":"https:\/\/www.delexodo.com.ar\/?p=10734#primaryimage","url":"https:\/\/www.delexodo.com.ar\/wp-content\/uploads\/2024\/08\/Troncoso-Paritaria.jpg","contentUrl":"https:\/\/www.delexodo.com.ar\/wp-content\/uploads\/2024\/08\/Troncoso-Paritaria.jpg","width":730,"height":482},{"@type":"BreadcrumbList","@id":"https:\/\/www.delexodo.com.ar\/?p=10734#breadcrumb","itemListElement":[{"@type":"ListItem","position":1,"name":"Portada","item":"https:\/\/www.delexodo.com.ar\/"},{"@type":"ListItem","position":2,"name":"Entre R\u00edos: El Gobierno provincial aumentar\u00e1 por decreto el salario a los docentes"}]},{"@type":"WebSite","@id":"https:\/\/www.delexodo.com.ar\/#website","url":"https:\/\/www.delexodo.com.ar\/","name":"Del \u00c9xodo Nogoy\u00e1","description":"El Portal de Noticias de la Regi\u00f3n","publisher":{"@id":"https:\/\/www.delexodo.com.ar\/#organization"},"potentialAction":[{"@type":"SearchAction","target":{"@type":"EntryPoint","urlTemplate":"https:\/\/www.delexodo.com.ar\/?s={search_term_string}"},"query-input":{"@type":"PropertyValueSpecification","valueRequired":true,"valueName":"search_term_string"}}],"inLanguage":"es"},{"@type":"Organization","@id":"https:\/\/www.delexodo.com.ar\/#organization","name":"Del \u00c9xodo Nogoy\u00e1","url":"https:\/\/www.delexodo.com.ar\/","logo":{"@type":"ImageObject","inLanguage":"es","@id":"https:\/\/www.delexodo.com.ar\/#\/schema\/logo\/image\/","url":"https:\/\/www.delexodo.com.ar\/wp-content\/uploads\/2024\/10\/cropped-cropped-LOGO24.png","contentUrl":"https:\/\/www.delexodo.com.ar\/wp-content\/uploads\/2024\/10\/cropped-cropped-LOGO24.png","width":512,"height":349,"caption":"Del \u00c9xodo Nogoy\u00e1"},"image":{"@id":"https:\/\/www.delexodo.com.ar\/#\/schema\/logo\/image\/"}},{"@type":"Person","@id":"https:\/\/www.delexodo.com.ar\/#\/schema\/person\/bbed37f7da8e938660b34f2013ba449d","name":"admin","image":{"@type":"ImageObject","inLanguage":"es","@id":"https:\/\/www.delexodo.com.ar\/#\/schema\/person\/image\/","url":"https:\/\/secure.gravatar.com\/avatar\/6b1558d1b6df085f1901bd5bd98523d7?s=96&d=mm&r=g","contentUrl":"https:\/\/secure.gravatar.com\/avatar\/6b1558d1b6df085f1901bd5bd98523d7?s=96&d=mm&r=g","caption":"admin"},"url":"https:\/\/www.delexodo.com.ar\/?author=1"}]}},"_links":{"self":[{"href":"https:\/\/www.delexodo.com.ar\/index.php?rest_route=\/wp\/v2\/posts\/10734","targetHints":{"allow":["GET"]}}],"collection":[{"href":"https:\/\/www.delexodo.com.ar\/index.php?rest_route=\/wp\/v2\/posts"}],"about":[{"href":"https:\/\/www.delexodo.com.ar\/index.php?rest_route=\/wp\/v2\/types\/post"}],"author":[{"embeddable":true,"href":"https:\/\/www.delexodo.com.ar\/index.php?rest_route=\/wp\/v2\/users\/1"}],"replies":[{"embeddable":true,"href":"https:\/\/www.delexodo.com.ar\/index.php?rest_route=%2Fwp%2Fv2%2Fcomments&post=10734"}],"version-history":[{"count":0,"href":"https:\/\/www.delexodo.com.ar\/index.php?rest_route=\/wp\/v2\/posts\/10734\/revisions"}],"wp:featuredmedia":[{"embeddable":true,"href":"https:\/\/www.delexodo.com.ar\/index.php?rest_route=\/wp\/v2\/media\/10735"}],"wp:attachment":[{"href":"https:\/\/www.delexodo.com.ar\/index.php?rest_route=%2Fwp%2Fv2%2Fmedia&parent=10734"}],"wp:term":[{"taxonomy":"category","embeddable":true,"href":"https:\/\/www.delexodo.com.ar\/index.php?rest_route=%2Fwp%2Fv2%2Fcategories&post=10734"},{"taxonomy":"post_tag","embeddable":true,"href":"https:\/\/www.delexodo.com.ar\/index.php?rest_route=%2Fwp%2Fv2%2Ftags&post=10734"}],"curies":[{"name":"wp","href":"https:\/\/api.w.org\/{rel}","templated":true}]}}