{"id":10722,"date":"2024-08-07T22:09:11","date_gmt":"2024-08-08T01:09:11","guid":{"rendered":"https:\/\/www.delexodo.com.ar\/?p=10722"},"modified":"2024-10-11T19:39:18","modified_gmt":"2024-10-11T22:39:18","slug":"las-provincias-de-la-region-centro-trabajaron-sobre-politicas-sociales","status":"publish","type":"post","link":"https:\/\/www.delexodo.com.ar\/?p=10722","title":{"rendered":"Las provincias de la Regi\u00f3n Centro trabajaron sobre pol\u00edticas sociales"},"content":{"rendered":"\n<p><strong><em>El gobernador de Entre R\u00edos, Rogelio Frigerio, y su par de Santa Fe, Maximiliano Pullaro, participaron de la reuni\u00f3n de la Mesa Permanente de Pol\u00edticas Sociales de la Regi\u00f3n Centro, que tuvo lugar este mi\u00e9rcoles en Paran\u00e1.<\/em><\/strong><\/p>\n\n\n\n<figure class=\"wp-block-embed is-type-video is-provider-youtube wp-block-embed-youtube wp-embed-aspect-16-9 wp-has-aspect-ratio\"><div class=\"wp-block-embed__wrapper\">\n<iframe loading=\"lazy\" title=\"Las provincias de la Regi\u00f3n Centro trabajaron sobre pol\u00edticas sociales\" width=\"500\" height=\"281\" src=\"https:\/\/www.youtube.com\/embed\/9EPQV_2aZfc?feature=oembed\" frameborder=\"0\" allow=\"accelerometer; autoplay; clipboard-write; encrypted-media; gyroscope; picture-in-picture; web-share\" referrerpolicy=\"strict-origin-when-cross-origin\" allowfullscreen><\/iframe>\n<\/div><\/figure>\n\n\n\n<p>Estuvieron, adem\u00e1s, los ministros de las carteras vinculadas a esta tem\u00e1tica, Veronica Berisso, de Entre R\u00edos; Victoria Tejeda, de Santa Fe; y Laura Jure de C\u00f3rdoba, junto a las autoridades de la mesa de la Regi\u00f3n Centro y sus equipos.<\/p>\n\n\n\n<p>All\u00ed el gobernador Frigerio consider\u00f3 que, en t\u00e9rminos de desarrollo humano, <em>\u00abtenemos que cambiar un paradigma: el del asistencialismo, por el de la herramienta; sobre todo en los sectores m\u00e1s vulnerables, para que puedan salir adelante\u00bb<\/em>.<\/p>\n\n\n\n<p>Aclar\u00f3 que, si bien todas las reuniones de trabajo son trascendentes, la de Desarrollo Humano, <em>\u00aben vista lo que est\u00e1 pasando en la sociedad argentina, es determinante\u00bb<\/em>; y agreg\u00f3: <em>\u00abTenemos de cada 10 j\u00f3venes hoy, siete por debajo de la l\u00ednea de pobreza. C\u00f3mo no va a ser esa nuestra mayor preocupaci\u00f3n y nuestra mayor ocupaci\u00f3n\u00bb<\/em>.<\/p>\n\n\n\n<p>En ese marco, asegur\u00f3 que los tres gobernadores <em>\u00abestamos articulando todas las pol\u00edticas para llegar y lograr ese norte: el desarrollo del sector privado, el trabajo de calidad en el sector privado; y las tres provincias muy comprometidas hist\u00f3ricamente con el federalismo\u00bb<\/em>.<\/p>\n\n\n\n<p>Por su parte, el gobernador de Santa Fe, Maximiliano Pullaro, qui\u00e9n se encuentra ejerciendo la presidencia pro tempore, asegur\u00f3 que la Regi\u00f3n Centro ser\u00e1 la que marque <em><strong>\u00abel rumbo y el cambio en nuestro pa\u00eds\u00bb<\/strong><\/em>. Subray\u00f3 que los tres gobernadores han establecido <em><strong>\u00abuna forma y un modo de trabajo diferente\u00bb<\/strong><\/em> para potenciar y defender la regi\u00f3n. <em><strong>\u00abPrima el trabajo conjunto, la expectativa de crecer y desarrollarnos con mayor eficiencia y eficacia\u00bb<\/strong><\/em>, resalt\u00f3.<\/p>\n\n\n\n<div class=\"wp-block-image\"><figure class=\"aligncenter size-large\"><img decoding=\"async\" src=\"https:\/\/www.delexodo.com.ar\/wp-content\/uploads\/2024\/08\/Region-Centro-mesa-1-1024x683.jpg\" alt=\"\" class=\"wp-image-10725\"\/><\/figure><\/div>\n\n\n\n<p>A su momento la ministra de Desarrollo Humano entrerriana, Ver\u00f3nica Berisso, se\u00f1al\u00f3 que en el contexto actual se encuentran atendiendo urgencias, por lo cual <em>\u00abestamos obligados a pensar pol\u00edticas a mediano plazo para salir de esa situaci\u00f3n. Debemos crear oportunidades para todos, fortaleciendo el desarrollo individual y colectivo. Vinimos a cambiar el paradigma de un Estado asistencialista por uno que proporciona herramientas para que las personas desarrollen sus proyectos de vida de manera aut\u00f3noma\u00bb<\/em>.<\/p>\n\n\n\n<h2 class=\"wp-block-heading\"><strong>Reuni\u00f3n de trabajo<\/strong><\/h2>\n\n\n\n<p>Tal como vienen haciendo con otras \u00e1reas, como seguridad, salud, defensa civil y en materia previsional, las provincias trabajaron alrededor del desarrollo humano y social. Entre los temas abordados estuvieron las pol\u00edticas p\u00fablicas destinadas a las ni\u00f1eces, las personas con discapacidad, econom\u00eda social, deportes y relaciones con la comunidad.<\/p>\n\n\n\n<div class=\"wp-block-image\"><figure class=\"aligncenter size-large\"><img decoding=\"async\" src=\"https:\/\/www.delexodo.com.ar\/wp-content\/uploads\/2024\/08\/Region-Centro-todos-1-1024x683.jpg\" alt=\"\" class=\"wp-image-10727\"\/><\/figure><\/div>\n\n\n\n<p>En el encuentro, tambi\u00e9n estuvieron presentes las autoridades de la mesa ejecutiva de Regi\u00f3n Centro, Jorge Chemes (Entre R\u00edos), Claudia Giaccone (Santa Fe) y Juan Carlos Massei (C\u00f3rdoba), junto a sus equipos de trabajo, y la intendenta de Paran\u00e1, Rosario Romero.<\/p>\n","protected":false},"excerpt":{"rendered":"<p>El gobernador de Entre R\u00edos, Rogelio Frigerio, y su par de Santa Fe, Maximiliano Pullaro, participaron de la reuni\u00f3n de&hellip;<\/p>\n","protected":false},"author":1,"featured_media":10723,"comment_status":"closed","ping_status":"closed","sticky":false,"template":"","format":"standard","meta":{"_joinchat":[],"footnotes":""},"categories":[349],"tags":[345],"class_list":["post-10722","post","type-post","status-publish","format-standard","has-post-thumbnail","hentry","category-politica","tag-destacar"],"yoast_head":"<!-- This site is optimized with the Yoast SEO plugin v25.1 - https:\/\/yoast.com\/wordpress\/plugins\/seo\/ -->\n<title>Las provincias de la Regi\u00f3n Centro trabajaron sobre pol\u00edticas sociales - Del \u00c9xodo Nogoy\u00e1<\/title>\n<meta name=\"robots\" content=\"index, follow, max-snippet:-1, max-image-preview:large, max-video-preview:-1\" \/>\n<link rel=\"canonical\" href=\"https:\/\/www.delexodo.com.ar\/?p=10722\" \/>\n<meta property=\"og:locale\" content=\"es_ES\" \/>\n<meta property=\"og:type\" content=\"article\" \/>\n<meta property=\"og:title\" content=\"Las provincias de la Regi\u00f3n Centro trabajaron sobre pol\u00edticas sociales - Del \u00c9xodo Nogoy\u00e1\" \/>\n<meta property=\"og:description\" content=\"El gobernador de Entre R\u00edos, Rogelio Frigerio, y su par de Santa Fe, Maximiliano Pullaro, participaron de la reuni\u00f3n de&hellip;\" \/>\n<meta property=\"og:url\" content=\"https:\/\/www.delexodo.com.ar\/?p=10722\" \/>\n<meta property=\"og:site_name\" content=\"Del \u00c9xodo Nogoy\u00e1\" \/>\n<meta property=\"article:published_time\" content=\"2024-08-08T01:09:11+00:00\" \/>\n<meta property=\"article:modified_time\" content=\"2024-10-11T22:39:18+00:00\" \/>\n<meta property=\"og:image\" content=\"https:\/\/www.delexodo.com.ar\/wp-content\/uploads\/2024\/08\/Region-Centro-scaled.jpg\" \/>\n\t<meta property=\"og:image:width\" content=\"2560\" \/>\n\t<meta property=\"og:image:height\" content=\"1707\" \/>\n\t<meta property=\"og:image:type\" content=\"image\/jpeg\" \/>\n<meta name=\"author\" content=\"admin\" \/>\n<meta name=\"twitter:card\" content=\"summary_large_image\" \/>\n<meta name=\"twitter:label1\" content=\"Escrito por\" \/>\n\t<meta name=\"twitter:data1\" content=\"admin\" \/>\n\t<meta name=\"twitter:label2\" content=\"Tiempo de lectura\" \/>\n\t<meta name=\"twitter:data2\" content=\"2 minutos\" \/>\n<script type=\"application\/ld+json\" class=\"yoast-schema-graph\">{\"@context\":\"https:\/\/schema.org\",\"@graph\":[{\"@type\":\"Article\",\"@id\":\"https:\/\/www.delexodo.com.ar\/?p=10722#article\",\"isPartOf\":{\"@id\":\"https:\/\/www.delexodo.com.ar\/?p=10722\"},\"author\":{\"name\":\"admin\",\"@id\":\"https:\/\/www.delexodo.com.ar\/#\/schema\/person\/bbed37f7da8e938660b34f2013ba449d\"},\"headline\":\"Las provincias de la Regi\u00f3n Centro trabajaron sobre pol\u00edticas sociales\",\"datePublished\":\"2024-08-08T01:09:11+00:00\",\"dateModified\":\"2024-10-11T22:39:18+00:00\",\"mainEntityOfPage\":{\"@id\":\"https:\/\/www.delexodo.com.ar\/?p=10722\"},\"wordCount\":506,\"publisher\":{\"@id\":\"https:\/\/www.delexodo.com.ar\/#organization\"},\"image\":{\"@id\":\"https:\/\/www.delexodo.com.ar\/?p=10722#primaryimage\"},\"thumbnailUrl\":\"https:\/\/www.delexodo.com.ar\/wp-content\/uploads\/2024\/08\/Region-Centro-scaled.jpg\",\"keywords\":[\"destacar\"],\"articleSection\":[\"Politica\"],\"inLanguage\":\"es\"},{\"@type\":\"WebPage\",\"@id\":\"https:\/\/www.delexodo.com.ar\/?p=10722\",\"url\":\"https:\/\/www.delexodo.com.ar\/?p=10722\",\"name\":\"Las provincias de la Regi\u00f3n Centro trabajaron sobre pol\u00edticas sociales - Del \u00c9xodo Nogoy\u00e1\",\"isPartOf\":{\"@id\":\"https:\/\/www.delexodo.com.ar\/#website\"},\"primaryImageOfPage\":{\"@id\":\"https:\/\/www.delexodo.com.ar\/?p=10722#primaryimage\"},\"image\":{\"@id\":\"https:\/\/www.delexodo.com.ar\/?p=10722#primaryimage\"},\"thumbnailUrl\":\"https:\/\/www.delexodo.com.ar\/wp-content\/uploads\/2024\/08\/Region-Centro-scaled.jpg\",\"datePublished\":\"2024-08-08T01:09:11+00:00\",\"dateModified\":\"2024-10-11T22:39:18+00:00\",\"breadcrumb\":{\"@id\":\"https:\/\/www.delexodo.com.ar\/?p=10722#breadcrumb\"},\"inLanguage\":\"es\",\"potentialAction\":[{\"@type\":\"ReadAction\",\"target\":[\"https:\/\/www.delexodo.com.ar\/?p=10722\"]}]},{\"@type\":\"ImageObject\",\"inLanguage\":\"es\",\"@id\":\"https:\/\/www.delexodo.com.ar\/?p=10722#primaryimage\",\"url\":\"https:\/\/www.delexodo.com.ar\/wp-content\/uploads\/2024\/08\/Region-Centro-scaled.jpg\",\"contentUrl\":\"https:\/\/www.delexodo.com.ar\/wp-content\/uploads\/2024\/08\/Region-Centro-scaled.jpg\",\"width\":2560,\"height\":1707},{\"@type\":\"BreadcrumbList\",\"@id\":\"https:\/\/www.delexodo.com.ar\/?p=10722#breadcrumb\",\"itemListElement\":[{\"@type\":\"ListItem\",\"position\":1,\"name\":\"Portada\",\"item\":\"https:\/\/www.delexodo.com.ar\/\"},{\"@type\":\"ListItem\",\"position\":2,\"name\":\"Las provincias de la Regi\u00f3n Centro trabajaron sobre pol\u00edticas sociales\"}]},{\"@type\":\"WebSite\",\"@id\":\"https:\/\/www.delexodo.com.ar\/#website\",\"url\":\"https:\/\/www.delexodo.com.ar\/\",\"name\":\"Del \u00c9xodo Nogoy\u00e1\",\"description\":\"El Portal de Noticias de la Regi\u00f3n\",\"publisher\":{\"@id\":\"https:\/\/www.delexodo.com.ar\/#organization\"},\"potentialAction\":[{\"@type\":\"SearchAction\",\"target\":{\"@type\":\"EntryPoint\",\"urlTemplate\":\"https:\/\/www.delexodo.com.ar\/?s={search_term_string}\"},\"query-input\":{\"@type\":\"PropertyValueSpecification\",\"valueRequired\":true,\"valueName\":\"search_term_string\"}}],\"inLanguage\":\"es\"},{\"@type\":\"Organization\",\"@id\":\"https:\/\/www.delexodo.com.ar\/#organization\",\"name\":\"Del \u00c9xodo Nogoy\u00e1\",\"url\":\"https:\/\/www.delexodo.com.ar\/\",\"logo\":{\"@type\":\"ImageObject\",\"inLanguage\":\"es\",\"@id\":\"https:\/\/www.delexodo.com.ar\/#\/schema\/logo\/image\/\",\"url\":\"https:\/\/www.delexodo.com.ar\/wp-content\/uploads\/2024\/10\/cropped-cropped-LOGO24.png\",\"contentUrl\":\"https:\/\/www.delexodo.com.ar\/wp-content\/uploads\/2024\/10\/cropped-cropped-LOGO24.png\",\"width\":512,\"height\":349,\"caption\":\"Del \u00c9xodo Nogoy\u00e1\"},\"image\":{\"@id\":\"https:\/\/www.delexodo.com.ar\/#\/schema\/logo\/image\/\"}},{\"@type\":\"Person\",\"@id\":\"https:\/\/www.delexodo.com.ar\/#\/schema\/person\/bbed37f7da8e938660b34f2013ba449d\",\"name\":\"admin\",\"image\":{\"@type\":\"ImageObject\",\"inLanguage\":\"es\",\"@id\":\"https:\/\/www.delexodo.com.ar\/#\/schema\/person\/image\/\",\"url\":\"https:\/\/secure.gravatar.com\/avatar\/6b1558d1b6df085f1901bd5bd98523d7?s=96&d=mm&r=g\",\"contentUrl\":\"https:\/\/secure.gravatar.com\/avatar\/6b1558d1b6df085f1901bd5bd98523d7?s=96&d=mm&r=g\",\"caption\":\"admin\"},\"url\":\"https:\/\/www.delexodo.com.ar\/?author=1\"}]}<\/script>\n<!-- \/ Yoast SEO plugin. -->","yoast_head_json":{"title":"Las provincias de la Regi\u00f3n Centro trabajaron sobre pol\u00edticas sociales - Del \u00c9xodo Nogoy\u00e1","robots":{"index":"index","follow":"follow","max-snippet":"max-snippet:-1","max-image-preview":"max-image-preview:large","max-video-preview":"max-video-preview:-1"},"canonical":"https:\/\/www.delexodo.com.ar\/?p=10722","og_locale":"es_ES","og_type":"article","og_title":"Las provincias de la Regi\u00f3n Centro trabajaron sobre pol\u00edticas sociales - Del \u00c9xodo Nogoy\u00e1","og_description":"El gobernador de Entre R\u00edos, Rogelio Frigerio, y su par de Santa Fe, Maximiliano Pullaro, participaron de la reuni\u00f3n de&hellip;","og_url":"https:\/\/www.delexodo.com.ar\/?p=10722","og_site_name":"Del \u00c9xodo Nogoy\u00e1","article_published_time":"2024-08-08T01:09:11+00:00","article_modified_time":"2024-10-11T22:39:18+00:00","og_image":[{"width":2560,"height":1707,"url":"https:\/\/www.delexodo.com.ar\/wp-content\/uploads\/2024\/08\/Region-Centro-scaled.jpg","type":"image\/jpeg"}],"author":"admin","twitter_card":"summary_large_image","twitter_misc":{"Escrito por":"admin","Tiempo de lectura":"2 minutos"},"schema":{"@context":"https:\/\/schema.org","@graph":[{"@type":"Article","@id":"https:\/\/www.delexodo.com.ar\/?p=10722#article","isPartOf":{"@id":"https:\/\/www.delexodo.com.ar\/?p=10722"},"author":{"name":"admin","@id":"https:\/\/www.delexodo.com.ar\/#\/schema\/person\/bbed37f7da8e938660b34f2013ba449d"},"headline":"Las provincias de la Regi\u00f3n Centro trabajaron sobre pol\u00edticas sociales","datePublished":"2024-08-08T01:09:11+00:00","dateModified":"2024-10-11T22:39:18+00:00","mainEntityOfPage":{"@id":"https:\/\/www.delexodo.com.ar\/?p=10722"},"wordCount":506,"publisher":{"@id":"https:\/\/www.delexodo.com.ar\/#organization"},"image":{"@id":"https:\/\/www.delexodo.com.ar\/?p=10722#primaryimage"},"thumbnailUrl":"https:\/\/www.delexodo.com.ar\/wp-content\/uploads\/2024\/08\/Region-Centro-scaled.jpg","keywords":["destacar"],"articleSection":["Politica"],"inLanguage":"es"},{"@type":"WebPage","@id":"https:\/\/www.delexodo.com.ar\/?p=10722","url":"https:\/\/www.delexodo.com.ar\/?p=10722","name":"Las provincias de la Regi\u00f3n Centro trabajaron sobre pol\u00edticas sociales - Del \u00c9xodo Nogoy\u00e1","isPartOf":{"@id":"https:\/\/www.delexodo.com.ar\/#website"},"primaryImageOfPage":{"@id":"https:\/\/www.delexodo.com.ar\/?p=10722#primaryimage"},"image":{"@id":"https:\/\/www.delexodo.com.ar\/?p=10722#primaryimage"},"thumbnailUrl":"https:\/\/www.delexodo.com.ar\/wp-content\/uploads\/2024\/08\/Region-Centro-scaled.jpg","datePublished":"2024-08-08T01:09:11+00:00","dateModified":"2024-10-11T22:39:18+00:00","breadcrumb":{"@id":"https:\/\/www.delexodo.com.ar\/?p=10722#breadcrumb"},"inLanguage":"es","potentialAction":[{"@type":"ReadAction","target":["https:\/\/www.delexodo.com.ar\/?p=10722"]}]},{"@type":"ImageObject","inLanguage":"es","@id":"https:\/\/www.delexodo.com.ar\/?p=10722#primaryimage","url":"https:\/\/www.delexodo.com.ar\/wp-content\/uploads\/2024\/08\/Region-Centro-scaled.jpg","contentUrl":"https:\/\/www.delexodo.com.ar\/wp-content\/uploads\/2024\/08\/Region-Centro-scaled.jpg","width":2560,"height":1707},{"@type":"BreadcrumbList","@id":"https:\/\/www.delexodo.com.ar\/?p=10722#breadcrumb","itemListElement":[{"@type":"ListItem","position":1,"name":"Portada","item":"https:\/\/www.delexodo.com.ar\/"},{"@type":"ListItem","position":2,"name":"Las provincias de la Regi\u00f3n Centro trabajaron sobre pol\u00edticas sociales"}]},{"@type":"WebSite","@id":"https:\/\/www.delexodo.com.ar\/#website","url":"https:\/\/www.delexodo.com.ar\/","name":"Del \u00c9xodo Nogoy\u00e1","description":"El Portal de Noticias de la Regi\u00f3n","publisher":{"@id":"https:\/\/www.delexodo.com.ar\/#organization"},"potentialAction":[{"@type":"SearchAction","target":{"@type":"EntryPoint","urlTemplate":"https:\/\/www.delexodo.com.ar\/?s={search_term_string}"},"query-input":{"@type":"PropertyValueSpecification","valueRequired":true,"valueName":"search_term_string"}}],"inLanguage":"es"},{"@type":"Organization","@id":"https:\/\/www.delexodo.com.ar\/#organization","name":"Del \u00c9xodo Nogoy\u00e1","url":"https:\/\/www.delexodo.com.ar\/","logo":{"@type":"ImageObject","inLanguage":"es","@id":"https:\/\/www.delexodo.com.ar\/#\/schema\/logo\/image\/","url":"https:\/\/www.delexodo.com.ar\/wp-content\/uploads\/2024\/10\/cropped-cropped-LOGO24.png","contentUrl":"https:\/\/www.delexodo.com.ar\/wp-content\/uploads\/2024\/10\/cropped-cropped-LOGO24.png","width":512,"height":349,"caption":"Del \u00c9xodo Nogoy\u00e1"},"image":{"@id":"https:\/\/www.delexodo.com.ar\/#\/schema\/logo\/image\/"}},{"@type":"Person","@id":"https:\/\/www.delexodo.com.ar\/#\/schema\/person\/bbed37f7da8e938660b34f2013ba449d","name":"admin","image":{"@type":"ImageObject","inLanguage":"es","@id":"https:\/\/www.delexodo.com.ar\/#\/schema\/person\/image\/","url":"https:\/\/secure.gravatar.com\/avatar\/6b1558d1b6df085f1901bd5bd98523d7?s=96&d=mm&r=g","contentUrl":"https:\/\/secure.gravatar.com\/avatar\/6b1558d1b6df085f1901bd5bd98523d7?s=96&d=mm&r=g","caption":"admin"},"url":"https:\/\/www.delexodo.com.ar\/?author=1"}]}},"_links":{"self":[{"href":"https:\/\/www.delexodo.com.ar\/index.php?rest_route=\/wp\/v2\/posts\/10722","targetHints":{"allow":["GET"]}}],"collection":[{"href":"https:\/\/www.delexodo.com.ar\/index.php?rest_route=\/wp\/v2\/posts"}],"about":[{"href":"https:\/\/www.delexodo.com.ar\/index.php?rest_route=\/wp\/v2\/types\/post"}],"author":[{"embeddable":true,"href":"https:\/\/www.delexodo.com.ar\/index.php?rest_route=\/wp\/v2\/users\/1"}],"replies":[{"embeddable":true,"href":"https:\/\/www.delexodo.com.ar\/index.php?rest_route=%2Fwp%2Fv2%2Fcomments&post=10722"}],"version-history":[{"count":0,"href":"https:\/\/www.delexodo.com.ar\/index.php?rest_route=\/wp\/v2\/posts\/10722\/revisions"}],"wp:featuredmedia":[{"embeddable":true,"href":"https:\/\/www.delexodo.com.ar\/index.php?rest_route=\/wp\/v2\/media\/10723"}],"wp:attachment":[{"href":"https:\/\/www.delexodo.com.ar\/index.php?rest_route=%2Fwp%2Fv2%2Fmedia&parent=10722"}],"wp:term":[{"taxonomy":"category","embeddable":true,"href":"https:\/\/www.delexodo.com.ar\/index.php?rest_route=%2Fwp%2Fv2%2Fcategories&post=10722"},{"taxonomy":"post_tag","embeddable":true,"href":"https:\/\/www.delexodo.com.ar\/index.php?rest_route=%2Fwp%2Fv2%2Ftags&post=10722"}],"curies":[{"name":"wp","href":"https:\/\/api.w.org\/{rel}","templated":true}]}}