{"id":10719,"date":"2024-08-05T22:12:04","date_gmt":"2024-08-06T01:12:04","guid":{"rendered":"https:\/\/www.delexodo.com.ar\/?p=10719"},"modified":"2024-10-11T19:39:44","modified_gmt":"2024-10-11T22:39:44","slug":"frigerio-se-reunio-con-la-mesa-del-transporte-del-area-metropolitana","status":"publish","type":"post","link":"https:\/\/www.delexodo.com.ar\/?p=10719","title":{"rendered":"Frigerio se reuni\u00f3 con la Mesa del Transporte del \u00e1rea Metropolitana"},"content":{"rendered":"\n<p><strong><em>Abordar distintos temas para garantizar un mejor transporte p\u00fablico en las ciudades de Paran\u00e1, Oro Verde, San Benito y Colonia Avellaneda fue el objetivo de la reuni\u00f3n que mantuvo la Mesa del Transporte del \u00e1rea metropolitana, presidida por el gobernador Rogelio Frigerio.<\/em><\/strong><\/p>\n\n\n\n<figure class=\"wp-block-embed is-type-video is-provider-youtube wp-block-embed-youtube wp-embed-aspect-16-9 wp-has-aspect-ratio\"><div class=\"wp-block-embed__wrapper\">\n<iframe loading=\"lazy\" title=\"Frigerio se reuni\u00f3 con la Mesa del Transporte del \u00e1rea Metropolitana\" width=\"500\" height=\"281\" src=\"https:\/\/www.youtube.com\/embed\/y6IsVx9IQfk?feature=oembed\" frameborder=\"0\" allow=\"accelerometer; autoplay; clipboard-write; encrypted-media; gyroscope; picture-in-picture; web-share\" referrerpolicy=\"strict-origin-when-cross-origin\" allowfullscreen><\/iframe>\n<\/div><\/figure>\n\n\n\n<p>En el Sal\u00f3n de Gobernadores tuvo lugar la reuni\u00f3n en la que el gobernador, junto a los ministros de Gobierno, Manuel Troncoso, y de Planeamiento, Infraestructura y Servicios, Dar\u00edo Schneider, se reuni\u00f3 con los intendentes de Paran\u00e1, Rosario Romero; de San Benito, Ariel Voeffray, y de Colonia Avellaneda, Ariel Weiss.<\/p>\n\n\n\n<p>\u00abHa sido una mesa de trabajo multisectorial, con todos los actores intervinientes en materia de transporte p\u00fablico para abordar los temas que nos preocupan, con el fin de garantizar un mejor transporte p\u00fablico para la ciudad de Paran\u00e1 y las que forman parte del \u00e1rea metropolitana\u00bb, dijo el ministro Schneider.<\/p>\n\n\n\n<p>Luego mencion\u00f3 que \u00abhay muchos temas que resolver para que le convenga tambi\u00e9n a las empresas, para que les sirva a los trabajadores y obviamente al usuario, que es quien m\u00e1s sufre esta situaci\u00f3n\u00bb.<\/p>\n\n\n\n<p>Finalmente, Schneider se\u00f1al\u00f3 que ante la falta del subsidio nacional, se est\u00e1 buscando una soluci\u00f3n. \u00abSiempre desde el Estado provincial va a haber una intervenci\u00f3n y estamos conversando con los municipios para ver c\u00f3mo ellos tambi\u00e9n pueden colaborar en esto, a fin de tener una tarifa que le sirva al usuario y a la empresa para sostener un servicio de calidad, que es lo que buscamos\u00bb, afirm\u00f3 finalmente.<\/p>\n\n\n\n<p>Participaron tambi\u00e9n del encuentro el secretario adjunto del Consejo Directivo Nacional de la Uni\u00f3n Tranviaria Automotor (UTA), Jorge Kiener, y los directivos de la empresa ERSA, Roberto Albisu y Gustavo Larrea.<\/p>\n","protected":false},"excerpt":{"rendered":"<p>Abordar distintos temas para garantizar un mejor transporte p\u00fablico en las ciudades de Paran\u00e1, Oro Verde, San Benito y Colonia&hellip;<\/p>\n","protected":false},"author":1,"featured_media":10720,"comment_status":"closed","ping_status":"closed","sticky":false,"template":"","format":"standard","meta":{"_joinchat":[],"footnotes":""},"categories":[349],"tags":[],"class_list":["post-10719","post","type-post","status-publish","format-standard","has-post-thumbnail","hentry","category-politica"],"yoast_head":"<!-- This site is optimized with the Yoast SEO plugin v25.1 - https:\/\/yoast.com\/wordpress\/plugins\/seo\/ -->\n<title>Frigerio se reuni\u00f3 con la Mesa del Transporte del \u00e1rea Metropolitana - Del \u00c9xodo Nogoy\u00e1<\/title>\n<meta name=\"robots\" content=\"index, follow, max-snippet:-1, max-image-preview:large, max-video-preview:-1\" \/>\n<link rel=\"canonical\" href=\"https:\/\/www.delexodo.com.ar\/?p=10719\" \/>\n<meta property=\"og:locale\" content=\"es_ES\" \/>\n<meta property=\"og:type\" content=\"article\" \/>\n<meta property=\"og:title\" content=\"Frigerio se reuni\u00f3 con la Mesa del Transporte del \u00e1rea Metropolitana - Del \u00c9xodo Nogoy\u00e1\" \/>\n<meta property=\"og:description\" content=\"Abordar distintos temas para garantizar un mejor transporte p\u00fablico en las ciudades de Paran\u00e1, Oro Verde, San Benito y Colonia&hellip;\" \/>\n<meta property=\"og:url\" content=\"https:\/\/www.delexodo.com.ar\/?p=10719\" \/>\n<meta property=\"og:site_name\" content=\"Del \u00c9xodo Nogoy\u00e1\" \/>\n<meta property=\"article:published_time\" content=\"2024-08-06T01:12:04+00:00\" \/>\n<meta property=\"article:modified_time\" content=\"2024-10-11T22:39:44+00:00\" \/>\n<meta property=\"og:image\" content=\"https:\/\/www.delexodo.com.ar\/wp-content\/uploads\/2024\/08\/Frigerio-se-reunio-con-la-Mesa-del-Transporte.jpg\" \/>\n\t<meta property=\"og:image:width\" content=\"1920\" \/>\n\t<meta property=\"og:image:height\" content=\"1280\" \/>\n\t<meta property=\"og:image:type\" content=\"image\/jpeg\" \/>\n<meta name=\"author\" content=\"admin\" \/>\n<meta name=\"twitter:card\" content=\"summary_large_image\" \/>\n<meta name=\"twitter:label1\" content=\"Escrito por\" \/>\n\t<meta name=\"twitter:data1\" content=\"admin\" \/>\n\t<meta name=\"twitter:label2\" content=\"Tiempo de lectura\" \/>\n\t<meta name=\"twitter:data2\" content=\"2 minutos\" \/>\n<script type=\"application\/ld+json\" class=\"yoast-schema-graph\">{\"@context\":\"https:\/\/schema.org\",\"@graph\":[{\"@type\":\"Article\",\"@id\":\"https:\/\/www.delexodo.com.ar\/?p=10719#article\",\"isPartOf\":{\"@id\":\"https:\/\/www.delexodo.com.ar\/?p=10719\"},\"author\":{\"name\":\"admin\",\"@id\":\"https:\/\/www.delexodo.com.ar\/#\/schema\/person\/bbed37f7da8e938660b34f2013ba449d\"},\"headline\":\"Frigerio se reuni\u00f3 con la Mesa del Transporte del \u00e1rea Metropolitana\",\"datePublished\":\"2024-08-06T01:12:04+00:00\",\"dateModified\":\"2024-10-11T22:39:44+00:00\",\"mainEntityOfPage\":{\"@id\":\"https:\/\/www.delexodo.com.ar\/?p=10719\"},\"wordCount\":312,\"publisher\":{\"@id\":\"https:\/\/www.delexodo.com.ar\/#organization\"},\"image\":{\"@id\":\"https:\/\/www.delexodo.com.ar\/?p=10719#primaryimage\"},\"thumbnailUrl\":\"https:\/\/www.delexodo.com.ar\/wp-content\/uploads\/2024\/08\/Frigerio-se-reunio-con-la-Mesa-del-Transporte.jpg\",\"articleSection\":[\"Politica\"],\"inLanguage\":\"es\"},{\"@type\":\"WebPage\",\"@id\":\"https:\/\/www.delexodo.com.ar\/?p=10719\",\"url\":\"https:\/\/www.delexodo.com.ar\/?p=10719\",\"name\":\"Frigerio se reuni\u00f3 con la Mesa del Transporte del \u00e1rea Metropolitana - Del \u00c9xodo Nogoy\u00e1\",\"isPartOf\":{\"@id\":\"https:\/\/www.delexodo.com.ar\/#website\"},\"primaryImageOfPage\":{\"@id\":\"https:\/\/www.delexodo.com.ar\/?p=10719#primaryimage\"},\"image\":{\"@id\":\"https:\/\/www.delexodo.com.ar\/?p=10719#primaryimage\"},\"thumbnailUrl\":\"https:\/\/www.delexodo.com.ar\/wp-content\/uploads\/2024\/08\/Frigerio-se-reunio-con-la-Mesa-del-Transporte.jpg\",\"datePublished\":\"2024-08-06T01:12:04+00:00\",\"dateModified\":\"2024-10-11T22:39:44+00:00\",\"breadcrumb\":{\"@id\":\"https:\/\/www.delexodo.com.ar\/?p=10719#breadcrumb\"},\"inLanguage\":\"es\",\"potentialAction\":[{\"@type\":\"ReadAction\",\"target\":[\"https:\/\/www.delexodo.com.ar\/?p=10719\"]}]},{\"@type\":\"ImageObject\",\"inLanguage\":\"es\",\"@id\":\"https:\/\/www.delexodo.com.ar\/?p=10719#primaryimage\",\"url\":\"https:\/\/www.delexodo.com.ar\/wp-content\/uploads\/2024\/08\/Frigerio-se-reunio-con-la-Mesa-del-Transporte.jpg\",\"contentUrl\":\"https:\/\/www.delexodo.com.ar\/wp-content\/uploads\/2024\/08\/Frigerio-se-reunio-con-la-Mesa-del-Transporte.jpg\",\"width\":1920,\"height\":1280},{\"@type\":\"BreadcrumbList\",\"@id\":\"https:\/\/www.delexodo.com.ar\/?p=10719#breadcrumb\",\"itemListElement\":[{\"@type\":\"ListItem\",\"position\":1,\"name\":\"Portada\",\"item\":\"https:\/\/www.delexodo.com.ar\/\"},{\"@type\":\"ListItem\",\"position\":2,\"name\":\"Frigerio se reuni\u00f3 con la Mesa del Transporte del \u00e1rea Metropolitana\"}]},{\"@type\":\"WebSite\",\"@id\":\"https:\/\/www.delexodo.com.ar\/#website\",\"url\":\"https:\/\/www.delexodo.com.ar\/\",\"name\":\"Del \u00c9xodo Nogoy\u00e1\",\"description\":\"El Portal de Noticias de la Regi\u00f3n\",\"publisher\":{\"@id\":\"https:\/\/www.delexodo.com.ar\/#organization\"},\"potentialAction\":[{\"@type\":\"SearchAction\",\"target\":{\"@type\":\"EntryPoint\",\"urlTemplate\":\"https:\/\/www.delexodo.com.ar\/?s={search_term_string}\"},\"query-input\":{\"@type\":\"PropertyValueSpecification\",\"valueRequired\":true,\"valueName\":\"search_term_string\"}}],\"inLanguage\":\"es\"},{\"@type\":\"Organization\",\"@id\":\"https:\/\/www.delexodo.com.ar\/#organization\",\"name\":\"Del \u00c9xodo Nogoy\u00e1\",\"url\":\"https:\/\/www.delexodo.com.ar\/\",\"logo\":{\"@type\":\"ImageObject\",\"inLanguage\":\"es\",\"@id\":\"https:\/\/www.delexodo.com.ar\/#\/schema\/logo\/image\/\",\"url\":\"https:\/\/www.delexodo.com.ar\/wp-content\/uploads\/2024\/10\/cropped-cropped-LOGO24.png\",\"contentUrl\":\"https:\/\/www.delexodo.com.ar\/wp-content\/uploads\/2024\/10\/cropped-cropped-LOGO24.png\",\"width\":512,\"height\":349,\"caption\":\"Del \u00c9xodo Nogoy\u00e1\"},\"image\":{\"@id\":\"https:\/\/www.delexodo.com.ar\/#\/schema\/logo\/image\/\"}},{\"@type\":\"Person\",\"@id\":\"https:\/\/www.delexodo.com.ar\/#\/schema\/person\/bbed37f7da8e938660b34f2013ba449d\",\"name\":\"admin\",\"image\":{\"@type\":\"ImageObject\",\"inLanguage\":\"es\",\"@id\":\"https:\/\/www.delexodo.com.ar\/#\/schema\/person\/image\/\",\"url\":\"https:\/\/secure.gravatar.com\/avatar\/6b1558d1b6df085f1901bd5bd98523d7?s=96&d=mm&r=g\",\"contentUrl\":\"https:\/\/secure.gravatar.com\/avatar\/6b1558d1b6df085f1901bd5bd98523d7?s=96&d=mm&r=g\",\"caption\":\"admin\"},\"url\":\"https:\/\/www.delexodo.com.ar\/?author=1\"}]}<\/script>\n<!-- \/ Yoast SEO plugin. -->","yoast_head_json":{"title":"Frigerio se reuni\u00f3 con la Mesa del Transporte del \u00e1rea Metropolitana - Del \u00c9xodo Nogoy\u00e1","robots":{"index":"index","follow":"follow","max-snippet":"max-snippet:-1","max-image-preview":"max-image-preview:large","max-video-preview":"max-video-preview:-1"},"canonical":"https:\/\/www.delexodo.com.ar\/?p=10719","og_locale":"es_ES","og_type":"article","og_title":"Frigerio se reuni\u00f3 con la Mesa del Transporte del \u00e1rea Metropolitana - Del \u00c9xodo Nogoy\u00e1","og_description":"Abordar distintos temas para garantizar un mejor transporte p\u00fablico en las ciudades de Paran\u00e1, Oro Verde, San Benito y Colonia&hellip;","og_url":"https:\/\/www.delexodo.com.ar\/?p=10719","og_site_name":"Del \u00c9xodo Nogoy\u00e1","article_published_time":"2024-08-06T01:12:04+00:00","article_modified_time":"2024-10-11T22:39:44+00:00","og_image":[{"width":1920,"height":1280,"url":"https:\/\/www.delexodo.com.ar\/wp-content\/uploads\/2024\/08\/Frigerio-se-reunio-con-la-Mesa-del-Transporte.jpg","type":"image\/jpeg"}],"author":"admin","twitter_card":"summary_large_image","twitter_misc":{"Escrito por":"admin","Tiempo de lectura":"2 minutos"},"schema":{"@context":"https:\/\/schema.org","@graph":[{"@type":"Article","@id":"https:\/\/www.delexodo.com.ar\/?p=10719#article","isPartOf":{"@id":"https:\/\/www.delexodo.com.ar\/?p=10719"},"author":{"name":"admin","@id":"https:\/\/www.delexodo.com.ar\/#\/schema\/person\/bbed37f7da8e938660b34f2013ba449d"},"headline":"Frigerio se reuni\u00f3 con la Mesa del Transporte del \u00e1rea Metropolitana","datePublished":"2024-08-06T01:12:04+00:00","dateModified":"2024-10-11T22:39:44+00:00","mainEntityOfPage":{"@id":"https:\/\/www.delexodo.com.ar\/?p=10719"},"wordCount":312,"publisher":{"@id":"https:\/\/www.delexodo.com.ar\/#organization"},"image":{"@id":"https:\/\/www.delexodo.com.ar\/?p=10719#primaryimage"},"thumbnailUrl":"https:\/\/www.delexodo.com.ar\/wp-content\/uploads\/2024\/08\/Frigerio-se-reunio-con-la-Mesa-del-Transporte.jpg","articleSection":["Politica"],"inLanguage":"es"},{"@type":"WebPage","@id":"https:\/\/www.delexodo.com.ar\/?p=10719","url":"https:\/\/www.delexodo.com.ar\/?p=10719","name":"Frigerio se reuni\u00f3 con la Mesa del Transporte del \u00e1rea Metropolitana - Del \u00c9xodo Nogoy\u00e1","isPartOf":{"@id":"https:\/\/www.delexodo.com.ar\/#website"},"primaryImageOfPage":{"@id":"https:\/\/www.delexodo.com.ar\/?p=10719#primaryimage"},"image":{"@id":"https:\/\/www.delexodo.com.ar\/?p=10719#primaryimage"},"thumbnailUrl":"https:\/\/www.delexodo.com.ar\/wp-content\/uploads\/2024\/08\/Frigerio-se-reunio-con-la-Mesa-del-Transporte.jpg","datePublished":"2024-08-06T01:12:04+00:00","dateModified":"2024-10-11T22:39:44+00:00","breadcrumb":{"@id":"https:\/\/www.delexodo.com.ar\/?p=10719#breadcrumb"},"inLanguage":"es","potentialAction":[{"@type":"ReadAction","target":["https:\/\/www.delexodo.com.ar\/?p=10719"]}]},{"@type":"ImageObject","inLanguage":"es","@id":"https:\/\/www.delexodo.com.ar\/?p=10719#primaryimage","url":"https:\/\/www.delexodo.com.ar\/wp-content\/uploads\/2024\/08\/Frigerio-se-reunio-con-la-Mesa-del-Transporte.jpg","contentUrl":"https:\/\/www.delexodo.com.ar\/wp-content\/uploads\/2024\/08\/Frigerio-se-reunio-con-la-Mesa-del-Transporte.jpg","width":1920,"height":1280},{"@type":"BreadcrumbList","@id":"https:\/\/www.delexodo.com.ar\/?p=10719#breadcrumb","itemListElement":[{"@type":"ListItem","position":1,"name":"Portada","item":"https:\/\/www.delexodo.com.ar\/"},{"@type":"ListItem","position":2,"name":"Frigerio se reuni\u00f3 con la Mesa del Transporte del \u00e1rea Metropolitana"}]},{"@type":"WebSite","@id":"https:\/\/www.delexodo.com.ar\/#website","url":"https:\/\/www.delexodo.com.ar\/","name":"Del \u00c9xodo Nogoy\u00e1","description":"El Portal de Noticias de la Regi\u00f3n","publisher":{"@id":"https:\/\/www.delexodo.com.ar\/#organization"},"potentialAction":[{"@type":"SearchAction","target":{"@type":"EntryPoint","urlTemplate":"https:\/\/www.delexodo.com.ar\/?s={search_term_string}"},"query-input":{"@type":"PropertyValueSpecification","valueRequired":true,"valueName":"search_term_string"}}],"inLanguage":"es"},{"@type":"Organization","@id":"https:\/\/www.delexodo.com.ar\/#organization","name":"Del \u00c9xodo Nogoy\u00e1","url":"https:\/\/www.delexodo.com.ar\/","logo":{"@type":"ImageObject","inLanguage":"es","@id":"https:\/\/www.delexodo.com.ar\/#\/schema\/logo\/image\/","url":"https:\/\/www.delexodo.com.ar\/wp-content\/uploads\/2024\/10\/cropped-cropped-LOGO24.png","contentUrl":"https:\/\/www.delexodo.com.ar\/wp-content\/uploads\/2024\/10\/cropped-cropped-LOGO24.png","width":512,"height":349,"caption":"Del \u00c9xodo Nogoy\u00e1"},"image":{"@id":"https:\/\/www.delexodo.com.ar\/#\/schema\/logo\/image\/"}},{"@type":"Person","@id":"https:\/\/www.delexodo.com.ar\/#\/schema\/person\/bbed37f7da8e938660b34f2013ba449d","name":"admin","image":{"@type":"ImageObject","inLanguage":"es","@id":"https:\/\/www.delexodo.com.ar\/#\/schema\/person\/image\/","url":"https:\/\/secure.gravatar.com\/avatar\/6b1558d1b6df085f1901bd5bd98523d7?s=96&d=mm&r=g","contentUrl":"https:\/\/secure.gravatar.com\/avatar\/6b1558d1b6df085f1901bd5bd98523d7?s=96&d=mm&r=g","caption":"admin"},"url":"https:\/\/www.delexodo.com.ar\/?author=1"}]}},"_links":{"self":[{"href":"https:\/\/www.delexodo.com.ar\/index.php?rest_route=\/wp\/v2\/posts\/10719","targetHints":{"allow":["GET"]}}],"collection":[{"href":"https:\/\/www.delexodo.com.ar\/index.php?rest_route=\/wp\/v2\/posts"}],"about":[{"href":"https:\/\/www.delexodo.com.ar\/index.php?rest_route=\/wp\/v2\/types\/post"}],"author":[{"embeddable":true,"href":"https:\/\/www.delexodo.com.ar\/index.php?rest_route=\/wp\/v2\/users\/1"}],"replies":[{"embeddable":true,"href":"https:\/\/www.delexodo.com.ar\/index.php?rest_route=%2Fwp%2Fv2%2Fcomments&post=10719"}],"version-history":[{"count":0,"href":"https:\/\/www.delexodo.com.ar\/index.php?rest_route=\/wp\/v2\/posts\/10719\/revisions"}],"wp:featuredmedia":[{"embeddable":true,"href":"https:\/\/www.delexodo.com.ar\/index.php?rest_route=\/wp\/v2\/media\/10720"}],"wp:attachment":[{"href":"https:\/\/www.delexodo.com.ar\/index.php?rest_route=%2Fwp%2Fv2%2Fmedia&parent=10719"}],"wp:term":[{"taxonomy":"category","embeddable":true,"href":"https:\/\/www.delexodo.com.ar\/index.php?rest_route=%2Fwp%2Fv2%2Fcategories&post=10719"},{"taxonomy":"post_tag","embeddable":true,"href":"https:\/\/www.delexodo.com.ar\/index.php?rest_route=%2Fwp%2Fv2%2Ftags&post=10719"}],"curies":[{"name":"wp","href":"https:\/\/api.w.org\/{rel}","templated":true}]}}