{"id":10681,"date":"2024-07-22T14:21:21","date_gmt":"2024-07-22T17:21:21","guid":{"rendered":"https:\/\/www.delexodo.com.ar\/?p=10681"},"modified":"2024-10-11T19:41:58","modified_gmt":"2024-10-11T22:41:58","slug":"este-martes-se-reunen-las-comisiones-de-legislacion-general-y-de-obras-publicas","status":"publish","type":"post","link":"https:\/\/www.delexodo.com.ar\/?p=10681","title":{"rendered":"Este martes se re\u00fanen las comisiones de Legislaci\u00f3n General y de Obras P\u00fablicas"},"content":{"rendered":"\n<p><strong><em>A las 11 horas se convoc\u00f3 una reuni\u00f3n conjunta de las comisiones de Legislaci\u00f3n General y de Obras P\u00fablicas. Asimismo, los senadores est\u00e1n convocados a sesionar los d\u00edas martes, mi\u00e9rcoles y jueves.<\/em><\/strong><\/p>\n\n\n\n<p><strong>Comisiones<\/strong><\/p>\n\n\n\n<p>La reuni\u00f3n conjunta de la Comisi\u00f3n de Legislaci\u00f3n General, presidida por el senador Jaime Benedetti (Gualeguaych\u00fa \u2013 Juntos Por Entre R\u00edos), y la Comisi\u00f3n de Obras P\u00fablicas, que preside la senadora Nancy Miranda (Federal \u2013 M\u00e1s Para Entre R\u00edos), est\u00e1 convocada para el martes 23 de julio a las 11:00.<\/p>\n\n\n\n<p>All\u00ed se tratar\u00e1 el expediente N\u00b0 14.935, proyecto de ley de autor\u00eda del Poder Ejecutivo por el que se propician una serie de reformas tanto en la Ley de Obras P\u00fablicas (Ley N\u00b06351), como en el C\u00f3digo Contencioso Administrativo (Ley N\u00b07061). La iniciativa, que propone modificaciones legislativas en el art. 52\u00b0 de la Ley de Obras P\u00fablicas y la incorporaci\u00f3n del inciso d) del art\u00edculo 2\u00b0 del C\u00f3digo Contencioso Administrativo, surge con motivo del actual andamiaje legal que la provincia otorga a los contratistas de obra p\u00fablica para el cobro judicial de los certificados de deuda.<\/p>\n\n\n\n<p>Luego, desde las 12 horas, habr\u00e1 reuni\u00f3n de la comisi\u00f3n de Legislaci\u00f3n General donde se abordar\u00e1 el expediente N\u00ba 26752, por el que se autoriza al Superior Gobierno de la Provincia a transferir a t\u00edtulo de donaci\u00f3n a favor de la Municipalidad de Gualeguay, un inmueble de su propiedad, ubicado en el departamento Gualeguay, Entre R\u00edos.<\/p>\n\n\n\n<p><strong>Pr\u00f3xima sesi\u00f3n<\/strong><\/p>\n\n\n\n<p>Los senadores han sido convocados para sesionar el d\u00eda martes 23 a las 19 horas, el mi\u00e9rcoles 24 a las 19 horas y el jueves 25 a las 11 horas. Se trata de la 10\u00aa sesi\u00f3n ordinaria del 145\u00ba per\u00edodo legislativo.<\/p>\n\n\n\n<div class=\"wp-block-image\"><figure class=\"aligncenter size-large\"><img loading=\"lazy\" decoding=\"async\" width=\"1024\" height=\"231\" src=\"https:\/\/www.delexodo.com.ar\/wp-content\/uploads\/2024\/02\/SENADO-ER-24-1024x231.png\" alt=\"\" class=\"wp-image-10161\" srcset=\"https:\/\/www.delexodo.com.ar\/wp-content\/uploads\/2024\/02\/SENADO-ER-24-1024x231.png 1024w, https:\/\/www.delexodo.com.ar\/wp-content\/uploads\/2024\/02\/SENADO-ER-24-300x68.png 300w, https:\/\/www.delexodo.com.ar\/wp-content\/uploads\/2024\/02\/SENADO-ER-24-768x173.png 768w, https:\/\/www.delexodo.com.ar\/wp-content\/uploads\/2024\/02\/SENADO-ER-24.png 1421w\" sizes=\"auto, (max-width: 1024px) 100vw, 1024px\" \/><\/figure><\/div>\n","protected":false},"excerpt":{"rendered":"<p>A las 11 horas se convoc\u00f3 una reuni\u00f3n conjunta de las comisiones de Legislaci\u00f3n General y de Obras P\u00fablicas. Asimismo,&hellip;<\/p>\n","protected":false},"author":1,"featured_media":10682,"comment_status":"closed","ping_status":"closed","sticky":false,"template":"","format":"standard","meta":{"_joinchat":[],"footnotes":""},"categories":[349],"tags":[345],"class_list":["post-10681","post","type-post","status-publish","format-standard","has-post-thumbnail","hentry","category-politica","tag-destacar"],"yoast_head":"<!-- This site is optimized with the Yoast SEO plugin v25.1 - https:\/\/yoast.com\/wordpress\/plugins\/seo\/ -->\n<title>Este martes se re\u00fanen las comisiones de Legislaci\u00f3n General y de Obras P\u00fablicas - Del \u00c9xodo Nogoy\u00e1<\/title>\n<meta name=\"robots\" content=\"index, follow, max-snippet:-1, max-image-preview:large, max-video-preview:-1\" \/>\n<link rel=\"canonical\" href=\"https:\/\/www.delexodo.com.ar\/?p=10681\" \/>\n<meta property=\"og:locale\" content=\"es_ES\" \/>\n<meta property=\"og:type\" content=\"article\" \/>\n<meta property=\"og:title\" content=\"Este martes se re\u00fanen las comisiones de Legislaci\u00f3n General y de Obras P\u00fablicas - Del \u00c9xodo Nogoy\u00e1\" \/>\n<meta property=\"og:description\" content=\"A las 11 horas se convoc\u00f3 una reuni\u00f3n conjunta de las comisiones de Legislaci\u00f3n General y de Obras P\u00fablicas. Asimismo,&hellip;\" \/>\n<meta property=\"og:url\" content=\"https:\/\/www.delexodo.com.ar\/?p=10681\" \/>\n<meta property=\"og:site_name\" content=\"Del \u00c9xodo Nogoy\u00e1\" \/>\n<meta property=\"article:published_time\" content=\"2024-07-22T17:21:21+00:00\" \/>\n<meta property=\"article:modified_time\" content=\"2024-10-11T22:41:58+00:00\" \/>\n<meta property=\"og:image\" content=\"https:\/\/www.delexodo.com.ar\/wp-content\/uploads\/2024\/07\/SENADO-RECINTO.jpeg\" \/>\n\t<meta property=\"og:image:width\" content=\"860\" \/>\n\t<meta property=\"og:image:height\" content=\"573\" \/>\n\t<meta property=\"og:image:type\" content=\"image\/jpeg\" \/>\n<meta name=\"author\" content=\"admin\" \/>\n<meta name=\"twitter:card\" content=\"summary_large_image\" \/>\n<meta name=\"twitter:label1\" content=\"Escrito por\" \/>\n\t<meta name=\"twitter:data1\" content=\"admin\" \/>\n\t<meta name=\"twitter:label2\" content=\"Tiempo de lectura\" \/>\n\t<meta name=\"twitter:data2\" content=\"1 minuto\" \/>\n<script type=\"application\/ld+json\" class=\"yoast-schema-graph\">{\"@context\":\"https:\/\/schema.org\",\"@graph\":[{\"@type\":\"Article\",\"@id\":\"https:\/\/www.delexodo.com.ar\/?p=10681#article\",\"isPartOf\":{\"@id\":\"https:\/\/www.delexodo.com.ar\/?p=10681\"},\"author\":{\"name\":\"admin\",\"@id\":\"https:\/\/www.delexodo.com.ar\/#\/schema\/person\/bbed37f7da8e938660b34f2013ba449d\"},\"headline\":\"Este martes se re\u00fanen las comisiones de Legislaci\u00f3n General y de Obras P\u00fablicas\",\"datePublished\":\"2024-07-22T17:21:21+00:00\",\"dateModified\":\"2024-10-11T22:41:58+00:00\",\"mainEntityOfPage\":{\"@id\":\"https:\/\/www.delexodo.com.ar\/?p=10681\"},\"wordCount\":310,\"publisher\":{\"@id\":\"https:\/\/www.delexodo.com.ar\/#organization\"},\"image\":{\"@id\":\"https:\/\/www.delexodo.com.ar\/?p=10681#primaryimage\"},\"thumbnailUrl\":\"https:\/\/www.delexodo.com.ar\/wp-content\/uploads\/2024\/07\/SENADO-RECINTO.jpeg\",\"keywords\":[\"destacar\"],\"articleSection\":[\"Politica\"],\"inLanguage\":\"es\"},{\"@type\":\"WebPage\",\"@id\":\"https:\/\/www.delexodo.com.ar\/?p=10681\",\"url\":\"https:\/\/www.delexodo.com.ar\/?p=10681\",\"name\":\"Este martes se re\u00fanen las comisiones de Legislaci\u00f3n General y de Obras P\u00fablicas - Del \u00c9xodo Nogoy\u00e1\",\"isPartOf\":{\"@id\":\"https:\/\/www.delexodo.com.ar\/#website\"},\"primaryImageOfPage\":{\"@id\":\"https:\/\/www.delexodo.com.ar\/?p=10681#primaryimage\"},\"image\":{\"@id\":\"https:\/\/www.delexodo.com.ar\/?p=10681#primaryimage\"},\"thumbnailUrl\":\"https:\/\/www.delexodo.com.ar\/wp-content\/uploads\/2024\/07\/SENADO-RECINTO.jpeg\",\"datePublished\":\"2024-07-22T17:21:21+00:00\",\"dateModified\":\"2024-10-11T22:41:58+00:00\",\"breadcrumb\":{\"@id\":\"https:\/\/www.delexodo.com.ar\/?p=10681#breadcrumb\"},\"inLanguage\":\"es\",\"potentialAction\":[{\"@type\":\"ReadAction\",\"target\":[\"https:\/\/www.delexodo.com.ar\/?p=10681\"]}]},{\"@type\":\"ImageObject\",\"inLanguage\":\"es\",\"@id\":\"https:\/\/www.delexodo.com.ar\/?p=10681#primaryimage\",\"url\":\"https:\/\/www.delexodo.com.ar\/wp-content\/uploads\/2024\/07\/SENADO-RECINTO.jpeg\",\"contentUrl\":\"https:\/\/www.delexodo.com.ar\/wp-content\/uploads\/2024\/07\/SENADO-RECINTO.jpeg\",\"width\":860,\"height\":573},{\"@type\":\"BreadcrumbList\",\"@id\":\"https:\/\/www.delexodo.com.ar\/?p=10681#breadcrumb\",\"itemListElement\":[{\"@type\":\"ListItem\",\"position\":1,\"name\":\"Portada\",\"item\":\"https:\/\/www.delexodo.com.ar\/\"},{\"@type\":\"ListItem\",\"position\":2,\"name\":\"Este martes se re\u00fanen las comisiones de Legislaci\u00f3n General y de Obras P\u00fablicas\"}]},{\"@type\":\"WebSite\",\"@id\":\"https:\/\/www.delexodo.com.ar\/#website\",\"url\":\"https:\/\/www.delexodo.com.ar\/\",\"name\":\"Del \u00c9xodo Nogoy\u00e1\",\"description\":\"El Portal de Noticias de la Regi\u00f3n\",\"publisher\":{\"@id\":\"https:\/\/www.delexodo.com.ar\/#organization\"},\"potentialAction\":[{\"@type\":\"SearchAction\",\"target\":{\"@type\":\"EntryPoint\",\"urlTemplate\":\"https:\/\/www.delexodo.com.ar\/?s={search_term_string}\"},\"query-input\":{\"@type\":\"PropertyValueSpecification\",\"valueRequired\":true,\"valueName\":\"search_term_string\"}}],\"inLanguage\":\"es\"},{\"@type\":\"Organization\",\"@id\":\"https:\/\/www.delexodo.com.ar\/#organization\",\"name\":\"Del \u00c9xodo Nogoy\u00e1\",\"url\":\"https:\/\/www.delexodo.com.ar\/\",\"logo\":{\"@type\":\"ImageObject\",\"inLanguage\":\"es\",\"@id\":\"https:\/\/www.delexodo.com.ar\/#\/schema\/logo\/image\/\",\"url\":\"https:\/\/www.delexodo.com.ar\/wp-content\/uploads\/2024\/10\/cropped-cropped-LOGO24.png\",\"contentUrl\":\"https:\/\/www.delexodo.com.ar\/wp-content\/uploads\/2024\/10\/cropped-cropped-LOGO24.png\",\"width\":512,\"height\":349,\"caption\":\"Del \u00c9xodo Nogoy\u00e1\"},\"image\":{\"@id\":\"https:\/\/www.delexodo.com.ar\/#\/schema\/logo\/image\/\"}},{\"@type\":\"Person\",\"@id\":\"https:\/\/www.delexodo.com.ar\/#\/schema\/person\/bbed37f7da8e938660b34f2013ba449d\",\"name\":\"admin\",\"image\":{\"@type\":\"ImageObject\",\"inLanguage\":\"es\",\"@id\":\"https:\/\/www.delexodo.com.ar\/#\/schema\/person\/image\/\",\"url\":\"https:\/\/secure.gravatar.com\/avatar\/6b1558d1b6df085f1901bd5bd98523d7?s=96&d=mm&r=g\",\"contentUrl\":\"https:\/\/secure.gravatar.com\/avatar\/6b1558d1b6df085f1901bd5bd98523d7?s=96&d=mm&r=g\",\"caption\":\"admin\"},\"url\":\"https:\/\/www.delexodo.com.ar\/?author=1\"}]}<\/script>\n<!-- \/ Yoast SEO plugin. -->","yoast_head_json":{"title":"Este martes se re\u00fanen las comisiones de Legislaci\u00f3n General y de Obras P\u00fablicas - Del \u00c9xodo Nogoy\u00e1","robots":{"index":"index","follow":"follow","max-snippet":"max-snippet:-1","max-image-preview":"max-image-preview:large","max-video-preview":"max-video-preview:-1"},"canonical":"https:\/\/www.delexodo.com.ar\/?p=10681","og_locale":"es_ES","og_type":"article","og_title":"Este martes se re\u00fanen las comisiones de Legislaci\u00f3n General y de Obras P\u00fablicas - Del \u00c9xodo Nogoy\u00e1","og_description":"A las 11 horas se convoc\u00f3 una reuni\u00f3n conjunta de las comisiones de Legislaci\u00f3n General y de Obras P\u00fablicas. Asimismo,&hellip;","og_url":"https:\/\/www.delexodo.com.ar\/?p=10681","og_site_name":"Del \u00c9xodo Nogoy\u00e1","article_published_time":"2024-07-22T17:21:21+00:00","article_modified_time":"2024-10-11T22:41:58+00:00","og_image":[{"width":860,"height":573,"url":"https:\/\/www.delexodo.com.ar\/wp-content\/uploads\/2024\/07\/SENADO-RECINTO.jpeg","type":"image\/jpeg"}],"author":"admin","twitter_card":"summary_large_image","twitter_misc":{"Escrito por":"admin","Tiempo de lectura":"1 minuto"},"schema":{"@context":"https:\/\/schema.org","@graph":[{"@type":"Article","@id":"https:\/\/www.delexodo.com.ar\/?p=10681#article","isPartOf":{"@id":"https:\/\/www.delexodo.com.ar\/?p=10681"},"author":{"name":"admin","@id":"https:\/\/www.delexodo.com.ar\/#\/schema\/person\/bbed37f7da8e938660b34f2013ba449d"},"headline":"Este martes se re\u00fanen las comisiones de Legislaci\u00f3n General y de Obras P\u00fablicas","datePublished":"2024-07-22T17:21:21+00:00","dateModified":"2024-10-11T22:41:58+00:00","mainEntityOfPage":{"@id":"https:\/\/www.delexodo.com.ar\/?p=10681"},"wordCount":310,"publisher":{"@id":"https:\/\/www.delexodo.com.ar\/#organization"},"image":{"@id":"https:\/\/www.delexodo.com.ar\/?p=10681#primaryimage"},"thumbnailUrl":"https:\/\/www.delexodo.com.ar\/wp-content\/uploads\/2024\/07\/SENADO-RECINTO.jpeg","keywords":["destacar"],"articleSection":["Politica"],"inLanguage":"es"},{"@type":"WebPage","@id":"https:\/\/www.delexodo.com.ar\/?p=10681","url":"https:\/\/www.delexodo.com.ar\/?p=10681","name":"Este martes se re\u00fanen las comisiones de Legislaci\u00f3n General y de Obras P\u00fablicas - Del \u00c9xodo Nogoy\u00e1","isPartOf":{"@id":"https:\/\/www.delexodo.com.ar\/#website"},"primaryImageOfPage":{"@id":"https:\/\/www.delexodo.com.ar\/?p=10681#primaryimage"},"image":{"@id":"https:\/\/www.delexodo.com.ar\/?p=10681#primaryimage"},"thumbnailUrl":"https:\/\/www.delexodo.com.ar\/wp-content\/uploads\/2024\/07\/SENADO-RECINTO.jpeg","datePublished":"2024-07-22T17:21:21+00:00","dateModified":"2024-10-11T22:41:58+00:00","breadcrumb":{"@id":"https:\/\/www.delexodo.com.ar\/?p=10681#breadcrumb"},"inLanguage":"es","potentialAction":[{"@type":"ReadAction","target":["https:\/\/www.delexodo.com.ar\/?p=10681"]}]},{"@type":"ImageObject","inLanguage":"es","@id":"https:\/\/www.delexodo.com.ar\/?p=10681#primaryimage","url":"https:\/\/www.delexodo.com.ar\/wp-content\/uploads\/2024\/07\/SENADO-RECINTO.jpeg","contentUrl":"https:\/\/www.delexodo.com.ar\/wp-content\/uploads\/2024\/07\/SENADO-RECINTO.jpeg","width":860,"height":573},{"@type":"BreadcrumbList","@id":"https:\/\/www.delexodo.com.ar\/?p=10681#breadcrumb","itemListElement":[{"@type":"ListItem","position":1,"name":"Portada","item":"https:\/\/www.delexodo.com.ar\/"},{"@type":"ListItem","position":2,"name":"Este martes se re\u00fanen las comisiones de Legislaci\u00f3n General y de Obras P\u00fablicas"}]},{"@type":"WebSite","@id":"https:\/\/www.delexodo.com.ar\/#website","url":"https:\/\/www.delexodo.com.ar\/","name":"Del \u00c9xodo Nogoy\u00e1","description":"El Portal de Noticias de la Regi\u00f3n","publisher":{"@id":"https:\/\/www.delexodo.com.ar\/#organization"},"potentialAction":[{"@type":"SearchAction","target":{"@type":"EntryPoint","urlTemplate":"https:\/\/www.delexodo.com.ar\/?s={search_term_string}"},"query-input":{"@type":"PropertyValueSpecification","valueRequired":true,"valueName":"search_term_string"}}],"inLanguage":"es"},{"@type":"Organization","@id":"https:\/\/www.delexodo.com.ar\/#organization","name":"Del \u00c9xodo Nogoy\u00e1","url":"https:\/\/www.delexodo.com.ar\/","logo":{"@type":"ImageObject","inLanguage":"es","@id":"https:\/\/www.delexodo.com.ar\/#\/schema\/logo\/image\/","url":"https:\/\/www.delexodo.com.ar\/wp-content\/uploads\/2024\/10\/cropped-cropped-LOGO24.png","contentUrl":"https:\/\/www.delexodo.com.ar\/wp-content\/uploads\/2024\/10\/cropped-cropped-LOGO24.png","width":512,"height":349,"caption":"Del \u00c9xodo Nogoy\u00e1"},"image":{"@id":"https:\/\/www.delexodo.com.ar\/#\/schema\/logo\/image\/"}},{"@type":"Person","@id":"https:\/\/www.delexodo.com.ar\/#\/schema\/person\/bbed37f7da8e938660b34f2013ba449d","name":"admin","image":{"@type":"ImageObject","inLanguage":"es","@id":"https:\/\/www.delexodo.com.ar\/#\/schema\/person\/image\/","url":"https:\/\/secure.gravatar.com\/avatar\/6b1558d1b6df085f1901bd5bd98523d7?s=96&d=mm&r=g","contentUrl":"https:\/\/secure.gravatar.com\/avatar\/6b1558d1b6df085f1901bd5bd98523d7?s=96&d=mm&r=g","caption":"admin"},"url":"https:\/\/www.delexodo.com.ar\/?author=1"}]}},"_links":{"self":[{"href":"https:\/\/www.delexodo.com.ar\/index.php?rest_route=\/wp\/v2\/posts\/10681","targetHints":{"allow":["GET"]}}],"collection":[{"href":"https:\/\/www.delexodo.com.ar\/index.php?rest_route=\/wp\/v2\/posts"}],"about":[{"href":"https:\/\/www.delexodo.com.ar\/index.php?rest_route=\/wp\/v2\/types\/post"}],"author":[{"embeddable":true,"href":"https:\/\/www.delexodo.com.ar\/index.php?rest_route=\/wp\/v2\/users\/1"}],"replies":[{"embeddable":true,"href":"https:\/\/www.delexodo.com.ar\/index.php?rest_route=%2Fwp%2Fv2%2Fcomments&post=10681"}],"version-history":[{"count":0,"href":"https:\/\/www.delexodo.com.ar\/index.php?rest_route=\/wp\/v2\/posts\/10681\/revisions"}],"wp:featuredmedia":[{"embeddable":true,"href":"https:\/\/www.delexodo.com.ar\/index.php?rest_route=\/wp\/v2\/media\/10682"}],"wp:attachment":[{"href":"https:\/\/www.delexodo.com.ar\/index.php?rest_route=%2Fwp%2Fv2%2Fmedia&parent=10681"}],"wp:term":[{"taxonomy":"category","embeddable":true,"href":"https:\/\/www.delexodo.com.ar\/index.php?rest_route=%2Fwp%2Fv2%2Fcategories&post=10681"},{"taxonomy":"post_tag","embeddable":true,"href":"https:\/\/www.delexodo.com.ar\/index.php?rest_route=%2Fwp%2Fv2%2Ftags&post=10681"}],"curies":[{"name":"wp","href":"https:\/\/api.w.org\/{rel}","templated":true}]}}