{"id":10607,"date":"2024-06-23T18:14:44","date_gmt":"2024-06-23T21:14:44","guid":{"rendered":"https:\/\/www.delexodo.com.ar\/?p=10607"},"modified":"2024-10-11T19:44:51","modified_gmt":"2024-10-11T22:44:51","slug":"la-vicegobernadora-acompana-el-turismo-y-la-produccion-en-la-provincia","status":"publish","type":"post","link":"https:\/\/www.delexodo.com.ar\/?p=10607","title":{"rendered":"La vicegobernadora acompa\u00f1a el turismo y la producci\u00f3n en la provincia"},"content":{"rendered":"\n<p><em>Este s\u00e1bado, la vicegobernadora Alicia Aluani se hizo presente en el departamento Paran\u00e1, donde particip\u00f3 en la primera Fiesta de la Empanada de Pescado de R\u00edo en Puerto Curtiembre y recorri\u00f3 las instalaciones del Establecimiento Las Mercedes en Cerrito.<\/em><\/p>\n\n\n\n<p><strong>Fiesta de la Empanada de Pescado de R\u00edo<\/strong><\/p>\n\n\n\n<div class=\"wp-block-image\"><figure class=\"aligncenter size-large\"><img decoding=\"async\" src=\"https:\/\/www.delexodo.com.ar\/wp-content\/uploads\/2024\/06\/ALUANI-FIESTA-EMPANADA-OFICIAL-1-1024x682.jpg\" alt=\"\" class=\"wp-image-10610\"\/><\/figure><\/div>\n\n\n\n<p>El evento cont\u00f3 con la participaci\u00f3n de la vicegobernadora, autoridades provinciales, zonales y locales, competidores y el p\u00fablico en general. Aluani expres\u00f3 que esta primera edici\u00f3n <em>\u201cmarca las ganas de que nuestras tradiciones, cultura y ra\u00edces sigan presentes\u201d<\/em>. Adem\u00e1s, destac\u00f3 la importancia de <em>\u201ctransmitir a los m\u00e1s j\u00f3venes y a las generaciones futuras la cultura local, para que lleven esta identidad a otras partes de la provincia, del pa\u00eds o del mundo\u201d<\/em>.<\/p>\n\n\n\n<p>Aluani tambi\u00e9n subray\u00f3 el apoyo del Gobierno provincial a las fiestas populares: <em>\u201cDesde nuestra gesti\u00f3n vamos a seguir respaldando estos eventos que son tan importantes y tan enriquecedores para nosotros y para todos los que habitan este suelo\u201d<\/em>. Finalmente, invit\u00f3 a disfrutar del festival y dese\u00f3 que sea el inicio de muchas ediciones m\u00e1s.<\/p>\n\n\n\n<p>Por su parte, la presidenta comunal de Puerto Curtiembre, Mariana S\u00e1nchez, agradeci\u00f3 la presencia de la vicegobernadora y la destac\u00f3 <em>\u201cpor el apoyo y su aporte econ\u00f3mico para solventar gastos de esta fiesta. Cuando la fui a visitar, la invit\u00e9 y en ning\u00fan momento lo dud\u00f3 y ac\u00e1 est\u00e1, y eso se lo agradece\u201d<\/em>.<\/p>\n\n\n\n<div class=\"wp-block-image\"><figure class=\"aligncenter size-large\"><img loading=\"lazy\" decoding=\"async\" width=\"1024\" height=\"683\" src=\"https:\/\/www.delexodo.com.ar\/wp-content\/uploads\/2024\/06\/ALUANI-FIESTA-EMPANADA-SALUDO-1024x683.jpg\" alt=\"\" class=\"wp-image-10611\" srcset=\"https:\/\/www.delexodo.com.ar\/wp-content\/uploads\/2024\/06\/ALUANI-FIESTA-EMPANADA-SALUDO-1024x683.jpg 1024w, https:\/\/www.delexodo.com.ar\/wp-content\/uploads\/2024\/06\/ALUANI-FIESTA-EMPANADA-SALUDO-300x200.jpg 300w, https:\/\/www.delexodo.com.ar\/wp-content\/uploads\/2024\/06\/ALUANI-FIESTA-EMPANADA-SALUDO-768x513.jpg 768w, https:\/\/www.delexodo.com.ar\/wp-content\/uploads\/2024\/06\/ALUANI-FIESTA-EMPANADA-SALUDO.jpg 1350w\" sizes=\"auto, (max-width: 1024px) 100vw, 1024px\" \/><\/figure><\/div>\n\n\n\n<p><strong>Presencias<\/strong><\/p>\n\n\n\n<p>Entre los asistentes se encontraban el senador nacional Alfredo De Angeli, la prosecretaria del Senado Sara Foletto, el jefe y subjefe de la zonal III Cerrito de Vialidad, Ariel Svemer y Mat\u00edas Albrecht; la coordinadora de Juntas y Comunas, Karina Guerra, el intendente de Mar\u00eda Grande, H\u00e9ctor Solari; el presidente de la Comuna de Arroyo Corralito, Gustavo Mart\u00ednez; presidente de Junta de Mar\u00eda Grande Segunda, Patricia Romero; de La Picada, Sebasti\u00e1n R\u00edos; y de la Comuna de Estaci\u00f3n Sosa, Gloria Vitor.<\/p>\n\n\n\n<p><strong>Visita al Establecimiento Las Mercedes<\/strong><\/p>\n\n\n\n<div class=\"wp-block-image\"><figure class=\"aligncenter size-large\"><img decoding=\"async\" src=\"https:\/\/www.delexodo.com.ar\/wp-content\/uploads\/2024\/06\/ALUANI-FIESTA-EMPANADA-VISITA-1-1024x683.jpg\" alt=\"\" class=\"wp-image-10613\"\/><\/figure><\/div>\n\n\n\n<p>La vicegobernadora recorri\u00f3 las instalaciones del Establecimiento Las Mercedes junto al titular de la firma, Rub\u00e9n D\u00fctsch. Este tambo cuenta con 540 vacas en orde\u00f1e y una producci\u00f3n de 12.000 litros de leche, elaborando dos marcas de queso: Do\u00f1a Gloria y Kais. La empresa emplea a 23 personas.<\/p>\n\n\n\n<p>Durante la visita, abordaron temas como la implementaci\u00f3n del Programa de Buenas Pr\u00e1cticas Agropecuarias (PASE), desaf\u00edos de crecimiento, incentivos educativos y la colaboraci\u00f3n con j\u00f3venes estudiantes de la Escuela T\u00e9cnica.<\/p>\n\n\n\n<p>Aluani afirm\u00f3: <em>\u201cDesde el Gobierno promovemos las buenas pr\u00e1cticas en todos los sectores, no solo en el tambo sino tambi\u00e9n en la industria. Es crucial que nuestra provincia avance con mejor tecnolog\u00eda y m\u00e1s productos\u201d<\/em>.<\/p>\n\n\n\n<p>Por su parte, Rub\u00e9n D\u00fctsch explic\u00f3: <em>\u201cLa visita del Gobierno nos permite mostrar lo que hacemos en Las Mercedes. El programa de buenas pr\u00e1cticas ha sido fundamental para mejorar la calidad de la leche, el cuidado de las vacas y las condiciones laborales de nuestros empleados, motiv\u00e1ndolos en su trabajo diario\u201d<\/em>.<\/p>\n\n\n\n<div class=\"wp-block-image\"><figure class=\"aligncenter size-large\"><img loading=\"lazy\" decoding=\"async\" width=\"1024\" height=\"231\" src=\"https:\/\/www.delexodo.com.ar\/wp-content\/uploads\/2024\/02\/SENADO-ER-24-1024x231.png\" alt=\"\" class=\"wp-image-10161\" srcset=\"https:\/\/www.delexodo.com.ar\/wp-content\/uploads\/2024\/02\/SENADO-ER-24-1024x231.png 1024w, https:\/\/www.delexodo.com.ar\/wp-content\/uploads\/2024\/02\/SENADO-ER-24-300x68.png 300w, https:\/\/www.delexodo.com.ar\/wp-content\/uploads\/2024\/02\/SENADO-ER-24-768x173.png 768w, https:\/\/www.delexodo.com.ar\/wp-content\/uploads\/2024\/02\/SENADO-ER-24.png 1421w\" sizes=\"auto, (max-width: 1024px) 100vw, 1024px\" \/><\/figure><\/div>\n","protected":false},"excerpt":{"rendered":"<p>Este s\u00e1bado, la vicegobernadora Alicia Aluani se hizo presente en el departamento Paran\u00e1, donde particip\u00f3 en la primera Fiesta de&hellip;<\/p>\n","protected":false},"author":1,"featured_media":10608,"comment_status":"closed","ping_status":"closed","sticky":false,"template":"","format":"standard","meta":{"_joinchat":[],"footnotes":""},"categories":[69],"tags":[345],"class_list":["post-10607","post","type-post","status-publish","format-standard","has-post-thumbnail","hentry","category-noticias","tag-destacar"],"yoast_head":"<!-- This site is optimized with the Yoast SEO plugin v25.1 - https:\/\/yoast.com\/wordpress\/plugins\/seo\/ -->\n<title>La vicegobernadora acompa\u00f1a el turismo y la producci\u00f3n en la provincia - Del \u00c9xodo Nogoy\u00e1<\/title>\n<meta name=\"robots\" content=\"index, follow, max-snippet:-1, max-image-preview:large, max-video-preview:-1\" \/>\n<link rel=\"canonical\" href=\"https:\/\/www.delexodo.com.ar\/?p=10607\" \/>\n<meta property=\"og:locale\" content=\"es_ES\" \/>\n<meta property=\"og:type\" content=\"article\" \/>\n<meta property=\"og:title\" content=\"La vicegobernadora acompa\u00f1a el turismo y la producci\u00f3n en la provincia - Del \u00c9xodo Nogoy\u00e1\" \/>\n<meta property=\"og:description\" content=\"Este s\u00e1bado, la vicegobernadora Alicia Aluani se hizo presente en el departamento Paran\u00e1, donde particip\u00f3 en la primera Fiesta de&hellip;\" \/>\n<meta property=\"og:url\" content=\"https:\/\/www.delexodo.com.ar\/?p=10607\" \/>\n<meta property=\"og:site_name\" content=\"Del \u00c9xodo Nogoy\u00e1\" \/>\n<meta property=\"article:published_time\" content=\"2024-06-23T21:14:44+00:00\" \/>\n<meta property=\"article:modified_time\" content=\"2024-10-11T22:44:51+00:00\" \/>\n<meta property=\"og:image\" content=\"https:\/\/www.delexodo.com.ar\/wp-content\/uploads\/2024\/06\/ALUANI-FIESTA-EMPANADA-GRUPAL.jpg\" \/>\n\t<meta property=\"og:image:width\" content=\"1545\" \/>\n\t<meta property=\"og:image:height\" content=\"1030\" \/>\n\t<meta property=\"og:image:type\" content=\"image\/jpeg\" \/>\n<meta name=\"author\" content=\"admin\" \/>\n<meta name=\"twitter:card\" content=\"summary_large_image\" \/>\n<meta name=\"twitter:label1\" content=\"Escrito por\" \/>\n\t<meta name=\"twitter:data1\" content=\"admin\" \/>\n\t<meta name=\"twitter:label2\" content=\"Tiempo de lectura\" \/>\n\t<meta name=\"twitter:data2\" content=\"3 minutos\" \/>\n<script type=\"application\/ld+json\" class=\"yoast-schema-graph\">{\"@context\":\"https:\/\/schema.org\",\"@graph\":[{\"@type\":\"Article\",\"@id\":\"https:\/\/www.delexodo.com.ar\/?p=10607#article\",\"isPartOf\":{\"@id\":\"https:\/\/www.delexodo.com.ar\/?p=10607\"},\"author\":{\"name\":\"admin\",\"@id\":\"https:\/\/www.delexodo.com.ar\/#\/schema\/person\/bbed37f7da8e938660b34f2013ba449d\"},\"headline\":\"La vicegobernadora acompa\u00f1a el turismo y la producci\u00f3n en la provincia\",\"datePublished\":\"2024-06-23T21:14:44+00:00\",\"dateModified\":\"2024-10-11T22:44:51+00:00\",\"mainEntityOfPage\":{\"@id\":\"https:\/\/www.delexodo.com.ar\/?p=10607\"},\"wordCount\":532,\"publisher\":{\"@id\":\"https:\/\/www.delexodo.com.ar\/#organization\"},\"image\":{\"@id\":\"https:\/\/www.delexodo.com.ar\/?p=10607#primaryimage\"},\"thumbnailUrl\":\"https:\/\/www.delexodo.com.ar\/wp-content\/uploads\/2024\/06\/ALUANI-FIESTA-EMPANADA-GRUPAL.jpg\",\"keywords\":[\"destacar\"],\"articleSection\":[\"NOTICIAS\"],\"inLanguage\":\"es\"},{\"@type\":\"WebPage\",\"@id\":\"https:\/\/www.delexodo.com.ar\/?p=10607\",\"url\":\"https:\/\/www.delexodo.com.ar\/?p=10607\",\"name\":\"La vicegobernadora acompa\u00f1a el turismo y la producci\u00f3n en la provincia - Del \u00c9xodo Nogoy\u00e1\",\"isPartOf\":{\"@id\":\"https:\/\/www.delexodo.com.ar\/#website\"},\"primaryImageOfPage\":{\"@id\":\"https:\/\/www.delexodo.com.ar\/?p=10607#primaryimage\"},\"image\":{\"@id\":\"https:\/\/www.delexodo.com.ar\/?p=10607#primaryimage\"},\"thumbnailUrl\":\"https:\/\/www.delexodo.com.ar\/wp-content\/uploads\/2024\/06\/ALUANI-FIESTA-EMPANADA-GRUPAL.jpg\",\"datePublished\":\"2024-06-23T21:14:44+00:00\",\"dateModified\":\"2024-10-11T22:44:51+00:00\",\"breadcrumb\":{\"@id\":\"https:\/\/www.delexodo.com.ar\/?p=10607#breadcrumb\"},\"inLanguage\":\"es\",\"potentialAction\":[{\"@type\":\"ReadAction\",\"target\":[\"https:\/\/www.delexodo.com.ar\/?p=10607\"]}]},{\"@type\":\"ImageObject\",\"inLanguage\":\"es\",\"@id\":\"https:\/\/www.delexodo.com.ar\/?p=10607#primaryimage\",\"url\":\"https:\/\/www.delexodo.com.ar\/wp-content\/uploads\/2024\/06\/ALUANI-FIESTA-EMPANADA-GRUPAL.jpg\",\"contentUrl\":\"https:\/\/www.delexodo.com.ar\/wp-content\/uploads\/2024\/06\/ALUANI-FIESTA-EMPANADA-GRUPAL.jpg\",\"width\":1545,\"height\":1030},{\"@type\":\"BreadcrumbList\",\"@id\":\"https:\/\/www.delexodo.com.ar\/?p=10607#breadcrumb\",\"itemListElement\":[{\"@type\":\"ListItem\",\"position\":1,\"name\":\"Portada\",\"item\":\"https:\/\/www.delexodo.com.ar\/\"},{\"@type\":\"ListItem\",\"position\":2,\"name\":\"La vicegobernadora acompa\u00f1a el turismo y la producci\u00f3n en la provincia\"}]},{\"@type\":\"WebSite\",\"@id\":\"https:\/\/www.delexodo.com.ar\/#website\",\"url\":\"https:\/\/www.delexodo.com.ar\/\",\"name\":\"Del \u00c9xodo Nogoy\u00e1\",\"description\":\"El Portal de Noticias de la Regi\u00f3n\",\"publisher\":{\"@id\":\"https:\/\/www.delexodo.com.ar\/#organization\"},\"potentialAction\":[{\"@type\":\"SearchAction\",\"target\":{\"@type\":\"EntryPoint\",\"urlTemplate\":\"https:\/\/www.delexodo.com.ar\/?s={search_term_string}\"},\"query-input\":{\"@type\":\"PropertyValueSpecification\",\"valueRequired\":true,\"valueName\":\"search_term_string\"}}],\"inLanguage\":\"es\"},{\"@type\":\"Organization\",\"@id\":\"https:\/\/www.delexodo.com.ar\/#organization\",\"name\":\"Del \u00c9xodo Nogoy\u00e1\",\"url\":\"https:\/\/www.delexodo.com.ar\/\",\"logo\":{\"@type\":\"ImageObject\",\"inLanguage\":\"es\",\"@id\":\"https:\/\/www.delexodo.com.ar\/#\/schema\/logo\/image\/\",\"url\":\"https:\/\/www.delexodo.com.ar\/wp-content\/uploads\/2024\/10\/cropped-cropped-LOGO24.png\",\"contentUrl\":\"https:\/\/www.delexodo.com.ar\/wp-content\/uploads\/2024\/10\/cropped-cropped-LOGO24.png\",\"width\":512,\"height\":349,\"caption\":\"Del \u00c9xodo Nogoy\u00e1\"},\"image\":{\"@id\":\"https:\/\/www.delexodo.com.ar\/#\/schema\/logo\/image\/\"}},{\"@type\":\"Person\",\"@id\":\"https:\/\/www.delexodo.com.ar\/#\/schema\/person\/bbed37f7da8e938660b34f2013ba449d\",\"name\":\"admin\",\"image\":{\"@type\":\"ImageObject\",\"inLanguage\":\"es\",\"@id\":\"https:\/\/www.delexodo.com.ar\/#\/schema\/person\/image\/\",\"url\":\"https:\/\/secure.gravatar.com\/avatar\/6b1558d1b6df085f1901bd5bd98523d7?s=96&d=mm&r=g\",\"contentUrl\":\"https:\/\/secure.gravatar.com\/avatar\/6b1558d1b6df085f1901bd5bd98523d7?s=96&d=mm&r=g\",\"caption\":\"admin\"},\"url\":\"https:\/\/www.delexodo.com.ar\/?author=1\"}]}<\/script>\n<!-- \/ Yoast SEO plugin. -->","yoast_head_json":{"title":"La vicegobernadora acompa\u00f1a el turismo y la producci\u00f3n en la provincia - Del \u00c9xodo Nogoy\u00e1","robots":{"index":"index","follow":"follow","max-snippet":"max-snippet:-1","max-image-preview":"max-image-preview:large","max-video-preview":"max-video-preview:-1"},"canonical":"https:\/\/www.delexodo.com.ar\/?p=10607","og_locale":"es_ES","og_type":"article","og_title":"La vicegobernadora acompa\u00f1a el turismo y la producci\u00f3n en la provincia - Del \u00c9xodo Nogoy\u00e1","og_description":"Este s\u00e1bado, la vicegobernadora Alicia Aluani se hizo presente en el departamento Paran\u00e1, donde particip\u00f3 en la primera Fiesta de&hellip;","og_url":"https:\/\/www.delexodo.com.ar\/?p=10607","og_site_name":"Del \u00c9xodo Nogoy\u00e1","article_published_time":"2024-06-23T21:14:44+00:00","article_modified_time":"2024-10-11T22:44:51+00:00","og_image":[{"width":1545,"height":1030,"url":"https:\/\/www.delexodo.com.ar\/wp-content\/uploads\/2024\/06\/ALUANI-FIESTA-EMPANADA-GRUPAL.jpg","type":"image\/jpeg"}],"author":"admin","twitter_card":"summary_large_image","twitter_misc":{"Escrito por":"admin","Tiempo de lectura":"3 minutos"},"schema":{"@context":"https:\/\/schema.org","@graph":[{"@type":"Article","@id":"https:\/\/www.delexodo.com.ar\/?p=10607#article","isPartOf":{"@id":"https:\/\/www.delexodo.com.ar\/?p=10607"},"author":{"name":"admin","@id":"https:\/\/www.delexodo.com.ar\/#\/schema\/person\/bbed37f7da8e938660b34f2013ba449d"},"headline":"La vicegobernadora acompa\u00f1a el turismo y la producci\u00f3n en la provincia","datePublished":"2024-06-23T21:14:44+00:00","dateModified":"2024-10-11T22:44:51+00:00","mainEntityOfPage":{"@id":"https:\/\/www.delexodo.com.ar\/?p=10607"},"wordCount":532,"publisher":{"@id":"https:\/\/www.delexodo.com.ar\/#organization"},"image":{"@id":"https:\/\/www.delexodo.com.ar\/?p=10607#primaryimage"},"thumbnailUrl":"https:\/\/www.delexodo.com.ar\/wp-content\/uploads\/2024\/06\/ALUANI-FIESTA-EMPANADA-GRUPAL.jpg","keywords":["destacar"],"articleSection":["NOTICIAS"],"inLanguage":"es"},{"@type":"WebPage","@id":"https:\/\/www.delexodo.com.ar\/?p=10607","url":"https:\/\/www.delexodo.com.ar\/?p=10607","name":"La vicegobernadora acompa\u00f1a el turismo y la producci\u00f3n en la provincia - Del \u00c9xodo Nogoy\u00e1","isPartOf":{"@id":"https:\/\/www.delexodo.com.ar\/#website"},"primaryImageOfPage":{"@id":"https:\/\/www.delexodo.com.ar\/?p=10607#primaryimage"},"image":{"@id":"https:\/\/www.delexodo.com.ar\/?p=10607#primaryimage"},"thumbnailUrl":"https:\/\/www.delexodo.com.ar\/wp-content\/uploads\/2024\/06\/ALUANI-FIESTA-EMPANADA-GRUPAL.jpg","datePublished":"2024-06-23T21:14:44+00:00","dateModified":"2024-10-11T22:44:51+00:00","breadcrumb":{"@id":"https:\/\/www.delexodo.com.ar\/?p=10607#breadcrumb"},"inLanguage":"es","potentialAction":[{"@type":"ReadAction","target":["https:\/\/www.delexodo.com.ar\/?p=10607"]}]},{"@type":"ImageObject","inLanguage":"es","@id":"https:\/\/www.delexodo.com.ar\/?p=10607#primaryimage","url":"https:\/\/www.delexodo.com.ar\/wp-content\/uploads\/2024\/06\/ALUANI-FIESTA-EMPANADA-GRUPAL.jpg","contentUrl":"https:\/\/www.delexodo.com.ar\/wp-content\/uploads\/2024\/06\/ALUANI-FIESTA-EMPANADA-GRUPAL.jpg","width":1545,"height":1030},{"@type":"BreadcrumbList","@id":"https:\/\/www.delexodo.com.ar\/?p=10607#breadcrumb","itemListElement":[{"@type":"ListItem","position":1,"name":"Portada","item":"https:\/\/www.delexodo.com.ar\/"},{"@type":"ListItem","position":2,"name":"La vicegobernadora acompa\u00f1a el turismo y la producci\u00f3n en la provincia"}]},{"@type":"WebSite","@id":"https:\/\/www.delexodo.com.ar\/#website","url":"https:\/\/www.delexodo.com.ar\/","name":"Del \u00c9xodo Nogoy\u00e1","description":"El Portal de Noticias de la Regi\u00f3n","publisher":{"@id":"https:\/\/www.delexodo.com.ar\/#organization"},"potentialAction":[{"@type":"SearchAction","target":{"@type":"EntryPoint","urlTemplate":"https:\/\/www.delexodo.com.ar\/?s={search_term_string}"},"query-input":{"@type":"PropertyValueSpecification","valueRequired":true,"valueName":"search_term_string"}}],"inLanguage":"es"},{"@type":"Organization","@id":"https:\/\/www.delexodo.com.ar\/#organization","name":"Del \u00c9xodo Nogoy\u00e1","url":"https:\/\/www.delexodo.com.ar\/","logo":{"@type":"ImageObject","inLanguage":"es","@id":"https:\/\/www.delexodo.com.ar\/#\/schema\/logo\/image\/","url":"https:\/\/www.delexodo.com.ar\/wp-content\/uploads\/2024\/10\/cropped-cropped-LOGO24.png","contentUrl":"https:\/\/www.delexodo.com.ar\/wp-content\/uploads\/2024\/10\/cropped-cropped-LOGO24.png","width":512,"height":349,"caption":"Del \u00c9xodo Nogoy\u00e1"},"image":{"@id":"https:\/\/www.delexodo.com.ar\/#\/schema\/logo\/image\/"}},{"@type":"Person","@id":"https:\/\/www.delexodo.com.ar\/#\/schema\/person\/bbed37f7da8e938660b34f2013ba449d","name":"admin","image":{"@type":"ImageObject","inLanguage":"es","@id":"https:\/\/www.delexodo.com.ar\/#\/schema\/person\/image\/","url":"https:\/\/secure.gravatar.com\/avatar\/6b1558d1b6df085f1901bd5bd98523d7?s=96&d=mm&r=g","contentUrl":"https:\/\/secure.gravatar.com\/avatar\/6b1558d1b6df085f1901bd5bd98523d7?s=96&d=mm&r=g","caption":"admin"},"url":"https:\/\/www.delexodo.com.ar\/?author=1"}]}},"_links":{"self":[{"href":"https:\/\/www.delexodo.com.ar\/index.php?rest_route=\/wp\/v2\/posts\/10607","targetHints":{"allow":["GET"]}}],"collection":[{"href":"https:\/\/www.delexodo.com.ar\/index.php?rest_route=\/wp\/v2\/posts"}],"about":[{"href":"https:\/\/www.delexodo.com.ar\/index.php?rest_route=\/wp\/v2\/types\/post"}],"author":[{"embeddable":true,"href":"https:\/\/www.delexodo.com.ar\/index.php?rest_route=\/wp\/v2\/users\/1"}],"replies":[{"embeddable":true,"href":"https:\/\/www.delexodo.com.ar\/index.php?rest_route=%2Fwp%2Fv2%2Fcomments&post=10607"}],"version-history":[{"count":0,"href":"https:\/\/www.delexodo.com.ar\/index.php?rest_route=\/wp\/v2\/posts\/10607\/revisions"}],"wp:featuredmedia":[{"embeddable":true,"href":"https:\/\/www.delexodo.com.ar\/index.php?rest_route=\/wp\/v2\/media\/10608"}],"wp:attachment":[{"href":"https:\/\/www.delexodo.com.ar\/index.php?rest_route=%2Fwp%2Fv2%2Fmedia&parent=10607"}],"wp:term":[{"taxonomy":"category","embeddable":true,"href":"https:\/\/www.delexodo.com.ar\/index.php?rest_route=%2Fwp%2Fv2%2Fcategories&post=10607"},{"taxonomy":"post_tag","embeddable":true,"href":"https:\/\/www.delexodo.com.ar\/index.php?rest_route=%2Fwp%2Fv2%2Ftags&post=10607"}],"curies":[{"name":"wp","href":"https:\/\/api.w.org\/{rel}","templated":true}]}}