{"id":10576,"date":"2024-06-04T19:25:45","date_gmt":"2024-06-04T22:25:45","guid":{"rendered":"https:\/\/www.delexodo.com.ar\/?p=10576"},"modified":"2024-10-11T19:48:54","modified_gmt":"2024-10-11T22:48:54","slug":"becario-inicia-el-cronograma-de-becas-provinciales","status":"publish","type":"post","link":"https:\/\/www.delexodo.com.ar\/?p=10576","title":{"rendered":"Becario: Inicia el cronograma de becas provinciales"},"content":{"rendered":"\n<p><em>El Instituto Becario anunci\u00f3 el pago de las becas de <strong>nivel secundario y superior,<\/strong> correspondiente al mes de junio. El cronograma se extender\u00e1 desde este mi\u00e9rcoles 5 hasta el jueves 6 inclusive, seg\u00fan la terminaci\u00f3n del DNI del titular del cobro.<\/em><\/p>\n\n\n\n<p>Este mi\u00e9rcoles 5 de junio inicia el pago de las becas provinciales para estudiantes secundarios, terciarios y universitarios. En este sentido, el director ejecutivo del Becario, Mariano Berdi\u00f1as, se\u00f1al\u00f3 que \u00abeste es el \u00faltimo mes de cobro de los estudiantes terciarios y universitarios que obtuvieron el beneficio el a\u00f1o pasado. Actualmente est\u00e1 abierta la inscripci\u00f3n para las becas 2024 de nivel superior, que se realiza de manera online y est\u00e1 disponible las 24hs, sin restricciones\u00bb.<\/p>\n\n\n\n<p>El funcionario record\u00f3 que el periodo de pago para los estudiantes secundarios se extiende de mayo a noviembre y luego febrero y marzo (2025). Mientras que para el nivel superior, que comprende a estudiantes terciarios y universitarios, el periodo de pago va de agosto a diciembre (2024) y de marzo a junio (2025), para nuevos beneficiarios y renovaci\u00f3n.<\/p>\n\n\n\n<p>Al mismo tiempo, se\u00f1al\u00f3 que el cronograma se establece seg\u00fan la terminaci\u00f3n del DNI de la persona titular del cobro, sea \u00e9sta el estudiante o un mayor a cargo. De manera que el cronograma qued\u00f3 establecido de la siguiente manera:<\/p>\n\n\n\n<p><strong>Mi\u00e9rcoles 5: terminaci\u00f3n del DNI en 0, 1, 2, 3 y 4<\/strong><\/p>\n\n\n\n<p><strong>Jueves 6: terminaci\u00f3n del DNI en 5, 6, 7, 8 y 9<\/strong><\/p>\n\n\n\n<h3 class=\"wp-block-heading\"><strong>Canales de atenci\u00f3n<\/strong><\/h3>\n\n\n\n<p>El organismo provincial cuenta con delegaciones en toda la provincia, de las cuales se puede conocer su ubicaci\u00f3n y horario de atenci\u00f3n en la web del Becario, www.institutobecario.gov.ar.<\/p>\n","protected":false},"excerpt":{"rendered":"<p>El Instituto Becario anunci\u00f3 el pago de las becas de nivel secundario y superior, correspondiente al mes de junio. El&hellip;<\/p>\n","protected":false},"author":1,"featured_media":3084,"comment_status":"closed","ping_status":"closed","sticky":false,"template":"","format":"standard","meta":{"_joinchat":[],"footnotes":""},"categories":[69],"tags":[345],"class_list":["post-10576","post","type-post","status-publish","format-standard","has-post-thumbnail","hentry","category-noticias","tag-destacar"],"yoast_head":"<!-- This site is optimized with the Yoast SEO plugin v25.1 - https:\/\/yoast.com\/wordpress\/plugins\/seo\/ -->\n<title>Becario: Inicia el cronograma de becas provinciales - Del \u00c9xodo Nogoy\u00e1<\/title>\n<meta name=\"robots\" content=\"index, follow, max-snippet:-1, max-image-preview:large, max-video-preview:-1\" \/>\n<link rel=\"canonical\" href=\"https:\/\/www.delexodo.com.ar\/?p=10576\" \/>\n<meta property=\"og:locale\" content=\"es_ES\" \/>\n<meta property=\"og:type\" content=\"article\" \/>\n<meta property=\"og:title\" content=\"Becario: Inicia el cronograma de becas provinciales - Del \u00c9xodo Nogoy\u00e1\" \/>\n<meta property=\"og:description\" content=\"El Instituto Becario anunci\u00f3 el pago de las becas de nivel secundario y superior, correspondiente al mes de junio. El&hellip;\" \/>\n<meta property=\"og:url\" content=\"https:\/\/www.delexodo.com.ar\/?p=10576\" \/>\n<meta property=\"og:site_name\" content=\"Del \u00c9xodo Nogoy\u00e1\" \/>\n<meta property=\"article:published_time\" content=\"2024-06-04T22:25:45+00:00\" \/>\n<meta property=\"article:modified_time\" content=\"2024-10-11T22:48:54+00:00\" \/>\n<meta property=\"og:image\" content=\"https:\/\/www.delexodo.com.ar\/wp-content\/uploads\/2019\/05\/Becario.jpg\" \/>\n\t<meta property=\"og:image:width\" content=\"220\" \/>\n\t<meta property=\"og:image:height\" content=\"180\" \/>\n\t<meta property=\"og:image:type\" content=\"image\/jpeg\" \/>\n<meta name=\"author\" content=\"admin\" \/>\n<meta name=\"twitter:card\" content=\"summary_large_image\" \/>\n<meta name=\"twitter:label1\" content=\"Escrito por\" \/>\n\t<meta name=\"twitter:data1\" content=\"admin\" \/>\n\t<meta name=\"twitter:label2\" content=\"Tiempo de lectura\" \/>\n\t<meta name=\"twitter:data2\" content=\"1 minuto\" \/>\n<script type=\"application\/ld+json\" class=\"yoast-schema-graph\">{\"@context\":\"https:\/\/schema.org\",\"@graph\":[{\"@type\":\"Article\",\"@id\":\"https:\/\/www.delexodo.com.ar\/?p=10576#article\",\"isPartOf\":{\"@id\":\"https:\/\/www.delexodo.com.ar\/?p=10576\"},\"author\":{\"name\":\"admin\",\"@id\":\"https:\/\/www.delexodo.com.ar\/#\/schema\/person\/bbed37f7da8e938660b34f2013ba449d\"},\"headline\":\"Becario: Inicia el cronograma de becas provinciales\",\"datePublished\":\"2024-06-04T22:25:45+00:00\",\"dateModified\":\"2024-10-11T22:48:54+00:00\",\"mainEntityOfPage\":{\"@id\":\"https:\/\/www.delexodo.com.ar\/?p=10576\"},\"wordCount\":278,\"publisher\":{\"@id\":\"https:\/\/www.delexodo.com.ar\/#organization\"},\"image\":{\"@id\":\"https:\/\/www.delexodo.com.ar\/?p=10576#primaryimage\"},\"thumbnailUrl\":\"https:\/\/www.delexodo.com.ar\/wp-content\/uploads\/2019\/05\/Becario.jpg\",\"keywords\":[\"destacar\"],\"articleSection\":[\"NOTICIAS\"],\"inLanguage\":\"es\"},{\"@type\":\"WebPage\",\"@id\":\"https:\/\/www.delexodo.com.ar\/?p=10576\",\"url\":\"https:\/\/www.delexodo.com.ar\/?p=10576\",\"name\":\"Becario: Inicia el cronograma de becas provinciales - Del \u00c9xodo Nogoy\u00e1\",\"isPartOf\":{\"@id\":\"https:\/\/www.delexodo.com.ar\/#website\"},\"primaryImageOfPage\":{\"@id\":\"https:\/\/www.delexodo.com.ar\/?p=10576#primaryimage\"},\"image\":{\"@id\":\"https:\/\/www.delexodo.com.ar\/?p=10576#primaryimage\"},\"thumbnailUrl\":\"https:\/\/www.delexodo.com.ar\/wp-content\/uploads\/2019\/05\/Becario.jpg\",\"datePublished\":\"2024-06-04T22:25:45+00:00\",\"dateModified\":\"2024-10-11T22:48:54+00:00\",\"breadcrumb\":{\"@id\":\"https:\/\/www.delexodo.com.ar\/?p=10576#breadcrumb\"},\"inLanguage\":\"es\",\"potentialAction\":[{\"@type\":\"ReadAction\",\"target\":[\"https:\/\/www.delexodo.com.ar\/?p=10576\"]}]},{\"@type\":\"ImageObject\",\"inLanguage\":\"es\",\"@id\":\"https:\/\/www.delexodo.com.ar\/?p=10576#primaryimage\",\"url\":\"https:\/\/www.delexodo.com.ar\/wp-content\/uploads\/2019\/05\/Becario.jpg\",\"contentUrl\":\"https:\/\/www.delexodo.com.ar\/wp-content\/uploads\/2019\/05\/Becario.jpg\",\"width\":220,\"height\":180},{\"@type\":\"BreadcrumbList\",\"@id\":\"https:\/\/www.delexodo.com.ar\/?p=10576#breadcrumb\",\"itemListElement\":[{\"@type\":\"ListItem\",\"position\":1,\"name\":\"Portada\",\"item\":\"https:\/\/www.delexodo.com.ar\/\"},{\"@type\":\"ListItem\",\"position\":2,\"name\":\"Becario: Inicia el cronograma de becas provinciales\"}]},{\"@type\":\"WebSite\",\"@id\":\"https:\/\/www.delexodo.com.ar\/#website\",\"url\":\"https:\/\/www.delexodo.com.ar\/\",\"name\":\"Del \u00c9xodo Nogoy\u00e1\",\"description\":\"El Portal de Noticias de la Regi\u00f3n\",\"publisher\":{\"@id\":\"https:\/\/www.delexodo.com.ar\/#organization\"},\"potentialAction\":[{\"@type\":\"SearchAction\",\"target\":{\"@type\":\"EntryPoint\",\"urlTemplate\":\"https:\/\/www.delexodo.com.ar\/?s={search_term_string}\"},\"query-input\":{\"@type\":\"PropertyValueSpecification\",\"valueRequired\":true,\"valueName\":\"search_term_string\"}}],\"inLanguage\":\"es\"},{\"@type\":\"Organization\",\"@id\":\"https:\/\/www.delexodo.com.ar\/#organization\",\"name\":\"Del \u00c9xodo Nogoy\u00e1\",\"url\":\"https:\/\/www.delexodo.com.ar\/\",\"logo\":{\"@type\":\"ImageObject\",\"inLanguage\":\"es\",\"@id\":\"https:\/\/www.delexodo.com.ar\/#\/schema\/logo\/image\/\",\"url\":\"https:\/\/www.delexodo.com.ar\/wp-content\/uploads\/2024\/10\/cropped-cropped-LOGO24.png\",\"contentUrl\":\"https:\/\/www.delexodo.com.ar\/wp-content\/uploads\/2024\/10\/cropped-cropped-LOGO24.png\",\"width\":512,\"height\":349,\"caption\":\"Del \u00c9xodo Nogoy\u00e1\"},\"image\":{\"@id\":\"https:\/\/www.delexodo.com.ar\/#\/schema\/logo\/image\/\"}},{\"@type\":\"Person\",\"@id\":\"https:\/\/www.delexodo.com.ar\/#\/schema\/person\/bbed37f7da8e938660b34f2013ba449d\",\"name\":\"admin\",\"image\":{\"@type\":\"ImageObject\",\"inLanguage\":\"es\",\"@id\":\"https:\/\/www.delexodo.com.ar\/#\/schema\/person\/image\/\",\"url\":\"https:\/\/secure.gravatar.com\/avatar\/6b1558d1b6df085f1901bd5bd98523d7?s=96&d=mm&r=g\",\"contentUrl\":\"https:\/\/secure.gravatar.com\/avatar\/6b1558d1b6df085f1901bd5bd98523d7?s=96&d=mm&r=g\",\"caption\":\"admin\"},\"url\":\"https:\/\/www.delexodo.com.ar\/?author=1\"}]}<\/script>\n<!-- \/ Yoast SEO plugin. -->","yoast_head_json":{"title":"Becario: Inicia el cronograma de becas provinciales - Del \u00c9xodo Nogoy\u00e1","robots":{"index":"index","follow":"follow","max-snippet":"max-snippet:-1","max-image-preview":"max-image-preview:large","max-video-preview":"max-video-preview:-1"},"canonical":"https:\/\/www.delexodo.com.ar\/?p=10576","og_locale":"es_ES","og_type":"article","og_title":"Becario: Inicia el cronograma de becas provinciales - Del \u00c9xodo Nogoy\u00e1","og_description":"El Instituto Becario anunci\u00f3 el pago de las becas de nivel secundario y superior, correspondiente al mes de junio. El&hellip;","og_url":"https:\/\/www.delexodo.com.ar\/?p=10576","og_site_name":"Del \u00c9xodo Nogoy\u00e1","article_published_time":"2024-06-04T22:25:45+00:00","article_modified_time":"2024-10-11T22:48:54+00:00","og_image":[{"width":220,"height":180,"url":"https:\/\/www.delexodo.com.ar\/wp-content\/uploads\/2019\/05\/Becario.jpg","type":"image\/jpeg"}],"author":"admin","twitter_card":"summary_large_image","twitter_misc":{"Escrito por":"admin","Tiempo de lectura":"1 minuto"},"schema":{"@context":"https:\/\/schema.org","@graph":[{"@type":"Article","@id":"https:\/\/www.delexodo.com.ar\/?p=10576#article","isPartOf":{"@id":"https:\/\/www.delexodo.com.ar\/?p=10576"},"author":{"name":"admin","@id":"https:\/\/www.delexodo.com.ar\/#\/schema\/person\/bbed37f7da8e938660b34f2013ba449d"},"headline":"Becario: Inicia el cronograma de becas provinciales","datePublished":"2024-06-04T22:25:45+00:00","dateModified":"2024-10-11T22:48:54+00:00","mainEntityOfPage":{"@id":"https:\/\/www.delexodo.com.ar\/?p=10576"},"wordCount":278,"publisher":{"@id":"https:\/\/www.delexodo.com.ar\/#organization"},"image":{"@id":"https:\/\/www.delexodo.com.ar\/?p=10576#primaryimage"},"thumbnailUrl":"https:\/\/www.delexodo.com.ar\/wp-content\/uploads\/2019\/05\/Becario.jpg","keywords":["destacar"],"articleSection":["NOTICIAS"],"inLanguage":"es"},{"@type":"WebPage","@id":"https:\/\/www.delexodo.com.ar\/?p=10576","url":"https:\/\/www.delexodo.com.ar\/?p=10576","name":"Becario: Inicia el cronograma de becas provinciales - Del \u00c9xodo Nogoy\u00e1","isPartOf":{"@id":"https:\/\/www.delexodo.com.ar\/#website"},"primaryImageOfPage":{"@id":"https:\/\/www.delexodo.com.ar\/?p=10576#primaryimage"},"image":{"@id":"https:\/\/www.delexodo.com.ar\/?p=10576#primaryimage"},"thumbnailUrl":"https:\/\/www.delexodo.com.ar\/wp-content\/uploads\/2019\/05\/Becario.jpg","datePublished":"2024-06-04T22:25:45+00:00","dateModified":"2024-10-11T22:48:54+00:00","breadcrumb":{"@id":"https:\/\/www.delexodo.com.ar\/?p=10576#breadcrumb"},"inLanguage":"es","potentialAction":[{"@type":"ReadAction","target":["https:\/\/www.delexodo.com.ar\/?p=10576"]}]},{"@type":"ImageObject","inLanguage":"es","@id":"https:\/\/www.delexodo.com.ar\/?p=10576#primaryimage","url":"https:\/\/www.delexodo.com.ar\/wp-content\/uploads\/2019\/05\/Becario.jpg","contentUrl":"https:\/\/www.delexodo.com.ar\/wp-content\/uploads\/2019\/05\/Becario.jpg","width":220,"height":180},{"@type":"BreadcrumbList","@id":"https:\/\/www.delexodo.com.ar\/?p=10576#breadcrumb","itemListElement":[{"@type":"ListItem","position":1,"name":"Portada","item":"https:\/\/www.delexodo.com.ar\/"},{"@type":"ListItem","position":2,"name":"Becario: Inicia el cronograma de becas provinciales"}]},{"@type":"WebSite","@id":"https:\/\/www.delexodo.com.ar\/#website","url":"https:\/\/www.delexodo.com.ar\/","name":"Del \u00c9xodo Nogoy\u00e1","description":"El Portal de Noticias de la Regi\u00f3n","publisher":{"@id":"https:\/\/www.delexodo.com.ar\/#organization"},"potentialAction":[{"@type":"SearchAction","target":{"@type":"EntryPoint","urlTemplate":"https:\/\/www.delexodo.com.ar\/?s={search_term_string}"},"query-input":{"@type":"PropertyValueSpecification","valueRequired":true,"valueName":"search_term_string"}}],"inLanguage":"es"},{"@type":"Organization","@id":"https:\/\/www.delexodo.com.ar\/#organization","name":"Del \u00c9xodo Nogoy\u00e1","url":"https:\/\/www.delexodo.com.ar\/","logo":{"@type":"ImageObject","inLanguage":"es","@id":"https:\/\/www.delexodo.com.ar\/#\/schema\/logo\/image\/","url":"https:\/\/www.delexodo.com.ar\/wp-content\/uploads\/2024\/10\/cropped-cropped-LOGO24.png","contentUrl":"https:\/\/www.delexodo.com.ar\/wp-content\/uploads\/2024\/10\/cropped-cropped-LOGO24.png","width":512,"height":349,"caption":"Del \u00c9xodo Nogoy\u00e1"},"image":{"@id":"https:\/\/www.delexodo.com.ar\/#\/schema\/logo\/image\/"}},{"@type":"Person","@id":"https:\/\/www.delexodo.com.ar\/#\/schema\/person\/bbed37f7da8e938660b34f2013ba449d","name":"admin","image":{"@type":"ImageObject","inLanguage":"es","@id":"https:\/\/www.delexodo.com.ar\/#\/schema\/person\/image\/","url":"https:\/\/secure.gravatar.com\/avatar\/6b1558d1b6df085f1901bd5bd98523d7?s=96&d=mm&r=g","contentUrl":"https:\/\/secure.gravatar.com\/avatar\/6b1558d1b6df085f1901bd5bd98523d7?s=96&d=mm&r=g","caption":"admin"},"url":"https:\/\/www.delexodo.com.ar\/?author=1"}]}},"_links":{"self":[{"href":"https:\/\/www.delexodo.com.ar\/index.php?rest_route=\/wp\/v2\/posts\/10576","targetHints":{"allow":["GET"]}}],"collection":[{"href":"https:\/\/www.delexodo.com.ar\/index.php?rest_route=\/wp\/v2\/posts"}],"about":[{"href":"https:\/\/www.delexodo.com.ar\/index.php?rest_route=\/wp\/v2\/types\/post"}],"author":[{"embeddable":true,"href":"https:\/\/www.delexodo.com.ar\/index.php?rest_route=\/wp\/v2\/users\/1"}],"replies":[{"embeddable":true,"href":"https:\/\/www.delexodo.com.ar\/index.php?rest_route=%2Fwp%2Fv2%2Fcomments&post=10576"}],"version-history":[{"count":0,"href":"https:\/\/www.delexodo.com.ar\/index.php?rest_route=\/wp\/v2\/posts\/10576\/revisions"}],"wp:featuredmedia":[{"embeddable":true,"href":"https:\/\/www.delexodo.com.ar\/index.php?rest_route=\/wp\/v2\/media\/3084"}],"wp:attachment":[{"href":"https:\/\/www.delexodo.com.ar\/index.php?rest_route=%2Fwp%2Fv2%2Fmedia&parent=10576"}],"wp:term":[{"taxonomy":"category","embeddable":true,"href":"https:\/\/www.delexodo.com.ar\/index.php?rest_route=%2Fwp%2Fv2%2Fcategories&post=10576"},{"taxonomy":"post_tag","embeddable":true,"href":"https:\/\/www.delexodo.com.ar\/index.php?rest_route=%2Fwp%2Fv2%2Ftags&post=10576"}],"curies":[{"name":"wp","href":"https:\/\/api.w.org\/{rel}","templated":true}]}}