{"id":10518,"date":"2024-05-17T16:19:08","date_gmt":"2024-05-17T19:19:08","guid":{"rendered":"https:\/\/www.delexodo.com.ar\/?p=10518"},"modified":"2024-05-17T16:19:08","modified_gmt":"2024-05-17T19:19:08","slug":"la-provincia-acordo-aumentos-salariales-con-los-gremios-estatales","status":"publish","type":"post","link":"https:\/\/www.delexodo.com.ar\/?p=10518","title":{"rendered":"La provincia acord\u00f3 aumentos salariales con los gremios estatales"},"content":{"rendered":"\n<p><em>En el marco de las paritarias, el gobierno provincial se reuni\u00f3 con la Asociaci\u00f3n Trabajadores del Estado (ATE) y la Uni\u00f3n del Personal Civil de la Naci\u00f3n (UPCN), acordando un aumento de un cinco por ciento para abril (de los cuales tres ya fueron liquidados), un siete por ciento para mayo y un ocho por ciento para junio.\u00a0<\/em><\/p>\n\n\n\n<figure class=\"wp-block-audio\"><audio controls src=\"https:\/\/www.delexodo.com.ar\/wp-content\/uploads\/2024\/05\/aumentos-salariales-con-estatales.mp3\"><\/audio><figcaption>secretario de Presupuesto y Finanzas, Uriel Brupbacher<\/figcaption><\/figure>\n\n\n\n<p>Adem\u00e1s, se plante\u00f3 una cl\u00e1usula de revisi\u00f3n para cuando se conozca el \u00cdndice de Precios al Consumidor (IPC) de junio, que implica una convocatoria a paritarias a fines de acordar la forma y t\u00e9rminos en que se actualizar\u00e1 el salario para cerrar el primer semestre 2024.<\/p>\n\n\n\n<p>Los gremios plantearon mover a junio la base de c\u00e1lculo para los aumentos, lo cual los representantes gubernamentales se comprometieron a revisar para ver la posibilidad de modificarla a partir de la liquidaci\u00f3n de haberes de julio. En relaci\u00f3n a este \u00faltimo \u00edtem, cabe recordar que esta actualizaci\u00f3n ya se hizo en dos ocasiones desde que se inici\u00f3 la actual gesti\u00f3n provincial.<\/p>\n\n\n\n<p>El encuentro fue presidido por el secretario de Trabajo, Mariano Camoirano. Por el gobierno particip\u00f3 el secretario de Presupuesto y Finanzas, Uriel Brupbacher, qui\u00e9n se\u00f1al\u00f3 que atento a lo acordado <em>\u00abel impacto en el bolsillo de los trabajadores este fin de mes ser\u00e1 del 9 por ciento\u00bb<\/em>, teniendo en cuenta los dos retroactivos del mes de abril y los siete de mayo.\u00a0<\/p>\n\n\n\n<p><em>\u00abEs una oferta importante, con un sacrificio que est\u00e1 haciendo el gobierno. Venimos ordenando la cuesti\u00f3n financiera con el decreto 991, donde pusimos coto a una serie de gastos. Esto no permiti\u00f3 corregir esas ofertas que hab\u00edamos hecho en oportunidades anteriores\u00bb<\/em>, resalt\u00f3 el funcionario.<\/p>\n\n\n\n<p>Brupbacher indic\u00f3 adem\u00e1s que el gobierno le da importancia a no alterar el cronograma de pagos, y que si bien eso tiene un costo financiero para la provincia, a los trabajadores <em>\u00ables ordena sus finanzas, porque los 10 generalmente vencen tarjeta de cr\u00e9dito, el alquiler, y un mont\u00f3n de cuestiones personales. Hoy por hoy, ese costo financiero lo est\u00e1 absorbiendo la provincia\u00bb<\/em>.\u00a0<\/p>\n\n\n\n<p>En representaci\u00f3n de ATE, particip\u00f3 del encuentro paritario el secretario general de la Regional Entre R\u00edos, Oscar Muntes, y la secretaria administrativa, Mariana Luj\u00e1n. Por UPCN lo hizo su secretario general, Jos\u00e9 Allende, y la secretaria adjunta, Carina Dominguez.<\/p>\n","protected":false},"excerpt":{"rendered":"<p>En el marco de las paritarias, el gobierno provincial se reuni\u00f3 con la Asociaci\u00f3n Trabajadores del Estado (ATE) y la&hellip;<\/p>\n","protected":false},"author":1,"featured_media":10520,"comment_status":"closed","ping_status":"closed","sticky":false,"template":"","format":"standard","meta":{"_joinchat":[],"footnotes":""},"categories":[65,1,69,349],"tags":[345],"class_list":["post-10518","post","type-post","status-publish","format-standard","has-post-thumbnail","hentry","category-destacados","category-sincategoria","category-noticias","category-politica","tag-destacar"],"yoast_head":"<!-- This site is optimized with the Yoast SEO plugin v25.1 - https:\/\/yoast.com\/wordpress\/plugins\/seo\/ -->\n<title>La provincia acord\u00f3 aumentos salariales con los gremios estatales - Del \u00c9xodo Nogoy\u00e1<\/title>\n<meta name=\"robots\" content=\"index, follow, max-snippet:-1, max-image-preview:large, max-video-preview:-1\" \/>\n<link rel=\"canonical\" href=\"https:\/\/www.delexodo.com.ar\/?p=10518\" \/>\n<meta property=\"og:locale\" content=\"es_ES\" \/>\n<meta property=\"og:type\" content=\"article\" \/>\n<meta property=\"og:title\" content=\"La provincia acord\u00f3 aumentos salariales con los gremios estatales - Del \u00c9xodo Nogoy\u00e1\" \/>\n<meta property=\"og:description\" content=\"En el marco de las paritarias, el gobierno provincial se reuni\u00f3 con la Asociaci\u00f3n Trabajadores del Estado (ATE) y la&hellip;\" \/>\n<meta property=\"og:url\" content=\"https:\/\/www.delexodo.com.ar\/?p=10518\" \/>\n<meta property=\"og:site_name\" content=\"Del \u00c9xodo Nogoy\u00e1\" \/>\n<meta property=\"article:published_time\" content=\"2024-05-17T19:19:08+00:00\" \/>\n<meta property=\"og:image\" content=\"https:\/\/www.delexodo.com.ar\/wp-content\/uploads\/2024\/05\/MESA-PARITARIA-ESTATALES.jpeg\" \/>\n\t<meta property=\"og:image:width\" content=\"1920\" \/>\n\t<meta property=\"og:image:height\" content=\"1280\" \/>\n\t<meta property=\"og:image:type\" content=\"image\/jpeg\" \/>\n<meta name=\"author\" content=\"admin\" \/>\n<meta name=\"twitter:card\" content=\"summary_large_image\" \/>\n<meta name=\"twitter:label1\" content=\"Escrito por\" \/>\n\t<meta name=\"twitter:data1\" content=\"admin\" \/>\n\t<meta name=\"twitter:label2\" content=\"Tiempo de lectura\" \/>\n\t<meta name=\"twitter:data2\" content=\"2 minutos\" \/>\n<script type=\"application\/ld+json\" class=\"yoast-schema-graph\">{\"@context\":\"https:\/\/schema.org\",\"@graph\":[{\"@type\":\"Article\",\"@id\":\"https:\/\/www.delexodo.com.ar\/?p=10518#article\",\"isPartOf\":{\"@id\":\"https:\/\/www.delexodo.com.ar\/?p=10518\"},\"author\":{\"name\":\"admin\",\"@id\":\"https:\/\/www.delexodo.com.ar\/#\/schema\/person\/bbed37f7da8e938660b34f2013ba449d\"},\"headline\":\"La provincia acord\u00f3 aumentos salariales con los gremios estatales\",\"datePublished\":\"2024-05-17T19:19:08+00:00\",\"mainEntityOfPage\":{\"@id\":\"https:\/\/www.delexodo.com.ar\/?p=10518\"},\"wordCount\":407,\"publisher\":{\"@id\":\"https:\/\/www.delexodo.com.ar\/#organization\"},\"image\":{\"@id\":\"https:\/\/www.delexodo.com.ar\/?p=10518#primaryimage\"},\"thumbnailUrl\":\"https:\/\/www.delexodo.com.ar\/wp-content\/uploads\/2024\/05\/MESA-PARITARIA-ESTATALES.jpeg\",\"keywords\":[\"destacar\"],\"articleSection\":[\"Destacados\",\"Nogoya\",\"NOTICIAS\",\"Politica\"],\"inLanguage\":\"es\"},{\"@type\":\"WebPage\",\"@id\":\"https:\/\/www.delexodo.com.ar\/?p=10518\",\"url\":\"https:\/\/www.delexodo.com.ar\/?p=10518\",\"name\":\"La provincia acord\u00f3 aumentos salariales con los gremios estatales - Del \u00c9xodo Nogoy\u00e1\",\"isPartOf\":{\"@id\":\"https:\/\/www.delexodo.com.ar\/#website\"},\"primaryImageOfPage\":{\"@id\":\"https:\/\/www.delexodo.com.ar\/?p=10518#primaryimage\"},\"image\":{\"@id\":\"https:\/\/www.delexodo.com.ar\/?p=10518#primaryimage\"},\"thumbnailUrl\":\"https:\/\/www.delexodo.com.ar\/wp-content\/uploads\/2024\/05\/MESA-PARITARIA-ESTATALES.jpeg\",\"datePublished\":\"2024-05-17T19:19:08+00:00\",\"breadcrumb\":{\"@id\":\"https:\/\/www.delexodo.com.ar\/?p=10518#breadcrumb\"},\"inLanguage\":\"es\",\"potentialAction\":[{\"@type\":\"ReadAction\",\"target\":[\"https:\/\/www.delexodo.com.ar\/?p=10518\"]}]},{\"@type\":\"ImageObject\",\"inLanguage\":\"es\",\"@id\":\"https:\/\/www.delexodo.com.ar\/?p=10518#primaryimage\",\"url\":\"https:\/\/www.delexodo.com.ar\/wp-content\/uploads\/2024\/05\/MESA-PARITARIA-ESTATALES.jpeg\",\"contentUrl\":\"https:\/\/www.delexodo.com.ar\/wp-content\/uploads\/2024\/05\/MESA-PARITARIA-ESTATALES.jpeg\",\"width\":1920,\"height\":1280},{\"@type\":\"BreadcrumbList\",\"@id\":\"https:\/\/www.delexodo.com.ar\/?p=10518#breadcrumb\",\"itemListElement\":[{\"@type\":\"ListItem\",\"position\":1,\"name\":\"Portada\",\"item\":\"https:\/\/www.delexodo.com.ar\/\"},{\"@type\":\"ListItem\",\"position\":2,\"name\":\"La provincia acord\u00f3 aumentos salariales con los gremios estatales\"}]},{\"@type\":\"WebSite\",\"@id\":\"https:\/\/www.delexodo.com.ar\/#website\",\"url\":\"https:\/\/www.delexodo.com.ar\/\",\"name\":\"Del \u00c9xodo Nogoy\u00e1\",\"description\":\"El Portal de Noticias de la Regi\u00f3n\",\"publisher\":{\"@id\":\"https:\/\/www.delexodo.com.ar\/#organization\"},\"potentialAction\":[{\"@type\":\"SearchAction\",\"target\":{\"@type\":\"EntryPoint\",\"urlTemplate\":\"https:\/\/www.delexodo.com.ar\/?s={search_term_string}\"},\"query-input\":{\"@type\":\"PropertyValueSpecification\",\"valueRequired\":true,\"valueName\":\"search_term_string\"}}],\"inLanguage\":\"es\"},{\"@type\":\"Organization\",\"@id\":\"https:\/\/www.delexodo.com.ar\/#organization\",\"name\":\"Del \u00c9xodo Nogoy\u00e1\",\"url\":\"https:\/\/www.delexodo.com.ar\/\",\"logo\":{\"@type\":\"ImageObject\",\"inLanguage\":\"es\",\"@id\":\"https:\/\/www.delexodo.com.ar\/#\/schema\/logo\/image\/\",\"url\":\"https:\/\/www.delexodo.com.ar\/wp-content\/uploads\/2024\/10\/cropped-cropped-LOGO24.png\",\"contentUrl\":\"https:\/\/www.delexodo.com.ar\/wp-content\/uploads\/2024\/10\/cropped-cropped-LOGO24.png\",\"width\":512,\"height\":349,\"caption\":\"Del \u00c9xodo Nogoy\u00e1\"},\"image\":{\"@id\":\"https:\/\/www.delexodo.com.ar\/#\/schema\/logo\/image\/\"}},{\"@type\":\"Person\",\"@id\":\"https:\/\/www.delexodo.com.ar\/#\/schema\/person\/bbed37f7da8e938660b34f2013ba449d\",\"name\":\"admin\",\"image\":{\"@type\":\"ImageObject\",\"inLanguage\":\"es\",\"@id\":\"https:\/\/www.delexodo.com.ar\/#\/schema\/person\/image\/\",\"url\":\"https:\/\/secure.gravatar.com\/avatar\/6b1558d1b6df085f1901bd5bd98523d7?s=96&d=mm&r=g\",\"contentUrl\":\"https:\/\/secure.gravatar.com\/avatar\/6b1558d1b6df085f1901bd5bd98523d7?s=96&d=mm&r=g\",\"caption\":\"admin\"},\"url\":\"https:\/\/www.delexodo.com.ar\/?author=1\"}]}<\/script>\n<!-- \/ Yoast SEO plugin. -->","yoast_head_json":{"title":"La provincia acord\u00f3 aumentos salariales con los gremios estatales - Del \u00c9xodo Nogoy\u00e1","robots":{"index":"index","follow":"follow","max-snippet":"max-snippet:-1","max-image-preview":"max-image-preview:large","max-video-preview":"max-video-preview:-1"},"canonical":"https:\/\/www.delexodo.com.ar\/?p=10518","og_locale":"es_ES","og_type":"article","og_title":"La provincia acord\u00f3 aumentos salariales con los gremios estatales - Del \u00c9xodo Nogoy\u00e1","og_description":"En el marco de las paritarias, el gobierno provincial se reuni\u00f3 con la Asociaci\u00f3n Trabajadores del Estado (ATE) y la&hellip;","og_url":"https:\/\/www.delexodo.com.ar\/?p=10518","og_site_name":"Del \u00c9xodo Nogoy\u00e1","article_published_time":"2024-05-17T19:19:08+00:00","og_image":[{"width":1920,"height":1280,"url":"https:\/\/www.delexodo.com.ar\/wp-content\/uploads\/2024\/05\/MESA-PARITARIA-ESTATALES.jpeg","type":"image\/jpeg"}],"author":"admin","twitter_card":"summary_large_image","twitter_misc":{"Escrito por":"admin","Tiempo de lectura":"2 minutos"},"schema":{"@context":"https:\/\/schema.org","@graph":[{"@type":"Article","@id":"https:\/\/www.delexodo.com.ar\/?p=10518#article","isPartOf":{"@id":"https:\/\/www.delexodo.com.ar\/?p=10518"},"author":{"name":"admin","@id":"https:\/\/www.delexodo.com.ar\/#\/schema\/person\/bbed37f7da8e938660b34f2013ba449d"},"headline":"La provincia acord\u00f3 aumentos salariales con los gremios estatales","datePublished":"2024-05-17T19:19:08+00:00","mainEntityOfPage":{"@id":"https:\/\/www.delexodo.com.ar\/?p=10518"},"wordCount":407,"publisher":{"@id":"https:\/\/www.delexodo.com.ar\/#organization"},"image":{"@id":"https:\/\/www.delexodo.com.ar\/?p=10518#primaryimage"},"thumbnailUrl":"https:\/\/www.delexodo.com.ar\/wp-content\/uploads\/2024\/05\/MESA-PARITARIA-ESTATALES.jpeg","keywords":["destacar"],"articleSection":["Destacados","Nogoya","NOTICIAS","Politica"],"inLanguage":"es"},{"@type":"WebPage","@id":"https:\/\/www.delexodo.com.ar\/?p=10518","url":"https:\/\/www.delexodo.com.ar\/?p=10518","name":"La provincia acord\u00f3 aumentos salariales con los gremios estatales - Del \u00c9xodo Nogoy\u00e1","isPartOf":{"@id":"https:\/\/www.delexodo.com.ar\/#website"},"primaryImageOfPage":{"@id":"https:\/\/www.delexodo.com.ar\/?p=10518#primaryimage"},"image":{"@id":"https:\/\/www.delexodo.com.ar\/?p=10518#primaryimage"},"thumbnailUrl":"https:\/\/www.delexodo.com.ar\/wp-content\/uploads\/2024\/05\/MESA-PARITARIA-ESTATALES.jpeg","datePublished":"2024-05-17T19:19:08+00:00","breadcrumb":{"@id":"https:\/\/www.delexodo.com.ar\/?p=10518#breadcrumb"},"inLanguage":"es","potentialAction":[{"@type":"ReadAction","target":["https:\/\/www.delexodo.com.ar\/?p=10518"]}]},{"@type":"ImageObject","inLanguage":"es","@id":"https:\/\/www.delexodo.com.ar\/?p=10518#primaryimage","url":"https:\/\/www.delexodo.com.ar\/wp-content\/uploads\/2024\/05\/MESA-PARITARIA-ESTATALES.jpeg","contentUrl":"https:\/\/www.delexodo.com.ar\/wp-content\/uploads\/2024\/05\/MESA-PARITARIA-ESTATALES.jpeg","width":1920,"height":1280},{"@type":"BreadcrumbList","@id":"https:\/\/www.delexodo.com.ar\/?p=10518#breadcrumb","itemListElement":[{"@type":"ListItem","position":1,"name":"Portada","item":"https:\/\/www.delexodo.com.ar\/"},{"@type":"ListItem","position":2,"name":"La provincia acord\u00f3 aumentos salariales con los gremios estatales"}]},{"@type":"WebSite","@id":"https:\/\/www.delexodo.com.ar\/#website","url":"https:\/\/www.delexodo.com.ar\/","name":"Del \u00c9xodo Nogoy\u00e1","description":"El Portal de Noticias de la Regi\u00f3n","publisher":{"@id":"https:\/\/www.delexodo.com.ar\/#organization"},"potentialAction":[{"@type":"SearchAction","target":{"@type":"EntryPoint","urlTemplate":"https:\/\/www.delexodo.com.ar\/?s={search_term_string}"},"query-input":{"@type":"PropertyValueSpecification","valueRequired":true,"valueName":"search_term_string"}}],"inLanguage":"es"},{"@type":"Organization","@id":"https:\/\/www.delexodo.com.ar\/#organization","name":"Del \u00c9xodo Nogoy\u00e1","url":"https:\/\/www.delexodo.com.ar\/","logo":{"@type":"ImageObject","inLanguage":"es","@id":"https:\/\/www.delexodo.com.ar\/#\/schema\/logo\/image\/","url":"https:\/\/www.delexodo.com.ar\/wp-content\/uploads\/2024\/10\/cropped-cropped-LOGO24.png","contentUrl":"https:\/\/www.delexodo.com.ar\/wp-content\/uploads\/2024\/10\/cropped-cropped-LOGO24.png","width":512,"height":349,"caption":"Del \u00c9xodo Nogoy\u00e1"},"image":{"@id":"https:\/\/www.delexodo.com.ar\/#\/schema\/logo\/image\/"}},{"@type":"Person","@id":"https:\/\/www.delexodo.com.ar\/#\/schema\/person\/bbed37f7da8e938660b34f2013ba449d","name":"admin","image":{"@type":"ImageObject","inLanguage":"es","@id":"https:\/\/www.delexodo.com.ar\/#\/schema\/person\/image\/","url":"https:\/\/secure.gravatar.com\/avatar\/6b1558d1b6df085f1901bd5bd98523d7?s=96&d=mm&r=g","contentUrl":"https:\/\/secure.gravatar.com\/avatar\/6b1558d1b6df085f1901bd5bd98523d7?s=96&d=mm&r=g","caption":"admin"},"url":"https:\/\/www.delexodo.com.ar\/?author=1"}]}},"_links":{"self":[{"href":"https:\/\/www.delexodo.com.ar\/index.php?rest_route=\/wp\/v2\/posts\/10518","targetHints":{"allow":["GET"]}}],"collection":[{"href":"https:\/\/www.delexodo.com.ar\/index.php?rest_route=\/wp\/v2\/posts"}],"about":[{"href":"https:\/\/www.delexodo.com.ar\/index.php?rest_route=\/wp\/v2\/types\/post"}],"author":[{"embeddable":true,"href":"https:\/\/www.delexodo.com.ar\/index.php?rest_route=\/wp\/v2\/users\/1"}],"replies":[{"embeddable":true,"href":"https:\/\/www.delexodo.com.ar\/index.php?rest_route=%2Fwp%2Fv2%2Fcomments&post=10518"}],"version-history":[{"count":0,"href":"https:\/\/www.delexodo.com.ar\/index.php?rest_route=\/wp\/v2\/posts\/10518\/revisions"}],"wp:featuredmedia":[{"embeddable":true,"href":"https:\/\/www.delexodo.com.ar\/index.php?rest_route=\/wp\/v2\/media\/10520"}],"wp:attachment":[{"href":"https:\/\/www.delexodo.com.ar\/index.php?rest_route=%2Fwp%2Fv2%2Fmedia&parent=10518"}],"wp:term":[{"taxonomy":"category","embeddable":true,"href":"https:\/\/www.delexodo.com.ar\/index.php?rest_route=%2Fwp%2Fv2%2Fcategories&post=10518"},{"taxonomy":"post_tag","embeddable":true,"href":"https:\/\/www.delexodo.com.ar\/index.php?rest_route=%2Fwp%2Fv2%2Ftags&post=10518"}],"curies":[{"name":"wp","href":"https:\/\/api.w.org\/{rel}","templated":true}]}}