{"id":10433,"date":"2024-04-24T17:34:15","date_gmt":"2024-04-24T20:34:15","guid":{"rendered":"https:\/\/www.delexodo.com.ar\/?p=10433"},"modified":"2024-04-24T17:34:15","modified_gmt":"2024-04-24T20:34:15","slug":"aluani-acompano-los-festejos-por-el-136o-aniversario-de-crespo","status":"publish","type":"post","link":"https:\/\/www.delexodo.com.ar\/?p=10433","title":{"rendered":"Aluani acompa\u00f1\u00f3 los festejos por el 136\u00ba Aniversario de Crespo"},"content":{"rendered":"\n<p><em>La vicegobernadora Alicia Aluani estuvo presente este mi\u00e9rcoles en el acto oficial por el 136\u00ba Aniversario de la Ciudad de Crespo.<\/em><\/p>\n\n\n\n<p>Este mi\u00e9rcoles en el play\u00f3n de la Plaza Sarmiento, frente al edificio municipal, se realiz\u00f3 el acto oficial por los <strong>136\u00ba Aniversario de la Ciudad de Crespo<\/strong> encabezado por el presidente municipal de Crespo, Marcelo Cerutti. La <strong>vicegobernadora Alicia Aluani<\/strong> acompa\u00f1\u00f3 a la comunidad en la celebraci\u00f3n del nuevo aniversario de la ciudad, junto a funcionarios del gabinete provincial y municipal, intendentes, funcionarios y representantes de distintas instituciones de la provincia.<\/p>\n\n\n\n<p>En la oportunidad, la vicegobernadora expres\u00f3: <em>\u201cEs un orgullo estar aqu\u00ed en este d\u00eda, en el 136\u00ba aniversario de esta hermosa ciudad junto a los vecinos ac\u00e1 presentes, que seguramente reflexionar\u00e1n sobre todo el camino transitado, tan necesario para continuar afianzando sus ra\u00edces y sus tradiciones pero tambi\u00e9n para pensar en el futuro y cu\u00e1ntas cosas tenemos por delante y por hacer\u201d<\/em>.<\/p>\n\n\n\n<div class=\"wp-block-image\"><figure class=\"aligncenter size-large\"><img decoding=\"async\" src=\"https:\/\/www.delexodo.com.ar\/wp-content\/uploads\/2024\/04\/ALUANI-CRESPO-NINOS-1-1024x683.jpg\" alt=\"\" class=\"wp-image-10436\"\/><\/figure><\/div>\n\n\n\n<p>En esta l\u00ednea, Aluani sostuvo: <em>\u201cSiempre pienso en Crespo como una ciudad, como un lugar de oportunidades. Vemos el crecimiento de Crespo y observamos c\u00f3mo su gente, con tanto amor y esmero, hacen que esta ciudad sea lo que es hoy: una ciudad que progresa, en donde cada uno de ustedes, sienten el amor por el lugar. Cada vez que vengo, siento la emoci\u00f3n que cada uno de ellos transmiten y el orgullo que sienten por este lugar\u201d<\/em>.<\/p>\n\n\n\n<p>Y a\u00f1adi\u00f3: <em>\u201cCrespo no ser\u00eda una ciudad tan pujante si no fuera por el esfuerzo de cada uno de ustedes. Debo reafirmar la voluntad y el empe\u00f1o que le pone cada hombre y cada mujer de esta ciudad para que esto sea posible. Cada uno de ustedes son los hacedores del hoy y del ma\u00f1ana. Por eso, quiero invitarlos a que contin\u00faen en este camino, porque es el del progreso y es el que ustedes van a continuar sosteniendo en el tiempo para estas generaciones futuras\u201d<\/em>.<\/p>\n\n\n\n<p>Luego, asever\u00f3 que <em>\u201cdesde el Gobierno de la provincia, junto con el gobernador Rogelio Frigerio, apoyamos y sostenemos estas actitudes de progreso para mejorar la calidad de vida de cada uno de nosotros.<br>\u201cHoy Crespo cumple 136 a\u00f1os. Y la verdad que escuchando las palabras de los escritores, escuchando como cantan su himno, transmiten la emoci\u00f3n y el orgullo. Felicito a esta ciudad, felicito a cada uno de sus habitantes, y les digo que vamos a seguir cumpliendo los sue\u00f1os de los crespenses. Feliz aniversario, Crespo\u201d<\/em>, cerr\u00f3 la vicegobernadora.<\/p>\n\n\n\n<p>A su turno, el intendente agradeci\u00f3 a todos los presentes por compartir los festejos del nuevo aniversario de la ciudad y expres\u00f3: <em>\u201cAll\u00e1 por 1888, un d\u00eda como hoy, el agrimensor Pablo \u00c1vila, aprob\u00f3 el primer plano de nuestra ciudad. Imag\u00ednense la visi\u00f3n y la garra que tuvieron que poner en esos a\u00f1os para imaginar que un peque\u00f1o paraje, como era en ese momento, pod\u00eda consolidarse en una ciudad. Nuestra querida Crespo, se fue conformando por trabajadores criollos, principalmente alrededor de la obra del ferrocarril central entrerriano, a fuerza de empuje y de coraje\u201d<\/em>.<\/p>\n\n\n\n<div class=\"wp-block-image\"><figure class=\"aligncenter size-large\"><img decoding=\"async\" src=\"https:\/\/www.delexodo.com.ar\/wp-content\/uploads\/2024\/04\/ALUANI-CERRUTI-CRESPO-1-1024x683.jpg\" alt=\"\" class=\"wp-image-10438\"\/><\/figure><\/div>\n\n\n\n<p>Y continu\u00f3: <em>\u201cEspa\u00f1oles, italianos, alemanes del Volga, sirio-libaneses, jud\u00edos, encontraron una esperanza en este suelo. Todos conformaron un verdadero crisol que a\u00fan hasta el d\u00eda de hoy nos caracteriza. Aquellos primeros crespenses nos han dejado una herencia llena de valores que nos hacen sentir qui\u00e9nes somos: la cultura del trabajo, la educaci\u00f3n, nuestras costumbres y nuestra fe. Nuestra fuerza y nuestro empuje, solidaridad y orgullo por ser pioneros, aceleradores de todo el potencial de nuestra gente\u201d<\/em>.<\/p>\n\n\n\n<p>En otro tramo de su discurso, Cerutti consider\u00f3: <em>\u201cCrespo brilla con luz propia, gracias al esfuerzo y la dedicaci\u00f3n y el compromiso de cada uno de los crespenses. Aqu\u00ed en esta tierra f\u00e9rtil, creciente y pujante, encontramos una comunidad honesta, alegre y muy emprendedora. En Crespo no se espera que las oportunidades lleguen por s\u00ed solas, las creamos y las promovemos. Es por eso que nuestro Parque Industrial avanza, que vemos florecer emprendimientos, brindamos servicios de calidad y tenemos un sector agropecuario que se destaca a nivel nacional y somos la capital nacional de la avicultura. Nuestra prioridad es la de seguir en la senda de crecimiento, en un clima adverso, en un contexto dif\u00edcil, que no es externo pero del que somos parte\u201d<\/em>.<\/p>\n\n\n\n<p>Por \u00faltimo, el intendente manifest\u00f3: <em>\u201cEl d\u00eda de hoy nos invita a continuar con todo lo bueno que hemos construido hasta ahora, pero tambi\u00e9n a innovar y adaptarnos a los desaf\u00edos que el futuro nos depara. Vamos a seguir trabajando por la salud, la educaci\u00f3n y la cultura, por el respeto de nuestros valores y por el desarrollo integral de cada uno de los crespenses. Feliz cumplea\u00f1os Crespo, vamos por muchos a\u00f1os m\u00e1s de crecimiento y prosperidad\u201d<\/em>.<\/p>\n\n\n\n<div class=\"wp-block-image\"><figure class=\"aligncenter size-large\"><img loading=\"lazy\" decoding=\"async\" width=\"1024\" height=\"231\" src=\"https:\/\/www.delexodo.com.ar\/wp-content\/uploads\/2024\/02\/SENADO-ER-24-1024x231.png\" alt=\"\" class=\"wp-image-10161\" srcset=\"https:\/\/www.delexodo.com.ar\/wp-content\/uploads\/2024\/02\/SENADO-ER-24-1024x231.png 1024w, https:\/\/www.delexodo.com.ar\/wp-content\/uploads\/2024\/02\/SENADO-ER-24-300x68.png 300w, https:\/\/www.delexodo.com.ar\/wp-content\/uploads\/2024\/02\/SENADO-ER-24-768x173.png 768w, https:\/\/www.delexodo.com.ar\/wp-content\/uploads\/2024\/02\/SENADO-ER-24.png 1421w\" sizes=\"auto, (max-width: 1024px) 100vw, 1024px\" \/><\/figure><\/div>\n","protected":false},"excerpt":{"rendered":"<p>La vicegobernadora Alicia Aluani estuvo presente este mi\u00e9rcoles en el acto oficial por el 136\u00ba Aniversario de la Ciudad de&hellip;<\/p>\n","protected":false},"author":1,"featured_media":10434,"comment_status":"closed","ping_status":"closed","sticky":false,"template":"","format":"standard","meta":{"_joinchat":[],"footnotes":""},"categories":[65,69],"tags":[345],"class_list":["post-10433","post","type-post","status-publish","format-standard","has-post-thumbnail","hentry","category-destacados","category-noticias","tag-destacar"],"yoast_head":"<!-- This site is optimized with the Yoast SEO plugin v25.1 - https:\/\/yoast.com\/wordpress\/plugins\/seo\/ -->\n<title>Aluani acompa\u00f1\u00f3 los festejos por el 136\u00ba Aniversario de Crespo - Del \u00c9xodo Nogoy\u00e1<\/title>\n<meta name=\"robots\" content=\"index, follow, max-snippet:-1, max-image-preview:large, max-video-preview:-1\" \/>\n<link rel=\"canonical\" href=\"https:\/\/www.delexodo.com.ar\/?p=10433\" \/>\n<meta property=\"og:locale\" content=\"es_ES\" \/>\n<meta property=\"og:type\" content=\"article\" \/>\n<meta property=\"og:title\" content=\"Aluani acompa\u00f1\u00f3 los festejos por el 136\u00ba Aniversario de Crespo - Del \u00c9xodo Nogoy\u00e1\" \/>\n<meta property=\"og:description\" content=\"La vicegobernadora Alicia Aluani estuvo presente este mi\u00e9rcoles en el acto oficial por el 136\u00ba Aniversario de la Ciudad de&hellip;\" \/>\n<meta property=\"og:url\" content=\"https:\/\/www.delexodo.com.ar\/?p=10433\" \/>\n<meta property=\"og:site_name\" content=\"Del \u00c9xodo Nogoy\u00e1\" \/>\n<meta property=\"article:published_time\" content=\"2024-04-24T20:34:15+00:00\" \/>\n<meta property=\"og:image\" content=\"https:\/\/www.delexodo.com.ar\/wp-content\/uploads\/2024\/04\/ALUANI-CRESPO-PORTADA.jpg\" \/>\n\t<meta property=\"og:image:width\" content=\"860\" \/>\n\t<meta property=\"og:image:height\" content=\"573\" \/>\n\t<meta property=\"og:image:type\" content=\"image\/jpeg\" \/>\n<meta name=\"author\" content=\"admin\" \/>\n<meta name=\"twitter:card\" content=\"summary_large_image\" \/>\n<meta name=\"twitter:label1\" content=\"Escrito por\" \/>\n\t<meta name=\"twitter:data1\" content=\"admin\" \/>\n\t<meta name=\"twitter:label2\" content=\"Tiempo de lectura\" \/>\n\t<meta name=\"twitter:data2\" content=\"4 minutos\" \/>\n<script type=\"application\/ld+json\" class=\"yoast-schema-graph\">{\"@context\":\"https:\/\/schema.org\",\"@graph\":[{\"@type\":\"Article\",\"@id\":\"https:\/\/www.delexodo.com.ar\/?p=10433#article\",\"isPartOf\":{\"@id\":\"https:\/\/www.delexodo.com.ar\/?p=10433\"},\"author\":{\"name\":\"admin\",\"@id\":\"https:\/\/www.delexodo.com.ar\/#\/schema\/person\/bbed37f7da8e938660b34f2013ba449d\"},\"headline\":\"Aluani acompa\u00f1\u00f3 los festejos por el 136\u00ba Aniversario de Crespo\",\"datePublished\":\"2024-04-24T20:34:15+00:00\",\"mainEntityOfPage\":{\"@id\":\"https:\/\/www.delexodo.com.ar\/?p=10433\"},\"wordCount\":824,\"publisher\":{\"@id\":\"https:\/\/www.delexodo.com.ar\/#organization\"},\"image\":{\"@id\":\"https:\/\/www.delexodo.com.ar\/?p=10433#primaryimage\"},\"thumbnailUrl\":\"https:\/\/www.delexodo.com.ar\/wp-content\/uploads\/2024\/04\/ALUANI-CRESPO-PORTADA.jpg\",\"keywords\":[\"destacar\"],\"articleSection\":[\"Destacados\",\"NOTICIAS\"],\"inLanguage\":\"es\"},{\"@type\":\"WebPage\",\"@id\":\"https:\/\/www.delexodo.com.ar\/?p=10433\",\"url\":\"https:\/\/www.delexodo.com.ar\/?p=10433\",\"name\":\"Aluani acompa\u00f1\u00f3 los festejos por el 136\u00ba Aniversario de Crespo - Del \u00c9xodo Nogoy\u00e1\",\"isPartOf\":{\"@id\":\"https:\/\/www.delexodo.com.ar\/#website\"},\"primaryImageOfPage\":{\"@id\":\"https:\/\/www.delexodo.com.ar\/?p=10433#primaryimage\"},\"image\":{\"@id\":\"https:\/\/www.delexodo.com.ar\/?p=10433#primaryimage\"},\"thumbnailUrl\":\"https:\/\/www.delexodo.com.ar\/wp-content\/uploads\/2024\/04\/ALUANI-CRESPO-PORTADA.jpg\",\"datePublished\":\"2024-04-24T20:34:15+00:00\",\"breadcrumb\":{\"@id\":\"https:\/\/www.delexodo.com.ar\/?p=10433#breadcrumb\"},\"inLanguage\":\"es\",\"potentialAction\":[{\"@type\":\"ReadAction\",\"target\":[\"https:\/\/www.delexodo.com.ar\/?p=10433\"]}]},{\"@type\":\"ImageObject\",\"inLanguage\":\"es\",\"@id\":\"https:\/\/www.delexodo.com.ar\/?p=10433#primaryimage\",\"url\":\"https:\/\/www.delexodo.com.ar\/wp-content\/uploads\/2024\/04\/ALUANI-CRESPO-PORTADA.jpg\",\"contentUrl\":\"https:\/\/www.delexodo.com.ar\/wp-content\/uploads\/2024\/04\/ALUANI-CRESPO-PORTADA.jpg\",\"width\":860,\"height\":573},{\"@type\":\"BreadcrumbList\",\"@id\":\"https:\/\/www.delexodo.com.ar\/?p=10433#breadcrumb\",\"itemListElement\":[{\"@type\":\"ListItem\",\"position\":1,\"name\":\"Portada\",\"item\":\"https:\/\/www.delexodo.com.ar\/\"},{\"@type\":\"ListItem\",\"position\":2,\"name\":\"Aluani acompa\u00f1\u00f3 los festejos por el 136\u00ba Aniversario de Crespo\"}]},{\"@type\":\"WebSite\",\"@id\":\"https:\/\/www.delexodo.com.ar\/#website\",\"url\":\"https:\/\/www.delexodo.com.ar\/\",\"name\":\"Del \u00c9xodo Nogoy\u00e1\",\"description\":\"El Portal de Noticias de la Regi\u00f3n\",\"publisher\":{\"@id\":\"https:\/\/www.delexodo.com.ar\/#organization\"},\"potentialAction\":[{\"@type\":\"SearchAction\",\"target\":{\"@type\":\"EntryPoint\",\"urlTemplate\":\"https:\/\/www.delexodo.com.ar\/?s={search_term_string}\"},\"query-input\":{\"@type\":\"PropertyValueSpecification\",\"valueRequired\":true,\"valueName\":\"search_term_string\"}}],\"inLanguage\":\"es\"},{\"@type\":\"Organization\",\"@id\":\"https:\/\/www.delexodo.com.ar\/#organization\",\"name\":\"Del \u00c9xodo Nogoy\u00e1\",\"url\":\"https:\/\/www.delexodo.com.ar\/\",\"logo\":{\"@type\":\"ImageObject\",\"inLanguage\":\"es\",\"@id\":\"https:\/\/www.delexodo.com.ar\/#\/schema\/logo\/image\/\",\"url\":\"https:\/\/www.delexodo.com.ar\/wp-content\/uploads\/2024\/10\/cropped-cropped-LOGO24.png\",\"contentUrl\":\"https:\/\/www.delexodo.com.ar\/wp-content\/uploads\/2024\/10\/cropped-cropped-LOGO24.png\",\"width\":512,\"height\":349,\"caption\":\"Del \u00c9xodo Nogoy\u00e1\"},\"image\":{\"@id\":\"https:\/\/www.delexodo.com.ar\/#\/schema\/logo\/image\/\"}},{\"@type\":\"Person\",\"@id\":\"https:\/\/www.delexodo.com.ar\/#\/schema\/person\/bbed37f7da8e938660b34f2013ba449d\",\"name\":\"admin\",\"image\":{\"@type\":\"ImageObject\",\"inLanguage\":\"es\",\"@id\":\"https:\/\/www.delexodo.com.ar\/#\/schema\/person\/image\/\",\"url\":\"https:\/\/secure.gravatar.com\/avatar\/6b1558d1b6df085f1901bd5bd98523d7?s=96&d=mm&r=g\",\"contentUrl\":\"https:\/\/secure.gravatar.com\/avatar\/6b1558d1b6df085f1901bd5bd98523d7?s=96&d=mm&r=g\",\"caption\":\"admin\"},\"url\":\"https:\/\/www.delexodo.com.ar\/?author=1\"}]}<\/script>\n<!-- \/ Yoast SEO plugin. -->","yoast_head_json":{"title":"Aluani acompa\u00f1\u00f3 los festejos por el 136\u00ba Aniversario de Crespo - Del \u00c9xodo Nogoy\u00e1","robots":{"index":"index","follow":"follow","max-snippet":"max-snippet:-1","max-image-preview":"max-image-preview:large","max-video-preview":"max-video-preview:-1"},"canonical":"https:\/\/www.delexodo.com.ar\/?p=10433","og_locale":"es_ES","og_type":"article","og_title":"Aluani acompa\u00f1\u00f3 los festejos por el 136\u00ba Aniversario de Crespo - Del \u00c9xodo Nogoy\u00e1","og_description":"La vicegobernadora Alicia Aluani estuvo presente este mi\u00e9rcoles en el acto oficial por el 136\u00ba Aniversario de la Ciudad de&hellip;","og_url":"https:\/\/www.delexodo.com.ar\/?p=10433","og_site_name":"Del \u00c9xodo Nogoy\u00e1","article_published_time":"2024-04-24T20:34:15+00:00","og_image":[{"width":860,"height":573,"url":"https:\/\/www.delexodo.com.ar\/wp-content\/uploads\/2024\/04\/ALUANI-CRESPO-PORTADA.jpg","type":"image\/jpeg"}],"author":"admin","twitter_card":"summary_large_image","twitter_misc":{"Escrito por":"admin","Tiempo de lectura":"4 minutos"},"schema":{"@context":"https:\/\/schema.org","@graph":[{"@type":"Article","@id":"https:\/\/www.delexodo.com.ar\/?p=10433#article","isPartOf":{"@id":"https:\/\/www.delexodo.com.ar\/?p=10433"},"author":{"name":"admin","@id":"https:\/\/www.delexodo.com.ar\/#\/schema\/person\/bbed37f7da8e938660b34f2013ba449d"},"headline":"Aluani acompa\u00f1\u00f3 los festejos por el 136\u00ba Aniversario de Crespo","datePublished":"2024-04-24T20:34:15+00:00","mainEntityOfPage":{"@id":"https:\/\/www.delexodo.com.ar\/?p=10433"},"wordCount":824,"publisher":{"@id":"https:\/\/www.delexodo.com.ar\/#organization"},"image":{"@id":"https:\/\/www.delexodo.com.ar\/?p=10433#primaryimage"},"thumbnailUrl":"https:\/\/www.delexodo.com.ar\/wp-content\/uploads\/2024\/04\/ALUANI-CRESPO-PORTADA.jpg","keywords":["destacar"],"articleSection":["Destacados","NOTICIAS"],"inLanguage":"es"},{"@type":"WebPage","@id":"https:\/\/www.delexodo.com.ar\/?p=10433","url":"https:\/\/www.delexodo.com.ar\/?p=10433","name":"Aluani acompa\u00f1\u00f3 los festejos por el 136\u00ba Aniversario de Crespo - Del \u00c9xodo Nogoy\u00e1","isPartOf":{"@id":"https:\/\/www.delexodo.com.ar\/#website"},"primaryImageOfPage":{"@id":"https:\/\/www.delexodo.com.ar\/?p=10433#primaryimage"},"image":{"@id":"https:\/\/www.delexodo.com.ar\/?p=10433#primaryimage"},"thumbnailUrl":"https:\/\/www.delexodo.com.ar\/wp-content\/uploads\/2024\/04\/ALUANI-CRESPO-PORTADA.jpg","datePublished":"2024-04-24T20:34:15+00:00","breadcrumb":{"@id":"https:\/\/www.delexodo.com.ar\/?p=10433#breadcrumb"},"inLanguage":"es","potentialAction":[{"@type":"ReadAction","target":["https:\/\/www.delexodo.com.ar\/?p=10433"]}]},{"@type":"ImageObject","inLanguage":"es","@id":"https:\/\/www.delexodo.com.ar\/?p=10433#primaryimage","url":"https:\/\/www.delexodo.com.ar\/wp-content\/uploads\/2024\/04\/ALUANI-CRESPO-PORTADA.jpg","contentUrl":"https:\/\/www.delexodo.com.ar\/wp-content\/uploads\/2024\/04\/ALUANI-CRESPO-PORTADA.jpg","width":860,"height":573},{"@type":"BreadcrumbList","@id":"https:\/\/www.delexodo.com.ar\/?p=10433#breadcrumb","itemListElement":[{"@type":"ListItem","position":1,"name":"Portada","item":"https:\/\/www.delexodo.com.ar\/"},{"@type":"ListItem","position":2,"name":"Aluani acompa\u00f1\u00f3 los festejos por el 136\u00ba Aniversario de Crespo"}]},{"@type":"WebSite","@id":"https:\/\/www.delexodo.com.ar\/#website","url":"https:\/\/www.delexodo.com.ar\/","name":"Del \u00c9xodo Nogoy\u00e1","description":"El Portal de Noticias de la Regi\u00f3n","publisher":{"@id":"https:\/\/www.delexodo.com.ar\/#organization"},"potentialAction":[{"@type":"SearchAction","target":{"@type":"EntryPoint","urlTemplate":"https:\/\/www.delexodo.com.ar\/?s={search_term_string}"},"query-input":{"@type":"PropertyValueSpecification","valueRequired":true,"valueName":"search_term_string"}}],"inLanguage":"es"},{"@type":"Organization","@id":"https:\/\/www.delexodo.com.ar\/#organization","name":"Del \u00c9xodo Nogoy\u00e1","url":"https:\/\/www.delexodo.com.ar\/","logo":{"@type":"ImageObject","inLanguage":"es","@id":"https:\/\/www.delexodo.com.ar\/#\/schema\/logo\/image\/","url":"https:\/\/www.delexodo.com.ar\/wp-content\/uploads\/2024\/10\/cropped-cropped-LOGO24.png","contentUrl":"https:\/\/www.delexodo.com.ar\/wp-content\/uploads\/2024\/10\/cropped-cropped-LOGO24.png","width":512,"height":349,"caption":"Del \u00c9xodo Nogoy\u00e1"},"image":{"@id":"https:\/\/www.delexodo.com.ar\/#\/schema\/logo\/image\/"}},{"@type":"Person","@id":"https:\/\/www.delexodo.com.ar\/#\/schema\/person\/bbed37f7da8e938660b34f2013ba449d","name":"admin","image":{"@type":"ImageObject","inLanguage":"es","@id":"https:\/\/www.delexodo.com.ar\/#\/schema\/person\/image\/","url":"https:\/\/secure.gravatar.com\/avatar\/6b1558d1b6df085f1901bd5bd98523d7?s=96&d=mm&r=g","contentUrl":"https:\/\/secure.gravatar.com\/avatar\/6b1558d1b6df085f1901bd5bd98523d7?s=96&d=mm&r=g","caption":"admin"},"url":"https:\/\/www.delexodo.com.ar\/?author=1"}]}},"_links":{"self":[{"href":"https:\/\/www.delexodo.com.ar\/index.php?rest_route=\/wp\/v2\/posts\/10433","targetHints":{"allow":["GET"]}}],"collection":[{"href":"https:\/\/www.delexodo.com.ar\/index.php?rest_route=\/wp\/v2\/posts"}],"about":[{"href":"https:\/\/www.delexodo.com.ar\/index.php?rest_route=\/wp\/v2\/types\/post"}],"author":[{"embeddable":true,"href":"https:\/\/www.delexodo.com.ar\/index.php?rest_route=\/wp\/v2\/users\/1"}],"replies":[{"embeddable":true,"href":"https:\/\/www.delexodo.com.ar\/index.php?rest_route=%2Fwp%2Fv2%2Fcomments&post=10433"}],"version-history":[{"count":0,"href":"https:\/\/www.delexodo.com.ar\/index.php?rest_route=\/wp\/v2\/posts\/10433\/revisions"}],"wp:featuredmedia":[{"embeddable":true,"href":"https:\/\/www.delexodo.com.ar\/index.php?rest_route=\/wp\/v2\/media\/10434"}],"wp:attachment":[{"href":"https:\/\/www.delexodo.com.ar\/index.php?rest_route=%2Fwp%2Fv2%2Fmedia&parent=10433"}],"wp:term":[{"taxonomy":"category","embeddable":true,"href":"https:\/\/www.delexodo.com.ar\/index.php?rest_route=%2Fwp%2Fv2%2Fcategories&post=10433"},{"taxonomy":"post_tag","embeddable":true,"href":"https:\/\/www.delexodo.com.ar\/index.php?rest_route=%2Fwp%2Fv2%2Ftags&post=10433"}],"curies":[{"name":"wp","href":"https:\/\/api.w.org\/{rel}","templated":true}]}}