{"id":10420,"date":"2024-04-19T19:39:01","date_gmt":"2024-04-19T22:39:01","guid":{"rendered":"https:\/\/www.delexodo.com.ar\/?p=10420"},"modified":"2024-04-19T19:39:02","modified_gmt":"2024-04-19T22:39:02","slug":"se-presento-en-nogoya-la-32o-edicion-del-senado-juvenil","status":"publish","type":"post","link":"https:\/\/www.delexodo.com.ar\/?p=10420","title":{"rendered":"Se present\u00f3 en Nogoy\u00e1 la 32\u00ba edici\u00f3n del Senado Juvenil"},"content":{"rendered":"\n<p><em>La vicegobernadora Alicia Aluani particip\u00f3 de la presentaci\u00f3n del programa del Senado Juvenil Entrerriano 2024 en Nogoy\u00e1. La actividad se realiz\u00f3 este viernes en la Escuela N\u00ba14 \u201cJulio C\u00e9sar Monz\u00f3n\u201d.<\/em><\/p>\n\n\n\n<div class=\"wp-block-image\"><figure class=\"aligncenter size-large\"><img decoding=\"async\" src=\"https:\/\/www.delexodo.com.ar\/wp-content\/uploads\/2024\/04\/SENADO-JUVENIL-NOGOYA-MESA-1-1024x682.jpeg\" alt=\"\" class=\"wp-image-10427\"\/><\/figure><\/div>\n\n\n\n<p>Bajo el lema <strong><em>\u201cConstruir educaci\u00f3n con participaci\u00f3n\u201d<\/em><\/strong>, se lanz\u00f3 una nueva edici\u00f3n del programa del Senado Juvenil Entrerriano. La propuesta educativa qued\u00f3 oficialmente inaugurada el 9 de abril pasado en la capital provincial con la presencia de la vicegobernadora y presidente de la C\u00e1mara de Senadores de Entre R\u00edos, Alicia Aluani.<\/p>\n\n\n\n<p>Luego, con el objetivo promover la participaci\u00f3n de los estudiantes de nivel medio de todas las escuelas de la provincia, se iniciaron recorridas en diversas localidades entrerrianas, como Viale, Hasenkamp y Crespo.<\/p>\n\n\n\n<p>Este viernes por la ma\u00f1ana, el programa del Senado Juvenil se present\u00f3 en el departamento Nogoy\u00e1. La ceremonia se desarroll\u00f3 en las instalaciones de la Escuela N\u00ba14 \u201cJulio C\u00e9sar Monz\u00f3n\u201d.<\/p>\n\n\n\n<div class=\"wp-block-image\"><figure class=\"aligncenter size-large\"><img decoding=\"async\" src=\"https:\/\/www.delexodo.com.ar\/wp-content\/uploads\/2024\/04\/SENADO-JUVENIL-NOGOYA-FONDO-1-1024x577.jpg\" alt=\"\" class=\"wp-image-10429\"\/><\/figure><\/div>\n\n\n\n<p>All\u00ed, al hacer uso de la palabra, la vicegobernadora Aluani expres\u00f3 que <em>\u201ces un honor estar en mi ciudad, acompa\u00f1ado por los j\u00f3venes que son nuestro futuro, que tan inteligentemente ellos siempre participan de tareas y que van a ser el d\u00eda de ma\u00f1ana mejores ciudadanos\u201d<\/em>, y a su vez, agradeci\u00f3 la presencia en el acto de las autoridades, de los vecinos de la ciudad, e hizo especial menci\u00f3n a los docentes, que <em>\u201csin la tarea de ellos esto no ser\u00eda posible, porque son los que acompa\u00f1an y los que en cierta manera tienen la forma a esta juventud\u201d<\/em>.<\/p>\n\n\n\n<p>En relaci\u00f3n al Senado Juvenil, remarc\u00f3 que <em>\u201ca trav\u00e9s de esta herramienta educativa, llegamos a todas las escuelas y a todos los estudiantes, que los j\u00f3venes tienen que aprovechar para poder ser el d\u00eda de ma\u00f1ana unos ciudadanos con formaci\u00f3n legislativa, que conozcan sus derechos civiles y pol\u00edticos\u201d<\/em>.<\/p>\n\n\n\n<p>Adem\u00e1s, afirm\u00f3 que <em>\u201cdesde el Gobierno de la provincia y a trav\u00e9s del Senado Juvenil, vamos a llegar a cada punto de la provincia, porque eso se trata, de llegar a territorio donde los j\u00f3venes van a plantear la problem\u00e1tica que tienen en cada lugar de residencia a trav\u00e9s de un proyecto y lo van a debatir en un contexto de armon\u00eda y respetando las ideas que es lo que nosotros llegamos a cabo a partir de que somos un gobierno democr\u00e1tico\u201d<\/em>.<\/p>\n\n\n\n<div class=\"wp-block-image\"><figure class=\"alignleft size-large is-resized\"><img loading=\"lazy\" decoding=\"async\" src=\"https:\/\/www.delexodo.com.ar\/wp-content\/uploads\/2024\/04\/SENADO-JUVENIL-NOGOYA-ALUANI-1-935x1024.jpg\" alt=\"\" class=\"wp-image-10422\" width=\"186\" height=\"202\"\/><\/figure><\/div>\n\n\n\n<p>Aluani tambi\u00e9n hizo hincapi\u00e9 en la importancia de este programa ya que <em>\u201ca trav\u00e9s de estas herramientas, los j\u00f3venes van a seguir fortaleciendo ese v\u00ednculo para el d\u00eda de ma\u00f1ana seguir con la bandera de la democracia\u201d<\/em>. Luego, agreg\u00f3 que <em>\u201cen todos los lugares donde vamos apuntamos a los j\u00f3venes porque ellos tienen esa creatividad y esa lluvia de ideas que despu\u00e9s las plasman en un papel que luego se convertir\u00e1 en un proyecto de ley para que cada uno de nosotros tengamos mejor calidad de vida<\/em>\u201d.<\/p>\n\n\n\n<div class=\"wp-block-image\"><figure class=\"alignright size-large is-resized\"><img loading=\"lazy\" decoding=\"async\" src=\"https:\/\/www.delexodo.com.ar\/wp-content\/uploads\/2024\/04\/SENADO-JUVENIL-NOGOYA-CAVAGNA-1-859x1024.jpg\" alt=\"\" class=\"wp-image-10424\" width=\"173\" height=\"206\"\/><\/figure><\/div>\n\n\n\n<p>Por su parte, el senador Cavagna expres\u00f3: <em>\u201cNecesitamos escuchar a la juventud en temas trascendentales, como el consumo problem\u00e1tico, el bullying, el medio ambiente y la econom\u00eda del conocimiento. Todos esos temas que nos atraviesan a la diaria, como padres, como hijos que tengo en los establecimientos educativos, tenemos que abordarlos\u201d<\/em>.<\/p>\n\n\n\n<p>Luego, calific\u00f3 al Senado Juvenil como <em>\u201cun espacio de escucha y una verdadera herramienta para plantear estos problemas y buscar soluciones entre todos, con la mirada clave y central de los j\u00f3venes\u201d y felicit\u00f3 a la Vicegobernaci\u00f3n y al Gobierno provincial \u201cpor poder acercarle esta participaci\u00f3n trascendental de los j\u00f3venes para construir nuestro presente, para dar soluciones, pero tambi\u00e9n tener una mirada hacia el futuro\u201d<\/em>.<\/p>\n\n\n\n<div class=\"wp-block-image\"><figure class=\"alignleft size-large is-resized\"><img loading=\"lazy\" decoding=\"async\" src=\"https:\/\/www.delexodo.com.ar\/wp-content\/uploads\/2024\/04\/SENADO-JUVENIL-NOGOYA-SCHNEIDER-882x1024.jpg\" alt=\"\" class=\"wp-image-10425\" width=\"164\" height=\"190\" srcset=\"https:\/\/www.delexodo.com.ar\/wp-content\/uploads\/2024\/04\/SENADO-JUVENIL-NOGOYA-SCHNEIDER-882x1024.jpg 882w, https:\/\/www.delexodo.com.ar\/wp-content\/uploads\/2024\/04\/SENADO-JUVENIL-NOGOYA-SCHNEIDER-258x300.jpg 258w, https:\/\/www.delexodo.com.ar\/wp-content\/uploads\/2024\/04\/SENADO-JUVENIL-NOGOYA-SCHNEIDER-768x892.jpg 768w, https:\/\/www.delexodo.com.ar\/wp-content\/uploads\/2024\/04\/SENADO-JUVENIL-NOGOYA-SCHNEIDER.jpg 1144w\" sizes=\"auto, (max-width: 164px) 100vw, 164px\" \/><\/figure><\/div>\n\n\n\n<p>En la misma l\u00ednea, el intendente Schneider invit\u00f3 a los j\u00f3venes que se sumen al programa: <em>\u201cQue aprovechen esta herramienta, que poder representar a otras personas la verdad que es una tarea sumamente importante y que seguramente los va a enorgullecer. Esta es una posibilidad de participar, de discutir, de plantear los problemas que ellos consideren que ven en sus territorios\u201d<\/em>.<\/p>\n\n\n\n<p><em>\u201cEl Senado es la representaci\u00f3n de los territorios, de las voluntades de los vecinos y ciudadanos. All\u00ed \u00a0seguramente encontrar\u00e1n todas las herramientas y el acompa\u00f1amiento de los que hacen posible este programa y vivir\u00e1n una experiencia extraordinaria\u201d<\/em>, agreg\u00f3.<\/p>\n\n\n\n<p>En tanto, una de las coordinadoras, Claribel Garc\u00eda, manifest\u00f3 que<em> \u201ceste programa que ha involucrado a much\u00edsimas generaciones de entrerrianos que han sido parte de \u00e9l, todas las gestiones de Gobierno han apostado por el Senado Juvenil como una pol\u00edtica transversal\u201d<\/em>.<\/p>\n\n\n\n<p>En este sentido, explic\u00f3 que desde la organizaci\u00f3n <em>\u201cqueremos poner en valor el prestigio que tiene el programa, ya que lo que caracteriza a muchas de las personas con las que hemos ido compartiendo estos meses, docentes y profesionales que han acompa\u00f1ado de una forma u otra a este programa, es lo enriquecedora que ha sido la experiencia para ellos\u201d<\/em>.<\/p>\n\n\n\n<p>Luego, agreg\u00f3 que <em>\u201cparticipar del programa significa para los j\u00f3venes entrerrianos la experiencia b\u00e1sicamente de ser legisladores, de conocer ese trabajo de primera mano y todas las reglas con las que se rige el sistema democr\u00e1tico en nuestra provincia\u201d <\/em>y destac\u00f3 que <em>\u201ctodas las opiniones nos importan\u201d y que en este espacio \u201ccada estudiante tiene la posibilidad de decidir libremente qu\u00e9 es lo que piensa, qu\u00e9 es lo que percibe sobre la realidad de su comunidad, siempre en un marco de respeto y de tolerancia\u201d<\/em>.<\/p>\n\n\n\n<p>Alasino, otra de las coordinadoras, brind\u00f3 detalles sobre la planificaci\u00f3n de esta nueva edici\u00f3n del Senado Juvenil: <em>\u201cDesde nuestro equipo de trabajo estuvimos pensando ciertos ejes para abordar. Entre ellos, uno que lo caracteriza es poder ampliar la participaci\u00f3n de las escuelas de las zonas rurales porque entendemos que es una porci\u00f3n geogr\u00e1fica muy amplia de nuestro territorio como provincia, que tiene sus particularidades, sus complejidades y que creemos que es necesario abordarlo de una manera integral. Tambi\u00e9n apuntamos a tener actualizados los temas, las problem\u00e1ticas, los conversatorios y\u00a0 los talleres que queremos brindarle a los estudiantes, que se sumen a participar porque sabemos que su realidad es muy din\u00e1mica y cambiante y por ello apuntamos a tener una agenda din\u00e1mica e innovadora\u201d<\/em>.<\/p>\n\n\n\n<h2 class=\"wp-block-heading\"><strong>Presencias<\/strong><\/h2>\n\n\n\n<p>La vicegobernadora y presidente de la C\u00e1mara de Senadores de Entre R\u00edos, Alicia Aluani, estuvo acompa\u00f1ada por el intendente de Nogoy\u00e1, Bernardo Schneider; el senador por el departamento de Nogoy\u00e1, Rafael Cavagna; las coordinadoras del Senado Juvenil, Claribel Garc\u00eda y Eugenia Alasino. Tambi\u00e9n estuvieron presentes el titular del IAPV, Manuel Sch\u00f6nhals; y los intendentes de las localidades de Lucas Gonz\u00e1lez y Hern\u00e1ndez, Luis Fleischer y Luis Gaioli.<\/p>\n\n\n\n<p>Acompa\u00f1aron en el acto el jefe Departamental de la Polic\u00eda Comisario Mayor, Eduardo Godoy; el jefe del Cuerpo Activo de Bomberos de Nogoy\u00e1, Sergio Cepe; el presb\u00edtero Agust\u00edn Suarez, vicario parroquial de la Bas\u00edlica Nuestra Se\u00f1ora del Carmen; y la rectora de la Escuela N\u00ba14, Julio C\u00e9sar Monz\u00f3n, Marta Dur\u00e9. Se encontraban presentes, adem\u00e1s, viceintendentes, concejales, autoridades de la Honorable C\u00e1mara de Senadores, funcionarios provinciales, cuerpo de Supervisores de la Direcci\u00f3n Departamental de Escuelas de Nogoy\u00e1, autoridades municipales, docentes, estudiantes y p\u00fablico en general.<\/p>\n\n\n\n<h2 class=\"wp-block-heading\"><strong>Inscripci\u00f3n al programa<\/strong><\/h2>\n\n\n\n<p>Para formar parte del Programa Senado Juvenil 2024, el docente responsable debe inscribirse en el siguiente enlace:\u00a0<a href=\"https:\/\/senadojuveniler.gob.ar\/inscripcion\/\" target=\"_blank\" rel=\"noreferrer noopener\">https:\/\/senadojuveniler.gob.ar\/inscripcion\/<\/a>\u00a0y deber\u00e1 postular a un\/a alumno\/a como senador\/a juvenil titular y a otro\/a alumno\/a como suplente. Los anteproyectos pueden abordar problem\u00e1ticas relacionadas con la salud, educaci\u00f3n y cultura, medio ambiente, seguridad, desarrollo econ\u00f3mico, turismo, derechos humanos y deportes.<\/p>\n\n\n\n<p>Para m\u00e1s informaci\u00f3n ingresar a\u00a0<a rel=\"noreferrer noopener\" href=\"https:\/\/senadojuveniler.gob.ar\/\" target=\"_blank\">https:\/\/senadojuveniler.gob.ar\/<\/a>\u00a0o comunicarse a senadojuveniler@gmail.com, 343-4208184 (Tel\u00e9fono) o 343-6126036 (WhatsApp).<\/p>\n","protected":false},"excerpt":{"rendered":"<p>La vicegobernadora Alicia Aluani particip\u00f3 de la presentaci\u00f3n del programa del Senado Juvenil Entrerriano 2024 en Nogoy\u00e1. La actividad se&hellip;<\/p>\n","protected":false},"author":1,"featured_media":10430,"comment_status":"closed","ping_status":"closed","sticky":false,"template":"","format":"standard","meta":{"_joinchat":[],"footnotes":""},"categories":[355,65,1,69,349],"tags":[345],"class_list":["post-10420","post","type-post","status-publish","format-standard","has-post-thumbnail","hentry","category-cultura","category-destacados","category-sincategoria","category-noticias","category-politica","tag-destacar"],"yoast_head":"<!-- This site is optimized with the Yoast SEO plugin v25.1 - https:\/\/yoast.com\/wordpress\/plugins\/seo\/ -->\n<title>Se present\u00f3 en Nogoy\u00e1 la 32\u00ba edici\u00f3n del Senado Juvenil - Del \u00c9xodo Nogoy\u00e1<\/title>\n<meta name=\"robots\" content=\"index, follow, max-snippet:-1, max-image-preview:large, max-video-preview:-1\" \/>\n<link rel=\"canonical\" href=\"https:\/\/www.delexodo.com.ar\/?p=10420\" \/>\n<meta property=\"og:locale\" content=\"es_ES\" \/>\n<meta property=\"og:type\" content=\"article\" \/>\n<meta property=\"og:title\" content=\"Se present\u00f3 en Nogoy\u00e1 la 32\u00ba edici\u00f3n del Senado Juvenil - Del \u00c9xodo Nogoy\u00e1\" \/>\n<meta property=\"og:description\" content=\"La vicegobernadora Alicia Aluani particip\u00f3 de la presentaci\u00f3n del programa del Senado Juvenil Entrerriano 2024 en Nogoy\u00e1. La actividad se&hellip;\" \/>\n<meta property=\"og:url\" content=\"https:\/\/www.delexodo.com.ar\/?p=10420\" \/>\n<meta property=\"og:site_name\" content=\"Del \u00c9xodo Nogoy\u00e1\" \/>\n<meta property=\"article:published_time\" content=\"2024-04-19T22:39:01+00:00\" \/>\n<meta property=\"article:modified_time\" content=\"2024-04-19T22:39:02+00:00\" \/>\n<meta property=\"og:image\" content=\"https:\/\/www.delexodo.com.ar\/wp-content\/uploads\/2024\/04\/SENADO-JUVENIL-NOGOYA-PORTADA.jpg\" \/>\n\t<meta property=\"og:image:width\" content=\"1440\" \/>\n\t<meta property=\"og:image:height\" content=\"935\" \/>\n\t<meta property=\"og:image:type\" content=\"image\/jpeg\" \/>\n<meta name=\"author\" content=\"admin\" \/>\n<meta name=\"twitter:card\" content=\"summary_large_image\" \/>\n<meta name=\"twitter:label1\" content=\"Escrito por\" \/>\n\t<meta name=\"twitter:data1\" content=\"admin\" \/>\n\t<meta name=\"twitter:label2\" content=\"Tiempo de lectura\" \/>\n\t<meta name=\"twitter:data2\" content=\"7 minutos\" \/>\n<script type=\"application\/ld+json\" class=\"yoast-schema-graph\">{\"@context\":\"https:\/\/schema.org\",\"@graph\":[{\"@type\":\"Article\",\"@id\":\"https:\/\/www.delexodo.com.ar\/?p=10420#article\",\"isPartOf\":{\"@id\":\"https:\/\/www.delexodo.com.ar\/?p=10420\"},\"author\":{\"name\":\"admin\",\"@id\":\"https:\/\/www.delexodo.com.ar\/#\/schema\/person\/bbed37f7da8e938660b34f2013ba449d\"},\"headline\":\"Se present\u00f3 en Nogoy\u00e1 la 32\u00ba edici\u00f3n del Senado Juvenil\",\"datePublished\":\"2024-04-19T22:39:01+00:00\",\"dateModified\":\"2024-04-19T22:39:02+00:00\",\"mainEntityOfPage\":{\"@id\":\"https:\/\/www.delexodo.com.ar\/?p=10420\"},\"wordCount\":1328,\"publisher\":{\"@id\":\"https:\/\/www.delexodo.com.ar\/#organization\"},\"image\":{\"@id\":\"https:\/\/www.delexodo.com.ar\/?p=10420#primaryimage\"},\"thumbnailUrl\":\"https:\/\/www.delexodo.com.ar\/wp-content\/uploads\/2024\/04\/SENADO-JUVENIL-NOGOYA-PORTADA.jpg\",\"keywords\":[\"destacar\"],\"articleSection\":[\"Cultura\",\"Destacados\",\"Nogoya\",\"NOTICIAS\",\"Politica\"],\"inLanguage\":\"es\"},{\"@type\":\"WebPage\",\"@id\":\"https:\/\/www.delexodo.com.ar\/?p=10420\",\"url\":\"https:\/\/www.delexodo.com.ar\/?p=10420\",\"name\":\"Se present\u00f3 en Nogoy\u00e1 la 32\u00ba edici\u00f3n del Senado Juvenil - Del \u00c9xodo Nogoy\u00e1\",\"isPartOf\":{\"@id\":\"https:\/\/www.delexodo.com.ar\/#website\"},\"primaryImageOfPage\":{\"@id\":\"https:\/\/www.delexodo.com.ar\/?p=10420#primaryimage\"},\"image\":{\"@id\":\"https:\/\/www.delexodo.com.ar\/?p=10420#primaryimage\"},\"thumbnailUrl\":\"https:\/\/www.delexodo.com.ar\/wp-content\/uploads\/2024\/04\/SENADO-JUVENIL-NOGOYA-PORTADA.jpg\",\"datePublished\":\"2024-04-19T22:39:01+00:00\",\"dateModified\":\"2024-04-19T22:39:02+00:00\",\"breadcrumb\":{\"@id\":\"https:\/\/www.delexodo.com.ar\/?p=10420#breadcrumb\"},\"inLanguage\":\"es\",\"potentialAction\":[{\"@type\":\"ReadAction\",\"target\":[\"https:\/\/www.delexodo.com.ar\/?p=10420\"]}]},{\"@type\":\"ImageObject\",\"inLanguage\":\"es\",\"@id\":\"https:\/\/www.delexodo.com.ar\/?p=10420#primaryimage\",\"url\":\"https:\/\/www.delexodo.com.ar\/wp-content\/uploads\/2024\/04\/SENADO-JUVENIL-NOGOYA-PORTADA.jpg\",\"contentUrl\":\"https:\/\/www.delexodo.com.ar\/wp-content\/uploads\/2024\/04\/SENADO-JUVENIL-NOGOYA-PORTADA.jpg\",\"width\":1440,\"height\":935},{\"@type\":\"BreadcrumbList\",\"@id\":\"https:\/\/www.delexodo.com.ar\/?p=10420#breadcrumb\",\"itemListElement\":[{\"@type\":\"ListItem\",\"position\":1,\"name\":\"Portada\",\"item\":\"https:\/\/www.delexodo.com.ar\/\"},{\"@type\":\"ListItem\",\"position\":2,\"name\":\"Se present\u00f3 en Nogoy\u00e1 la 32\u00ba edici\u00f3n del Senado Juvenil\"}]},{\"@type\":\"WebSite\",\"@id\":\"https:\/\/www.delexodo.com.ar\/#website\",\"url\":\"https:\/\/www.delexodo.com.ar\/\",\"name\":\"Del \u00c9xodo Nogoy\u00e1\",\"description\":\"El Portal de Noticias de la Regi\u00f3n\",\"publisher\":{\"@id\":\"https:\/\/www.delexodo.com.ar\/#organization\"},\"potentialAction\":[{\"@type\":\"SearchAction\",\"target\":{\"@type\":\"EntryPoint\",\"urlTemplate\":\"https:\/\/www.delexodo.com.ar\/?s={search_term_string}\"},\"query-input\":{\"@type\":\"PropertyValueSpecification\",\"valueRequired\":true,\"valueName\":\"search_term_string\"}}],\"inLanguage\":\"es\"},{\"@type\":\"Organization\",\"@id\":\"https:\/\/www.delexodo.com.ar\/#organization\",\"name\":\"Del \u00c9xodo Nogoy\u00e1\",\"url\":\"https:\/\/www.delexodo.com.ar\/\",\"logo\":{\"@type\":\"ImageObject\",\"inLanguage\":\"es\",\"@id\":\"https:\/\/www.delexodo.com.ar\/#\/schema\/logo\/image\/\",\"url\":\"https:\/\/www.delexodo.com.ar\/wp-content\/uploads\/2024\/10\/cropped-cropped-LOGO24.png\",\"contentUrl\":\"https:\/\/www.delexodo.com.ar\/wp-content\/uploads\/2024\/10\/cropped-cropped-LOGO24.png\",\"width\":512,\"height\":349,\"caption\":\"Del \u00c9xodo Nogoy\u00e1\"},\"image\":{\"@id\":\"https:\/\/www.delexodo.com.ar\/#\/schema\/logo\/image\/\"}},{\"@type\":\"Person\",\"@id\":\"https:\/\/www.delexodo.com.ar\/#\/schema\/person\/bbed37f7da8e938660b34f2013ba449d\",\"name\":\"admin\",\"image\":{\"@type\":\"ImageObject\",\"inLanguage\":\"es\",\"@id\":\"https:\/\/www.delexodo.com.ar\/#\/schema\/person\/image\/\",\"url\":\"https:\/\/secure.gravatar.com\/avatar\/6b1558d1b6df085f1901bd5bd98523d7?s=96&d=mm&r=g\",\"contentUrl\":\"https:\/\/secure.gravatar.com\/avatar\/6b1558d1b6df085f1901bd5bd98523d7?s=96&d=mm&r=g\",\"caption\":\"admin\"},\"url\":\"https:\/\/www.delexodo.com.ar\/?author=1\"}]}<\/script>\n<!-- \/ Yoast SEO plugin. -->","yoast_head_json":{"title":"Se present\u00f3 en Nogoy\u00e1 la 32\u00ba edici\u00f3n del Senado Juvenil - Del \u00c9xodo Nogoy\u00e1","robots":{"index":"index","follow":"follow","max-snippet":"max-snippet:-1","max-image-preview":"max-image-preview:large","max-video-preview":"max-video-preview:-1"},"canonical":"https:\/\/www.delexodo.com.ar\/?p=10420","og_locale":"es_ES","og_type":"article","og_title":"Se present\u00f3 en Nogoy\u00e1 la 32\u00ba edici\u00f3n del Senado Juvenil - Del \u00c9xodo Nogoy\u00e1","og_description":"La vicegobernadora Alicia Aluani particip\u00f3 de la presentaci\u00f3n del programa del Senado Juvenil Entrerriano 2024 en Nogoy\u00e1. La actividad se&hellip;","og_url":"https:\/\/www.delexodo.com.ar\/?p=10420","og_site_name":"Del \u00c9xodo Nogoy\u00e1","article_published_time":"2024-04-19T22:39:01+00:00","article_modified_time":"2024-04-19T22:39:02+00:00","og_image":[{"width":1440,"height":935,"url":"https:\/\/www.delexodo.com.ar\/wp-content\/uploads\/2024\/04\/SENADO-JUVENIL-NOGOYA-PORTADA.jpg","type":"image\/jpeg"}],"author":"admin","twitter_card":"summary_large_image","twitter_misc":{"Escrito por":"admin","Tiempo de lectura":"7 minutos"},"schema":{"@context":"https:\/\/schema.org","@graph":[{"@type":"Article","@id":"https:\/\/www.delexodo.com.ar\/?p=10420#article","isPartOf":{"@id":"https:\/\/www.delexodo.com.ar\/?p=10420"},"author":{"name":"admin","@id":"https:\/\/www.delexodo.com.ar\/#\/schema\/person\/bbed37f7da8e938660b34f2013ba449d"},"headline":"Se present\u00f3 en Nogoy\u00e1 la 32\u00ba edici\u00f3n del Senado Juvenil","datePublished":"2024-04-19T22:39:01+00:00","dateModified":"2024-04-19T22:39:02+00:00","mainEntityOfPage":{"@id":"https:\/\/www.delexodo.com.ar\/?p=10420"},"wordCount":1328,"publisher":{"@id":"https:\/\/www.delexodo.com.ar\/#organization"},"image":{"@id":"https:\/\/www.delexodo.com.ar\/?p=10420#primaryimage"},"thumbnailUrl":"https:\/\/www.delexodo.com.ar\/wp-content\/uploads\/2024\/04\/SENADO-JUVENIL-NOGOYA-PORTADA.jpg","keywords":["destacar"],"articleSection":["Cultura","Destacados","Nogoya","NOTICIAS","Politica"],"inLanguage":"es"},{"@type":"WebPage","@id":"https:\/\/www.delexodo.com.ar\/?p=10420","url":"https:\/\/www.delexodo.com.ar\/?p=10420","name":"Se present\u00f3 en Nogoy\u00e1 la 32\u00ba edici\u00f3n del Senado Juvenil - Del \u00c9xodo Nogoy\u00e1","isPartOf":{"@id":"https:\/\/www.delexodo.com.ar\/#website"},"primaryImageOfPage":{"@id":"https:\/\/www.delexodo.com.ar\/?p=10420#primaryimage"},"image":{"@id":"https:\/\/www.delexodo.com.ar\/?p=10420#primaryimage"},"thumbnailUrl":"https:\/\/www.delexodo.com.ar\/wp-content\/uploads\/2024\/04\/SENADO-JUVENIL-NOGOYA-PORTADA.jpg","datePublished":"2024-04-19T22:39:01+00:00","dateModified":"2024-04-19T22:39:02+00:00","breadcrumb":{"@id":"https:\/\/www.delexodo.com.ar\/?p=10420#breadcrumb"},"inLanguage":"es","potentialAction":[{"@type":"ReadAction","target":["https:\/\/www.delexodo.com.ar\/?p=10420"]}]},{"@type":"ImageObject","inLanguage":"es","@id":"https:\/\/www.delexodo.com.ar\/?p=10420#primaryimage","url":"https:\/\/www.delexodo.com.ar\/wp-content\/uploads\/2024\/04\/SENADO-JUVENIL-NOGOYA-PORTADA.jpg","contentUrl":"https:\/\/www.delexodo.com.ar\/wp-content\/uploads\/2024\/04\/SENADO-JUVENIL-NOGOYA-PORTADA.jpg","width":1440,"height":935},{"@type":"BreadcrumbList","@id":"https:\/\/www.delexodo.com.ar\/?p=10420#breadcrumb","itemListElement":[{"@type":"ListItem","position":1,"name":"Portada","item":"https:\/\/www.delexodo.com.ar\/"},{"@type":"ListItem","position":2,"name":"Se present\u00f3 en Nogoy\u00e1 la 32\u00ba edici\u00f3n del Senado Juvenil"}]},{"@type":"WebSite","@id":"https:\/\/www.delexodo.com.ar\/#website","url":"https:\/\/www.delexodo.com.ar\/","name":"Del \u00c9xodo Nogoy\u00e1","description":"El Portal de Noticias de la Regi\u00f3n","publisher":{"@id":"https:\/\/www.delexodo.com.ar\/#organization"},"potentialAction":[{"@type":"SearchAction","target":{"@type":"EntryPoint","urlTemplate":"https:\/\/www.delexodo.com.ar\/?s={search_term_string}"},"query-input":{"@type":"PropertyValueSpecification","valueRequired":true,"valueName":"search_term_string"}}],"inLanguage":"es"},{"@type":"Organization","@id":"https:\/\/www.delexodo.com.ar\/#organization","name":"Del \u00c9xodo Nogoy\u00e1","url":"https:\/\/www.delexodo.com.ar\/","logo":{"@type":"ImageObject","inLanguage":"es","@id":"https:\/\/www.delexodo.com.ar\/#\/schema\/logo\/image\/","url":"https:\/\/www.delexodo.com.ar\/wp-content\/uploads\/2024\/10\/cropped-cropped-LOGO24.png","contentUrl":"https:\/\/www.delexodo.com.ar\/wp-content\/uploads\/2024\/10\/cropped-cropped-LOGO24.png","width":512,"height":349,"caption":"Del \u00c9xodo Nogoy\u00e1"},"image":{"@id":"https:\/\/www.delexodo.com.ar\/#\/schema\/logo\/image\/"}},{"@type":"Person","@id":"https:\/\/www.delexodo.com.ar\/#\/schema\/person\/bbed37f7da8e938660b34f2013ba449d","name":"admin","image":{"@type":"ImageObject","inLanguage":"es","@id":"https:\/\/www.delexodo.com.ar\/#\/schema\/person\/image\/","url":"https:\/\/secure.gravatar.com\/avatar\/6b1558d1b6df085f1901bd5bd98523d7?s=96&d=mm&r=g","contentUrl":"https:\/\/secure.gravatar.com\/avatar\/6b1558d1b6df085f1901bd5bd98523d7?s=96&d=mm&r=g","caption":"admin"},"url":"https:\/\/www.delexodo.com.ar\/?author=1"}]}},"_links":{"self":[{"href":"https:\/\/www.delexodo.com.ar\/index.php?rest_route=\/wp\/v2\/posts\/10420","targetHints":{"allow":["GET"]}}],"collection":[{"href":"https:\/\/www.delexodo.com.ar\/index.php?rest_route=\/wp\/v2\/posts"}],"about":[{"href":"https:\/\/www.delexodo.com.ar\/index.php?rest_route=\/wp\/v2\/types\/post"}],"author":[{"embeddable":true,"href":"https:\/\/www.delexodo.com.ar\/index.php?rest_route=\/wp\/v2\/users\/1"}],"replies":[{"embeddable":true,"href":"https:\/\/www.delexodo.com.ar\/index.php?rest_route=%2Fwp%2Fv2%2Fcomments&post=10420"}],"version-history":[{"count":0,"href":"https:\/\/www.delexodo.com.ar\/index.php?rest_route=\/wp\/v2\/posts\/10420\/revisions"}],"wp:featuredmedia":[{"embeddable":true,"href":"https:\/\/www.delexodo.com.ar\/index.php?rest_route=\/wp\/v2\/media\/10430"}],"wp:attachment":[{"href":"https:\/\/www.delexodo.com.ar\/index.php?rest_route=%2Fwp%2Fv2%2Fmedia&parent=10420"}],"wp:term":[{"taxonomy":"category","embeddable":true,"href":"https:\/\/www.delexodo.com.ar\/index.php?rest_route=%2Fwp%2Fv2%2Fcategories&post=10420"},{"taxonomy":"post_tag","embeddable":true,"href":"https:\/\/www.delexodo.com.ar\/index.php?rest_route=%2Fwp%2Fv2%2Ftags&post=10420"}],"curies":[{"name":"wp","href":"https:\/\/api.w.org\/{rel}","templated":true}]}}