{"id":10310,"date":"2024-03-20T10:48:00","date_gmt":"2024-03-20T13:48:00","guid":{"rendered":"https:\/\/www.delexodo.com.ar\/?p=10310"},"modified":"2024-03-20T10:48:01","modified_gmt":"2024-03-20T13:48:01","slug":"el-municipio-de-macia-dio-a-conocer-el-programa-completo-de-la-fiesta-nacional-de-la-apicultura","status":"publish","type":"post","link":"https:\/\/www.delexodo.com.ar\/?p=10310","title":{"rendered":"EL MUNICIPIO DE MACI\u00c1 DIO A CONOCER EL PROGRAMA COMPLETO DE LA FIESTA NACIONAL DE LA APICULTURA"},"content":{"rendered":"\n<p><em>El programa completo de la 27\u00b0 Fiesta Nacional de la Apicultura y Expo Ap\u00edcola del Mercosur, que se realiza este 22, 23 y 24 de marzo en Maci\u00e1, incluye la muestra ap\u00edcola, ovina, industrial y artesanal, una importante cartelera de conferencias y din\u00e1micas a campo para productores, el Concurso Internacional de Mieles Multiflorales, el Concurso La Miel en la Cocina y el Concurso de vidrieras para comercios de la ciudad, y shows cada noche.<\/em><\/p>\n\n\n\n<div class=\"wp-block-image\"><figure class=\"aligncenter size-large\"><img loading=\"lazy\" decoding=\"async\" width=\"1024\" height=\"682\" src=\"https:\/\/www.delexodo.com.ar\/wp-content\/uploads\/2024\/03\/MACIA-SHOW.jpeg\" alt=\"\" class=\"wp-image-10312\" srcset=\"https:\/\/www.delexodo.com.ar\/wp-content\/uploads\/2024\/03\/MACIA-SHOW.jpeg 1024w, https:\/\/www.delexodo.com.ar\/wp-content\/uploads\/2024\/03\/MACIA-SHOW-300x200.jpeg 300w, https:\/\/www.delexodo.com.ar\/wp-content\/uploads\/2024\/03\/MACIA-SHOW-768x512.jpeg 768w\" sizes=\"auto, (max-width: 1024px) 100vw, 1024px\" \/><\/figure><\/div>\n\n\n\n<p>La comisi\u00f3n del municipio, organizadora del evento, inform\u00f3 que el viernes a las 17:00 horas abrir\u00e1 el Predio Multieventos para dar inicio a la Muestra ap\u00edcola, ovina, industrial y artesanal y a las 19:00 horas ser\u00e1 la recepci\u00f3n de platos del concurso La Miel en la Cocina. A partir de las 20:00 horas abrir\u00e1 la Fiesta la Banda de la Polic\u00eda de Entre R\u00edos, a las 21:30 horas se presentar\u00e1 MP3, a las 22:15 Padularrosa Romero, y a las 23:00 Cruzados de la Cuadra.<\/p>\n\n\n\n<div class=\"wp-block-image\"><figure class=\"aligncenter size-large\"><img loading=\"lazy\" decoding=\"async\" width=\"1024\" height=\"683\" src=\"https:\/\/www.delexodo.com.ar\/wp-content\/uploads\/2024\/03\/MACIA-CONCURSO.jpeg\" alt=\"\" class=\"wp-image-10315\" srcset=\"https:\/\/www.delexodo.com.ar\/wp-content\/uploads\/2024\/03\/MACIA-CONCURSO.jpeg 1024w, https:\/\/www.delexodo.com.ar\/wp-content\/uploads\/2024\/03\/MACIA-CONCURSO-300x200.jpeg 300w, https:\/\/www.delexodo.com.ar\/wp-content\/uploads\/2024\/03\/MACIA-CONCURSO-768x512.jpeg 768w\" sizes=\"auto, (max-width: 1024px) 100vw, 1024px\" \/><\/figure><\/div>\n\n\n\n<p>El s\u00e1bado, a las 8:00 horas abrir\u00e1 el predio ferial y podr\u00e1 recorrerse la Muestra ap\u00edcola, ovina, industrial y artesanal durante todo el d\u00eda. Adem\u00e1s, a partir de las 9:30 horas se desarrollar\u00e1 el Concurso Internacional de Mieles Multiflorales y comenzar\u00e1 el Ciclo de Conferencias + Din\u00e1micas a Campo.<\/p>\n\n\n\n<p>A las 9:30 horas Vincent Toledo y Mariela Lamezon abrir\u00e1n con la din\u00e1mica Producci\u00f3n de reinas y jalea real- sistema en chimenea, en la Estancia San Eusebio. Y a las 13:00 horas iniciar\u00e1n las conferencias en la carpa del predio ferial, que continuar\u00e1n toda la tarde. La primera ser\u00e1 Fraude alimentario. Aplicaci\u00f3n para denuncias de consumidores. Posibilidad de la utilizaci\u00f3n de bolsas para el reuso de tambores por parte de Carlos Levin, presidente de la C\u00e1mara Argentina de Fraccionadores de Miel (CAFRAM), y Bruno Forcheri, integrante de dicha C\u00e1mara.<\/p>\n\n\n\n<p>A las 20:00 horas se realizar\u00e1 el acto de apertura con la presencia de autoridades y luego comenzar\u00e1n los espect\u00e1culos. A las 20:50 horas se presentar\u00e1 el Ballet Che Rojaij\u00fa, a las 21:00 horas La Banda M\u00e1gica, a las 22:00 horas Monchito Merlo, a las 23:00 horas Abel Pintos y a las 00:30 horas Roc\u00edo Quiroz.<\/p>\n\n\n\n<div class=\"wp-block-image\"><figure class=\"aligncenter size-large\"><img loading=\"lazy\" decoding=\"async\" width=\"1024\" height=\"683\" src=\"https:\/\/www.delexodo.com.ar\/wp-content\/uploads\/2024\/03\/MACIA-MUESTRA.jpeg\" alt=\"\" class=\"wp-image-10314\" srcset=\"https:\/\/www.delexodo.com.ar\/wp-content\/uploads\/2024\/03\/MACIA-MUESTRA.jpeg 1024w, https:\/\/www.delexodo.com.ar\/wp-content\/uploads\/2024\/03\/MACIA-MUESTRA-300x200.jpeg 300w, https:\/\/www.delexodo.com.ar\/wp-content\/uploads\/2024\/03\/MACIA-MUESTRA-768x512.jpeg 768w\" sizes=\"auto, (max-width: 1024px) 100vw, 1024px\" \/><\/figure><\/div>\n\n\n\n<p>El domingo, tambi\u00e9n desde las 8:00 horas estar\u00e1 abierto el predio y la Muestra ap\u00edcola, ovina, industrial y artesanal, que podr\u00e1 recorrerse todo el d\u00eda. A las 10:30 horas el m\u00e9dico veterinario Marcelo Rodr\u00edguez brindar\u00e1 la conferencia Alternativas para el control de la varroasis, en la carpa de conferencias del Predio Ferial; y a las 11:30 horas el ingeniero agr\u00f3nomo Daniel Primost encabezar\u00e1 la charla sobre Mieles del bajo r\u00edo Uruguay. Diferenciaci\u00f3n y agregado de valor, en la carpa de conferencias del predio ferial.<\/p>\n\n\n\n<p>En el escenario, desde las 20:00 horas actuar\u00e1 Notosa, a las 20:45 horas La Huella Chaque\u00f1a, a las 21:45 horas Valentino Merlo, a las 22:45 horas ser\u00e1 la entrega de premios y reconocimientos, y a las 23:00 horas culminar\u00e1 la Fiesta y Expo con la presentaci\u00f3n de Dale Q\u2019 \u0301Va.<\/p>\n\n\n\n<p class=\"has-text-align-center\"><strong>El programa completo puede consultarse en el siguiente\u00a0<a rel=\"noreferrer noopener\" href=\"https:\/\/drive.google.com\/file\/d\/1mI9Lu4tomXqvocTSlO1uySy8Ty8DhMjh\/view\" target=\"_blank\">link<\/a>.<\/strong><\/p>\n\n\n\n<p>Est\u00e1 habilitada la venta de entradas generales online para la Fiesta Nacional de la Apicultura y Expo Ap\u00edcola del Mercosur, a 2.000 pesos el viernes, 8.000 pesos el s\u00e1bado y 6.000 pesos el domingo. Las personas interesadas pueden ingresar dando click&nbsp;<a href=\"https:\/\/www.eventbrite.com.ar\/e\/27o-fiesta-nacional-de-la-apicultura-y-expo-apicola-del-mercosur-tickets-857003850587\">aqu\u00ed<\/a>.<\/p>\n\n\n\n<p>De igual manera, el viernes, s\u00e1bado y domingo se vender\u00e1n entradas al mismo precio. El predio estar\u00e1 abierto el viernes desde las 17:00, y el s\u00e1bado y domingo a partir de las 8:00 de la ma\u00f1ana.<\/p>\n\n\n\n<p>Las y los menores de 14 a\u00f1os (inclusive) pagar\u00e1n un seguro de 300 pesos en la puerta. Y las personas con discapacidad deber\u00e1n presentar el Certificado \u00danico de Discapacidad (CUD) para acceder al evento de manera gratuita.<\/p>\n\n\n\n<p>Las sillas se vender\u00e1n en la puerta el d\u00eda del evento por orden de llegada. Hasta la fila 21 tendr\u00e1n un costo de 2.000 pesos y desde la fila 22 a la 50 costar\u00e1n 1.500 pesos. En tanto, las tribunas ser\u00e1n de acceso libre, y no se podr\u00e1 ingresar al predio con sillones o reposeras.<\/p>\n\n\n\n<p>En el Predio Multieventos habr\u00e1 un patio gastron\u00f3mico, con 14 kioscos y un comedor para 120 personas, coordinados por las instituciones de la ciudad.<\/p>\n\n\n\n<p>Cabe recordar que la informaci\u00f3n de la Fiesta Nacional de la Apicultura y Expo Ap\u00edcola del Mercosur puede consultarse en\u00a0<a href=\"https:\/\/expo.macia.gob.ar\/\" target=\"_blank\" rel=\"noreferrer noopener\">expo.macia.gob.ar<\/a><\/p>\n\n\n\n<figure class=\"wp-block-image size-large\"><a href=\"https:\/\/expo.macia.gob.ar\/\" target=\"_blank\" rel=\"noopener\"><img loading=\"lazy\" decoding=\"async\" width=\"1024\" height=\"574\" src=\"https:\/\/www.delexodo.com.ar\/wp-content\/uploads\/2024\/03\/CARTELERA-REDES-2-1024x574.png\" alt=\"\" class=\"wp-image-10313\" srcset=\"https:\/\/www.delexodo.com.ar\/wp-content\/uploads\/2024\/03\/CARTELERA-REDES-2-1024x574.png 1024w, https:\/\/www.delexodo.com.ar\/wp-content\/uploads\/2024\/03\/CARTELERA-REDES-2-300x168.png 300w, https:\/\/www.delexodo.com.ar\/wp-content\/uploads\/2024\/03\/CARTELERA-REDES-2-768x430.png 768w, https:\/\/www.delexodo.com.ar\/wp-content\/uploads\/2024\/03\/CARTELERA-REDES-2-1536x861.png 1536w, https:\/\/www.delexodo.com.ar\/wp-content\/uploads\/2024\/03\/CARTELERA-REDES-2.png 1920w\" sizes=\"auto, (max-width: 1024px) 100vw, 1024px\" \/><\/a><\/figure>\n","protected":false},"excerpt":{"rendered":"<p>El programa completo de la 27\u00b0 Fiesta Nacional de la Apicultura y Expo Ap\u00edcola del Mercosur, que se realiza este&hellip;<\/p>\n","protected":false},"author":1,"featured_media":10311,"comment_status":"closed","ping_status":"closed","sticky":false,"template":"","format":"standard","meta":{"_joinchat":[],"footnotes":""},"categories":[355,65,354,346,1,69],"tags":[345],"class_list":["post-10310","post","type-post","status-publish","format-standard","has-post-thumbnail","hentry","category-cultura","category-destacados","category-espectaculos","category-musica","category-sincategoria","category-noticias","tag-destacar"],"yoast_head":"<!-- This site is optimized with the Yoast SEO plugin v25.1 - https:\/\/yoast.com\/wordpress\/plugins\/seo\/ -->\n<title>EL MUNICIPIO DE MACI\u00c1 DIO A CONOCER EL PROGRAMA COMPLETO DE LA FIESTA NACIONAL DE LA APICULTURA - Del \u00c9xodo Nogoy\u00e1<\/title>\n<meta name=\"robots\" content=\"index, follow, max-snippet:-1, max-image-preview:large, max-video-preview:-1\" \/>\n<link rel=\"canonical\" href=\"https:\/\/www.delexodo.com.ar\/?p=10310\" \/>\n<meta property=\"og:locale\" content=\"es_ES\" \/>\n<meta property=\"og:type\" content=\"article\" \/>\n<meta property=\"og:title\" content=\"EL MUNICIPIO DE MACI\u00c1 DIO A CONOCER EL PROGRAMA COMPLETO DE LA FIESTA NACIONAL DE LA APICULTURA - Del \u00c9xodo Nogoy\u00e1\" \/>\n<meta property=\"og:description\" content=\"El programa completo de la 27\u00b0 Fiesta Nacional de la Apicultura y Expo Ap\u00edcola del Mercosur, que se realiza este&hellip;\" \/>\n<meta property=\"og:url\" content=\"https:\/\/www.delexodo.com.ar\/?p=10310\" \/>\n<meta property=\"og:site_name\" content=\"Del \u00c9xodo Nogoy\u00e1\" \/>\n<meta property=\"article:published_time\" content=\"2024-03-20T13:48:00+00:00\" \/>\n<meta property=\"article:modified_time\" content=\"2024-03-20T13:48:01+00:00\" \/>\n<meta property=\"og:image\" content=\"https:\/\/www.delexodo.com.ar\/wp-content\/uploads\/2024\/03\/MACIA-PORTADA.jpeg\" \/>\n\t<meta property=\"og:image:width\" content=\"1600\" \/>\n\t<meta property=\"og:image:height\" content=\"1066\" \/>\n\t<meta property=\"og:image:type\" content=\"image\/jpeg\" \/>\n<meta name=\"author\" content=\"admin\" \/>\n<meta name=\"twitter:card\" content=\"summary_large_image\" \/>\n<meta name=\"twitter:label1\" content=\"Escrito por\" \/>\n\t<meta name=\"twitter:data1\" content=\"admin\" \/>\n\t<meta name=\"twitter:label2\" content=\"Tiempo de lectura\" \/>\n\t<meta name=\"twitter:data2\" content=\"4 minutos\" \/>\n<script type=\"application\/ld+json\" class=\"yoast-schema-graph\">{\"@context\":\"https:\/\/schema.org\",\"@graph\":[{\"@type\":\"Article\",\"@id\":\"https:\/\/www.delexodo.com.ar\/?p=10310#article\",\"isPartOf\":{\"@id\":\"https:\/\/www.delexodo.com.ar\/?p=10310\"},\"author\":{\"name\":\"admin\",\"@id\":\"https:\/\/www.delexodo.com.ar\/#\/schema\/person\/bbed37f7da8e938660b34f2013ba449d\"},\"headline\":\"EL MUNICIPIO DE MACI\u00c1 DIO A CONOCER EL PROGRAMA COMPLETO DE LA FIESTA NACIONAL DE LA APICULTURA\",\"datePublished\":\"2024-03-20T13:48:00+00:00\",\"dateModified\":\"2024-03-20T13:48:01+00:00\",\"mainEntityOfPage\":{\"@id\":\"https:\/\/www.delexodo.com.ar\/?p=10310\"},\"wordCount\":741,\"publisher\":{\"@id\":\"https:\/\/www.delexodo.com.ar\/#organization\"},\"image\":{\"@id\":\"https:\/\/www.delexodo.com.ar\/?p=10310#primaryimage\"},\"thumbnailUrl\":\"https:\/\/www.delexodo.com.ar\/wp-content\/uploads\/2024\/03\/MACIA-PORTADA.jpeg\",\"keywords\":[\"destacar\"],\"articleSection\":[\"Cultura\",\"Destacados\",\"Espectaculos\",\"Musica\",\"Nogoya\",\"NOTICIAS\"],\"inLanguage\":\"es\"},{\"@type\":\"WebPage\",\"@id\":\"https:\/\/www.delexodo.com.ar\/?p=10310\",\"url\":\"https:\/\/www.delexodo.com.ar\/?p=10310\",\"name\":\"EL MUNICIPIO DE MACI\u00c1 DIO A CONOCER EL PROGRAMA COMPLETO DE LA FIESTA NACIONAL DE LA APICULTURA - Del \u00c9xodo Nogoy\u00e1\",\"isPartOf\":{\"@id\":\"https:\/\/www.delexodo.com.ar\/#website\"},\"primaryImageOfPage\":{\"@id\":\"https:\/\/www.delexodo.com.ar\/?p=10310#primaryimage\"},\"image\":{\"@id\":\"https:\/\/www.delexodo.com.ar\/?p=10310#primaryimage\"},\"thumbnailUrl\":\"https:\/\/www.delexodo.com.ar\/wp-content\/uploads\/2024\/03\/MACIA-PORTADA.jpeg\",\"datePublished\":\"2024-03-20T13:48:00+00:00\",\"dateModified\":\"2024-03-20T13:48:01+00:00\",\"breadcrumb\":{\"@id\":\"https:\/\/www.delexodo.com.ar\/?p=10310#breadcrumb\"},\"inLanguage\":\"es\",\"potentialAction\":[{\"@type\":\"ReadAction\",\"target\":[\"https:\/\/www.delexodo.com.ar\/?p=10310\"]}]},{\"@type\":\"ImageObject\",\"inLanguage\":\"es\",\"@id\":\"https:\/\/www.delexodo.com.ar\/?p=10310#primaryimage\",\"url\":\"https:\/\/www.delexodo.com.ar\/wp-content\/uploads\/2024\/03\/MACIA-PORTADA.jpeg\",\"contentUrl\":\"https:\/\/www.delexodo.com.ar\/wp-content\/uploads\/2024\/03\/MACIA-PORTADA.jpeg\",\"width\":1600,\"height\":1066},{\"@type\":\"BreadcrumbList\",\"@id\":\"https:\/\/www.delexodo.com.ar\/?p=10310#breadcrumb\",\"itemListElement\":[{\"@type\":\"ListItem\",\"position\":1,\"name\":\"Portada\",\"item\":\"https:\/\/www.delexodo.com.ar\/\"},{\"@type\":\"ListItem\",\"position\":2,\"name\":\"EL MUNICIPIO DE MACI\u00c1 DIO A CONOCER EL PROGRAMA COMPLETO DE LA FIESTA NACIONAL DE LA APICULTURA\"}]},{\"@type\":\"WebSite\",\"@id\":\"https:\/\/www.delexodo.com.ar\/#website\",\"url\":\"https:\/\/www.delexodo.com.ar\/\",\"name\":\"Del \u00c9xodo Nogoy\u00e1\",\"description\":\"El Portal de Noticias de la Regi\u00f3n\",\"publisher\":{\"@id\":\"https:\/\/www.delexodo.com.ar\/#organization\"},\"potentialAction\":[{\"@type\":\"SearchAction\",\"target\":{\"@type\":\"EntryPoint\",\"urlTemplate\":\"https:\/\/www.delexodo.com.ar\/?s={search_term_string}\"},\"query-input\":{\"@type\":\"PropertyValueSpecification\",\"valueRequired\":true,\"valueName\":\"search_term_string\"}}],\"inLanguage\":\"es\"},{\"@type\":\"Organization\",\"@id\":\"https:\/\/www.delexodo.com.ar\/#organization\",\"name\":\"Del \u00c9xodo Nogoy\u00e1\",\"url\":\"https:\/\/www.delexodo.com.ar\/\",\"logo\":{\"@type\":\"ImageObject\",\"inLanguage\":\"es\",\"@id\":\"https:\/\/www.delexodo.com.ar\/#\/schema\/logo\/image\/\",\"url\":\"https:\/\/www.delexodo.com.ar\/wp-content\/uploads\/2024\/10\/cropped-cropped-LOGO24.png\",\"contentUrl\":\"https:\/\/www.delexodo.com.ar\/wp-content\/uploads\/2024\/10\/cropped-cropped-LOGO24.png\",\"width\":512,\"height\":349,\"caption\":\"Del \u00c9xodo Nogoy\u00e1\"},\"image\":{\"@id\":\"https:\/\/www.delexodo.com.ar\/#\/schema\/logo\/image\/\"}},{\"@type\":\"Person\",\"@id\":\"https:\/\/www.delexodo.com.ar\/#\/schema\/person\/bbed37f7da8e938660b34f2013ba449d\",\"name\":\"admin\",\"image\":{\"@type\":\"ImageObject\",\"inLanguage\":\"es\",\"@id\":\"https:\/\/www.delexodo.com.ar\/#\/schema\/person\/image\/\",\"url\":\"https:\/\/secure.gravatar.com\/avatar\/6b1558d1b6df085f1901bd5bd98523d7?s=96&d=mm&r=g\",\"contentUrl\":\"https:\/\/secure.gravatar.com\/avatar\/6b1558d1b6df085f1901bd5bd98523d7?s=96&d=mm&r=g\",\"caption\":\"admin\"},\"url\":\"https:\/\/www.delexodo.com.ar\/?author=1\"}]}<\/script>\n<!-- \/ Yoast SEO plugin. -->","yoast_head_json":{"title":"EL MUNICIPIO DE MACI\u00c1 DIO A CONOCER EL PROGRAMA COMPLETO DE LA FIESTA NACIONAL DE LA APICULTURA - Del \u00c9xodo Nogoy\u00e1","robots":{"index":"index","follow":"follow","max-snippet":"max-snippet:-1","max-image-preview":"max-image-preview:large","max-video-preview":"max-video-preview:-1"},"canonical":"https:\/\/www.delexodo.com.ar\/?p=10310","og_locale":"es_ES","og_type":"article","og_title":"EL MUNICIPIO DE MACI\u00c1 DIO A CONOCER EL PROGRAMA COMPLETO DE LA FIESTA NACIONAL DE LA APICULTURA - Del \u00c9xodo Nogoy\u00e1","og_description":"El programa completo de la 27\u00b0 Fiesta Nacional de la Apicultura y Expo Ap\u00edcola del Mercosur, que se realiza este&hellip;","og_url":"https:\/\/www.delexodo.com.ar\/?p=10310","og_site_name":"Del \u00c9xodo Nogoy\u00e1","article_published_time":"2024-03-20T13:48:00+00:00","article_modified_time":"2024-03-20T13:48:01+00:00","og_image":[{"width":1600,"height":1066,"url":"https:\/\/www.delexodo.com.ar\/wp-content\/uploads\/2024\/03\/MACIA-PORTADA.jpeg","type":"image\/jpeg"}],"author":"admin","twitter_card":"summary_large_image","twitter_misc":{"Escrito por":"admin","Tiempo de lectura":"4 minutos"},"schema":{"@context":"https:\/\/schema.org","@graph":[{"@type":"Article","@id":"https:\/\/www.delexodo.com.ar\/?p=10310#article","isPartOf":{"@id":"https:\/\/www.delexodo.com.ar\/?p=10310"},"author":{"name":"admin","@id":"https:\/\/www.delexodo.com.ar\/#\/schema\/person\/bbed37f7da8e938660b34f2013ba449d"},"headline":"EL MUNICIPIO DE MACI\u00c1 DIO A CONOCER EL PROGRAMA COMPLETO DE LA FIESTA NACIONAL DE LA APICULTURA","datePublished":"2024-03-20T13:48:00+00:00","dateModified":"2024-03-20T13:48:01+00:00","mainEntityOfPage":{"@id":"https:\/\/www.delexodo.com.ar\/?p=10310"},"wordCount":741,"publisher":{"@id":"https:\/\/www.delexodo.com.ar\/#organization"},"image":{"@id":"https:\/\/www.delexodo.com.ar\/?p=10310#primaryimage"},"thumbnailUrl":"https:\/\/www.delexodo.com.ar\/wp-content\/uploads\/2024\/03\/MACIA-PORTADA.jpeg","keywords":["destacar"],"articleSection":["Cultura","Destacados","Espectaculos","Musica","Nogoya","NOTICIAS"],"inLanguage":"es"},{"@type":"WebPage","@id":"https:\/\/www.delexodo.com.ar\/?p=10310","url":"https:\/\/www.delexodo.com.ar\/?p=10310","name":"EL MUNICIPIO DE MACI\u00c1 DIO A CONOCER EL PROGRAMA COMPLETO DE LA FIESTA NACIONAL DE LA APICULTURA - Del \u00c9xodo Nogoy\u00e1","isPartOf":{"@id":"https:\/\/www.delexodo.com.ar\/#website"},"primaryImageOfPage":{"@id":"https:\/\/www.delexodo.com.ar\/?p=10310#primaryimage"},"image":{"@id":"https:\/\/www.delexodo.com.ar\/?p=10310#primaryimage"},"thumbnailUrl":"https:\/\/www.delexodo.com.ar\/wp-content\/uploads\/2024\/03\/MACIA-PORTADA.jpeg","datePublished":"2024-03-20T13:48:00+00:00","dateModified":"2024-03-20T13:48:01+00:00","breadcrumb":{"@id":"https:\/\/www.delexodo.com.ar\/?p=10310#breadcrumb"},"inLanguage":"es","potentialAction":[{"@type":"ReadAction","target":["https:\/\/www.delexodo.com.ar\/?p=10310"]}]},{"@type":"ImageObject","inLanguage":"es","@id":"https:\/\/www.delexodo.com.ar\/?p=10310#primaryimage","url":"https:\/\/www.delexodo.com.ar\/wp-content\/uploads\/2024\/03\/MACIA-PORTADA.jpeg","contentUrl":"https:\/\/www.delexodo.com.ar\/wp-content\/uploads\/2024\/03\/MACIA-PORTADA.jpeg","width":1600,"height":1066},{"@type":"BreadcrumbList","@id":"https:\/\/www.delexodo.com.ar\/?p=10310#breadcrumb","itemListElement":[{"@type":"ListItem","position":1,"name":"Portada","item":"https:\/\/www.delexodo.com.ar\/"},{"@type":"ListItem","position":2,"name":"EL MUNICIPIO DE MACI\u00c1 DIO A CONOCER EL PROGRAMA COMPLETO DE LA FIESTA NACIONAL DE LA APICULTURA"}]},{"@type":"WebSite","@id":"https:\/\/www.delexodo.com.ar\/#website","url":"https:\/\/www.delexodo.com.ar\/","name":"Del \u00c9xodo Nogoy\u00e1","description":"El Portal de Noticias de la Regi\u00f3n","publisher":{"@id":"https:\/\/www.delexodo.com.ar\/#organization"},"potentialAction":[{"@type":"SearchAction","target":{"@type":"EntryPoint","urlTemplate":"https:\/\/www.delexodo.com.ar\/?s={search_term_string}"},"query-input":{"@type":"PropertyValueSpecification","valueRequired":true,"valueName":"search_term_string"}}],"inLanguage":"es"},{"@type":"Organization","@id":"https:\/\/www.delexodo.com.ar\/#organization","name":"Del \u00c9xodo Nogoy\u00e1","url":"https:\/\/www.delexodo.com.ar\/","logo":{"@type":"ImageObject","inLanguage":"es","@id":"https:\/\/www.delexodo.com.ar\/#\/schema\/logo\/image\/","url":"https:\/\/www.delexodo.com.ar\/wp-content\/uploads\/2024\/10\/cropped-cropped-LOGO24.png","contentUrl":"https:\/\/www.delexodo.com.ar\/wp-content\/uploads\/2024\/10\/cropped-cropped-LOGO24.png","width":512,"height":349,"caption":"Del \u00c9xodo Nogoy\u00e1"},"image":{"@id":"https:\/\/www.delexodo.com.ar\/#\/schema\/logo\/image\/"}},{"@type":"Person","@id":"https:\/\/www.delexodo.com.ar\/#\/schema\/person\/bbed37f7da8e938660b34f2013ba449d","name":"admin","image":{"@type":"ImageObject","inLanguage":"es","@id":"https:\/\/www.delexodo.com.ar\/#\/schema\/person\/image\/","url":"https:\/\/secure.gravatar.com\/avatar\/6b1558d1b6df085f1901bd5bd98523d7?s=96&d=mm&r=g","contentUrl":"https:\/\/secure.gravatar.com\/avatar\/6b1558d1b6df085f1901bd5bd98523d7?s=96&d=mm&r=g","caption":"admin"},"url":"https:\/\/www.delexodo.com.ar\/?author=1"}]}},"_links":{"self":[{"href":"https:\/\/www.delexodo.com.ar\/index.php?rest_route=\/wp\/v2\/posts\/10310","targetHints":{"allow":["GET"]}}],"collection":[{"href":"https:\/\/www.delexodo.com.ar\/index.php?rest_route=\/wp\/v2\/posts"}],"about":[{"href":"https:\/\/www.delexodo.com.ar\/index.php?rest_route=\/wp\/v2\/types\/post"}],"author":[{"embeddable":true,"href":"https:\/\/www.delexodo.com.ar\/index.php?rest_route=\/wp\/v2\/users\/1"}],"replies":[{"embeddable":true,"href":"https:\/\/www.delexodo.com.ar\/index.php?rest_route=%2Fwp%2Fv2%2Fcomments&post=10310"}],"version-history":[{"count":0,"href":"https:\/\/www.delexodo.com.ar\/index.php?rest_route=\/wp\/v2\/posts\/10310\/revisions"}],"wp:featuredmedia":[{"embeddable":true,"href":"https:\/\/www.delexodo.com.ar\/index.php?rest_route=\/wp\/v2\/media\/10311"}],"wp:attachment":[{"href":"https:\/\/www.delexodo.com.ar\/index.php?rest_route=%2Fwp%2Fv2%2Fmedia&parent=10310"}],"wp:term":[{"taxonomy":"category","embeddable":true,"href":"https:\/\/www.delexodo.com.ar\/index.php?rest_route=%2Fwp%2Fv2%2Fcategories&post=10310"},{"taxonomy":"post_tag","embeddable":true,"href":"https:\/\/www.delexodo.com.ar\/index.php?rest_route=%2Fwp%2Fv2%2Ftags&post=10310"}],"curies":[{"name":"wp","href":"https:\/\/api.w.org\/{rel}","templated":true}]}}