{"id":10285,"date":"2024-03-18T21:21:54","date_gmt":"2024-03-19T00:21:54","guid":{"rendered":"https:\/\/www.delexodo.com.ar\/?p=10285"},"modified":"2024-03-18T21:21:54","modified_gmt":"2024-03-19T00:21:54","slug":"allanamientos-y-requisas-domiciliarias-por-el-delito-de-abigeato-secuestran-cortes-carnicos-y-dos-armas-de-fuego","status":"publish","type":"post","link":"https:\/\/www.delexodo.com.ar\/?p=10285","title":{"rendered":"ALLANAMIENTOS Y REQUISAS DOMICILIARIAS POR EL DELITO DE ABIGEATO &#8211; SECUESTRAN CORTES CARNICOS Y DOS ARMAS DE FUEGO"},"content":{"rendered":"\n<p>Este Domingo por la tarde, personal de la Direcci\u00f3n Prevenci\u00f3n Delitos Rurales, <strong>Brigada La Paz<\/strong>, concreto dos \u00d3rdenes de Allanamientos y Requisas Domiciliarias, en virtud a un hecho de Abigeato que fuera denunciado en fecha 15 de Marzo, cuando un productor de la zona rural de <strong>Las Toscas, Departamento La Paz<\/strong>, realiz\u00f3 una denuncia en la Divisi\u00f3n Investigaciones de Jefatura Departamental, por el supuesto delito de Abigeato.<\/p>\n\n\n\n<div class=\"wp-block-image\"><figure class=\"alignleft size-large is-resized\"><img loading=\"lazy\" decoding=\"async\" src=\"https:\/\/www.delexodo.com.ar\/wp-content\/uploads\/2024\/03\/ABIGEATO-LA-PAZ-ALLANA.jpeg\" alt=\"\" class=\"wp-image-10287\" width=\"271\" height=\"213\" srcset=\"https:\/\/www.delexodo.com.ar\/wp-content\/uploads\/2024\/03\/ABIGEATO-LA-PAZ-ALLANA.jpeg 614w, https:\/\/www.delexodo.com.ar\/wp-content\/uploads\/2024\/03\/ABIGEATO-LA-PAZ-ALLANA-300x236.jpeg 300w\" sizes=\"auto, (max-width: 271px) 100vw, 271px\" \/><\/figure><\/div>\n\n\n\n<p>Por tal motivo los brigadistas se dirigieron al lugar del hecho a caballo por las actuales cuestiones clim\u00e1ticas y caminos intransibles a los fines de constatar la carneada, y asi recabar indicios y pruebas de inter\u00e9s para la causa; tareas investigativas que llevo a solicitar medidas judiciales a la Unidad Fiscal Interviniente.<\/p>\n\n\n\n<p>En virtud a las mismas, este Domingo, las Brigadas de Abigeato La Paz y Quebracho, de manera peatonal y a caballo, debido a caminos en mal estado e intransitables por las copiosas lluvias, transitaron unos 8 km y as\u00ed dieron cumplimiento a las ordenes de allanamiento para dos viviendas ubicadas en la Zona Rural de las Toscas, arrojando como resultado positivo, procedieron al secuestro de dos arma de fuego por infracci\u00f3n al Articulo 189 BIS C.P.A , municiones; y lo m\u00e1s destacado fue el hallazgo de SESENTA Y CINCO (65) kg DE CARNE OVINA, con restos de pasto y tierra producto de una faena a campo, entre otros elementos de inter\u00e9s para la causa que se investiga; los supuestos autores fueron identificados y quedaron supeditados a la causa judicial.<\/p>\n\n\n\n<div class=\"wp-block-image\"><figure class=\"aligncenter size-large\"><img loading=\"lazy\" decoding=\"async\" width=\"1024\" height=\"685\" src=\"https:\/\/www.delexodo.com.ar\/wp-content\/uploads\/2024\/03\/ABIGEATO-LA-PAZ-SECUESTRO-1024x685.jpeg\" alt=\"\" class=\"wp-image-10288\" srcset=\"https:\/\/www.delexodo.com.ar\/wp-content\/uploads\/2024\/03\/ABIGEATO-LA-PAZ-SECUESTRO-1024x685.jpeg 1024w, https:\/\/www.delexodo.com.ar\/wp-content\/uploads\/2024\/03\/ABIGEATO-LA-PAZ-SECUESTRO-300x201.jpeg 300w, https:\/\/www.delexodo.com.ar\/wp-content\/uploads\/2024\/03\/ABIGEATO-LA-PAZ-SECUESTRO-768x514.jpeg 768w, https:\/\/www.delexodo.com.ar\/wp-content\/uploads\/2024\/03\/ABIGEATO-LA-PAZ-SECUESTRO.jpeg 1090w\" sizes=\"auto, (max-width: 1024px) 100vw, 1024px\" \/><\/figure><\/div>\n","protected":false},"excerpt":{"rendered":"<p>Este Domingo por la tarde, personal de la Direcci\u00f3n Prevenci\u00f3n Delitos Rurales, Brigada La Paz, concreto dos \u00d3rdenes de Allanamientos&hellip;<\/p>\n","protected":false},"author":1,"featured_media":10286,"comment_status":"closed","ping_status":"closed","sticky":false,"template":"","format":"standard","meta":{"_joinchat":[],"footnotes":""},"categories":[65,69,350],"tags":[],"class_list":["post-10285","post","type-post","status-publish","format-standard","has-post-thumbnail","hentry","category-destacados","category-noticias","category-policiales"],"yoast_head":"<!-- This site is optimized with the Yoast SEO plugin v25.1 - https:\/\/yoast.com\/wordpress\/plugins\/seo\/ -->\n<title>ALLANAMIENTOS Y REQUISAS DOMICILIARIAS POR EL DELITO DE ABIGEATO - SECUESTRAN CORTES CARNICOS Y DOS ARMAS DE FUEGO - Del \u00c9xodo Nogoy\u00e1<\/title>\n<meta name=\"robots\" content=\"index, follow, max-snippet:-1, max-image-preview:large, max-video-preview:-1\" \/>\n<link rel=\"canonical\" href=\"https:\/\/www.delexodo.com.ar\/?p=10285\" \/>\n<meta property=\"og:locale\" content=\"es_ES\" \/>\n<meta property=\"og:type\" content=\"article\" \/>\n<meta property=\"og:title\" content=\"ALLANAMIENTOS Y REQUISAS DOMICILIARIAS POR EL DELITO DE ABIGEATO - SECUESTRAN CORTES CARNICOS Y DOS ARMAS DE FUEGO - Del \u00c9xodo Nogoy\u00e1\" \/>\n<meta property=\"og:description\" content=\"Este Domingo por la tarde, personal de la Direcci\u00f3n Prevenci\u00f3n Delitos Rurales, Brigada La Paz, concreto dos \u00d3rdenes de Allanamientos&hellip;\" \/>\n<meta property=\"og:url\" content=\"https:\/\/www.delexodo.com.ar\/?p=10285\" \/>\n<meta property=\"og:site_name\" content=\"Del \u00c9xodo Nogoy\u00e1\" \/>\n<meta property=\"article:published_time\" content=\"2024-03-19T00:21:54+00:00\" \/>\n<meta property=\"og:image\" content=\"https:\/\/www.delexodo.com.ar\/wp-content\/uploads\/2024\/03\/ABIGEATO-LA-PAZ-PORTADA.jpeg\" \/>\n\t<meta property=\"og:image:width\" content=\"1032\" \/>\n\t<meta property=\"og:image:height\" content=\"505\" \/>\n\t<meta property=\"og:image:type\" content=\"image\/jpeg\" \/>\n<meta name=\"author\" content=\"admin\" \/>\n<meta name=\"twitter:card\" content=\"summary_large_image\" \/>\n<meta name=\"twitter:label1\" content=\"Escrito por\" \/>\n\t<meta name=\"twitter:data1\" content=\"admin\" \/>\n\t<meta name=\"twitter:label2\" content=\"Tiempo de lectura\" \/>\n\t<meta name=\"twitter:data2\" content=\"1 minuto\" \/>\n<script type=\"application\/ld+json\" class=\"yoast-schema-graph\">{\"@context\":\"https:\/\/schema.org\",\"@graph\":[{\"@type\":\"Article\",\"@id\":\"https:\/\/www.delexodo.com.ar\/?p=10285#article\",\"isPartOf\":{\"@id\":\"https:\/\/www.delexodo.com.ar\/?p=10285\"},\"author\":{\"name\":\"admin\",\"@id\":\"https:\/\/www.delexodo.com.ar\/#\/schema\/person\/bbed37f7da8e938660b34f2013ba449d\"},\"headline\":\"ALLANAMIENTOS Y REQUISAS DOMICILIARIAS POR EL DELITO DE ABIGEATO &#8211; SECUESTRAN CORTES CARNICOS Y DOS ARMAS DE FUEGO\",\"datePublished\":\"2024-03-19T00:21:54+00:00\",\"mainEntityOfPage\":{\"@id\":\"https:\/\/www.delexodo.com.ar\/?p=10285\"},\"wordCount\":271,\"publisher\":{\"@id\":\"https:\/\/www.delexodo.com.ar\/#organization\"},\"image\":{\"@id\":\"https:\/\/www.delexodo.com.ar\/?p=10285#primaryimage\"},\"thumbnailUrl\":\"https:\/\/www.delexodo.com.ar\/wp-content\/uploads\/2024\/03\/ABIGEATO-LA-PAZ-PORTADA.jpeg\",\"articleSection\":[\"Destacados\",\"NOTICIAS\",\"Policiales\"],\"inLanguage\":\"es\"},{\"@type\":\"WebPage\",\"@id\":\"https:\/\/www.delexodo.com.ar\/?p=10285\",\"url\":\"https:\/\/www.delexodo.com.ar\/?p=10285\",\"name\":\"ALLANAMIENTOS Y REQUISAS DOMICILIARIAS POR EL DELITO DE ABIGEATO - SECUESTRAN CORTES CARNICOS Y DOS ARMAS DE FUEGO - Del \u00c9xodo Nogoy\u00e1\",\"isPartOf\":{\"@id\":\"https:\/\/www.delexodo.com.ar\/#website\"},\"primaryImageOfPage\":{\"@id\":\"https:\/\/www.delexodo.com.ar\/?p=10285#primaryimage\"},\"image\":{\"@id\":\"https:\/\/www.delexodo.com.ar\/?p=10285#primaryimage\"},\"thumbnailUrl\":\"https:\/\/www.delexodo.com.ar\/wp-content\/uploads\/2024\/03\/ABIGEATO-LA-PAZ-PORTADA.jpeg\",\"datePublished\":\"2024-03-19T00:21:54+00:00\",\"breadcrumb\":{\"@id\":\"https:\/\/www.delexodo.com.ar\/?p=10285#breadcrumb\"},\"inLanguage\":\"es\",\"potentialAction\":[{\"@type\":\"ReadAction\",\"target\":[\"https:\/\/www.delexodo.com.ar\/?p=10285\"]}]},{\"@type\":\"ImageObject\",\"inLanguage\":\"es\",\"@id\":\"https:\/\/www.delexodo.com.ar\/?p=10285#primaryimage\",\"url\":\"https:\/\/www.delexodo.com.ar\/wp-content\/uploads\/2024\/03\/ABIGEATO-LA-PAZ-PORTADA.jpeg\",\"contentUrl\":\"https:\/\/www.delexodo.com.ar\/wp-content\/uploads\/2024\/03\/ABIGEATO-LA-PAZ-PORTADA.jpeg\",\"width\":1032,\"height\":505},{\"@type\":\"BreadcrumbList\",\"@id\":\"https:\/\/www.delexodo.com.ar\/?p=10285#breadcrumb\",\"itemListElement\":[{\"@type\":\"ListItem\",\"position\":1,\"name\":\"Portada\",\"item\":\"https:\/\/www.delexodo.com.ar\/\"},{\"@type\":\"ListItem\",\"position\":2,\"name\":\"ALLANAMIENTOS Y REQUISAS DOMICILIARIAS POR EL DELITO DE ABIGEATO &#8211; SECUESTRAN CORTES CARNICOS Y DOS ARMAS DE FUEGO\"}]},{\"@type\":\"WebSite\",\"@id\":\"https:\/\/www.delexodo.com.ar\/#website\",\"url\":\"https:\/\/www.delexodo.com.ar\/\",\"name\":\"Del \u00c9xodo Nogoy\u00e1\",\"description\":\"El Portal de Noticias de la Regi\u00f3n\",\"publisher\":{\"@id\":\"https:\/\/www.delexodo.com.ar\/#organization\"},\"potentialAction\":[{\"@type\":\"SearchAction\",\"target\":{\"@type\":\"EntryPoint\",\"urlTemplate\":\"https:\/\/www.delexodo.com.ar\/?s={search_term_string}\"},\"query-input\":{\"@type\":\"PropertyValueSpecification\",\"valueRequired\":true,\"valueName\":\"search_term_string\"}}],\"inLanguage\":\"es\"},{\"@type\":\"Organization\",\"@id\":\"https:\/\/www.delexodo.com.ar\/#organization\",\"name\":\"Del \u00c9xodo Nogoy\u00e1\",\"url\":\"https:\/\/www.delexodo.com.ar\/\",\"logo\":{\"@type\":\"ImageObject\",\"inLanguage\":\"es\",\"@id\":\"https:\/\/www.delexodo.com.ar\/#\/schema\/logo\/image\/\",\"url\":\"https:\/\/www.delexodo.com.ar\/wp-content\/uploads\/2024\/10\/cropped-cropped-LOGO24.png\",\"contentUrl\":\"https:\/\/www.delexodo.com.ar\/wp-content\/uploads\/2024\/10\/cropped-cropped-LOGO24.png\",\"width\":512,\"height\":349,\"caption\":\"Del \u00c9xodo Nogoy\u00e1\"},\"image\":{\"@id\":\"https:\/\/www.delexodo.com.ar\/#\/schema\/logo\/image\/\"}},{\"@type\":\"Person\",\"@id\":\"https:\/\/www.delexodo.com.ar\/#\/schema\/person\/bbed37f7da8e938660b34f2013ba449d\",\"name\":\"admin\",\"image\":{\"@type\":\"ImageObject\",\"inLanguage\":\"es\",\"@id\":\"https:\/\/www.delexodo.com.ar\/#\/schema\/person\/image\/\",\"url\":\"https:\/\/secure.gravatar.com\/avatar\/6b1558d1b6df085f1901bd5bd98523d7?s=96&d=mm&r=g\",\"contentUrl\":\"https:\/\/secure.gravatar.com\/avatar\/6b1558d1b6df085f1901bd5bd98523d7?s=96&d=mm&r=g\",\"caption\":\"admin\"},\"url\":\"https:\/\/www.delexodo.com.ar\/?author=1\"}]}<\/script>\n<!-- \/ Yoast SEO plugin. -->","yoast_head_json":{"title":"ALLANAMIENTOS Y REQUISAS DOMICILIARIAS POR EL DELITO DE ABIGEATO - SECUESTRAN CORTES CARNICOS Y DOS ARMAS DE FUEGO - Del \u00c9xodo Nogoy\u00e1","robots":{"index":"index","follow":"follow","max-snippet":"max-snippet:-1","max-image-preview":"max-image-preview:large","max-video-preview":"max-video-preview:-1"},"canonical":"https:\/\/www.delexodo.com.ar\/?p=10285","og_locale":"es_ES","og_type":"article","og_title":"ALLANAMIENTOS Y REQUISAS DOMICILIARIAS POR EL DELITO DE ABIGEATO - SECUESTRAN CORTES CARNICOS Y DOS ARMAS DE FUEGO - Del \u00c9xodo Nogoy\u00e1","og_description":"Este Domingo por la tarde, personal de la Direcci\u00f3n Prevenci\u00f3n Delitos Rurales, Brigada La Paz, concreto dos \u00d3rdenes de Allanamientos&hellip;","og_url":"https:\/\/www.delexodo.com.ar\/?p=10285","og_site_name":"Del \u00c9xodo Nogoy\u00e1","article_published_time":"2024-03-19T00:21:54+00:00","og_image":[{"width":1032,"height":505,"url":"https:\/\/www.delexodo.com.ar\/wp-content\/uploads\/2024\/03\/ABIGEATO-LA-PAZ-PORTADA.jpeg","type":"image\/jpeg"}],"author":"admin","twitter_card":"summary_large_image","twitter_misc":{"Escrito por":"admin","Tiempo de lectura":"1 minuto"},"schema":{"@context":"https:\/\/schema.org","@graph":[{"@type":"Article","@id":"https:\/\/www.delexodo.com.ar\/?p=10285#article","isPartOf":{"@id":"https:\/\/www.delexodo.com.ar\/?p=10285"},"author":{"name":"admin","@id":"https:\/\/www.delexodo.com.ar\/#\/schema\/person\/bbed37f7da8e938660b34f2013ba449d"},"headline":"ALLANAMIENTOS Y REQUISAS DOMICILIARIAS POR EL DELITO DE ABIGEATO &#8211; SECUESTRAN CORTES CARNICOS Y DOS ARMAS DE FUEGO","datePublished":"2024-03-19T00:21:54+00:00","mainEntityOfPage":{"@id":"https:\/\/www.delexodo.com.ar\/?p=10285"},"wordCount":271,"publisher":{"@id":"https:\/\/www.delexodo.com.ar\/#organization"},"image":{"@id":"https:\/\/www.delexodo.com.ar\/?p=10285#primaryimage"},"thumbnailUrl":"https:\/\/www.delexodo.com.ar\/wp-content\/uploads\/2024\/03\/ABIGEATO-LA-PAZ-PORTADA.jpeg","articleSection":["Destacados","NOTICIAS","Policiales"],"inLanguage":"es"},{"@type":"WebPage","@id":"https:\/\/www.delexodo.com.ar\/?p=10285","url":"https:\/\/www.delexodo.com.ar\/?p=10285","name":"ALLANAMIENTOS Y REQUISAS DOMICILIARIAS POR EL DELITO DE ABIGEATO - SECUESTRAN CORTES CARNICOS Y DOS ARMAS DE FUEGO - Del \u00c9xodo Nogoy\u00e1","isPartOf":{"@id":"https:\/\/www.delexodo.com.ar\/#website"},"primaryImageOfPage":{"@id":"https:\/\/www.delexodo.com.ar\/?p=10285#primaryimage"},"image":{"@id":"https:\/\/www.delexodo.com.ar\/?p=10285#primaryimage"},"thumbnailUrl":"https:\/\/www.delexodo.com.ar\/wp-content\/uploads\/2024\/03\/ABIGEATO-LA-PAZ-PORTADA.jpeg","datePublished":"2024-03-19T00:21:54+00:00","breadcrumb":{"@id":"https:\/\/www.delexodo.com.ar\/?p=10285#breadcrumb"},"inLanguage":"es","potentialAction":[{"@type":"ReadAction","target":["https:\/\/www.delexodo.com.ar\/?p=10285"]}]},{"@type":"ImageObject","inLanguage":"es","@id":"https:\/\/www.delexodo.com.ar\/?p=10285#primaryimage","url":"https:\/\/www.delexodo.com.ar\/wp-content\/uploads\/2024\/03\/ABIGEATO-LA-PAZ-PORTADA.jpeg","contentUrl":"https:\/\/www.delexodo.com.ar\/wp-content\/uploads\/2024\/03\/ABIGEATO-LA-PAZ-PORTADA.jpeg","width":1032,"height":505},{"@type":"BreadcrumbList","@id":"https:\/\/www.delexodo.com.ar\/?p=10285#breadcrumb","itemListElement":[{"@type":"ListItem","position":1,"name":"Portada","item":"https:\/\/www.delexodo.com.ar\/"},{"@type":"ListItem","position":2,"name":"ALLANAMIENTOS Y REQUISAS DOMICILIARIAS POR EL DELITO DE ABIGEATO &#8211; SECUESTRAN CORTES CARNICOS Y DOS ARMAS DE FUEGO"}]},{"@type":"WebSite","@id":"https:\/\/www.delexodo.com.ar\/#website","url":"https:\/\/www.delexodo.com.ar\/","name":"Del \u00c9xodo Nogoy\u00e1","description":"El Portal de Noticias de la Regi\u00f3n","publisher":{"@id":"https:\/\/www.delexodo.com.ar\/#organization"},"potentialAction":[{"@type":"SearchAction","target":{"@type":"EntryPoint","urlTemplate":"https:\/\/www.delexodo.com.ar\/?s={search_term_string}"},"query-input":{"@type":"PropertyValueSpecification","valueRequired":true,"valueName":"search_term_string"}}],"inLanguage":"es"},{"@type":"Organization","@id":"https:\/\/www.delexodo.com.ar\/#organization","name":"Del \u00c9xodo Nogoy\u00e1","url":"https:\/\/www.delexodo.com.ar\/","logo":{"@type":"ImageObject","inLanguage":"es","@id":"https:\/\/www.delexodo.com.ar\/#\/schema\/logo\/image\/","url":"https:\/\/www.delexodo.com.ar\/wp-content\/uploads\/2024\/10\/cropped-cropped-LOGO24.png","contentUrl":"https:\/\/www.delexodo.com.ar\/wp-content\/uploads\/2024\/10\/cropped-cropped-LOGO24.png","width":512,"height":349,"caption":"Del \u00c9xodo Nogoy\u00e1"},"image":{"@id":"https:\/\/www.delexodo.com.ar\/#\/schema\/logo\/image\/"}},{"@type":"Person","@id":"https:\/\/www.delexodo.com.ar\/#\/schema\/person\/bbed37f7da8e938660b34f2013ba449d","name":"admin","image":{"@type":"ImageObject","inLanguage":"es","@id":"https:\/\/www.delexodo.com.ar\/#\/schema\/person\/image\/","url":"https:\/\/secure.gravatar.com\/avatar\/6b1558d1b6df085f1901bd5bd98523d7?s=96&d=mm&r=g","contentUrl":"https:\/\/secure.gravatar.com\/avatar\/6b1558d1b6df085f1901bd5bd98523d7?s=96&d=mm&r=g","caption":"admin"},"url":"https:\/\/www.delexodo.com.ar\/?author=1"}]}},"_links":{"self":[{"href":"https:\/\/www.delexodo.com.ar\/index.php?rest_route=\/wp\/v2\/posts\/10285","targetHints":{"allow":["GET"]}}],"collection":[{"href":"https:\/\/www.delexodo.com.ar\/index.php?rest_route=\/wp\/v2\/posts"}],"about":[{"href":"https:\/\/www.delexodo.com.ar\/index.php?rest_route=\/wp\/v2\/types\/post"}],"author":[{"embeddable":true,"href":"https:\/\/www.delexodo.com.ar\/index.php?rest_route=\/wp\/v2\/users\/1"}],"replies":[{"embeddable":true,"href":"https:\/\/www.delexodo.com.ar\/index.php?rest_route=%2Fwp%2Fv2%2Fcomments&post=10285"}],"version-history":[{"count":0,"href":"https:\/\/www.delexodo.com.ar\/index.php?rest_route=\/wp\/v2\/posts\/10285\/revisions"}],"wp:featuredmedia":[{"embeddable":true,"href":"https:\/\/www.delexodo.com.ar\/index.php?rest_route=\/wp\/v2\/media\/10286"}],"wp:attachment":[{"href":"https:\/\/www.delexodo.com.ar\/index.php?rest_route=%2Fwp%2Fv2%2Fmedia&parent=10285"}],"wp:term":[{"taxonomy":"category","embeddable":true,"href":"https:\/\/www.delexodo.com.ar\/index.php?rest_route=%2Fwp%2Fv2%2Fcategories&post=10285"},{"taxonomy":"post_tag","embeddable":true,"href":"https:\/\/www.delexodo.com.ar\/index.php?rest_route=%2Fwp%2Fv2%2Ftags&post=10285"}],"curies":[{"name":"wp","href":"https:\/\/api.w.org\/{rel}","templated":true}]}}