{"id":10167,"date":"2024-02-10T18:11:32","date_gmt":"2024-02-10T21:11:32","guid":{"rendered":"https:\/\/www.delexodo.com.ar\/?p=10167"},"modified":"2024-02-10T18:11:32","modified_gmt":"2024-02-10T21:11:32","slug":"luego-de-dos-anos-regresa-el-tc-2000-a-concordia","status":"publish","type":"post","link":"https:\/\/www.delexodo.com.ar\/?p=10167","title":{"rendered":"LUEGO DE DOS A\u00d1OS, REGRESA EL TC 2000 A CONCORDIA"},"content":{"rendered":"\n<p><em>Pasaron pr\u00e1cticamente dos a\u00f1os para el regreso de la categor\u00eda m\u00e1s tecnol\u00f3gica de Sudam\u00e9rica a nuestro aut\u00f3dromo. <\/em><\/p>\n\n\n\n<p>En la recorrida por Buenos Aires el presidente del Auto Club Concordia, <strong>Salvador Carubia<\/strong> junto al Secretario <strong>Javier Morier<\/strong>, se reunieron con los hermanos Levy, quienes son los encargados de llevar adelante al TC 2000 y otras divisionales. Es por eso que se confirm\u00f3 que abre calendario en marzo en nuestro aut\u00f3dromo.<\/p>\n\n\n\n<p>Las buenas noticias siguen llegando producto del trabajo que propuso la nueva <strong>Comisi\u00f3n del Auto Club Concordia<\/strong>, que es poder contar en el a\u00f1o con la mayor cantidad de categor\u00edas nacionales para devolverle al socio tambi\u00e9n, el gran esfuerzo que hace mensualmente para poder llevar adelante los trabajos que se hacen a diario en el predio del Parque Aut\u00f3dromo.<\/p>\n\n\n\n<div class=\"wp-block-image\"><figure class=\"aligncenter size-large\"><img loading=\"lazy\" decoding=\"async\" width=\"1024\" height=\"683\" src=\"https:\/\/www.delexodo.com.ar\/wp-content\/uploads\/2024\/02\/TC-CONCORDIA1-1024x683.jpg\" alt=\"\" class=\"wp-image-10168\" srcset=\"https:\/\/www.delexodo.com.ar\/wp-content\/uploads\/2024\/02\/TC-CONCORDIA1-1024x683.jpg 1024w, https:\/\/www.delexodo.com.ar\/wp-content\/uploads\/2024\/02\/TC-CONCORDIA1-300x200.jpg 300w, https:\/\/www.delexodo.com.ar\/wp-content\/uploads\/2024\/02\/TC-CONCORDIA1-768x512.jpg 768w, https:\/\/www.delexodo.com.ar\/wp-content\/uploads\/2024\/02\/TC-CONCORDIA1-1536x1024.jpg 1536w, https:\/\/www.delexodo.com.ar\/wp-content\/uploads\/2024\/02\/TC-CONCORDIA1.jpg 1560w\" sizes=\"auto, (max-width: 1024px) 100vw, 1024px\" \/><\/figure><\/div>\n\n\n\n<p>A la ya conocida llegada de la <strong>Asociaci\u00f3n Pilotos Turismo Pista (APTP)<\/strong> en el mes de abril, se le suma la llegada del tradicional <strong>TC 2000<\/strong>, que supo visitar el trazado concordienses en varias oportunidades y que no lo hac\u00eda desde mayo del 2022, donde Agust\u00edn Canapino se qued\u00f3 con la victoria.<\/p>\n\n\n\n<p>El TC 2000, la categor\u00eda m\u00e1s tecnol\u00f3gica de Sudam\u00e9rica, llegar\u00e1 al trazado de la <strong>\u201cCapital Nacional del Citrus\u201d el s\u00e1bado 2 y domingo 3 de marzo<\/strong> siendo la fecha inaugural para su calendario 2024. En su llagada tambi\u00e9n estar\u00e1 presente la FIAT Competizione.<\/p>\n\n\n\n<p>En la agenda hay dos categor\u00edas confirmadas, pero por estas pr\u00f3ximas horas se espera la contestaci\u00f3n de otras divisionales grandes del automovilismo\u00a0argentino.<\/p>\n\n\n\n<p><strong>Fernando Topo Di Gaetano &#8211; Puesta a Punto<\/strong><\/p>\n","protected":false},"excerpt":{"rendered":"<p>Pasaron pr\u00e1cticamente dos a\u00f1os para el regreso de la categor\u00eda m\u00e1s tecnol\u00f3gica de Sudam\u00e9rica a nuestro aut\u00f3dromo. En la recorrida&hellip;<\/p>\n","protected":false},"author":1,"featured_media":10169,"comment_status":"closed","ping_status":"closed","sticky":false,"template":"","format":"standard","meta":{"_joinchat":[],"footnotes":""},"categories":[353,65,69],"tags":[345],"class_list":["post-10167","post","type-post","status-publish","format-standard","has-post-thumbnail","hentry","category-deportes","category-destacados","category-noticias","tag-destacar"],"yoast_head":"<!-- This site is optimized with the Yoast SEO plugin v25.1 - https:\/\/yoast.com\/wordpress\/plugins\/seo\/ -->\n<title>LUEGO DE DOS A\u00d1OS, REGRESA EL TC 2000 A CONCORDIA - Del \u00c9xodo Nogoy\u00e1<\/title>\n<meta name=\"robots\" content=\"index, follow, max-snippet:-1, max-image-preview:large, max-video-preview:-1\" \/>\n<link rel=\"canonical\" href=\"https:\/\/www.delexodo.com.ar\/?p=10167\" \/>\n<meta property=\"og:locale\" content=\"es_ES\" \/>\n<meta property=\"og:type\" content=\"article\" \/>\n<meta property=\"og:title\" content=\"LUEGO DE DOS A\u00d1OS, REGRESA EL TC 2000 A CONCORDIA - Del \u00c9xodo Nogoy\u00e1\" \/>\n<meta property=\"og:description\" content=\"Pasaron pr\u00e1cticamente dos a\u00f1os para el regreso de la categor\u00eda m\u00e1s tecnol\u00f3gica de Sudam\u00e9rica a nuestro aut\u00f3dromo. En la recorrida&hellip;\" \/>\n<meta property=\"og:url\" content=\"https:\/\/www.delexodo.com.ar\/?p=10167\" \/>\n<meta property=\"og:site_name\" content=\"Del \u00c9xodo Nogoy\u00e1\" \/>\n<meta property=\"article:published_time\" content=\"2024-02-10T21:11:32+00:00\" \/>\n<meta property=\"og:image\" content=\"https:\/\/www.delexodo.com.ar\/wp-content\/uploads\/2024\/02\/TC-CONCORDIA2.jpg\" \/>\n\t<meta property=\"og:image:width\" content=\"1560\" \/>\n\t<meta property=\"og:image:height\" content=\"1040\" \/>\n\t<meta property=\"og:image:type\" content=\"image\/jpeg\" \/>\n<meta name=\"author\" content=\"admin\" \/>\n<meta name=\"twitter:card\" content=\"summary_large_image\" \/>\n<meta name=\"twitter:label1\" content=\"Escrito por\" \/>\n\t<meta name=\"twitter:data1\" content=\"admin\" \/>\n\t<meta name=\"twitter:label2\" content=\"Tiempo de lectura\" \/>\n\t<meta name=\"twitter:data2\" content=\"1 minuto\" \/>\n<script type=\"application\/ld+json\" class=\"yoast-schema-graph\">{\"@context\":\"https:\/\/schema.org\",\"@graph\":[{\"@type\":\"Article\",\"@id\":\"https:\/\/www.delexodo.com.ar\/?p=10167#article\",\"isPartOf\":{\"@id\":\"https:\/\/www.delexodo.com.ar\/?p=10167\"},\"author\":{\"name\":\"admin\",\"@id\":\"https:\/\/www.delexodo.com.ar\/#\/schema\/person\/bbed37f7da8e938660b34f2013ba449d\"},\"headline\":\"LUEGO DE DOS A\u00d1OS, REGRESA EL TC 2000 A CONCORDIA\",\"datePublished\":\"2024-02-10T21:11:32+00:00\",\"mainEntityOfPage\":{\"@id\":\"https:\/\/www.delexodo.com.ar\/?p=10167\"},\"wordCount\":282,\"publisher\":{\"@id\":\"https:\/\/www.delexodo.com.ar\/#organization\"},\"image\":{\"@id\":\"https:\/\/www.delexodo.com.ar\/?p=10167#primaryimage\"},\"thumbnailUrl\":\"https:\/\/www.delexodo.com.ar\/wp-content\/uploads\/2024\/02\/TC-CONCORDIA2.jpg\",\"keywords\":[\"destacar\"],\"articleSection\":[\"Deportes\",\"Destacados\",\"NOTICIAS\"],\"inLanguage\":\"es\"},{\"@type\":\"WebPage\",\"@id\":\"https:\/\/www.delexodo.com.ar\/?p=10167\",\"url\":\"https:\/\/www.delexodo.com.ar\/?p=10167\",\"name\":\"LUEGO DE DOS A\u00d1OS, REGRESA EL TC 2000 A CONCORDIA - Del \u00c9xodo Nogoy\u00e1\",\"isPartOf\":{\"@id\":\"https:\/\/www.delexodo.com.ar\/#website\"},\"primaryImageOfPage\":{\"@id\":\"https:\/\/www.delexodo.com.ar\/?p=10167#primaryimage\"},\"image\":{\"@id\":\"https:\/\/www.delexodo.com.ar\/?p=10167#primaryimage\"},\"thumbnailUrl\":\"https:\/\/www.delexodo.com.ar\/wp-content\/uploads\/2024\/02\/TC-CONCORDIA2.jpg\",\"datePublished\":\"2024-02-10T21:11:32+00:00\",\"breadcrumb\":{\"@id\":\"https:\/\/www.delexodo.com.ar\/?p=10167#breadcrumb\"},\"inLanguage\":\"es\",\"potentialAction\":[{\"@type\":\"ReadAction\",\"target\":[\"https:\/\/www.delexodo.com.ar\/?p=10167\"]}]},{\"@type\":\"ImageObject\",\"inLanguage\":\"es\",\"@id\":\"https:\/\/www.delexodo.com.ar\/?p=10167#primaryimage\",\"url\":\"https:\/\/www.delexodo.com.ar\/wp-content\/uploads\/2024\/02\/TC-CONCORDIA2.jpg\",\"contentUrl\":\"https:\/\/www.delexodo.com.ar\/wp-content\/uploads\/2024\/02\/TC-CONCORDIA2.jpg\",\"width\":1560,\"height\":1040},{\"@type\":\"BreadcrumbList\",\"@id\":\"https:\/\/www.delexodo.com.ar\/?p=10167#breadcrumb\",\"itemListElement\":[{\"@type\":\"ListItem\",\"position\":1,\"name\":\"Portada\",\"item\":\"https:\/\/www.delexodo.com.ar\/\"},{\"@type\":\"ListItem\",\"position\":2,\"name\":\"LUEGO DE DOS A\u00d1OS, REGRESA EL TC 2000 A CONCORDIA\"}]},{\"@type\":\"WebSite\",\"@id\":\"https:\/\/www.delexodo.com.ar\/#website\",\"url\":\"https:\/\/www.delexodo.com.ar\/\",\"name\":\"Del \u00c9xodo Nogoy\u00e1\",\"description\":\"El Portal de Noticias de la Regi\u00f3n\",\"publisher\":{\"@id\":\"https:\/\/www.delexodo.com.ar\/#organization\"},\"potentialAction\":[{\"@type\":\"SearchAction\",\"target\":{\"@type\":\"EntryPoint\",\"urlTemplate\":\"https:\/\/www.delexodo.com.ar\/?s={search_term_string}\"},\"query-input\":{\"@type\":\"PropertyValueSpecification\",\"valueRequired\":true,\"valueName\":\"search_term_string\"}}],\"inLanguage\":\"es\"},{\"@type\":\"Organization\",\"@id\":\"https:\/\/www.delexodo.com.ar\/#organization\",\"name\":\"Del \u00c9xodo Nogoy\u00e1\",\"url\":\"https:\/\/www.delexodo.com.ar\/\",\"logo\":{\"@type\":\"ImageObject\",\"inLanguage\":\"es\",\"@id\":\"https:\/\/www.delexodo.com.ar\/#\/schema\/logo\/image\/\",\"url\":\"https:\/\/www.delexodo.com.ar\/wp-content\/uploads\/2024\/10\/cropped-cropped-LOGO24.png\",\"contentUrl\":\"https:\/\/www.delexodo.com.ar\/wp-content\/uploads\/2024\/10\/cropped-cropped-LOGO24.png\",\"width\":512,\"height\":349,\"caption\":\"Del \u00c9xodo Nogoy\u00e1\"},\"image\":{\"@id\":\"https:\/\/www.delexodo.com.ar\/#\/schema\/logo\/image\/\"}},{\"@type\":\"Person\",\"@id\":\"https:\/\/www.delexodo.com.ar\/#\/schema\/person\/bbed37f7da8e938660b34f2013ba449d\",\"name\":\"admin\",\"image\":{\"@type\":\"ImageObject\",\"inLanguage\":\"es\",\"@id\":\"https:\/\/www.delexodo.com.ar\/#\/schema\/person\/image\/\",\"url\":\"https:\/\/secure.gravatar.com\/avatar\/6b1558d1b6df085f1901bd5bd98523d7?s=96&d=mm&r=g\",\"contentUrl\":\"https:\/\/secure.gravatar.com\/avatar\/6b1558d1b6df085f1901bd5bd98523d7?s=96&d=mm&r=g\",\"caption\":\"admin\"},\"url\":\"https:\/\/www.delexodo.com.ar\/?author=1\"}]}<\/script>\n<!-- \/ Yoast SEO plugin. -->","yoast_head_json":{"title":"LUEGO DE DOS A\u00d1OS, REGRESA EL TC 2000 A CONCORDIA - Del \u00c9xodo Nogoy\u00e1","robots":{"index":"index","follow":"follow","max-snippet":"max-snippet:-1","max-image-preview":"max-image-preview:large","max-video-preview":"max-video-preview:-1"},"canonical":"https:\/\/www.delexodo.com.ar\/?p=10167","og_locale":"es_ES","og_type":"article","og_title":"LUEGO DE DOS A\u00d1OS, REGRESA EL TC 2000 A CONCORDIA - Del \u00c9xodo Nogoy\u00e1","og_description":"Pasaron pr\u00e1cticamente dos a\u00f1os para el regreso de la categor\u00eda m\u00e1s tecnol\u00f3gica de Sudam\u00e9rica a nuestro aut\u00f3dromo. En la recorrida&hellip;","og_url":"https:\/\/www.delexodo.com.ar\/?p=10167","og_site_name":"Del \u00c9xodo Nogoy\u00e1","article_published_time":"2024-02-10T21:11:32+00:00","og_image":[{"width":1560,"height":1040,"url":"https:\/\/www.delexodo.com.ar\/wp-content\/uploads\/2024\/02\/TC-CONCORDIA2.jpg","type":"image\/jpeg"}],"author":"admin","twitter_card":"summary_large_image","twitter_misc":{"Escrito por":"admin","Tiempo de lectura":"1 minuto"},"schema":{"@context":"https:\/\/schema.org","@graph":[{"@type":"Article","@id":"https:\/\/www.delexodo.com.ar\/?p=10167#article","isPartOf":{"@id":"https:\/\/www.delexodo.com.ar\/?p=10167"},"author":{"name":"admin","@id":"https:\/\/www.delexodo.com.ar\/#\/schema\/person\/bbed37f7da8e938660b34f2013ba449d"},"headline":"LUEGO DE DOS A\u00d1OS, REGRESA EL TC 2000 A CONCORDIA","datePublished":"2024-02-10T21:11:32+00:00","mainEntityOfPage":{"@id":"https:\/\/www.delexodo.com.ar\/?p=10167"},"wordCount":282,"publisher":{"@id":"https:\/\/www.delexodo.com.ar\/#organization"},"image":{"@id":"https:\/\/www.delexodo.com.ar\/?p=10167#primaryimage"},"thumbnailUrl":"https:\/\/www.delexodo.com.ar\/wp-content\/uploads\/2024\/02\/TC-CONCORDIA2.jpg","keywords":["destacar"],"articleSection":["Deportes","Destacados","NOTICIAS"],"inLanguage":"es"},{"@type":"WebPage","@id":"https:\/\/www.delexodo.com.ar\/?p=10167","url":"https:\/\/www.delexodo.com.ar\/?p=10167","name":"LUEGO DE DOS A\u00d1OS, REGRESA EL TC 2000 A CONCORDIA - Del \u00c9xodo Nogoy\u00e1","isPartOf":{"@id":"https:\/\/www.delexodo.com.ar\/#website"},"primaryImageOfPage":{"@id":"https:\/\/www.delexodo.com.ar\/?p=10167#primaryimage"},"image":{"@id":"https:\/\/www.delexodo.com.ar\/?p=10167#primaryimage"},"thumbnailUrl":"https:\/\/www.delexodo.com.ar\/wp-content\/uploads\/2024\/02\/TC-CONCORDIA2.jpg","datePublished":"2024-02-10T21:11:32+00:00","breadcrumb":{"@id":"https:\/\/www.delexodo.com.ar\/?p=10167#breadcrumb"},"inLanguage":"es","potentialAction":[{"@type":"ReadAction","target":["https:\/\/www.delexodo.com.ar\/?p=10167"]}]},{"@type":"ImageObject","inLanguage":"es","@id":"https:\/\/www.delexodo.com.ar\/?p=10167#primaryimage","url":"https:\/\/www.delexodo.com.ar\/wp-content\/uploads\/2024\/02\/TC-CONCORDIA2.jpg","contentUrl":"https:\/\/www.delexodo.com.ar\/wp-content\/uploads\/2024\/02\/TC-CONCORDIA2.jpg","width":1560,"height":1040},{"@type":"BreadcrumbList","@id":"https:\/\/www.delexodo.com.ar\/?p=10167#breadcrumb","itemListElement":[{"@type":"ListItem","position":1,"name":"Portada","item":"https:\/\/www.delexodo.com.ar\/"},{"@type":"ListItem","position":2,"name":"LUEGO DE DOS A\u00d1OS, REGRESA EL TC 2000 A CONCORDIA"}]},{"@type":"WebSite","@id":"https:\/\/www.delexodo.com.ar\/#website","url":"https:\/\/www.delexodo.com.ar\/","name":"Del \u00c9xodo Nogoy\u00e1","description":"El Portal de Noticias de la Regi\u00f3n","publisher":{"@id":"https:\/\/www.delexodo.com.ar\/#organization"},"potentialAction":[{"@type":"SearchAction","target":{"@type":"EntryPoint","urlTemplate":"https:\/\/www.delexodo.com.ar\/?s={search_term_string}"},"query-input":{"@type":"PropertyValueSpecification","valueRequired":true,"valueName":"search_term_string"}}],"inLanguage":"es"},{"@type":"Organization","@id":"https:\/\/www.delexodo.com.ar\/#organization","name":"Del \u00c9xodo Nogoy\u00e1","url":"https:\/\/www.delexodo.com.ar\/","logo":{"@type":"ImageObject","inLanguage":"es","@id":"https:\/\/www.delexodo.com.ar\/#\/schema\/logo\/image\/","url":"https:\/\/www.delexodo.com.ar\/wp-content\/uploads\/2024\/10\/cropped-cropped-LOGO24.png","contentUrl":"https:\/\/www.delexodo.com.ar\/wp-content\/uploads\/2024\/10\/cropped-cropped-LOGO24.png","width":512,"height":349,"caption":"Del \u00c9xodo Nogoy\u00e1"},"image":{"@id":"https:\/\/www.delexodo.com.ar\/#\/schema\/logo\/image\/"}},{"@type":"Person","@id":"https:\/\/www.delexodo.com.ar\/#\/schema\/person\/bbed37f7da8e938660b34f2013ba449d","name":"admin","image":{"@type":"ImageObject","inLanguage":"es","@id":"https:\/\/www.delexodo.com.ar\/#\/schema\/person\/image\/","url":"https:\/\/secure.gravatar.com\/avatar\/6b1558d1b6df085f1901bd5bd98523d7?s=96&d=mm&r=g","contentUrl":"https:\/\/secure.gravatar.com\/avatar\/6b1558d1b6df085f1901bd5bd98523d7?s=96&d=mm&r=g","caption":"admin"},"url":"https:\/\/www.delexodo.com.ar\/?author=1"}]}},"_links":{"self":[{"href":"https:\/\/www.delexodo.com.ar\/index.php?rest_route=\/wp\/v2\/posts\/10167","targetHints":{"allow":["GET"]}}],"collection":[{"href":"https:\/\/www.delexodo.com.ar\/index.php?rest_route=\/wp\/v2\/posts"}],"about":[{"href":"https:\/\/www.delexodo.com.ar\/index.php?rest_route=\/wp\/v2\/types\/post"}],"author":[{"embeddable":true,"href":"https:\/\/www.delexodo.com.ar\/index.php?rest_route=\/wp\/v2\/users\/1"}],"replies":[{"embeddable":true,"href":"https:\/\/www.delexodo.com.ar\/index.php?rest_route=%2Fwp%2Fv2%2Fcomments&post=10167"}],"version-history":[{"count":0,"href":"https:\/\/www.delexodo.com.ar\/index.php?rest_route=\/wp\/v2\/posts\/10167\/revisions"}],"wp:featuredmedia":[{"embeddable":true,"href":"https:\/\/www.delexodo.com.ar\/index.php?rest_route=\/wp\/v2\/media\/10169"}],"wp:attachment":[{"href":"https:\/\/www.delexodo.com.ar\/index.php?rest_route=%2Fwp%2Fv2%2Fmedia&parent=10167"}],"wp:term":[{"taxonomy":"category","embeddable":true,"href":"https:\/\/www.delexodo.com.ar\/index.php?rest_route=%2Fwp%2Fv2%2Fcategories&post=10167"},{"taxonomy":"post_tag","embeddable":true,"href":"https:\/\/www.delexodo.com.ar\/index.php?rest_route=%2Fwp%2Fv2%2Ftags&post=10167"}],"curies":[{"name":"wp","href":"https:\/\/api.w.org\/{rel}","templated":true}]}}