{"id":10155,"date":"2024-02-08T17:07:36","date_gmt":"2024-02-08T20:07:36","guid":{"rendered":"https:\/\/www.delexodo.com.ar\/?p=10155"},"modified":"2024-03-08T16:32:26","modified_gmt":"2024-03-08T19:32:26","slug":"senadores-aprobaron-la-emergencia-educativa","status":"publish","type":"post","link":"https:\/\/www.delexodo.com.ar\/?p=10155","title":{"rendered":"SENADORES APROBARON LA EMERGENCIA EDUCATIVA"},"content":{"rendered":"\n<p><em>La sesi\u00f3n de pr\u00f3rroga del Senado entrerriano se celebr\u00f3 este jueves al mediod\u00eda y fue presidida por la vicegobernadora y presidente del cuerpo, Alicia Aluani.<\/em><\/p>\n\n\n\n<div class=\"wp-block-image\"><figure class=\"aligncenter size-large is-resized\"><img loading=\"lazy\" decoding=\"async\" src=\"https:\/\/www.delexodo.com.ar\/wp-content\/uploads\/2024\/02\/ALUANI-SENADO-1024x682.jpeg\" alt=\"\" class=\"wp-image-10158\" width=\"365\" height=\"243\" srcset=\"https:\/\/www.delexodo.com.ar\/wp-content\/uploads\/2024\/02\/ALUANI-SENADO-1024x682.jpeg 1024w, https:\/\/www.delexodo.com.ar\/wp-content\/uploads\/2024\/02\/ALUANI-SENADO-300x200.jpeg 300w, https:\/\/www.delexodo.com.ar\/wp-content\/uploads\/2024\/02\/ALUANI-SENADO-768x512.jpeg 768w, https:\/\/www.delexodo.com.ar\/wp-content\/uploads\/2024\/02\/ALUANI-SENADO.jpeg 1280w\" sizes=\"auto, (max-width: 365px) 100vw, 365px\" \/><\/figure><\/div>\n\n\n\n<p>Con la presencia de 15 senadores se realiz\u00f3 este jueves la primera sesi\u00f3n de pr\u00f3rroga correspondiente al 144\u00ba Per\u00edodo Legislativo. En el recinto, se acept\u00f3 la renuncia del senador por el departamento Paran\u00e1, Hugo Ma\u00edn; y se tom\u00f3 juramento a su reemplazante, Claudia Fabiana Silva del Frente M\u00e1s para Entre R\u00edos.<\/p>\n\n\n\n<div class=\"wp-block-image\"><figure class=\"alignleft size-large is-resized\"><img loading=\"lazy\" decoding=\"async\" src=\"https:\/\/www.delexodo.com.ar\/wp-content\/uploads\/2024\/02\/JURA-SENADORA-SILVA.jpeg\" alt=\"\" class=\"wp-image-10157\" width=\"306\" height=\"204\" srcset=\"https:\/\/www.delexodo.com.ar\/wp-content\/uploads\/2024\/02\/JURA-SENADORA-SILVA.jpeg 660w, https:\/\/www.delexodo.com.ar\/wp-content\/uploads\/2024\/02\/JURA-SENADORA-SILVA-300x200.jpeg 300w\" sizes=\"auto, (max-width: 306px) 100vw, 306px\" \/><\/figure><\/div>\n\n\n\n<p>Tras la lectura de la renuncia del senador provincial <em>\u201cpor razones de \u00edndole personal que hacen a mi salud y que me impiden desarrollar con responsabilidad el cargo con el cual me han honrado los ciudadanos del Departamento Paran\u00e1\u201d<\/em>, seg\u00fan expresa la misiva, la presidente del Senado, Alicia Aluani, tom\u00f3 juramento a <strong>Claudia Fabiana Silva<\/strong>&nbsp;como senadora provincial.<\/p>\n\n\n\n<p>Al respecto, el senador Martin Oliva (Uruguay- M\u00e1s Frente Entre R\u00edos) solicit\u00f3 la palabra para dar la bienvenida formal e institucional a la senadora: \u201cEs un gusto que la C\u00e1mara la reciba, y en particular es para nuestro bloque importante su aporte\u201d, valor\u00f3.<\/p>\n\n\n\n<div class=\"wp-block-image\"><figure class=\"aligncenter size-large\"><a href=\"https:\/\/www.senadoer.gob.ar\/\" target=\"_blank\" rel=\"noopener\"><img loading=\"lazy\" decoding=\"async\" width=\"1024\" height=\"231\" src=\"https:\/\/www.delexodo.com.ar\/wp-content\/uploads\/2024\/02\/SENADO-ER-24-1024x231.png\" alt=\"\" class=\"wp-image-10161\" srcset=\"https:\/\/www.delexodo.com.ar\/wp-content\/uploads\/2024\/02\/SENADO-ER-24-1024x231.png 1024w, https:\/\/www.delexodo.com.ar\/wp-content\/uploads\/2024\/02\/SENADO-ER-24-300x68.png 300w, https:\/\/www.delexodo.com.ar\/wp-content\/uploads\/2024\/02\/SENADO-ER-24-768x173.png 768w, https:\/\/www.delexodo.com.ar\/wp-content\/uploads\/2024\/02\/SENADO-ER-24.png 1421w\" sizes=\"auto, (max-width: 1024px) 100vw, 1024px\" \/><\/a><\/figure><\/div>\n\n\n\n<h2 class=\"wp-block-heading\"><strong>Declaraci\u00f3n de Emergencia<\/strong><\/h2>\n\n\n\n<p>Durante la sesi\u00f3n, y sobre tablas, se aprob\u00f3 el proyecto de Ley enviado por el Poder Ejecutivo provincial por el que se declara la emergencia p\u00fablica en materia educativa en Entre R\u00edos.<\/p>\n\n\n\n<p>El senador por el departamento Uruguay pidi\u00f3 la palabra y solicit\u00f3 tratar sobre tablas el proyecto enviado por el Ejecutivo <em><strong>\u201cconsiderando la necesidad de continuar con las mejoras en las escuelas, es as\u00ed que les propongo a mis colegas tratar sobre tablas el proyecto del Ejecutivo<\/strong><\/em>\u201d, indic\u00f3.<\/p>\n\n\n\n<p>Por su parte, el senador Rafael Cavagna (Nogoy\u00e1- Juntos por Entre R\u00edos) expres\u00f3: <em>\u201cSimplemente agradecer al bloque de senadores del Frente M\u00e1s para Entre R\u00edos la predisposici\u00f3n y la labor parlamentaria realizada. Son 190 d\u00edas de clase garantizados para todos los entrerrianos en cada una de las escuelas, es la manda que nos ha encomendado nuestro gobernador pensando la educaci\u00f3n de la provincia de Entre R\u00edos. Tambi\u00e9n nos ha asignado que demos una mano en el lugar donde podamos darla. Y creo que con esta herramienta estamos facilitando al Poder Ejecutivo cumplir con dicho objetivo\u201d<\/em>.<\/p>\n\n\n\n<p>Y agreg\u00f3:<em> \u201cPor eso celebramos el trabajo realizado de esta Honorable C\u00e1mara de Senadores para que se cumpla el objetivo. Y obviamente, como dec\u00eda el senador preopinante, ejercer tambi\u00e9n la funci\u00f3n de contralor bimestralmente para ver c\u00f3mo van los avances y que nuestras ni\u00f1as puedan tener garantidos los 190 d\u00edas de clase como lo ha pedido el Departamento Ejecutivo\u201d<\/em>.<\/p>\n","protected":false},"excerpt":{"rendered":"<p>La sesi\u00f3n de pr\u00f3rroga del Senado entrerriano se celebr\u00f3 este jueves al mediod\u00eda y fue presidida por la vicegobernadora y&hellip;<\/p>\n","protected":false},"author":1,"featured_media":10156,"comment_status":"closed","ping_status":"closed","sticky":false,"template":"","format":"standard","meta":{"_joinchat":[],"footnotes":""},"categories":[65,1,69,349],"tags":[345],"class_list":["post-10155","post","type-post","status-publish","format-standard","has-post-thumbnail","hentry","category-destacados","category-sincategoria","category-noticias","category-politica","tag-destacar"],"yoast_head":"<!-- This site is optimized with the Yoast SEO plugin v25.1 - https:\/\/yoast.com\/wordpress\/plugins\/seo\/ -->\n<title>SENADORES APROBARON LA EMERGENCIA EDUCATIVA - Del \u00c9xodo Nogoy\u00e1<\/title>\n<meta name=\"robots\" content=\"index, follow, max-snippet:-1, max-image-preview:large, max-video-preview:-1\" \/>\n<link rel=\"canonical\" href=\"https:\/\/www.delexodo.com.ar\/?p=10155\" \/>\n<meta property=\"og:locale\" content=\"es_ES\" \/>\n<meta property=\"og:type\" content=\"article\" \/>\n<meta property=\"og:title\" content=\"SENADORES APROBARON LA EMERGENCIA EDUCATIVA - Del \u00c9xodo Nogoy\u00e1\" \/>\n<meta property=\"og:description\" content=\"La sesi\u00f3n de pr\u00f3rroga del Senado entrerriano se celebr\u00f3 este jueves al mediod\u00eda y fue presidida por la vicegobernadora y&hellip;\" \/>\n<meta property=\"og:url\" content=\"https:\/\/www.delexodo.com.ar\/?p=10155\" \/>\n<meta property=\"og:site_name\" content=\"Del \u00c9xodo Nogoy\u00e1\" \/>\n<meta property=\"article:published_time\" content=\"2024-02-08T20:07:36+00:00\" \/>\n<meta property=\"article:modified_time\" content=\"2024-03-08T19:32:26+00:00\" \/>\n<meta property=\"og:image\" content=\"https:\/\/www.delexodo.com.ar\/wp-content\/uploads\/2024\/02\/SESION-SENADO-ER.jpeg\" \/>\n\t<meta property=\"og:image:width\" content=\"1280\" \/>\n\t<meta property=\"og:image:height\" content=\"852\" \/>\n\t<meta property=\"og:image:type\" content=\"image\/jpeg\" \/>\n<meta name=\"author\" content=\"admin\" \/>\n<meta name=\"twitter:card\" content=\"summary_large_image\" \/>\n<meta name=\"twitter:label1\" content=\"Escrito por\" \/>\n\t<meta name=\"twitter:data1\" content=\"admin\" \/>\n\t<meta name=\"twitter:label2\" content=\"Tiempo de lectura\" \/>\n\t<meta name=\"twitter:data2\" content=\"2 minutos\" \/>\n<script type=\"application\/ld+json\" class=\"yoast-schema-graph\">{\"@context\":\"https:\/\/schema.org\",\"@graph\":[{\"@type\":\"Article\",\"@id\":\"https:\/\/www.delexodo.com.ar\/?p=10155#article\",\"isPartOf\":{\"@id\":\"https:\/\/www.delexodo.com.ar\/?p=10155\"},\"author\":{\"name\":\"admin\",\"@id\":\"https:\/\/www.delexodo.com.ar\/#\/schema\/person\/bbed37f7da8e938660b34f2013ba449d\"},\"headline\":\"SENADORES APROBARON LA EMERGENCIA EDUCATIVA\",\"datePublished\":\"2024-02-08T20:07:36+00:00\",\"dateModified\":\"2024-03-08T19:32:26+00:00\",\"mainEntityOfPage\":{\"@id\":\"https:\/\/www.delexodo.com.ar\/?p=10155\"},\"wordCount\":448,\"publisher\":{\"@id\":\"https:\/\/www.delexodo.com.ar\/#organization\"},\"image\":{\"@id\":\"https:\/\/www.delexodo.com.ar\/?p=10155#primaryimage\"},\"thumbnailUrl\":\"https:\/\/www.delexodo.com.ar\/wp-content\/uploads\/2024\/02\/SESION-SENADO-ER.jpeg\",\"keywords\":[\"destacar\"],\"articleSection\":[\"Destacados\",\"Nogoya\",\"NOTICIAS\",\"Politica\"],\"inLanguage\":\"es\"},{\"@type\":\"WebPage\",\"@id\":\"https:\/\/www.delexodo.com.ar\/?p=10155\",\"url\":\"https:\/\/www.delexodo.com.ar\/?p=10155\",\"name\":\"SENADORES APROBARON LA EMERGENCIA EDUCATIVA - Del \u00c9xodo Nogoy\u00e1\",\"isPartOf\":{\"@id\":\"https:\/\/www.delexodo.com.ar\/#website\"},\"primaryImageOfPage\":{\"@id\":\"https:\/\/www.delexodo.com.ar\/?p=10155#primaryimage\"},\"image\":{\"@id\":\"https:\/\/www.delexodo.com.ar\/?p=10155#primaryimage\"},\"thumbnailUrl\":\"https:\/\/www.delexodo.com.ar\/wp-content\/uploads\/2024\/02\/SESION-SENADO-ER.jpeg\",\"datePublished\":\"2024-02-08T20:07:36+00:00\",\"dateModified\":\"2024-03-08T19:32:26+00:00\",\"breadcrumb\":{\"@id\":\"https:\/\/www.delexodo.com.ar\/?p=10155#breadcrumb\"},\"inLanguage\":\"es\",\"potentialAction\":[{\"@type\":\"ReadAction\",\"target\":[\"https:\/\/www.delexodo.com.ar\/?p=10155\"]}]},{\"@type\":\"ImageObject\",\"inLanguage\":\"es\",\"@id\":\"https:\/\/www.delexodo.com.ar\/?p=10155#primaryimage\",\"url\":\"https:\/\/www.delexodo.com.ar\/wp-content\/uploads\/2024\/02\/SESION-SENADO-ER.jpeg\",\"contentUrl\":\"https:\/\/www.delexodo.com.ar\/wp-content\/uploads\/2024\/02\/SESION-SENADO-ER.jpeg\",\"width\":1280,\"height\":852},{\"@type\":\"BreadcrumbList\",\"@id\":\"https:\/\/www.delexodo.com.ar\/?p=10155#breadcrumb\",\"itemListElement\":[{\"@type\":\"ListItem\",\"position\":1,\"name\":\"Portada\",\"item\":\"https:\/\/www.delexodo.com.ar\/\"},{\"@type\":\"ListItem\",\"position\":2,\"name\":\"SENADORES APROBARON LA EMERGENCIA EDUCATIVA\"}]},{\"@type\":\"WebSite\",\"@id\":\"https:\/\/www.delexodo.com.ar\/#website\",\"url\":\"https:\/\/www.delexodo.com.ar\/\",\"name\":\"Del \u00c9xodo Nogoy\u00e1\",\"description\":\"El Portal de Noticias de la Regi\u00f3n\",\"publisher\":{\"@id\":\"https:\/\/www.delexodo.com.ar\/#organization\"},\"potentialAction\":[{\"@type\":\"SearchAction\",\"target\":{\"@type\":\"EntryPoint\",\"urlTemplate\":\"https:\/\/www.delexodo.com.ar\/?s={search_term_string}\"},\"query-input\":{\"@type\":\"PropertyValueSpecification\",\"valueRequired\":true,\"valueName\":\"search_term_string\"}}],\"inLanguage\":\"es\"},{\"@type\":\"Organization\",\"@id\":\"https:\/\/www.delexodo.com.ar\/#organization\",\"name\":\"Del \u00c9xodo Nogoy\u00e1\",\"url\":\"https:\/\/www.delexodo.com.ar\/\",\"logo\":{\"@type\":\"ImageObject\",\"inLanguage\":\"es\",\"@id\":\"https:\/\/www.delexodo.com.ar\/#\/schema\/logo\/image\/\",\"url\":\"https:\/\/www.delexodo.com.ar\/wp-content\/uploads\/2024\/10\/cropped-cropped-LOGO24.png\",\"contentUrl\":\"https:\/\/www.delexodo.com.ar\/wp-content\/uploads\/2024\/10\/cropped-cropped-LOGO24.png\",\"width\":512,\"height\":349,\"caption\":\"Del \u00c9xodo Nogoy\u00e1\"},\"image\":{\"@id\":\"https:\/\/www.delexodo.com.ar\/#\/schema\/logo\/image\/\"}},{\"@type\":\"Person\",\"@id\":\"https:\/\/www.delexodo.com.ar\/#\/schema\/person\/bbed37f7da8e938660b34f2013ba449d\",\"name\":\"admin\",\"image\":{\"@type\":\"ImageObject\",\"inLanguage\":\"es\",\"@id\":\"https:\/\/www.delexodo.com.ar\/#\/schema\/person\/image\/\",\"url\":\"https:\/\/secure.gravatar.com\/avatar\/6b1558d1b6df085f1901bd5bd98523d7?s=96&d=mm&r=g\",\"contentUrl\":\"https:\/\/secure.gravatar.com\/avatar\/6b1558d1b6df085f1901bd5bd98523d7?s=96&d=mm&r=g\",\"caption\":\"admin\"},\"url\":\"https:\/\/www.delexodo.com.ar\/?author=1\"}]}<\/script>\n<!-- \/ Yoast SEO plugin. -->","yoast_head_json":{"title":"SENADORES APROBARON LA EMERGENCIA EDUCATIVA - Del \u00c9xodo Nogoy\u00e1","robots":{"index":"index","follow":"follow","max-snippet":"max-snippet:-1","max-image-preview":"max-image-preview:large","max-video-preview":"max-video-preview:-1"},"canonical":"https:\/\/www.delexodo.com.ar\/?p=10155","og_locale":"es_ES","og_type":"article","og_title":"SENADORES APROBARON LA EMERGENCIA EDUCATIVA - Del \u00c9xodo Nogoy\u00e1","og_description":"La sesi\u00f3n de pr\u00f3rroga del Senado entrerriano se celebr\u00f3 este jueves al mediod\u00eda y fue presidida por la vicegobernadora y&hellip;","og_url":"https:\/\/www.delexodo.com.ar\/?p=10155","og_site_name":"Del \u00c9xodo Nogoy\u00e1","article_published_time":"2024-02-08T20:07:36+00:00","article_modified_time":"2024-03-08T19:32:26+00:00","og_image":[{"width":1280,"height":852,"url":"https:\/\/www.delexodo.com.ar\/wp-content\/uploads\/2024\/02\/SESION-SENADO-ER.jpeg","type":"image\/jpeg"}],"author":"admin","twitter_card":"summary_large_image","twitter_misc":{"Escrito por":"admin","Tiempo de lectura":"2 minutos"},"schema":{"@context":"https:\/\/schema.org","@graph":[{"@type":"Article","@id":"https:\/\/www.delexodo.com.ar\/?p=10155#article","isPartOf":{"@id":"https:\/\/www.delexodo.com.ar\/?p=10155"},"author":{"name":"admin","@id":"https:\/\/www.delexodo.com.ar\/#\/schema\/person\/bbed37f7da8e938660b34f2013ba449d"},"headline":"SENADORES APROBARON LA EMERGENCIA EDUCATIVA","datePublished":"2024-02-08T20:07:36+00:00","dateModified":"2024-03-08T19:32:26+00:00","mainEntityOfPage":{"@id":"https:\/\/www.delexodo.com.ar\/?p=10155"},"wordCount":448,"publisher":{"@id":"https:\/\/www.delexodo.com.ar\/#organization"},"image":{"@id":"https:\/\/www.delexodo.com.ar\/?p=10155#primaryimage"},"thumbnailUrl":"https:\/\/www.delexodo.com.ar\/wp-content\/uploads\/2024\/02\/SESION-SENADO-ER.jpeg","keywords":["destacar"],"articleSection":["Destacados","Nogoya","NOTICIAS","Politica"],"inLanguage":"es"},{"@type":"WebPage","@id":"https:\/\/www.delexodo.com.ar\/?p=10155","url":"https:\/\/www.delexodo.com.ar\/?p=10155","name":"SENADORES APROBARON LA EMERGENCIA EDUCATIVA - Del \u00c9xodo Nogoy\u00e1","isPartOf":{"@id":"https:\/\/www.delexodo.com.ar\/#website"},"primaryImageOfPage":{"@id":"https:\/\/www.delexodo.com.ar\/?p=10155#primaryimage"},"image":{"@id":"https:\/\/www.delexodo.com.ar\/?p=10155#primaryimage"},"thumbnailUrl":"https:\/\/www.delexodo.com.ar\/wp-content\/uploads\/2024\/02\/SESION-SENADO-ER.jpeg","datePublished":"2024-02-08T20:07:36+00:00","dateModified":"2024-03-08T19:32:26+00:00","breadcrumb":{"@id":"https:\/\/www.delexodo.com.ar\/?p=10155#breadcrumb"},"inLanguage":"es","potentialAction":[{"@type":"ReadAction","target":["https:\/\/www.delexodo.com.ar\/?p=10155"]}]},{"@type":"ImageObject","inLanguage":"es","@id":"https:\/\/www.delexodo.com.ar\/?p=10155#primaryimage","url":"https:\/\/www.delexodo.com.ar\/wp-content\/uploads\/2024\/02\/SESION-SENADO-ER.jpeg","contentUrl":"https:\/\/www.delexodo.com.ar\/wp-content\/uploads\/2024\/02\/SESION-SENADO-ER.jpeg","width":1280,"height":852},{"@type":"BreadcrumbList","@id":"https:\/\/www.delexodo.com.ar\/?p=10155#breadcrumb","itemListElement":[{"@type":"ListItem","position":1,"name":"Portada","item":"https:\/\/www.delexodo.com.ar\/"},{"@type":"ListItem","position":2,"name":"SENADORES APROBARON LA EMERGENCIA EDUCATIVA"}]},{"@type":"WebSite","@id":"https:\/\/www.delexodo.com.ar\/#website","url":"https:\/\/www.delexodo.com.ar\/","name":"Del \u00c9xodo Nogoy\u00e1","description":"El Portal de Noticias de la Regi\u00f3n","publisher":{"@id":"https:\/\/www.delexodo.com.ar\/#organization"},"potentialAction":[{"@type":"SearchAction","target":{"@type":"EntryPoint","urlTemplate":"https:\/\/www.delexodo.com.ar\/?s={search_term_string}"},"query-input":{"@type":"PropertyValueSpecification","valueRequired":true,"valueName":"search_term_string"}}],"inLanguage":"es"},{"@type":"Organization","@id":"https:\/\/www.delexodo.com.ar\/#organization","name":"Del \u00c9xodo Nogoy\u00e1","url":"https:\/\/www.delexodo.com.ar\/","logo":{"@type":"ImageObject","inLanguage":"es","@id":"https:\/\/www.delexodo.com.ar\/#\/schema\/logo\/image\/","url":"https:\/\/www.delexodo.com.ar\/wp-content\/uploads\/2024\/10\/cropped-cropped-LOGO24.png","contentUrl":"https:\/\/www.delexodo.com.ar\/wp-content\/uploads\/2024\/10\/cropped-cropped-LOGO24.png","width":512,"height":349,"caption":"Del \u00c9xodo Nogoy\u00e1"},"image":{"@id":"https:\/\/www.delexodo.com.ar\/#\/schema\/logo\/image\/"}},{"@type":"Person","@id":"https:\/\/www.delexodo.com.ar\/#\/schema\/person\/bbed37f7da8e938660b34f2013ba449d","name":"admin","image":{"@type":"ImageObject","inLanguage":"es","@id":"https:\/\/www.delexodo.com.ar\/#\/schema\/person\/image\/","url":"https:\/\/secure.gravatar.com\/avatar\/6b1558d1b6df085f1901bd5bd98523d7?s=96&d=mm&r=g","contentUrl":"https:\/\/secure.gravatar.com\/avatar\/6b1558d1b6df085f1901bd5bd98523d7?s=96&d=mm&r=g","caption":"admin"},"url":"https:\/\/www.delexodo.com.ar\/?author=1"}]}},"_links":{"self":[{"href":"https:\/\/www.delexodo.com.ar\/index.php?rest_route=\/wp\/v2\/posts\/10155","targetHints":{"allow":["GET"]}}],"collection":[{"href":"https:\/\/www.delexodo.com.ar\/index.php?rest_route=\/wp\/v2\/posts"}],"about":[{"href":"https:\/\/www.delexodo.com.ar\/index.php?rest_route=\/wp\/v2\/types\/post"}],"author":[{"embeddable":true,"href":"https:\/\/www.delexodo.com.ar\/index.php?rest_route=\/wp\/v2\/users\/1"}],"replies":[{"embeddable":true,"href":"https:\/\/www.delexodo.com.ar\/index.php?rest_route=%2Fwp%2Fv2%2Fcomments&post=10155"}],"version-history":[{"count":0,"href":"https:\/\/www.delexodo.com.ar\/index.php?rest_route=\/wp\/v2\/posts\/10155\/revisions"}],"wp:featuredmedia":[{"embeddable":true,"href":"https:\/\/www.delexodo.com.ar\/index.php?rest_route=\/wp\/v2\/media\/10156"}],"wp:attachment":[{"href":"https:\/\/www.delexodo.com.ar\/index.php?rest_route=%2Fwp%2Fv2%2Fmedia&parent=10155"}],"wp:term":[{"taxonomy":"category","embeddable":true,"href":"https:\/\/www.delexodo.com.ar\/index.php?rest_route=%2Fwp%2Fv2%2Fcategories&post=10155"},{"taxonomy":"post_tag","embeddable":true,"href":"https:\/\/www.delexodo.com.ar\/index.php?rest_route=%2Fwp%2Fv2%2Ftags&post=10155"}],"curies":[{"name":"wp","href":"https:\/\/api.w.org\/{rel}","templated":true}]}}