{"id":10122,"date":"2024-01-02T18:53:26","date_gmt":"2024-01-02T21:53:26","guid":{"rendered":"https:\/\/www.delexodo.com.ar\/?p=10122"},"modified":"2024-03-08T16:33:26","modified_gmt":"2024-03-08T19:33:26","slug":"el-gobernador-frigerio-busca-prohibir-por-ley-designaciones-en-el-ultimo-ano-de-gestion","status":"publish","type":"post","link":"https:\/\/www.delexodo.com.ar\/?p=10122","title":{"rendered":"EL GOBERNADOR FRIGERIO BUSCA PROHIBIR POR LEY DESIGNACIONES EN EL \u00daLTIMO A\u00d1O DE GESTI\u00d3N"},"content":{"rendered":"\n<p><em>El Gobierno de Entre R\u00edos enviar\u00e1 esta semana a la Legislatura provincial el proyecto denominado \u201cLey de Transici\u00f3n de Gobierno\u201d, que busca prohibir las designaciones de planta permanente, las transferencias de dependencias y las recategorizaciones en el \u00faltimo a\u00f1o de gesti\u00f3n, tanto en el Poder Ejecutivo como en el Poder Legislativo provincial.<\/em><\/p>\n\n\n\n<p>En este sentido, se indic\u00f3 que <em>\u201cen el \u00faltimo a\u00f1o de la gesti\u00f3n anterior aumentaron las designaciones casi un 30%\u201d<\/em>.<\/p>\n\n\n\n<p><em>\u201cNos vamos a autolimitar la posibilidad de designar personal de planta permanente, reasignar cargos entre distintas dependencias o recategorizar empleados. No se puede seguir utilizando al Estado como una agencia de empleo<\/em>\u201d, asegur\u00f3 Frigerio al referirse a la iniciativa que enviar\u00e1 a la Legislatura provincial.<\/p>\n\n\n\n<div class=\"wp-block-image\"><figure class=\"aligncenter size-large\"><img loading=\"lazy\" decoding=\"async\" width=\"1024\" height=\"231\" src=\"https:\/\/www.delexodo.com.ar\/wp-content\/uploads\/2024\/02\/SENADO-ER-24-1024x231.png\" alt=\"\" class=\"wp-image-10161\" srcset=\"https:\/\/www.delexodo.com.ar\/wp-content\/uploads\/2024\/02\/SENADO-ER-24-1024x231.png 1024w, https:\/\/www.delexodo.com.ar\/wp-content\/uploads\/2024\/02\/SENADO-ER-24-300x68.png 300w, https:\/\/www.delexodo.com.ar\/wp-content\/uploads\/2024\/02\/SENADO-ER-24-768x173.png 768w, https:\/\/www.delexodo.com.ar\/wp-content\/uploads\/2024\/02\/SENADO-ER-24.png 1421w\" sizes=\"auto, (max-width: 1024px) 100vw, 1024px\" \/><figcaption><a href=\"https:\/\/www.senadoer.gob.ar\/\" target=\"_blank\" rel=\"noreferrer noopener\">https:\/\/www.senadoer.gob.ar\/<\/a><\/figcaption><\/figure><\/div>\n\n\n\n<p>Seg\u00fan se anunci\u00f3 oficialmente, de acuerdo a la informaci\u00f3n proporcionada por la Legislatura provincial, <em>\u201cde las 71 designaciones que tuvieron lugar en la \u00faltima gesti\u00f3n en Diputados, 47 se efectuaron el \u00faltimo a\u00f1o; m\u00e1s del 66%\u201d<\/em>.<\/p>\n\n\n\n<p>Tambi\u00e9n se indic\u00f3 que <em>\u201cen el caso del Senado, desde 2019 al 2021 no hubo designaciones, mientras que el \u00faltimo a\u00f1o se design\u00f3 a 74 personas. Es decir, en la sumatoria de ambas c\u00e1maras, en apenas un a\u00f1o se aument\u00f3 en casi un 30% el personal designado en planta permanente\u201d<\/em>.<\/p>\n\n\n\n<p>El Gobierno de Entre R\u00edos tambi\u00e9n explic\u00f3 que <em>\u201cen l\u00ednea con las medidas tomadas por el Gobierno Nacional, el gobierno entrerriano presentar\u00e1 la semana pr\u00f3xima un decreto para dar de baja todas las designaciones irregulares, tanto en el poder Ejecutivo como en el Legislativo provinciales\u201d<\/em>.<\/p>\n\n\n\n<p>Asimismo, se enviar\u00e1 otro decreto para realizar una auditor\u00eda en los ministerios provinciales, con el objetivo de dar de baja las designaciones irregulares en todas las dependencias del Poder Ejecutivo de Entre R\u00edos ocurridas durante el \u00faltimo a\u00f1o y medio.<\/p>\n\n\n\n<p>Seg\u00fan se explic\u00f3 <em>\u201cla Ley de Transici\u00f3n de Gobierno busca, en primer lugar, evitar abusos de los gobiernos salientes en el ejercicio de sus prerrogativas, especialmente aquellas de tipo presupuestario (como iniciar procesos de licitaciones y\/o contrataciones que excedan los compromisos establecidos en la Ley de Presupuesto vigente)\u201d<\/em>.<\/p>\n\n\n\n<p><em>\u201cPor otro lado, organiza y asegura que la informaci\u00f3n est\u00e9 disponible para el gobierno entrante para un conocimiento preciso del estado de situaci\u00f3n econ\u00f3mica, pol\u00edtica y social; al saliente, rendir cuentas de su gesti\u00f3n de lo realizado; y a la ciudadan\u00eda, acceder a la informaci\u00f3n sobre el estado de situaci\u00f3n del gobierno saliente\u201d<\/em>, explicaron desde el Ejecutivo entrerriano.<\/p>\n","protected":false},"excerpt":{"rendered":"<p>El Gobierno de Entre R\u00edos enviar\u00e1 esta semana a la Legislatura provincial el proyecto denominado \u201cLey de Transici\u00f3n de Gobierno\u201d,&hellip;<\/p>\n","protected":false},"author":1,"featured_media":10061,"comment_status":"closed","ping_status":"closed","sticky":false,"template":"","format":"standard","meta":{"_joinchat":[],"footnotes":""},"categories":[65,1,69,349],"tags":[345],"class_list":["post-10122","post","type-post","status-publish","format-standard","has-post-thumbnail","hentry","category-destacados","category-sincategoria","category-noticias","category-politica","tag-destacar"],"yoast_head":"<!-- This site is optimized with the Yoast SEO plugin v25.1 - https:\/\/yoast.com\/wordpress\/plugins\/seo\/ -->\n<title>EL GOBERNADOR FRIGERIO BUSCA PROHIBIR POR LEY DESIGNACIONES EN EL \u00daLTIMO A\u00d1O DE GESTI\u00d3N - Del \u00c9xodo Nogoy\u00e1<\/title>\n<meta name=\"robots\" content=\"index, follow, max-snippet:-1, max-image-preview:large, max-video-preview:-1\" \/>\n<link rel=\"canonical\" href=\"https:\/\/www.delexodo.com.ar\/?p=10122\" \/>\n<meta property=\"og:locale\" content=\"es_ES\" \/>\n<meta property=\"og:type\" content=\"article\" \/>\n<meta property=\"og:title\" content=\"EL GOBERNADOR FRIGERIO BUSCA PROHIBIR POR LEY DESIGNACIONES EN EL \u00daLTIMO A\u00d1O DE GESTI\u00d3N - Del \u00c9xodo Nogoy\u00e1\" \/>\n<meta property=\"og:description\" content=\"El Gobierno de Entre R\u00edos enviar\u00e1 esta semana a la Legislatura provincial el proyecto denominado \u201cLey de Transici\u00f3n de Gobierno\u201d,&hellip;\" \/>\n<meta property=\"og:url\" content=\"https:\/\/www.delexodo.com.ar\/?p=10122\" \/>\n<meta property=\"og:site_name\" content=\"Del \u00c9xodo Nogoy\u00e1\" \/>\n<meta property=\"article:published_time\" content=\"2024-01-02T21:53:26+00:00\" \/>\n<meta property=\"article:modified_time\" content=\"2024-03-08T19:33:26+00:00\" \/>\n<meta property=\"og:image\" content=\"https:\/\/www.delexodo.com.ar\/wp-content\/uploads\/2023\/11\/frigi.jpg\" \/>\n\t<meta property=\"og:image:width\" content=\"1400\" \/>\n\t<meta property=\"og:image:height\" content=\"778\" \/>\n\t<meta property=\"og:image:type\" content=\"image\/jpeg\" \/>\n<meta name=\"author\" content=\"admin\" \/>\n<meta name=\"twitter:card\" content=\"summary_large_image\" \/>\n<meta name=\"twitter:label1\" content=\"Escrito por\" \/>\n\t<meta name=\"twitter:data1\" content=\"admin\" \/>\n\t<meta name=\"twitter:label2\" content=\"Tiempo de lectura\" \/>\n\t<meta name=\"twitter:data2\" content=\"2 minutos\" \/>\n<script type=\"application\/ld+json\" class=\"yoast-schema-graph\">{\"@context\":\"https:\/\/schema.org\",\"@graph\":[{\"@type\":\"Article\",\"@id\":\"https:\/\/www.delexodo.com.ar\/?p=10122#article\",\"isPartOf\":{\"@id\":\"https:\/\/www.delexodo.com.ar\/?p=10122\"},\"author\":{\"name\":\"admin\",\"@id\":\"https:\/\/www.delexodo.com.ar\/#\/schema\/person\/bbed37f7da8e938660b34f2013ba449d\"},\"headline\":\"EL GOBERNADOR FRIGERIO BUSCA PROHIBIR POR LEY DESIGNACIONES EN EL \u00daLTIMO A\u00d1O DE GESTI\u00d3N\",\"datePublished\":\"2024-01-02T21:53:26+00:00\",\"dateModified\":\"2024-03-08T19:33:26+00:00\",\"mainEntityOfPage\":{\"@id\":\"https:\/\/www.delexodo.com.ar\/?p=10122\"},\"wordCount\":440,\"publisher\":{\"@id\":\"https:\/\/www.delexodo.com.ar\/#organization\"},\"image\":{\"@id\":\"https:\/\/www.delexodo.com.ar\/?p=10122#primaryimage\"},\"thumbnailUrl\":\"https:\/\/www.delexodo.com.ar\/wp-content\/uploads\/2023\/11\/frigi.jpg\",\"keywords\":[\"destacar\"],\"articleSection\":[\"Destacados\",\"Nogoya\",\"NOTICIAS\",\"Politica\"],\"inLanguage\":\"es\"},{\"@type\":\"WebPage\",\"@id\":\"https:\/\/www.delexodo.com.ar\/?p=10122\",\"url\":\"https:\/\/www.delexodo.com.ar\/?p=10122\",\"name\":\"EL GOBERNADOR FRIGERIO BUSCA PROHIBIR POR LEY DESIGNACIONES EN EL \u00daLTIMO A\u00d1O DE GESTI\u00d3N - Del \u00c9xodo Nogoy\u00e1\",\"isPartOf\":{\"@id\":\"https:\/\/www.delexodo.com.ar\/#website\"},\"primaryImageOfPage\":{\"@id\":\"https:\/\/www.delexodo.com.ar\/?p=10122#primaryimage\"},\"image\":{\"@id\":\"https:\/\/www.delexodo.com.ar\/?p=10122#primaryimage\"},\"thumbnailUrl\":\"https:\/\/www.delexodo.com.ar\/wp-content\/uploads\/2023\/11\/frigi.jpg\",\"datePublished\":\"2024-01-02T21:53:26+00:00\",\"dateModified\":\"2024-03-08T19:33:26+00:00\",\"breadcrumb\":{\"@id\":\"https:\/\/www.delexodo.com.ar\/?p=10122#breadcrumb\"},\"inLanguage\":\"es\",\"potentialAction\":[{\"@type\":\"ReadAction\",\"target\":[\"https:\/\/www.delexodo.com.ar\/?p=10122\"]}]},{\"@type\":\"ImageObject\",\"inLanguage\":\"es\",\"@id\":\"https:\/\/www.delexodo.com.ar\/?p=10122#primaryimage\",\"url\":\"https:\/\/www.delexodo.com.ar\/wp-content\/uploads\/2023\/11\/frigi.jpg\",\"contentUrl\":\"https:\/\/www.delexodo.com.ar\/wp-content\/uploads\/2023\/11\/frigi.jpg\",\"width\":1400,\"height\":778},{\"@type\":\"BreadcrumbList\",\"@id\":\"https:\/\/www.delexodo.com.ar\/?p=10122#breadcrumb\",\"itemListElement\":[{\"@type\":\"ListItem\",\"position\":1,\"name\":\"Portada\",\"item\":\"https:\/\/www.delexodo.com.ar\/\"},{\"@type\":\"ListItem\",\"position\":2,\"name\":\"EL GOBERNADOR FRIGERIO BUSCA PROHIBIR POR LEY DESIGNACIONES EN EL \u00daLTIMO A\u00d1O DE GESTI\u00d3N\"}]},{\"@type\":\"WebSite\",\"@id\":\"https:\/\/www.delexodo.com.ar\/#website\",\"url\":\"https:\/\/www.delexodo.com.ar\/\",\"name\":\"Del \u00c9xodo Nogoy\u00e1\",\"description\":\"El Portal de Noticias de la Regi\u00f3n\",\"publisher\":{\"@id\":\"https:\/\/www.delexodo.com.ar\/#organization\"},\"potentialAction\":[{\"@type\":\"SearchAction\",\"target\":{\"@type\":\"EntryPoint\",\"urlTemplate\":\"https:\/\/www.delexodo.com.ar\/?s={search_term_string}\"},\"query-input\":{\"@type\":\"PropertyValueSpecification\",\"valueRequired\":true,\"valueName\":\"search_term_string\"}}],\"inLanguage\":\"es\"},{\"@type\":\"Organization\",\"@id\":\"https:\/\/www.delexodo.com.ar\/#organization\",\"name\":\"Del \u00c9xodo Nogoy\u00e1\",\"url\":\"https:\/\/www.delexodo.com.ar\/\",\"logo\":{\"@type\":\"ImageObject\",\"inLanguage\":\"es\",\"@id\":\"https:\/\/www.delexodo.com.ar\/#\/schema\/logo\/image\/\",\"url\":\"https:\/\/www.delexodo.com.ar\/wp-content\/uploads\/2024\/10\/cropped-cropped-LOGO24.png\",\"contentUrl\":\"https:\/\/www.delexodo.com.ar\/wp-content\/uploads\/2024\/10\/cropped-cropped-LOGO24.png\",\"width\":512,\"height\":349,\"caption\":\"Del \u00c9xodo Nogoy\u00e1\"},\"image\":{\"@id\":\"https:\/\/www.delexodo.com.ar\/#\/schema\/logo\/image\/\"}},{\"@type\":\"Person\",\"@id\":\"https:\/\/www.delexodo.com.ar\/#\/schema\/person\/bbed37f7da8e938660b34f2013ba449d\",\"name\":\"admin\",\"image\":{\"@type\":\"ImageObject\",\"inLanguage\":\"es\",\"@id\":\"https:\/\/www.delexodo.com.ar\/#\/schema\/person\/image\/\",\"url\":\"https:\/\/secure.gravatar.com\/avatar\/6b1558d1b6df085f1901bd5bd98523d7?s=96&d=mm&r=g\",\"contentUrl\":\"https:\/\/secure.gravatar.com\/avatar\/6b1558d1b6df085f1901bd5bd98523d7?s=96&d=mm&r=g\",\"caption\":\"admin\"},\"url\":\"https:\/\/www.delexodo.com.ar\/?author=1\"}]}<\/script>\n<!-- \/ Yoast SEO plugin. -->","yoast_head_json":{"title":"EL GOBERNADOR FRIGERIO BUSCA PROHIBIR POR LEY DESIGNACIONES EN EL \u00daLTIMO A\u00d1O DE GESTI\u00d3N - Del \u00c9xodo Nogoy\u00e1","robots":{"index":"index","follow":"follow","max-snippet":"max-snippet:-1","max-image-preview":"max-image-preview:large","max-video-preview":"max-video-preview:-1"},"canonical":"https:\/\/www.delexodo.com.ar\/?p=10122","og_locale":"es_ES","og_type":"article","og_title":"EL GOBERNADOR FRIGERIO BUSCA PROHIBIR POR LEY DESIGNACIONES EN EL \u00daLTIMO A\u00d1O DE GESTI\u00d3N - Del \u00c9xodo Nogoy\u00e1","og_description":"El Gobierno de Entre R\u00edos enviar\u00e1 esta semana a la Legislatura provincial el proyecto denominado \u201cLey de Transici\u00f3n de Gobierno\u201d,&hellip;","og_url":"https:\/\/www.delexodo.com.ar\/?p=10122","og_site_name":"Del \u00c9xodo Nogoy\u00e1","article_published_time":"2024-01-02T21:53:26+00:00","article_modified_time":"2024-03-08T19:33:26+00:00","og_image":[{"width":1400,"height":778,"url":"https:\/\/www.delexodo.com.ar\/wp-content\/uploads\/2023\/11\/frigi.jpg","type":"image\/jpeg"}],"author":"admin","twitter_card":"summary_large_image","twitter_misc":{"Escrito por":"admin","Tiempo de lectura":"2 minutos"},"schema":{"@context":"https:\/\/schema.org","@graph":[{"@type":"Article","@id":"https:\/\/www.delexodo.com.ar\/?p=10122#article","isPartOf":{"@id":"https:\/\/www.delexodo.com.ar\/?p=10122"},"author":{"name":"admin","@id":"https:\/\/www.delexodo.com.ar\/#\/schema\/person\/bbed37f7da8e938660b34f2013ba449d"},"headline":"EL GOBERNADOR FRIGERIO BUSCA PROHIBIR POR LEY DESIGNACIONES EN EL \u00daLTIMO A\u00d1O DE GESTI\u00d3N","datePublished":"2024-01-02T21:53:26+00:00","dateModified":"2024-03-08T19:33:26+00:00","mainEntityOfPage":{"@id":"https:\/\/www.delexodo.com.ar\/?p=10122"},"wordCount":440,"publisher":{"@id":"https:\/\/www.delexodo.com.ar\/#organization"},"image":{"@id":"https:\/\/www.delexodo.com.ar\/?p=10122#primaryimage"},"thumbnailUrl":"https:\/\/www.delexodo.com.ar\/wp-content\/uploads\/2023\/11\/frigi.jpg","keywords":["destacar"],"articleSection":["Destacados","Nogoya","NOTICIAS","Politica"],"inLanguage":"es"},{"@type":"WebPage","@id":"https:\/\/www.delexodo.com.ar\/?p=10122","url":"https:\/\/www.delexodo.com.ar\/?p=10122","name":"EL GOBERNADOR FRIGERIO BUSCA PROHIBIR POR LEY DESIGNACIONES EN EL \u00daLTIMO A\u00d1O DE GESTI\u00d3N - Del \u00c9xodo Nogoy\u00e1","isPartOf":{"@id":"https:\/\/www.delexodo.com.ar\/#website"},"primaryImageOfPage":{"@id":"https:\/\/www.delexodo.com.ar\/?p=10122#primaryimage"},"image":{"@id":"https:\/\/www.delexodo.com.ar\/?p=10122#primaryimage"},"thumbnailUrl":"https:\/\/www.delexodo.com.ar\/wp-content\/uploads\/2023\/11\/frigi.jpg","datePublished":"2024-01-02T21:53:26+00:00","dateModified":"2024-03-08T19:33:26+00:00","breadcrumb":{"@id":"https:\/\/www.delexodo.com.ar\/?p=10122#breadcrumb"},"inLanguage":"es","potentialAction":[{"@type":"ReadAction","target":["https:\/\/www.delexodo.com.ar\/?p=10122"]}]},{"@type":"ImageObject","inLanguage":"es","@id":"https:\/\/www.delexodo.com.ar\/?p=10122#primaryimage","url":"https:\/\/www.delexodo.com.ar\/wp-content\/uploads\/2023\/11\/frigi.jpg","contentUrl":"https:\/\/www.delexodo.com.ar\/wp-content\/uploads\/2023\/11\/frigi.jpg","width":1400,"height":778},{"@type":"BreadcrumbList","@id":"https:\/\/www.delexodo.com.ar\/?p=10122#breadcrumb","itemListElement":[{"@type":"ListItem","position":1,"name":"Portada","item":"https:\/\/www.delexodo.com.ar\/"},{"@type":"ListItem","position":2,"name":"EL GOBERNADOR FRIGERIO BUSCA PROHIBIR POR LEY DESIGNACIONES EN EL \u00daLTIMO A\u00d1O DE GESTI\u00d3N"}]},{"@type":"WebSite","@id":"https:\/\/www.delexodo.com.ar\/#website","url":"https:\/\/www.delexodo.com.ar\/","name":"Del \u00c9xodo Nogoy\u00e1","description":"El Portal de Noticias de la Regi\u00f3n","publisher":{"@id":"https:\/\/www.delexodo.com.ar\/#organization"},"potentialAction":[{"@type":"SearchAction","target":{"@type":"EntryPoint","urlTemplate":"https:\/\/www.delexodo.com.ar\/?s={search_term_string}"},"query-input":{"@type":"PropertyValueSpecification","valueRequired":true,"valueName":"search_term_string"}}],"inLanguage":"es"},{"@type":"Organization","@id":"https:\/\/www.delexodo.com.ar\/#organization","name":"Del \u00c9xodo Nogoy\u00e1","url":"https:\/\/www.delexodo.com.ar\/","logo":{"@type":"ImageObject","inLanguage":"es","@id":"https:\/\/www.delexodo.com.ar\/#\/schema\/logo\/image\/","url":"https:\/\/www.delexodo.com.ar\/wp-content\/uploads\/2024\/10\/cropped-cropped-LOGO24.png","contentUrl":"https:\/\/www.delexodo.com.ar\/wp-content\/uploads\/2024\/10\/cropped-cropped-LOGO24.png","width":512,"height":349,"caption":"Del \u00c9xodo Nogoy\u00e1"},"image":{"@id":"https:\/\/www.delexodo.com.ar\/#\/schema\/logo\/image\/"}},{"@type":"Person","@id":"https:\/\/www.delexodo.com.ar\/#\/schema\/person\/bbed37f7da8e938660b34f2013ba449d","name":"admin","image":{"@type":"ImageObject","inLanguage":"es","@id":"https:\/\/www.delexodo.com.ar\/#\/schema\/person\/image\/","url":"https:\/\/secure.gravatar.com\/avatar\/6b1558d1b6df085f1901bd5bd98523d7?s=96&d=mm&r=g","contentUrl":"https:\/\/secure.gravatar.com\/avatar\/6b1558d1b6df085f1901bd5bd98523d7?s=96&d=mm&r=g","caption":"admin"},"url":"https:\/\/www.delexodo.com.ar\/?author=1"}]}},"_links":{"self":[{"href":"https:\/\/www.delexodo.com.ar\/index.php?rest_route=\/wp\/v2\/posts\/10122","targetHints":{"allow":["GET"]}}],"collection":[{"href":"https:\/\/www.delexodo.com.ar\/index.php?rest_route=\/wp\/v2\/posts"}],"about":[{"href":"https:\/\/www.delexodo.com.ar\/index.php?rest_route=\/wp\/v2\/types\/post"}],"author":[{"embeddable":true,"href":"https:\/\/www.delexodo.com.ar\/index.php?rest_route=\/wp\/v2\/users\/1"}],"replies":[{"embeddable":true,"href":"https:\/\/www.delexodo.com.ar\/index.php?rest_route=%2Fwp%2Fv2%2Fcomments&post=10122"}],"version-history":[{"count":0,"href":"https:\/\/www.delexodo.com.ar\/index.php?rest_route=\/wp\/v2\/posts\/10122\/revisions"}],"wp:featuredmedia":[{"embeddable":true,"href":"https:\/\/www.delexodo.com.ar\/index.php?rest_route=\/wp\/v2\/media\/10061"}],"wp:attachment":[{"href":"https:\/\/www.delexodo.com.ar\/index.php?rest_route=%2Fwp%2Fv2%2Fmedia&parent=10122"}],"wp:term":[{"taxonomy":"category","embeddable":true,"href":"https:\/\/www.delexodo.com.ar\/index.php?rest_route=%2Fwp%2Fv2%2Fcategories&post=10122"},{"taxonomy":"post_tag","embeddable":true,"href":"https:\/\/www.delexodo.com.ar\/index.php?rest_route=%2Fwp%2Fv2%2Ftags&post=10122"}],"curies":[{"name":"wp","href":"https:\/\/api.w.org\/{rel}","templated":true}]}}